
{"id":4240,"date":"2019-11-26T10:47:43","date_gmt":"2019-11-26T08:47:43","guid":{"rendered":"https:\/\/ticsalutsocial.atoom.space\/?post_type=noticia&#038;p=4240"},"modified":"2021-07-21T15:44:35","modified_gmt":"2021-07-21T13:44:35","slug":"green-data-energias-renovables-como-puntal-de-la-transformacion-digital","status":"publish","type":"noticia","link":"https:\/\/ticsalutsocial.atoom.space\/es\/noticia\/green-data-energias-renovables-como-puntal-de-la-transformacion-digital\/","title":{"rendered":"Green Data: energ\u00edas renovables como puntal de la transformaci\u00f3n digital"},"content":{"rendered":"<p>Recientmente ha publicado un <a href=\"https:\/\/ticsalutsocial.atoom.space\/es\/actualitat\/la-teleconsulta-redueix-les-visites-presencials-2\/\" target=\"_blank\" rel=\"noopener noreferrer\">art\u00edculo<\/a> en <em>International Journal of Enviromental Research and Public Health,<\/em>\u00a0en el que ha participado la Fundaci\u00f3n y donde se exponen los resultados de un estudio que demuestra c\u00f3mo la telemedicina tiene un impacto positivo en la conservaci\u00f3n ambiental. Este estudio cubre diferentes variables de la actividad humana que implican la emisi\u00f3n de gases contaminantes (Vidal-Alaball <em>et a<\/em>l., 2019). El estudio se centr\u00f3 en el estudio de resultados en tres regiones diferentes de Catalu\u00f1a, por lo que nos encontramos con algunos m\u00e9todos y t\u00e9cnicas para ofrecer servicios a los ciudadanos como parte del proceso sanitario habitual, que en caso de implementarlos de forma extensiva y definitiva en todo el territorio \u2013para los casos y situaciones que as\u00ed lo permitan\u2013 ser\u00eda un paso adelante en t\u00e9rminos de eficiencia y sostenibilidad de los recursos de la administraci\u00f3n catalana, a la vez que ayudar\u00eda a reducir las tasas de contaminaci\u00f3n y la huella ambiental que como especie estamos dejando en el planeta. Al mismo tiempo, estas pr\u00e1cticas alineadas con el concepto de transformaci\u00f3n digital muestran coherencia con el nuevo paradigma de sociedad digital en que vivimos y podr\u00edan conllevar una transformaci\u00f3n administrativa dando lugar a nuevos sistemas de organizaci\u00f3n similar a las primeras experiencias en forma de estados digitales (Pe\u00f1a-L\u00f3pez, 2019) como es el caso de <a href=\"https:\/\/e-estonia.com\/\" target=\"_blank\" rel=\"noopener noreferrer\">Estonia<\/a> (Forment, 2019). No obstante, estamos hablando de soluciones y herramientas tecnol\u00f3gicas que comparten un denominador com\u00fan, el tr\u00e1fico y la gesti\u00f3n de datos de forma masiva y en tiempo real, y que est\u00e1n mediadas por un canal de comunicaci\u00f3n que ya est\u00e1 consolidado y que debe ser defendido como una herramienta democratizadora: Internet. Pero, \u00bfhemos considerado el coste econ\u00f3mico y ambiental de mantener este canal de comunicaci\u00f3n?<\/p>\n<p>&nbsp;<\/p>\n<p>Almacenamiento en la nube, Internet de las Cosas, <em>Big Data,<\/em> inteligencia artificial, <em>Blockchain<\/em>,&#8230; Seg\u00fan Gen\u00eds Roca \u00ab&#8230;todo habla de lo mismo: \u00bfqu\u00e9 puedes hacer con los datos y en tiempo real&#8230;\u00bb (Barber\u00e1, 2019) y sin embargo esta industria tecnol\u00f3gica generar\u00e1 seg\u00fan estimaciones el 4% del total en emisiones de di\u00f3xido de carbono durante el 2020 (Greenpeace, 2017). Esto significa que \u00absi Internet fuera un pa\u00eds, ser\u00eda el sexto planeta m\u00e1s contaminante\u00bb (National Geographic, 2019). En este sentido Internet, como facilitador y canal habilitador para las TIC, mejora las condiciones de vida abriendo nuevas oportunidades y desaf\u00edos desde un punto de vista antropoc\u00e9ntrico. Y a\u00fan as\u00ed, parece contradictorio o incoherente decir que una soluci\u00f3n tecnol\u00f3gica que ayuda a conservar el medio ambiente, al mismo tiempo implica un gasto energ\u00e9tico que deja una huella digital colosal. Lejos de descalificar soluciones y mejoras tecnol\u00f3gicas probadas como la telemedicina, en este texto pretendemos poner en solfa el debate sobre c\u00f3mo la contaminaci\u00f3n digital es un problema que agrava la situaci\u00f3n de emergencia clim\u00e1tica que vivimos. Resolverlo es un reto y la responsabilidad de afrontar esta cuesti\u00f3n de manera global sigue pendiente puesto que estamos ante un porblema que de manera capilar afecta a la mayor\u00eda de las \u00e1reas de relaciones, organizaci\u00f3n y gesti\u00f3n de las actividades humanas.<\/p>\n<p>&nbsp;<\/p>\n<p>Dejar los dispositivos electr\u00f3nicos en <em>stand by<\/em> como ordenadores o <em>routers<\/em>, subir una fotograf\u00eda a las redes sociales, realizar transacciones con criptomonedas o consultar <em>La Meva Salut<\/em>. En resumen, todo lo que implica el uso de dispositivos y\/o tr\u00e1fico masivo de datos resultante de nuestras vidas hiperconectadas significa un alto gasto de recursos energ\u00e9ticos. Por lo tanto, econ\u00f3mico y por ende ambiental. Y es que atendiendo a los modelos actuales de producci\u00f3n y gesti\u00f3n, el gasto energ\u00e9tico derivado contrarresta algunos de los efectos positivos que suponen estas soluciones tecnol\u00f3gicas mencionadas para la pr\u00e1ctica de actividades humanas (Vidal-Alaball et al., 2019). En otras palabras, la reducci\u00f3n del coste y los gases contaminantes que plantean algunas tecnolog\u00edas no compensan el impacto negativo que implica el uso de las mismas de manera global y en t\u00e9rminos energ\u00e9ticos.<\/p>\n<p>&nbsp;<\/p>\n<p><img loading=\"lazy\" decoding=\"async\" class=\"wp-image-21229 size-full alignleft\" src=\"https:\/\/ticsalutsocial.atoom.space\/wp-content\/uploads\/2019\/11\/gd4.jpg\" alt=\"\" width=\"305\" height=\"165\" \/><\/p>\n<p>\u00bfNos hemos planteado si nuestra actividad diaria -c\u00f3mo una b\u00fasquedas en servidores de Internet- contamina? En este <a href=\"http:\/\/www.janavirgin.com\/CO2\/\" target=\"_blank\" rel=\"noopener noreferrer\">enlace<\/a> podemos ver los resultados del proyecto <em>CO2GLE<\/em>, que en tiempo real monitoriza cu\u00e1ntos kilogramos de CO2 emite Google mientras navegamos en la red. Algunas grandes corporaciones transnacionales, precisamente como Google, y algunos centros de procesamiento de datos como Kolos tratan de reducir su impacto ambiental desde hace alg\u00fan tiempo. Ya sea para cumplir con la normativa, para cumplir con los est\u00e1ndares m\u00ednimos de responsabilidad social aplicando el concepto de <em>greeewashing<\/em>, por conciencia real de la situaci\u00f3n de emergencia clim\u00e1tica o por un poco de todo.<\/p>\n<p>&nbsp;<\/p>\n<p>&nbsp;<\/p>\n<p>En respuesta a todo lo que acabamos de exponer, un elemento no menor para promover la sostenibilidad y eficiencia de los recursos p\u00fablicos gracias a las soluciones tecnol\u00f3gicas a las que se hace referencia y que est\u00e1n claramente orientadas a la transformaci\u00f3n digital de los modelos de gesti\u00f3n ser\u00eda el uso de energ\u00edas renovables. Ganar\u00edan en coherencia a la par que romper\u00edan estas contradicciones. No solo ser\u00edan m\u00e1s sostenibles para el desarrollo de la actividad humana sino tambi\u00e9n para el medio ambiente y la salud del planeta. As\u00ed pues, como afirma Greenpeace en su informe\u00a0<em>Clicking Clean<\/em> (2017) \u201cnecesitamos un enfoque m\u00e1s claro y decidido en defensa de las energ\u00edas renovables para superar ciertos vicios de poder econ\u00f3mico y el <em>lobbing<\/em> que practican sobre el poder pol\u00edtico arraigado en las compa\u00f1\u00edas energ\u00e9ticas para crear el camino hacia una r\u00e1pida adopci\u00f3n de energ\u00edas renovables\u201d.<\/p>\n<p>&nbsp;<\/p>\n<p><img loading=\"lazy\" decoding=\"async\" class=\"alignleft wp-image-21223 size-full\" src=\"https:\/\/ticsalutsocial.atoom.space\/wp-content\/uploads\/2019\/11\/gd2.jpg\" alt=\"\" width=\"259\" height=\"194\" \/><\/p>\n<p>De este modo podr\u00edamos hablar de una transici\u00f3n veraz hacia el <em>Green Data<\/em> y afrontar este desaf\u00edo en que seg\u00fan la Comisi\u00f3n Europea \u00abm\u00e1s de un tercio del gasto de luz en los centros de datos se produce s\u00f3lo para lograr la refrigeraci\u00f3n de los equipos y mantener la temperatura \u00f3ptima de los servidores de datos\u201d.<\/p>\n<p>&nbsp;<\/p>\n<p>&nbsp;<\/p>\n<p>&nbsp;<\/p>\n<p>&nbsp;<\/p>\n<p>En conclusi\u00f3n, tener unas tecnolog\u00edas totalmente sostenibles orientadas a mejorar\u00a0nuestras vidas y sustentadas por las energ\u00edas renovables es una cuesti\u00f3n de inter\u00e9s para todos: individuos, organizaciones e instituciones p\u00fablicas. No s\u00f3lo para mejorar la eficiencia de los servicios, sino para reducir definitvamente, el impacto ambiental de la actividad humana.<\/p>\n<p>&nbsp;<\/p>\n<h3><strong>REFERENCIAS<\/strong><\/h3>\n<ul>\n<li>Barber\u00e0, V. (2019). \u201cTotes les tecnologies que avui tenim parlen del mateix: qu\u00e8 ets capa\u00e7 de fer amb dades i en temps real\u201d. <em>Fundaci\u00f3 TIC Salut Social, Visions 1 .<\/em> Recuperat el 25 de Novembre de 2019 de <a href=\"https:\/\/ticsalutsocial.atoom.space\/es\/visions\/genis-roca-transformacio-digital-2\/\" target=\"_blank\" rel=\"noopener noreferrer\">https:\/\/ticsalutsocial.atoom.space\/visions\/genis-roca-transformacio-digital-2\/<\/a><\/li>\n<\/ul>\n<p>&nbsp;<\/p>\n<ul>\n<li>Forment, C. (2019). Aix\u00ed Est\u00f2nia va fer l\u2019e-Rep\u00fablica que ara inspira Catalunya. <em>El Nacional. <\/em>Recuperat el 20 de Novembre de 2019 de <a href=\"https:\/\/www.elnacional.cat\/ca\/politica\/estonia-republica-inspira-catalunya_328347_102.html\" target=\"_blank\" rel=\"noopener noreferrer\">https:\/\/www.elnacional.cat\/ca\/politica\/estonia-republica-inspira-catalunya_328347_102.html<\/a><\/li>\n<\/ul>\n<p>&nbsp;<\/p>\n<ul>\n<li>Greenpeace. (2017). Clicking Clean. Recuperat el 25 de Novembre de 2019 de <a href=\"http:\/\/archivo-es.greenpeace.org\/espana\/Global\/espana\/2016\/report\/tecnologia\/Clicking_Clean_2017.pdf\" target=\"_blank\" rel=\"noopener noreferrer\">http:\/\/archivo-es.greenpeace.org\/espana\/Global\/espana\/2016\/report\/tecnologia\/Clicking_Clean_2017.pdf<\/a><\/li>\n<\/ul>\n<p>&nbsp;<\/p>\n<ul>\n<li>Pe\u00f1a-L\u00f3pez, I. (2019). \u201cEl govern obert als nous estats digitals: quines biblioteques per a quina ciutadania?\u201d. <em>BiD: textos universitaris de biblioteconomia i documentaci\u00f3<\/em>, num. 43 (desembre). Recuperat el 25 de novembre 2019 de <a href=\"https:\/\/ictlogy.net\/articles\/20191030_ismael_pena-lopez_-_govern_obert_nous_estats_digitals_biblioteques_ciutadania.pdf\" target=\"_blank\" rel=\"noopener noreferrer\">https:\/\/ictlogy.net\/articles\/20191030_ismael_pena-lopez_-_govern_obert_nous_estats_digitals_biblioteques_ciutadania.pdf<\/a><\/li>\n<\/ul>\n<p>&nbsp;<\/p>\n<ul>\n<li>National Geographic. (2019). \u00bfCu\u00e1nto contamina internet? Recuperat el 25 de Novembre de 2019 de <a href=\"https:\/\/www.nationalgeographic.es\/medio-ambiente\/2019\/02\/cuanto-contamina-internet\" target=\"_blank\" rel=\"noopener noreferrer\">https:\/\/www.nationalgeographic.es\/medio-ambiente\/2019\/02\/cuanto-contamina-internet<\/a>\/<\/li>\n<\/ul>\n<p>&nbsp;<\/p>\n<ul>\n<li>Vidal-Alaball, J., Franch-Parella, J., Lopez F., Garcia Cuy\u00e0s, F., Medioroz Pe\u00f1a, J. (2019). Impact of a Telemedicine Program on the Reduction in the Emission of Atmospheric Pollutants and Journeys by Road. <em>International Journal of Enviromental Research and Public Health <\/em><em>16<\/em><em>(22), 4366.<\/em> Recuperat el 25 de Novembre de 2019 de <a href=\"https:\/\/www.mdpi.com\/1660-4601\/16\/22\/4366\/htm\" target=\"_blank\" rel=\"noopener noreferrer\">https:\/\/www.mdpi.com\/1660-4601\/16\/22\/4366\/htm<\/a><\/li>\n<\/ul>\n","protected":false},"author":21,"featured_media":4237,"menu_order":0,"template":"","meta":{"_acf_changed":false,"inline_featured_image":false},"etiqueta":[],"tipus":[],"topic":[123],"class_list":["post-4240","noticia","type-noticia","status-publish","has-post-thumbnail","hentry","topic-actualidad"],"acf":{"imatge":4239,"autor":"Victor Barber\u00e0","textos_destacats":[{"texte":"En 2020 m\u00e1s de la mitad de la poblaci\u00f3n mundial estar\u00e1 conectada a Internet"}]},"yoast_head":"<!-- This site is optimized with the Yoast SEO plugin v27.1.1 - https:\/\/yoast.com\/product\/yoast-seo-wordpress\/ -->\n<title>Green Data: energ\u00edas renovables como puntal de la transformaci\u00f3n digital - Fundaci\u00f3 TIC Salut i Social<\/title>\n<meta name=\"robots\" content=\"index, follow, max-snippet:-1, max-image-preview:large, max-video-preview:-1\" \/>\n<link rel=\"canonical\" href=\"https:\/\/ticsalutsocial.atoom.space\/es\/noticia\/green-data-energias-renovables-como-puntal-de-la-transformacion-digital\/\" \/>\n<meta property=\"og:locale\" content=\"es_ES\" \/>\n<meta property=\"og:type\" content=\"article\" \/>\n<meta property=\"og:title\" content=\"Green Data: energ\u00edas renovables como puntal de la transformaci\u00f3n digital - Fundaci\u00f3 TIC Salut i Social\" \/>\n<meta property=\"og:description\" content=\"Recientmente ha publicado un art\u00edculo en International Journal of Enviromental Research and Public Health,\u00a0en el que ha participado la Fundaci\u00f3n y donde se exponen los resultados de un estudio que demuestra c\u00f3mo la telemedicina tiene un impacto positivo en la conservaci\u00f3n ambiental. Este estudio cubre diferentes variables de la actividad humana que implican la emisi\u00f3n [&hellip;]\" \/>\n<meta property=\"og:url\" content=\"https:\/\/ticsalutsocial.atoom.space\/es\/noticia\/green-data-energias-renovables-como-puntal-de-la-transformacion-digital\/\" \/>\n<meta property=\"og:site_name\" content=\"Fundaci\u00f3 TIC Salut i Social\" \/>\n<meta property=\"article:modified_time\" content=\"2021-07-21T13:44:35+00:00\" \/>\n<meta property=\"og:image\" content=\"https:\/\/ticsalutsocial.atoom.space\/wp-content\/uploads\/2019\/11\/bulkan-evcimen-ysxay02omqi-unsplash-scaled.jpg\" \/>\n\t<meta property=\"og:image:width\" content=\"2560\" \/>\n\t<meta property=\"og:image:height\" content=\"1707\" \/>\n\t<meta property=\"og:image:type\" content=\"image\/jpeg\" \/>\n<meta name=\"twitter:card\" content=\"summary_large_image\" \/>\n<meta name=\"twitter:label1\" content=\"Tiempo de lectura\" \/>\n\t<meta name=\"twitter:data1\" content=\"7 minutos\" \/>\n<script type=\"application\/ld+json\" class=\"yoast-schema-graph\">{\"@context\":\"https:\/\/schema.org\",\"@graph\":[{\"@type\":\"WebPage\",\"@id\":\"https:\/\/ticsalutsocial.atoom.space\/es\/noticia\/green-data-energias-renovables-como-puntal-de-la-transformacion-digital\/\",\"url\":\"https:\/\/ticsalutsocial.atoom.space\/es\/noticia\/green-data-energias-renovables-como-puntal-de-la-transformacion-digital\/\",\"name\":\"Green Data: energ\u00edas renovables como puntal de la transformaci\u00f3n digital - Fundaci\u00f3 TIC Salut i Social\",\"isPartOf\":{\"@id\":\"https:\/\/ticsalutsocial.atoom.space\/es\/#website\"},\"primaryImageOfPage\":{\"@id\":\"https:\/\/ticsalutsocial.atoom.space\/es\/noticia\/green-data-energias-renovables-como-puntal-de-la-transformacion-digital\/#primaryimage\"},\"image\":{\"@id\":\"https:\/\/ticsalutsocial.atoom.space\/es\/noticia\/green-data-energias-renovables-como-puntal-de-la-transformacion-digital\/#primaryimage\"},\"thumbnailUrl\":\"https:\/\/ticsalutsocial.atoom.space\/wp-content\/uploads\/2019\/11\/bulkan-evcimen-ysxay02omqi-unsplash-scaled.jpg\",\"datePublished\":\"2019-11-26T08:47:43+00:00\",\"dateModified\":\"2021-07-21T13:44:35+00:00\",\"breadcrumb\":{\"@id\":\"https:\/\/ticsalutsocial.atoom.space\/es\/noticia\/green-data-energias-renovables-como-puntal-de-la-transformacion-digital\/#breadcrumb\"},\"inLanguage\":\"es\",\"potentialAction\":[{\"@type\":\"ReadAction\",\"target\":[\"https:\/\/ticsalutsocial.atoom.space\/es\/noticia\/green-data-energias-renovables-como-puntal-de-la-transformacion-digital\/\"]}]},{\"@type\":\"ImageObject\",\"inLanguage\":\"es\",\"@id\":\"https:\/\/ticsalutsocial.atoom.space\/es\/noticia\/green-data-energias-renovables-como-puntal-de-la-transformacion-digital\/#primaryimage\",\"url\":\"https:\/\/ticsalutsocial.atoom.space\/wp-content\/uploads\/2019\/11\/bulkan-evcimen-ysxay02omqi-unsplash-scaled.jpg\",\"contentUrl\":\"https:\/\/ticsalutsocial.atoom.space\/wp-content\/uploads\/2019\/11\/bulkan-evcimen-ysxay02omqi-unsplash-scaled.jpg\",\"width\":2560,\"height\":1707},{\"@type\":\"BreadcrumbList\",\"@id\":\"https:\/\/ticsalutsocial.atoom.space\/es\/noticia\/green-data-energias-renovables-como-puntal-de-la-transformacion-digital\/#breadcrumb\",\"itemListElement\":[{\"@type\":\"ListItem\",\"position\":1,\"name\":\"Inici\",\"item\":\"https:\/\/ticsalutsocial.atoom.space\/es\/\"},{\"@type\":\"ListItem\",\"position\":2,\"name\":\"Green Data: energ\u00edas renovables como puntal de la transformaci\u00f3n digital\"}]},{\"@type\":\"WebSite\",\"@id\":\"https:\/\/ticsalutsocial.atoom.space\/es\/#website\",\"url\":\"https:\/\/ticsalutsocial.atoom.space\/es\/\",\"name\":\"Fundaci\u00f3 TIC Salut i Social\",\"description\":\"\",\"potentialAction\":[{\"@type\":\"SearchAction\",\"target\":{\"@type\":\"EntryPoint\",\"urlTemplate\":\"https:\/\/ticsalutsocial.atoom.space\/es\/?s={search_term_string}\"},\"query-input\":{\"@type\":\"PropertyValueSpecification\",\"valueRequired\":true,\"valueName\":\"search_term_string\"}}],\"inLanguage\":\"es\"}]}<\/script>\n<!-- \/ Yoast SEO plugin. -->","yoast_head_json":{"title":"Green Data: energ\u00edas renovables como puntal de la transformaci\u00f3n digital - Fundaci\u00f3 TIC Salut i Social","robots":{"index":"index","follow":"follow","max-snippet":"max-snippet:-1","max-image-preview":"max-image-preview:large","max-video-preview":"max-video-preview:-1"},"canonical":"https:\/\/ticsalutsocial.atoom.space\/es\/noticia\/green-data-energias-renovables-como-puntal-de-la-transformacion-digital\/","og_locale":"es_ES","og_type":"article","og_title":"Green Data: energ\u00edas renovables como puntal de la transformaci\u00f3n digital - Fundaci\u00f3 TIC Salut i Social","og_description":"Recientmente ha publicado un art\u00edculo en International Journal of Enviromental Research and Public Health,\u00a0en el que ha participado la Fundaci\u00f3n y donde se exponen los resultados de un estudio que demuestra c\u00f3mo la telemedicina tiene un impacto positivo en la conservaci\u00f3n ambiental. Este estudio cubre diferentes variables de la actividad humana que implican la emisi\u00f3n [&hellip;]","og_url":"https:\/\/ticsalutsocial.atoom.space\/es\/noticia\/green-data-energias-renovables-como-puntal-de-la-transformacion-digital\/","og_site_name":"Fundaci\u00f3 TIC Salut i Social","article_modified_time":"2021-07-21T13:44:35+00:00","og_image":[{"width":2560,"height":1707,"url":"https:\/\/ticsalutsocial.atoom.space\/wp-content\/uploads\/2019\/11\/bulkan-evcimen-ysxay02omqi-unsplash-scaled.jpg","type":"image\/jpeg"}],"twitter_card":"summary_large_image","twitter_misc":{"Tiempo de lectura":"7 minutos"},"schema":{"@context":"https:\/\/schema.org","@graph":[{"@type":"WebPage","@id":"https:\/\/ticsalutsocial.atoom.space\/es\/noticia\/green-data-energias-renovables-como-puntal-de-la-transformacion-digital\/","url":"https:\/\/ticsalutsocial.atoom.space\/es\/noticia\/green-data-energias-renovables-como-puntal-de-la-transformacion-digital\/","name":"Green Data: energ\u00edas renovables como puntal de la transformaci\u00f3n digital - Fundaci\u00f3 TIC Salut i Social","isPartOf":{"@id":"https:\/\/ticsalutsocial.atoom.space\/es\/#website"},"primaryImageOfPage":{"@id":"https:\/\/ticsalutsocial.atoom.space\/es\/noticia\/green-data-energias-renovables-como-puntal-de-la-transformacion-digital\/#primaryimage"},"image":{"@id":"https:\/\/ticsalutsocial.atoom.space\/es\/noticia\/green-data-energias-renovables-como-puntal-de-la-transformacion-digital\/#primaryimage"},"thumbnailUrl":"https:\/\/ticsalutsocial.atoom.space\/wp-content\/uploads\/2019\/11\/bulkan-evcimen-ysxay02omqi-unsplash-scaled.jpg","datePublished":"2019-11-26T08:47:43+00:00","dateModified":"2021-07-21T13:44:35+00:00","breadcrumb":{"@id":"https:\/\/ticsalutsocial.atoom.space\/es\/noticia\/green-data-energias-renovables-como-puntal-de-la-transformacion-digital\/#breadcrumb"},"inLanguage":"es","potentialAction":[{"@type":"ReadAction","target":["https:\/\/ticsalutsocial.atoom.space\/es\/noticia\/green-data-energias-renovables-como-puntal-de-la-transformacion-digital\/"]}]},{"@type":"ImageObject","inLanguage":"es","@id":"https:\/\/ticsalutsocial.atoom.space\/es\/noticia\/green-data-energias-renovables-como-puntal-de-la-transformacion-digital\/#primaryimage","url":"https:\/\/ticsalutsocial.atoom.space\/wp-content\/uploads\/2019\/11\/bulkan-evcimen-ysxay02omqi-unsplash-scaled.jpg","contentUrl":"https:\/\/ticsalutsocial.atoom.space\/wp-content\/uploads\/2019\/11\/bulkan-evcimen-ysxay02omqi-unsplash-scaled.jpg","width":2560,"height":1707},{"@type":"BreadcrumbList","@id":"https:\/\/ticsalutsocial.atoom.space\/es\/noticia\/green-data-energias-renovables-como-puntal-de-la-transformacion-digital\/#breadcrumb","itemListElement":[{"@type":"ListItem","position":1,"name":"Inici","item":"https:\/\/ticsalutsocial.atoom.space\/es\/"},{"@type":"ListItem","position":2,"name":"Green Data: energ\u00edas renovables como puntal de la transformaci\u00f3n digital"}]},{"@type":"WebSite","@id":"https:\/\/ticsalutsocial.atoom.space\/es\/#website","url":"https:\/\/ticsalutsocial.atoom.space\/es\/","name":"Fundaci\u00f3 TIC Salut i Social","description":"","potentialAction":[{"@type":"SearchAction","target":{"@type":"EntryPoint","urlTemplate":"https:\/\/ticsalutsocial.atoom.space\/es\/?s={search_term_string}"},"query-input":{"@type":"PropertyValueSpecification","valueRequired":true,"valueName":"search_term_string"}}],"inLanguage":"es"}]}},"_links":{"self":[{"href":"https:\/\/ticsalutsocial.atoom.space\/es\/wp-json\/wp\/v2\/noticia\/4240","targetHints":{"allow":["GET"]}}],"collection":[{"href":"https:\/\/ticsalutsocial.atoom.space\/es\/wp-json\/wp\/v2\/noticia"}],"about":[{"href":"https:\/\/ticsalutsocial.atoom.space\/es\/wp-json\/wp\/v2\/types\/noticia"}],"author":[{"embeddable":true,"href":"https:\/\/ticsalutsocial.atoom.space\/es\/wp-json\/wp\/v2\/users\/21"}],"wp:featuredmedia":[{"embeddable":true,"href":"https:\/\/ticsalutsocial.atoom.space\/es\/wp-json\/wp\/v2\/media\/4237"}],"wp:attachment":[{"href":"https:\/\/ticsalutsocial.atoom.space\/es\/wp-json\/wp\/v2\/media?parent=4240"}],"wp:term":[{"taxonomy":"etiqueta","embeddable":true,"href":"https:\/\/ticsalutsocial.atoom.space\/es\/wp-json\/wp\/v2\/etiqueta?post=4240"},{"taxonomy":"tipus","embeddable":true,"href":"https:\/\/ticsalutsocial.atoom.space\/es\/wp-json\/wp\/v2\/tipus?post=4240"},{"taxonomy":"topic","embeddable":true,"href":"https:\/\/ticsalutsocial.atoom.space\/es\/wp-json\/wp\/v2\/topic?post=4240"}],"curies":[{"name":"wp","href":"https:\/\/api.w.org\/{rel}","templated":true}]}}