
{"id":4252,"date":"2019-12-17T11:19:30","date_gmt":"2019-12-17T09:19:30","guid":{"rendered":"https:\/\/ticsalutsocial.atoom.space\/?post_type=noticia&#038;p=4252"},"modified":"2021-07-21T15:44:41","modified_gmt":"2021-07-21T13:44:41","slug":"sobre-regular-identificaciones-electronicas-de-las-administraciones-publicas","status":"publish","type":"noticia","link":"https:\/\/ticsalutsocial.atoom.space\/es\/noticia\/sobre-regular-identificaciones-electronicas-de-las-administraciones-publicas\/","title":{"rendered":"Sobre regular identificaciones electr\u00f3nicas de las administraciones p\u00fablicas"},"content":{"rendered":"<p>Con fecha 5 de noviembre de 2019, se ha publicado en el BOE el <em><a href=\"https:\/\/www.boe.es\/boe\/dias\/2019\/11\/05\/pdfs\/BOE-A-2019-15790.pdf\" target=\"_blank\" rel=\"noopener noreferrer\">Real Decreto-ley 14\/2019, de 31 de octubre<\/a>, \u00abpor el que se adoptan medidas urgentes por razones de seguridad p\u00fablica en materia de administraci\u00f3n digital, contrataci\u00f3n del sector p\u00fablico y telecomunicaciones\u00bb<\/em>. Este Real Decreto-Ley tiene por objeto establecer por parte del Estado medidas urgentes relativas a la documentaci\u00f3n nacional de identidad; a la identificaci\u00f3n electr\u00f3nica ante las administraciones p\u00fablicas; a los datos que abren en poder de las administraciones p\u00fablicas; a la contrataci\u00f3n p\u00fablica y al sector de las telecomunicaciones.<\/p>\n<p>&nbsp;<\/p>\n<p><strong>MODIFICACI\u00d3N DE LA LEY 39\/2015, DE 1 DE OCTUBRE, DEL PROCEDIMIENTO ADMINISTRATIVO COM\u00daN DE LAS ADMINISTRACIONES P\u00daBLICAS. <\/strong><\/p>\n<p>En relaci\u00f3n a la firma electr\u00f3nica, se establece que los interesados podr\u00e1n identificarse ante las Administraciones p\u00fablicas con sistemas de clave concertada y cualquier otro sistema, que las Administraciones consideren v\u00e1lido en los t\u00e9rminos y condiciones que se establezca, siempre que cuenten con un registro previo como usuario que permita garantizar su identidad, previa autorizaci\u00f3n por parte de la Secretar\u00eda General de Administraci\u00f3n Digital del Ministerio de Pol\u00edtica Territorial y Funci\u00f3n P\u00fablica.<\/p>\n<p>As\u00ed mismo, se establece la obligatoriedad que los recursos t\u00e9cnicos necesarios para la recogida, almacenamiento, tratamiento y gesti\u00f3n de estos sistemas est\u00e9n situados en territorio de la Uni\u00f3n Europea, y en caso de tratarse de categor\u00edas especiales de datos a que se refiere el art\u00edculo 9 del Reglamento General de Protecci\u00f3n de Datos, en territorio espa\u00f1ol.<\/p>\n<p>&nbsp;<\/p>\n<p><strong>MODIFICACI\u00d3N DE LA LEY 40\/2015, DE 1 DE OCTUBRE, DE R\u00c9GIMEN JUR\u00cdDICO DEL SECTOR P\u00daBLICO<\/strong><\/p>\n<p>Se establece que los sistemas de informaci\u00f3n y comunicaciones para la recogida, almacenamiento, procesamiento y gesti\u00f3n del censo electoral, los padrones municipales de habitantes y otros registros de poblaci\u00f3n, datos fiscales relacionados con tributos propios o cedidos y datos de los usuarios del sistema nacional de salud, as\u00ed como los correspondientes tratamientos de datos personales, tendr\u00e1n que ubicar y prestar dentro del territorio de la Uni\u00f3n Europea. As\u00ed mismo, exceptuando casos previstos legalmente, se establece que cuando la Administraci\u00f3n p\u00fablica cesionaria de datos pretenda el tratamiento ulterior de los mismos para una finalidad que estime compatible con la finalidad inicial, tiene que comunicar previamente a la Administraci\u00f3n p\u00fablica cedente al efecto que esta pueda comprobar esta compatibilidad. La Administraci\u00f3n p\u00fablica cedente podr\u00e1, en el plazo de diez d\u00edas oponerse motivadamente. En cuanto que la Administraci\u00f3n P\u00fablica cedente no comunique su decisi\u00f3n a la cesionaria esta no podr\u00e1 emplear los datos para la nueva finalidad pretendida.<\/p>\n<p>&nbsp;<\/p>\n<p><strong>MODIFICACI\u00d3N DE LA LEY 9\/2017, DE 8 DE NOVIEMBRE, DE CONTRATOS DEL SECTOR P\u00daBLICO<\/strong><\/p>\n<p>Se establece que en aquellos contratos la ejecuci\u00f3n requiera de la cesi\u00f3n de datos por parte de entidades del sector p\u00fablico al contratista, el \u00f3rgano de contrataci\u00f3n en todo caso tendr\u00e1 que especificar en el expediente de contrataci\u00f3n qu\u00e9 ser\u00e1 la finalidad del tratamiento de los datos que tengan que ser cedidos.<\/p>\n<p>En este sentido, los pliegos tienen que mencionar expresamente la obligaci\u00f3n del futuro contratista de respetar la normativa vigente en materia de protecci\u00f3n de datos.<br \/>\nSin perjuicio del que establece el art\u00edculo 28.2 del Reglamento General de Protecci\u00f3n de Datos, en aquellos contratos la ejecuci\u00f3n de los cuales requiera el tratamiento por el contratista de datos personales por cuenta del responsable del tratamiento, adicionalmente en los pliegos se har\u00e1 constar:<\/p>\n<p><strong>a)<\/strong> La finalidad para la cual se ceder\u00e1n estos datos.<\/p>\n<p><strong>b)<\/strong> La obligaci\u00f3n del futuro contratista de someter en todo caso a la normativa nacional y de la Uni\u00f3n Europea en materia de protecci\u00f3n de datos, sin perjuicio del que establece el \u00faltimo p\u00e1rrafo del apartado 1 del art\u00edculo 202.<\/p>\n<p><strong>c)<\/strong> La obligaci\u00f3n de la empresa adjudicataria de presentar antes de la formalizaci\u00f3n del contrato una declaraci\u00f3n en la que pose de manifiesto donde van a estar ubicados los servidores y desde donde se van a prestar los servicios asociados a los mismos.<\/p>\n<p><strong>d)<\/strong> La obligaci\u00f3n de comunicar cualquier cambio que se produzca, a lo largo de la vida del contrato, de la informaci\u00f3n facilitada a la declaraci\u00f3n a que se refiere la letra c) anterior.<\/p>\n<p><strong>e)<\/strong> La obligaci\u00f3n de los licitadores de indicar en su oferta, si tienen previsto subcontratar los servidores o los servicios asociados a los mismos, el nombre o el perfil empresarial, definido por referencia a las condiciones de solvencia profesional o t\u00e9cnica, de los subcontratistas a los que se vaya a encomendar su realizaci\u00f3n.<\/p>\n<p>Finalmente, el Real Decreto-Ley incluye un r\u00e9gimen transitorio en relaci\u00f3n con las diversas modificaciones introducidas.<\/p>\n<p>Para cualquier duda o aclaraci\u00f3n adicional pod\u00e9is dirigiros al <a href=\"dpd@ticsalutsocial.cat\" target=\"_blank\" rel=\"noopener noreferrer\">DPD de Salut<\/a>\u00a0o consultar el <a href=\"https:\/\/ticsalutsocial.atoom.space\/es\/oficina-dpd\/\" target=\"_blank\" rel=\"noopener noreferrer\">sitio web.<\/a>\u00a0Tambi\u00e9n pod\u00e9is llamar al 93 553 26 42 entre 9:00 y 14:00 h.<\/p>\n","protected":false},"author":21,"featured_media":4248,"menu_order":0,"template":"","meta":{"_acf_changed":false,"inline_featured_image":false},"etiqueta":[],"tipus":[106],"topic":[113,123],"class_list":["post-4252","noticia","type-noticia","status-publish","has-post-thumbnail","hentry","tipus-dpd-salud","topic-transformacion-digital","topic-actualidad"],"acf":{"imatge":4250,"autor":"TIC Salut Social","textos_destacats":[{"texte":"Nuevo Real Decreto-Ley publicado al BOE de 31 de octubre"}]},"yoast_head":"<!-- This site is optimized with the Yoast SEO plugin v27.1.1 - https:\/\/yoast.com\/product\/yoast-seo-wordpress\/ -->\n<title>Sobre regular identificaciones electr\u00f3nicas de las administraciones p\u00fablicas - Fundaci\u00f3 TIC Salut i Social<\/title>\n<meta name=\"robots\" content=\"index, follow, max-snippet:-1, max-image-preview:large, max-video-preview:-1\" \/>\n<link rel=\"canonical\" href=\"https:\/\/ticsalutsocial.atoom.space\/es\/noticia\/sobre-regular-identificaciones-electronicas-de-las-administraciones-publicas\/\" \/>\n<meta property=\"og:locale\" content=\"es_ES\" \/>\n<meta property=\"og:type\" content=\"article\" \/>\n<meta property=\"og:title\" content=\"Sobre regular identificaciones electr\u00f3nicas de las administraciones p\u00fablicas - Fundaci\u00f3 TIC Salut i Social\" \/>\n<meta property=\"og:description\" content=\"Con fecha 5 de noviembre de 2019, se ha publicado en el BOE el Real Decreto-ley 14\/2019, de 31 de octubre, \u00abpor el que se adoptan medidas urgentes por razones de seguridad p\u00fablica en materia de administraci\u00f3n digital, contrataci\u00f3n del sector p\u00fablico y telecomunicaciones\u00bb. Este Real Decreto-Ley tiene por objeto establecer por parte del Estado [&hellip;]\" \/>\n<meta property=\"og:url\" content=\"https:\/\/ticsalutsocial.atoom.space\/es\/noticia\/sobre-regular-identificaciones-electronicas-de-las-administraciones-publicas\/\" \/>\n<meta property=\"og:site_name\" content=\"Fundaci\u00f3 TIC Salut i Social\" \/>\n<meta property=\"article:modified_time\" content=\"2021-07-21T13:44:41+00:00\" \/>\n<meta property=\"og:image\" content=\"https:\/\/ticsalutsocial.atoom.space\/wp-content\/uploads\/2019\/12\/thomas-martinsen-4h9iufbipym-unsplash-scaled.jpg\" \/>\n\t<meta property=\"og:image:width\" content=\"2560\" \/>\n\t<meta property=\"og:image:height\" content=\"1513\" \/>\n\t<meta property=\"og:image:type\" content=\"image\/jpeg\" \/>\n<meta name=\"twitter:card\" content=\"summary_large_image\" \/>\n<meta name=\"twitter:label1\" content=\"Tiempo de lectura\" \/>\n\t<meta name=\"twitter:data1\" content=\"4 minutos\" \/>\n<script type=\"application\/ld+json\" class=\"yoast-schema-graph\">{\"@context\":\"https:\/\/schema.org\",\"@graph\":[{\"@type\":\"WebPage\",\"@id\":\"https:\/\/ticsalutsocial.atoom.space\/es\/noticia\/sobre-regular-identificaciones-electronicas-de-las-administraciones-publicas\/\",\"url\":\"https:\/\/ticsalutsocial.atoom.space\/es\/noticia\/sobre-regular-identificaciones-electronicas-de-las-administraciones-publicas\/\",\"name\":\"Sobre regular identificaciones electr\u00f3nicas de las administraciones p\u00fablicas - Fundaci\u00f3 TIC Salut i Social\",\"isPartOf\":{\"@id\":\"https:\/\/ticsalutsocial.atoom.space\/es\/#website\"},\"primaryImageOfPage\":{\"@id\":\"https:\/\/ticsalutsocial.atoom.space\/es\/noticia\/sobre-regular-identificaciones-electronicas-de-las-administraciones-publicas\/#primaryimage\"},\"image\":{\"@id\":\"https:\/\/ticsalutsocial.atoom.space\/es\/noticia\/sobre-regular-identificaciones-electronicas-de-las-administraciones-publicas\/#primaryimage\"},\"thumbnailUrl\":\"https:\/\/ticsalutsocial.atoom.space\/wp-content\/uploads\/2019\/12\/thomas-martinsen-4h9iufbipym-unsplash-scaled.jpg\",\"datePublished\":\"2019-12-17T09:19:30+00:00\",\"dateModified\":\"2021-07-21T13:44:41+00:00\",\"breadcrumb\":{\"@id\":\"https:\/\/ticsalutsocial.atoom.space\/es\/noticia\/sobre-regular-identificaciones-electronicas-de-las-administraciones-publicas\/#breadcrumb\"},\"inLanguage\":\"es\",\"potentialAction\":[{\"@type\":\"ReadAction\",\"target\":[\"https:\/\/ticsalutsocial.atoom.space\/es\/noticia\/sobre-regular-identificaciones-electronicas-de-las-administraciones-publicas\/\"]}]},{\"@type\":\"ImageObject\",\"inLanguage\":\"es\",\"@id\":\"https:\/\/ticsalutsocial.atoom.space\/es\/noticia\/sobre-regular-identificaciones-electronicas-de-las-administraciones-publicas\/#primaryimage\",\"url\":\"https:\/\/ticsalutsocial.atoom.space\/wp-content\/uploads\/2019\/12\/thomas-martinsen-4h9iufbipym-unsplash-scaled.jpg\",\"contentUrl\":\"https:\/\/ticsalutsocial.atoom.space\/wp-content\/uploads\/2019\/12\/thomas-martinsen-4h9iufbipym-unsplash-scaled.jpg\",\"width\":2560,\"height\":1513},{\"@type\":\"BreadcrumbList\",\"@id\":\"https:\/\/ticsalutsocial.atoom.space\/es\/noticia\/sobre-regular-identificaciones-electronicas-de-las-administraciones-publicas\/#breadcrumb\",\"itemListElement\":[{\"@type\":\"ListItem\",\"position\":1,\"name\":\"Inici\",\"item\":\"https:\/\/ticsalutsocial.atoom.space\/es\/\"},{\"@type\":\"ListItem\",\"position\":2,\"name\":\"Sobre regular identificaciones electr\u00f3nicas de las administraciones p\u00fablicas\"}]},{\"@type\":\"WebSite\",\"@id\":\"https:\/\/ticsalutsocial.atoom.space\/es\/#website\",\"url\":\"https:\/\/ticsalutsocial.atoom.space\/es\/\",\"name\":\"Fundaci\u00f3 TIC Salut i Social\",\"description\":\"\",\"potentialAction\":[{\"@type\":\"SearchAction\",\"target\":{\"@type\":\"EntryPoint\",\"urlTemplate\":\"https:\/\/ticsalutsocial.atoom.space\/es\/?s={search_term_string}\"},\"query-input\":{\"@type\":\"PropertyValueSpecification\",\"valueRequired\":true,\"valueName\":\"search_term_string\"}}],\"inLanguage\":\"es\"}]}<\/script>\n<!-- \/ Yoast SEO plugin. -->","yoast_head_json":{"title":"Sobre regular identificaciones electr\u00f3nicas de las administraciones p\u00fablicas - Fundaci\u00f3 TIC Salut i Social","robots":{"index":"index","follow":"follow","max-snippet":"max-snippet:-1","max-image-preview":"max-image-preview:large","max-video-preview":"max-video-preview:-1"},"canonical":"https:\/\/ticsalutsocial.atoom.space\/es\/noticia\/sobre-regular-identificaciones-electronicas-de-las-administraciones-publicas\/","og_locale":"es_ES","og_type":"article","og_title":"Sobre regular identificaciones electr\u00f3nicas de las administraciones p\u00fablicas - Fundaci\u00f3 TIC Salut i Social","og_description":"Con fecha 5 de noviembre de 2019, se ha publicado en el BOE el Real Decreto-ley 14\/2019, de 31 de octubre, \u00abpor el que se adoptan medidas urgentes por razones de seguridad p\u00fablica en materia de administraci\u00f3n digital, contrataci\u00f3n del sector p\u00fablico y telecomunicaciones\u00bb. Este Real Decreto-Ley tiene por objeto establecer por parte del Estado [&hellip;]","og_url":"https:\/\/ticsalutsocial.atoom.space\/es\/noticia\/sobre-regular-identificaciones-electronicas-de-las-administraciones-publicas\/","og_site_name":"Fundaci\u00f3 TIC Salut i Social","article_modified_time":"2021-07-21T13:44:41+00:00","og_image":[{"width":2560,"height":1513,"url":"https:\/\/ticsalutsocial.atoom.space\/wp-content\/uploads\/2019\/12\/thomas-martinsen-4h9iufbipym-unsplash-scaled.jpg","type":"image\/jpeg"}],"twitter_card":"summary_large_image","twitter_misc":{"Tiempo de lectura":"4 minutos"},"schema":{"@context":"https:\/\/schema.org","@graph":[{"@type":"WebPage","@id":"https:\/\/ticsalutsocial.atoom.space\/es\/noticia\/sobre-regular-identificaciones-electronicas-de-las-administraciones-publicas\/","url":"https:\/\/ticsalutsocial.atoom.space\/es\/noticia\/sobre-regular-identificaciones-electronicas-de-las-administraciones-publicas\/","name":"Sobre regular identificaciones electr\u00f3nicas de las administraciones p\u00fablicas - Fundaci\u00f3 TIC Salut i Social","isPartOf":{"@id":"https:\/\/ticsalutsocial.atoom.space\/es\/#website"},"primaryImageOfPage":{"@id":"https:\/\/ticsalutsocial.atoom.space\/es\/noticia\/sobre-regular-identificaciones-electronicas-de-las-administraciones-publicas\/#primaryimage"},"image":{"@id":"https:\/\/ticsalutsocial.atoom.space\/es\/noticia\/sobre-regular-identificaciones-electronicas-de-las-administraciones-publicas\/#primaryimage"},"thumbnailUrl":"https:\/\/ticsalutsocial.atoom.space\/wp-content\/uploads\/2019\/12\/thomas-martinsen-4h9iufbipym-unsplash-scaled.jpg","datePublished":"2019-12-17T09:19:30+00:00","dateModified":"2021-07-21T13:44:41+00:00","breadcrumb":{"@id":"https:\/\/ticsalutsocial.atoom.space\/es\/noticia\/sobre-regular-identificaciones-electronicas-de-las-administraciones-publicas\/#breadcrumb"},"inLanguage":"es","potentialAction":[{"@type":"ReadAction","target":["https:\/\/ticsalutsocial.atoom.space\/es\/noticia\/sobre-regular-identificaciones-electronicas-de-las-administraciones-publicas\/"]}]},{"@type":"ImageObject","inLanguage":"es","@id":"https:\/\/ticsalutsocial.atoom.space\/es\/noticia\/sobre-regular-identificaciones-electronicas-de-las-administraciones-publicas\/#primaryimage","url":"https:\/\/ticsalutsocial.atoom.space\/wp-content\/uploads\/2019\/12\/thomas-martinsen-4h9iufbipym-unsplash-scaled.jpg","contentUrl":"https:\/\/ticsalutsocial.atoom.space\/wp-content\/uploads\/2019\/12\/thomas-martinsen-4h9iufbipym-unsplash-scaled.jpg","width":2560,"height":1513},{"@type":"BreadcrumbList","@id":"https:\/\/ticsalutsocial.atoom.space\/es\/noticia\/sobre-regular-identificaciones-electronicas-de-las-administraciones-publicas\/#breadcrumb","itemListElement":[{"@type":"ListItem","position":1,"name":"Inici","item":"https:\/\/ticsalutsocial.atoom.space\/es\/"},{"@type":"ListItem","position":2,"name":"Sobre regular identificaciones electr\u00f3nicas de las administraciones p\u00fablicas"}]},{"@type":"WebSite","@id":"https:\/\/ticsalutsocial.atoom.space\/es\/#website","url":"https:\/\/ticsalutsocial.atoom.space\/es\/","name":"Fundaci\u00f3 TIC Salut i Social","description":"","potentialAction":[{"@type":"SearchAction","target":{"@type":"EntryPoint","urlTemplate":"https:\/\/ticsalutsocial.atoom.space\/es\/?s={search_term_string}"},"query-input":{"@type":"PropertyValueSpecification","valueRequired":true,"valueName":"search_term_string"}}],"inLanguage":"es"}]}},"_links":{"self":[{"href":"https:\/\/ticsalutsocial.atoom.space\/es\/wp-json\/wp\/v2\/noticia\/4252","targetHints":{"allow":["GET"]}}],"collection":[{"href":"https:\/\/ticsalutsocial.atoom.space\/es\/wp-json\/wp\/v2\/noticia"}],"about":[{"href":"https:\/\/ticsalutsocial.atoom.space\/es\/wp-json\/wp\/v2\/types\/noticia"}],"author":[{"embeddable":true,"href":"https:\/\/ticsalutsocial.atoom.space\/es\/wp-json\/wp\/v2\/users\/21"}],"wp:featuredmedia":[{"embeddable":true,"href":"https:\/\/ticsalutsocial.atoom.space\/es\/wp-json\/wp\/v2\/media\/4248"}],"wp:attachment":[{"href":"https:\/\/ticsalutsocial.atoom.space\/es\/wp-json\/wp\/v2\/media?parent=4252"}],"wp:term":[{"taxonomy":"etiqueta","embeddable":true,"href":"https:\/\/ticsalutsocial.atoom.space\/es\/wp-json\/wp\/v2\/etiqueta?post=4252"},{"taxonomy":"tipus","embeddable":true,"href":"https:\/\/ticsalutsocial.atoom.space\/es\/wp-json\/wp\/v2\/tipus?post=4252"},{"taxonomy":"topic","embeddable":true,"href":"https:\/\/ticsalutsocial.atoom.space\/es\/wp-json\/wp\/v2\/topic?post=4252"}],"curies":[{"name":"wp","href":"https:\/\/api.w.org\/{rel}","templated":true}]}}