
{"id":4257,"date":"2020-01-10T11:01:43","date_gmt":"2020-01-10T09:01:43","guid":{"rendered":"https:\/\/ticsalutsocial.atoom.space\/?post_type=noticia&#038;p=4257"},"modified":"2021-07-21T15:44:44","modified_gmt":"2021-07-21T13:44:44","slug":"ces-2020-compartimos-las-principales-novedades-en-el-campo-de-la-salud-de-la-feria-mundial-de-la-electronica-de-consumo","status":"publish","type":"noticia","link":"https:\/\/ticsalutsocial.atoom.space\/es\/noticia\/ces-2020-compartimos-las-principales-novedades-en-el-campo-de-la-salud-de-la-feria-mundial-de-la-electronica-de-consumo\/","title":{"rendered":"CES 2020: Compartimos las principales novedades en el campo de la salud de la feria mundial de la electr\u00f3nica de consumo"},"content":{"rendered":"<p>Un a\u00f1o m\u00e1s, Las Vegas (Estados Unidos) marca la agenda de la electr\u00f3nica de consumo en el inicio de a\u00f1o. Miles de asistentes, la organizaci\u00f3n cuenta m\u00e1s de 60.000, se acercan al <a href=\"https:\/\/www.ces.tech\/\">CES 2020<\/a> (del 7 al 10 de enero) para conocer las principales tendencias en tecnolog\u00eda, y el sector de la salud, \u00faltimamente, es uno de los sectores con m\u00e1s novedades.<\/p>\n<p>Repasemos los principales dispositivos y proyectos enfocados a mejorar la salud, con la inteligencia artificial y el monitoreo de signos vitales, como grandes protagonistas. Hemos dividido el listado en dos grandes categor\u00edas: Salud en general y Realidad Virtual \/ Realidad Aumentada.<\/p>\n<p><strong>Salud en general:<\/strong><\/p>\n<ul>\n<li><strong>AerBetic:<\/strong> Monitor de Glucosa sin pinchazos tipo reloj. https:\/\/www.aerbetic.com\/<\/li>\n<li><strong>Pria:<\/strong> Asistente para la administraci\u00f3n domiciliaria de medicaci\u00f3n. https:\/\/www.okpria.com\/<\/li>\n<li><strong>Tac sense:<\/strong> Sensores t\u00e1ctiles de monitorizaci\u00f3n continua. Se ponen en los zapatos. https:\/\/tacsense.com\/wp-content\/uploads\/2020\/01\/Flyer_for_CES_2020.pdf<\/li>\n<li><strong>Nanita, breathing control:<\/strong> Cintur\u00f3n que permite monitorizar la respiraci\u00f3n de los beb\u00e9s y evitar la muerte s\u00fabita mientras duermen. https:\/\/www.nanit.com\/uk\/<\/li>\n<li><strong>Reliefband:<\/strong> Wearable tipo reloj que permite minimizar las n\u00e1useas provocadas por cualquier afecci\u00f3n o medicaci\u00f3n mediante pulsaciones en el Sistema nervioso que estimulan el \u00e1rea del cerebro que regula las n\u00e1useas. https:\/\/www.reliefband.com\/?gclid=Cj0KCQiA9dDwBRC9ARIsABbedBOt0JtbFc_5lZgtmpNEqupzxAHeiNENpFqa0H0dwyUnZi0vxHMUEJUaAhBDEALw_wcB<\/li>\n<li><strong>Valancell, biom\u00e9trico sensor Blood pressure for earphones:<\/strong> Sensor de TA que puede ser incorporado en auriculares para conocer las medidas de TA mediante estos dispositivos. https:\/\/valencell.com\/<\/li>\n<li><strong>Ballie:<\/strong> Robot de compa\u00f1\u00eda con posibilidad de que active tareas o realice avisos. https:\/\/news.samsung.com\/us\/samsung-ballie-ces-2020\/<\/li>\n<li><strong>URGOnight:<\/strong> EEG para uso dom\u00e9stico que permite entrenarte para dormir mejor. https:\/\/urgonight.com\/<\/li>\n<li><strong>Elvie:<\/strong> Bomba para extracci\u00f3n de leche conectada + dispositivo para entrenar el suelo p\u00e9lvico conectado. https:\/\/www.elvie.com\/en-us\/<\/li>\n<li><strong>Lumi<\/strong>: Sensor para monitorizar la actividad f\u00edsica del beb\u00e9 y sus movimientos. https:\/\/www.pampers.com\/en-us\/lumi<\/li>\n<li><strong>HeardThat<\/strong>: App que silencia el ruido ambiental y permite conversaciones de voz en ambientes ruidosos. https:\/\/heardthatapp.com\/about<\/li>\n<li><strong>Smart Care Home:<\/strong> Conjunto de productos de teleasistencia para casa con sensores para prevenir ca\u00eddas, alarmas, reconocimiento de voz, etc. https:\/\/www.essence-grp.com\/smart-care\/care-at-home-pers<\/li>\n<li><strong>Bisu<\/strong>: Dispositivo de control anal\u00edtico de la orina mediante el an\u00e1lisis autom\u00e1tico de tiras reactivas, incorpora consejos de salud y fitness en funci\u00f3n de los resultados anal\u00edticos. https:\/\/www.bisu.bio\/<\/li>\n<li><strong>YO sperm<\/strong>: Dispositivo que implementa un test para analizar la movilidad y calidad esperm\u00e1tica aprobado por la FDA. https:\/\/www.yospermtest.com\/<\/li>\n<li><strong>Atmos:<\/strong> Mascarilla purificadora del aire pensada para exteriores y sin contacto directo con la piel. https:\/\/www.engadget.com\/2020\/01\/06\/atmos-ao-air-mask-filter\/?guccounter=1&amp;guce_referrer=aHR0cHM6Ly93d3cuZ29vZ2xlLmNvbS8&amp;guce_referrer_sig=AQAAANLM_GG5XMCqoI5JVpreOvpUuBWrGTnSeLHMoQIzYTMMhcU15ZtTt10bZak4egDpe8W-JiH-tkU0OPkIew0LtE1H4Ri10E-RmExp4FMtTUn7g36Rq-99U9jf54kTHDiE2wLgsoup_LlqLmGPpE03Utov7OUVRKZesRXb5kUZ6q0m<\/li>\n<li><strong>DFree B1:<\/strong> Dispositivo que alerta de los movimientos perist\u00e1lticos para personas con incontinencia anal o colostom\u00edas. https:\/\/www.engadget.com\/2020\/01\/07\/dfree-triple-w-colon-warning-system\/<\/li>\n<li><strong>Bello Olive Healthcare:<\/strong> Dispositivo para hacer medidas antropom\u00e9tricas precisas m\u00e1s sencillo y asequible que los actuales. https:\/\/www.indiegogo.com\/projects\/bello-decode-your-belly-fat-manage-your-health?gclid=Cj0KCQiA9dDwBRC9ARIsABbedBOjgQLYgUQm6f_MIB6GILvWupB1LrAeka5ckC_F6NaIvsPpyY2ezuQaAsYbEALw_wcB#\/\n<p>Destacar que diversas marcas como Philips\u00a0 han apostado por el smart sleep en la misma l\u00ednea que URGOnight. https:\/\/www.usa.philips.com\/c-e\/smartsleep\/deep-sleep-headband<\/li>\n<\/ul>\n<p><strong>Realidad Virtual \/ Realidad Aumentada:<\/strong><\/p>\n<ul>\n<li><strong>Panasonic VR Glasses:<\/strong> https:\/\/uploadvr.com\/panasonic-vr-goggles-ces-2020\/<\/li>\n<li><strong>Ciber Shoes:<\/strong> Zapatos con sensores para moverte en escenarios de RV. https:\/\/www.cybershoes.io\/<\/li>\n<li><strong>HTC Vive Pro Eyye traking:<\/strong> Edici\u00f3n para desarrolladores que permite hacer seguimiento de lo que visualizan los usuarios del casco VR https:\/\/enterprise.vive.com\/us\/product\/vive-pro-eye\/https:\/\/enterprise.vive.com\/us\/product\/vive-pro-eye\/<\/li>\n<\/ul>\n<div><\/div>\n<p class=\"story-content__font--secondary mb-25 title-xs line-h-md mt-20 secondary-font pr-20\">\n","protected":false},"author":21,"featured_media":4254,"menu_order":0,"template":"","meta":{"_acf_changed":false,"inline_featured_image":false},"etiqueta":[],"tipus":[],"topic":[],"class_list":["post-4257","noticia","type-noticia","status-publish","has-post-thumbnail","hentry"],"acf":{"imatge":4256,"autor":"Marc Fortes"},"yoast_head":"<!-- This site is optimized with the Yoast SEO plugin v27.1.1 - https:\/\/yoast.com\/product\/yoast-seo-wordpress\/ -->\n<title>CES 2020: Compartimos las principales novedades en el campo de la salud de la feria mundial de la electr\u00f3nica de consumo - Fundaci\u00f3 TIC Salut i Social<\/title>\n<meta name=\"robots\" content=\"index, follow, max-snippet:-1, max-image-preview:large, max-video-preview:-1\" \/>\n<link rel=\"canonical\" href=\"https:\/\/ticsalutsocial.atoom.space\/es\/noticia\/ces-2020-compartimos-las-principales-novedades-en-el-campo-de-la-salud-de-la-feria-mundial-de-la-electronica-de-consumo\/\" \/>\n<meta property=\"og:locale\" content=\"es_ES\" \/>\n<meta property=\"og:type\" content=\"article\" \/>\n<meta property=\"og:title\" content=\"CES 2020: Compartimos las principales novedades en el campo de la salud de la feria mundial de la electr\u00f3nica de consumo - Fundaci\u00f3 TIC Salut i Social\" \/>\n<meta property=\"og:description\" content=\"Un a\u00f1o m\u00e1s, Las Vegas (Estados Unidos) marca la agenda de la electr\u00f3nica de consumo en el inicio de a\u00f1o. Miles de asistentes, la organizaci\u00f3n cuenta m\u00e1s de 60.000, se acercan al CES 2020 (del 7 al 10 de enero) para conocer las principales tendencias en tecnolog\u00eda, y el sector de la salud, \u00faltimamente, es [&hellip;]\" \/>\n<meta property=\"og:url\" content=\"https:\/\/ticsalutsocial.atoom.space\/es\/noticia\/ces-2020-compartimos-las-principales-novedades-en-el-campo-de-la-salud-de-la-feria-mundial-de-la-electronica-de-consumo\/\" \/>\n<meta property=\"og:site_name\" content=\"Fundaci\u00f3 TIC Salut i Social\" \/>\n<meta property=\"article:modified_time\" content=\"2021-07-21T13:44:44+00:00\" \/>\n<meta property=\"og:image\" content=\"https:\/\/ticsalutsocial.atoom.space\/wp-content\/uploads\/2020\/01\/aerbetic-on-runner.jpg\" \/>\n\t<meta property=\"og:image:width\" content=\"1600\" \/>\n\t<meta property=\"og:image:height\" content=\"1066\" \/>\n\t<meta property=\"og:image:type\" content=\"image\/jpeg\" \/>\n<meta name=\"twitter:card\" content=\"summary_large_image\" \/>\n<meta name=\"twitter:label1\" content=\"Tiempo de lectura\" \/>\n\t<meta name=\"twitter:data1\" content=\"3 minutos\" \/>\n<script type=\"application\/ld+json\" class=\"yoast-schema-graph\">{\"@context\":\"https:\/\/schema.org\",\"@graph\":[{\"@type\":\"WebPage\",\"@id\":\"https:\/\/ticsalutsocial.atoom.space\/es\/noticia\/ces-2020-compartimos-las-principales-novedades-en-el-campo-de-la-salud-de-la-feria-mundial-de-la-electronica-de-consumo\/\",\"url\":\"https:\/\/ticsalutsocial.atoom.space\/es\/noticia\/ces-2020-compartimos-las-principales-novedades-en-el-campo-de-la-salud-de-la-feria-mundial-de-la-electronica-de-consumo\/\",\"name\":\"CES 2020: Compartimos las principales novedades en el campo de la salud de la feria mundial de la electr\u00f3nica de consumo - Fundaci\u00f3 TIC Salut i Social\",\"isPartOf\":{\"@id\":\"https:\/\/ticsalutsocial.atoom.space\/es\/#website\"},\"primaryImageOfPage\":{\"@id\":\"https:\/\/ticsalutsocial.atoom.space\/es\/noticia\/ces-2020-compartimos-las-principales-novedades-en-el-campo-de-la-salud-de-la-feria-mundial-de-la-electronica-de-consumo\/#primaryimage\"},\"image\":{\"@id\":\"https:\/\/ticsalutsocial.atoom.space\/es\/noticia\/ces-2020-compartimos-las-principales-novedades-en-el-campo-de-la-salud-de-la-feria-mundial-de-la-electronica-de-consumo\/#primaryimage\"},\"thumbnailUrl\":\"https:\/\/ticsalutsocial.atoom.space\/wp-content\/uploads\/2020\/01\/aerbetic-on-runner.jpg\",\"datePublished\":\"2020-01-10T09:01:43+00:00\",\"dateModified\":\"2021-07-21T13:44:44+00:00\",\"breadcrumb\":{\"@id\":\"https:\/\/ticsalutsocial.atoom.space\/es\/noticia\/ces-2020-compartimos-las-principales-novedades-en-el-campo-de-la-salud-de-la-feria-mundial-de-la-electronica-de-consumo\/#breadcrumb\"},\"inLanguage\":\"es\",\"potentialAction\":[{\"@type\":\"ReadAction\",\"target\":[\"https:\/\/ticsalutsocial.atoom.space\/es\/noticia\/ces-2020-compartimos-las-principales-novedades-en-el-campo-de-la-salud-de-la-feria-mundial-de-la-electronica-de-consumo\/\"]}]},{\"@type\":\"ImageObject\",\"inLanguage\":\"es\",\"@id\":\"https:\/\/ticsalutsocial.atoom.space\/es\/noticia\/ces-2020-compartimos-las-principales-novedades-en-el-campo-de-la-salud-de-la-feria-mundial-de-la-electronica-de-consumo\/#primaryimage\",\"url\":\"https:\/\/ticsalutsocial.atoom.space\/wp-content\/uploads\/2020\/01\/aerbetic-on-runner.jpg\",\"contentUrl\":\"https:\/\/ticsalutsocial.atoom.space\/wp-content\/uploads\/2020\/01\/aerbetic-on-runner.jpg\",\"width\":1600,\"height\":1066},{\"@type\":\"BreadcrumbList\",\"@id\":\"https:\/\/ticsalutsocial.atoom.space\/es\/noticia\/ces-2020-compartimos-las-principales-novedades-en-el-campo-de-la-salud-de-la-feria-mundial-de-la-electronica-de-consumo\/#breadcrumb\",\"itemListElement\":[{\"@type\":\"ListItem\",\"position\":1,\"name\":\"Inici\",\"item\":\"https:\/\/ticsalutsocial.atoom.space\/es\/\"},{\"@type\":\"ListItem\",\"position\":2,\"name\":\"CES 2020: Compartimos las principales novedades en el campo de la salud de la feria mundial de la electr\u00f3nica de consumo\"}]},{\"@type\":\"WebSite\",\"@id\":\"https:\/\/ticsalutsocial.atoom.space\/es\/#website\",\"url\":\"https:\/\/ticsalutsocial.atoom.space\/es\/\",\"name\":\"Fundaci\u00f3 TIC Salut i Social\",\"description\":\"\",\"potentialAction\":[{\"@type\":\"SearchAction\",\"target\":{\"@type\":\"EntryPoint\",\"urlTemplate\":\"https:\/\/ticsalutsocial.atoom.space\/es\/?s={search_term_string}\"},\"query-input\":{\"@type\":\"PropertyValueSpecification\",\"valueRequired\":true,\"valueName\":\"search_term_string\"}}],\"inLanguage\":\"es\"}]}<\/script>\n<!-- \/ Yoast SEO plugin. -->","yoast_head_json":{"title":"CES 2020: Compartimos las principales novedades en el campo de la salud de la feria mundial de la electr\u00f3nica de consumo - Fundaci\u00f3 TIC Salut i Social","robots":{"index":"index","follow":"follow","max-snippet":"max-snippet:-1","max-image-preview":"max-image-preview:large","max-video-preview":"max-video-preview:-1"},"canonical":"https:\/\/ticsalutsocial.atoom.space\/es\/noticia\/ces-2020-compartimos-las-principales-novedades-en-el-campo-de-la-salud-de-la-feria-mundial-de-la-electronica-de-consumo\/","og_locale":"es_ES","og_type":"article","og_title":"CES 2020: Compartimos las principales novedades en el campo de la salud de la feria mundial de la electr\u00f3nica de consumo - Fundaci\u00f3 TIC Salut i Social","og_description":"Un a\u00f1o m\u00e1s, Las Vegas (Estados Unidos) marca la agenda de la electr\u00f3nica de consumo en el inicio de a\u00f1o. Miles de asistentes, la organizaci\u00f3n cuenta m\u00e1s de 60.000, se acercan al CES 2020 (del 7 al 10 de enero) para conocer las principales tendencias en tecnolog\u00eda, y el sector de la salud, \u00faltimamente, es [&hellip;]","og_url":"https:\/\/ticsalutsocial.atoom.space\/es\/noticia\/ces-2020-compartimos-las-principales-novedades-en-el-campo-de-la-salud-de-la-feria-mundial-de-la-electronica-de-consumo\/","og_site_name":"Fundaci\u00f3 TIC Salut i Social","article_modified_time":"2021-07-21T13:44:44+00:00","og_image":[{"width":1600,"height":1066,"url":"https:\/\/ticsalutsocial.atoom.space\/wp-content\/uploads\/2020\/01\/aerbetic-on-runner.jpg","type":"image\/jpeg"}],"twitter_card":"summary_large_image","twitter_misc":{"Tiempo de lectura":"3 minutos"},"schema":{"@context":"https:\/\/schema.org","@graph":[{"@type":"WebPage","@id":"https:\/\/ticsalutsocial.atoom.space\/es\/noticia\/ces-2020-compartimos-las-principales-novedades-en-el-campo-de-la-salud-de-la-feria-mundial-de-la-electronica-de-consumo\/","url":"https:\/\/ticsalutsocial.atoom.space\/es\/noticia\/ces-2020-compartimos-las-principales-novedades-en-el-campo-de-la-salud-de-la-feria-mundial-de-la-electronica-de-consumo\/","name":"CES 2020: Compartimos las principales novedades en el campo de la salud de la feria mundial de la electr\u00f3nica de consumo - Fundaci\u00f3 TIC Salut i Social","isPartOf":{"@id":"https:\/\/ticsalutsocial.atoom.space\/es\/#website"},"primaryImageOfPage":{"@id":"https:\/\/ticsalutsocial.atoom.space\/es\/noticia\/ces-2020-compartimos-las-principales-novedades-en-el-campo-de-la-salud-de-la-feria-mundial-de-la-electronica-de-consumo\/#primaryimage"},"image":{"@id":"https:\/\/ticsalutsocial.atoom.space\/es\/noticia\/ces-2020-compartimos-las-principales-novedades-en-el-campo-de-la-salud-de-la-feria-mundial-de-la-electronica-de-consumo\/#primaryimage"},"thumbnailUrl":"https:\/\/ticsalutsocial.atoom.space\/wp-content\/uploads\/2020\/01\/aerbetic-on-runner.jpg","datePublished":"2020-01-10T09:01:43+00:00","dateModified":"2021-07-21T13:44:44+00:00","breadcrumb":{"@id":"https:\/\/ticsalutsocial.atoom.space\/es\/noticia\/ces-2020-compartimos-las-principales-novedades-en-el-campo-de-la-salud-de-la-feria-mundial-de-la-electronica-de-consumo\/#breadcrumb"},"inLanguage":"es","potentialAction":[{"@type":"ReadAction","target":["https:\/\/ticsalutsocial.atoom.space\/es\/noticia\/ces-2020-compartimos-las-principales-novedades-en-el-campo-de-la-salud-de-la-feria-mundial-de-la-electronica-de-consumo\/"]}]},{"@type":"ImageObject","inLanguage":"es","@id":"https:\/\/ticsalutsocial.atoom.space\/es\/noticia\/ces-2020-compartimos-las-principales-novedades-en-el-campo-de-la-salud-de-la-feria-mundial-de-la-electronica-de-consumo\/#primaryimage","url":"https:\/\/ticsalutsocial.atoom.space\/wp-content\/uploads\/2020\/01\/aerbetic-on-runner.jpg","contentUrl":"https:\/\/ticsalutsocial.atoom.space\/wp-content\/uploads\/2020\/01\/aerbetic-on-runner.jpg","width":1600,"height":1066},{"@type":"BreadcrumbList","@id":"https:\/\/ticsalutsocial.atoom.space\/es\/noticia\/ces-2020-compartimos-las-principales-novedades-en-el-campo-de-la-salud-de-la-feria-mundial-de-la-electronica-de-consumo\/#breadcrumb","itemListElement":[{"@type":"ListItem","position":1,"name":"Inici","item":"https:\/\/ticsalutsocial.atoom.space\/es\/"},{"@type":"ListItem","position":2,"name":"CES 2020: Compartimos las principales novedades en el campo de la salud de la feria mundial de la electr\u00f3nica de consumo"}]},{"@type":"WebSite","@id":"https:\/\/ticsalutsocial.atoom.space\/es\/#website","url":"https:\/\/ticsalutsocial.atoom.space\/es\/","name":"Fundaci\u00f3 TIC Salut i Social","description":"","potentialAction":[{"@type":"SearchAction","target":{"@type":"EntryPoint","urlTemplate":"https:\/\/ticsalutsocial.atoom.space\/es\/?s={search_term_string}"},"query-input":{"@type":"PropertyValueSpecification","valueRequired":true,"valueName":"search_term_string"}}],"inLanguage":"es"}]}},"_links":{"self":[{"href":"https:\/\/ticsalutsocial.atoom.space\/es\/wp-json\/wp\/v2\/noticia\/4257","targetHints":{"allow":["GET"]}}],"collection":[{"href":"https:\/\/ticsalutsocial.atoom.space\/es\/wp-json\/wp\/v2\/noticia"}],"about":[{"href":"https:\/\/ticsalutsocial.atoom.space\/es\/wp-json\/wp\/v2\/types\/noticia"}],"author":[{"embeddable":true,"href":"https:\/\/ticsalutsocial.atoom.space\/es\/wp-json\/wp\/v2\/users\/21"}],"wp:featuredmedia":[{"embeddable":true,"href":"https:\/\/ticsalutsocial.atoom.space\/es\/wp-json\/wp\/v2\/media\/4254"}],"wp:attachment":[{"href":"https:\/\/ticsalutsocial.atoom.space\/es\/wp-json\/wp\/v2\/media?parent=4257"}],"wp:term":[{"taxonomy":"etiqueta","embeddable":true,"href":"https:\/\/ticsalutsocial.atoom.space\/es\/wp-json\/wp\/v2\/etiqueta?post=4257"},{"taxonomy":"tipus","embeddable":true,"href":"https:\/\/ticsalutsocial.atoom.space\/es\/wp-json\/wp\/v2\/tipus?post=4257"},{"taxonomy":"topic","embeddable":true,"href":"https:\/\/ticsalutsocial.atoom.space\/es\/wp-json\/wp\/v2\/topic?post=4257"}],"curies":[{"name":"wp","href":"https:\/\/api.w.org\/{rel}","templated":true}]}}