
{"id":4270,"date":"2020-01-10T14:37:43","date_gmt":"2020-01-10T12:37:43","guid":{"rendered":"https:\/\/ticsalutsocial.atoom.space\/?post_type=noticia&#038;p=4270"},"modified":"2021-07-21T15:44:51","modified_gmt":"2021-07-21T13:44:51","slug":"guia-para-pacientes-y-usuarios-de-sanidad","status":"publish","type":"noticia","link":"https:\/\/ticsalutsocial.atoom.space\/es\/noticia\/guia-para-pacientes-y-usuarios-de-sanidad\/","title":{"rendered":"Gu\u00eda para pacientes y usuarios de sanidad"},"content":{"rendered":"<p>La Agencia Espa\u00f1ola de Protecci\u00f3n de Datos (AEPD) ha publicado recientmente la \u2018Gu\u00eda para pacientes y usuarios de sanidad\u2019, un documento para responder las dudas m\u00e1s frecuentes de los<br \/>\nciudadanos cuando se traten sus datos personales por parte de centros, administraciones y profesionales sanitarios. Tiene por objetivos facilitar el conocimiento de sus derechos en relaci\u00f3n a la materia.<\/p>\n<p>La Gu\u00eda aborda en una primera parte las cuestiones generales de la normativa de protecci\u00f3n de datos que se aplican en el tratamiento de datos de salud, indicando los derechos que tienen los pacientes y los usuarios de Salud en relaci\u00f3n con el Reglamento General de Protecci\u00f3n de Datos y la Ley Org\u00e1nica 3\/2018.<\/p>\n<p>As\u00ed, el documento destaca la obligatoriedad de informar f\u00e1cilmente al usuario, reconociendo los diferentes puntos que deben ser facilitados de forma concisa, transparente, inteligente y con un lenguaje claro y sencillo.<\/p>\n<p>En una segunda parte, la Gu\u00eda recoge las cuestiones planteadas con mayor frecuencia ante la AEPD. En particular, el documento recoge varias cuestiones relacionadas con la historia cl\u00ednica de los pacientes, como quienes puede acceder a la misma y para qu\u00e9 finalidad; si se puede solicitar una copia o si es posible ejercer los derechos de rectificaci\u00f3n o supresi\u00f3n en relaci\u00f3n con el<br \/>\ncontenido incluido a la historia cl\u00ednica.<\/p>\n<p>Para m\u00e1s informaci\u00f3n pod\u00e1is consulta la gu\u00eda en el siguiente <a href=\"https:\/\/www.aepd.es\/sites\/default\/files\/2019-12\/guia-pacientes-usuarios-sanidad.pdf\" target=\"_blank\" rel=\"noopener noreferrer\">enlace<\/a>.<\/p>\n<p>Para cualquier duda adicional pod\u00e9is dirigiros al DPD en\u00a0salutdpd@ticsalutsocial.cat o a trav\u00e9s de la\u00a0<a href=\"https:\/\/ticsalutsocial.atoom.space\/es\/oficina-dpd\/\" target=\"_blank\" rel=\"noopener noreferrer\">web<\/a>. Tambi\u00e9n llamando al tel\u00e9fono 93 553 26 42 ( de 9:00 a 14:00 h).<\/p>\n","protected":false},"author":21,"featured_media":4266,"menu_order":0,"template":"","meta":{"_acf_changed":false,"inline_featured_image":false},"etiqueta":[],"tipus":[106],"topic":[113],"class_list":["post-4270","noticia","type-noticia","status-publish","has-post-thumbnail","hentry","tipus-dpd-salud","topic-transformacion-digital"],"acf":{"imatge":4268,"autor":"TIC Salut Social"},"yoast_head":"<!-- This site is optimized with the Yoast SEO plugin v27.1.1 - https:\/\/yoast.com\/product\/yoast-seo-wordpress\/ -->\n<title>Gu\u00eda para pacientes y usuarios de sanidad - Fundaci\u00f3 TIC Salut i Social<\/title>\n<meta name=\"robots\" content=\"index, follow, max-snippet:-1, max-image-preview:large, max-video-preview:-1\" \/>\n<link rel=\"canonical\" href=\"https:\/\/ticsalutsocial.atoom.space\/es\/noticia\/guia-para-pacientes-y-usuarios-de-sanidad\/\" \/>\n<meta property=\"og:locale\" content=\"es_ES\" \/>\n<meta property=\"og:type\" content=\"article\" \/>\n<meta property=\"og:title\" content=\"Gu\u00eda para pacientes y usuarios de sanidad - Fundaci\u00f3 TIC Salut i Social\" \/>\n<meta property=\"og:description\" content=\"La Agencia Espa\u00f1ola de Protecci\u00f3n de Datos (AEPD) ha publicado recientmente la \u2018Gu\u00eda para pacientes y usuarios de sanidad\u2019, un documento para responder las dudas m\u00e1s frecuentes de los ciudadanos cuando se traten sus datos personales por parte de centros, administraciones y profesionales sanitarios. Tiene por objetivos facilitar el conocimiento de sus derechos en relaci\u00f3n [&hellip;]\" \/>\n<meta property=\"og:url\" content=\"https:\/\/ticsalutsocial.atoom.space\/es\/noticia\/guia-para-pacientes-y-usuarios-de-sanidad\/\" \/>\n<meta property=\"og:site_name\" content=\"Fundaci\u00f3 TIC Salut i Social\" \/>\n<meta property=\"article:modified_time\" content=\"2021-07-21T13:44:51+00:00\" \/>\n<meta property=\"og:image\" content=\"https:\/\/ticsalutsocial.atoom.space\/wp-content\/uploads\/2020\/01\/markus-spiske-vznmctd5kdi-unsplash-scaled.jpg\" \/>\n\t<meta property=\"og:image:width\" content=\"2560\" \/>\n\t<meta property=\"og:image:height\" content=\"1707\" \/>\n\t<meta property=\"og:image:type\" content=\"image\/jpeg\" \/>\n<meta name=\"twitter:card\" content=\"summary_large_image\" \/>\n<meta name=\"twitter:label1\" content=\"Tiempo de lectura\" \/>\n\t<meta name=\"twitter:data1\" content=\"1 minuto\" \/>\n<script type=\"application\/ld+json\" class=\"yoast-schema-graph\">{\"@context\":\"https:\/\/schema.org\",\"@graph\":[{\"@type\":\"WebPage\",\"@id\":\"https:\/\/ticsalutsocial.atoom.space\/es\/noticia\/guia-para-pacientes-y-usuarios-de-sanidad\/\",\"url\":\"https:\/\/ticsalutsocial.atoom.space\/es\/noticia\/guia-para-pacientes-y-usuarios-de-sanidad\/\",\"name\":\"Gu\u00eda para pacientes y usuarios de sanidad - Fundaci\u00f3 TIC Salut i Social\",\"isPartOf\":{\"@id\":\"https:\/\/ticsalutsocial.atoom.space\/es\/#website\"},\"primaryImageOfPage\":{\"@id\":\"https:\/\/ticsalutsocial.atoom.space\/es\/noticia\/guia-para-pacientes-y-usuarios-de-sanidad\/#primaryimage\"},\"image\":{\"@id\":\"https:\/\/ticsalutsocial.atoom.space\/es\/noticia\/guia-para-pacientes-y-usuarios-de-sanidad\/#primaryimage\"},\"thumbnailUrl\":\"https:\/\/ticsalutsocial.atoom.space\/wp-content\/uploads\/2020\/01\/markus-spiske-vznmctd5kdi-unsplash-scaled.jpg\",\"datePublished\":\"2020-01-10T12:37:43+00:00\",\"dateModified\":\"2021-07-21T13:44:51+00:00\",\"breadcrumb\":{\"@id\":\"https:\/\/ticsalutsocial.atoom.space\/es\/noticia\/guia-para-pacientes-y-usuarios-de-sanidad\/#breadcrumb\"},\"inLanguage\":\"es\",\"potentialAction\":[{\"@type\":\"ReadAction\",\"target\":[\"https:\/\/ticsalutsocial.atoom.space\/es\/noticia\/guia-para-pacientes-y-usuarios-de-sanidad\/\"]}]},{\"@type\":\"ImageObject\",\"inLanguage\":\"es\",\"@id\":\"https:\/\/ticsalutsocial.atoom.space\/es\/noticia\/guia-para-pacientes-y-usuarios-de-sanidad\/#primaryimage\",\"url\":\"https:\/\/ticsalutsocial.atoom.space\/wp-content\/uploads\/2020\/01\/markus-spiske-vznmctd5kdi-unsplash-scaled.jpg\",\"contentUrl\":\"https:\/\/ticsalutsocial.atoom.space\/wp-content\/uploads\/2020\/01\/markus-spiske-vznmctd5kdi-unsplash-scaled.jpg\",\"width\":2560,\"height\":1707},{\"@type\":\"BreadcrumbList\",\"@id\":\"https:\/\/ticsalutsocial.atoom.space\/es\/noticia\/guia-para-pacientes-y-usuarios-de-sanidad\/#breadcrumb\",\"itemListElement\":[{\"@type\":\"ListItem\",\"position\":1,\"name\":\"Inici\",\"item\":\"https:\/\/ticsalutsocial.atoom.space\/es\/\"},{\"@type\":\"ListItem\",\"position\":2,\"name\":\"Gu\u00eda para pacientes y usuarios de sanidad\"}]},{\"@type\":\"WebSite\",\"@id\":\"https:\/\/ticsalutsocial.atoom.space\/es\/#website\",\"url\":\"https:\/\/ticsalutsocial.atoom.space\/es\/\",\"name\":\"Fundaci\u00f3 TIC Salut i Social\",\"description\":\"\",\"potentialAction\":[{\"@type\":\"SearchAction\",\"target\":{\"@type\":\"EntryPoint\",\"urlTemplate\":\"https:\/\/ticsalutsocial.atoom.space\/es\/?s={search_term_string}\"},\"query-input\":{\"@type\":\"PropertyValueSpecification\",\"valueRequired\":true,\"valueName\":\"search_term_string\"}}],\"inLanguage\":\"es\"}]}<\/script>\n<!-- \/ Yoast SEO plugin. -->","yoast_head_json":{"title":"Gu\u00eda para pacientes y usuarios de sanidad - Fundaci\u00f3 TIC Salut i Social","robots":{"index":"index","follow":"follow","max-snippet":"max-snippet:-1","max-image-preview":"max-image-preview:large","max-video-preview":"max-video-preview:-1"},"canonical":"https:\/\/ticsalutsocial.atoom.space\/es\/noticia\/guia-para-pacientes-y-usuarios-de-sanidad\/","og_locale":"es_ES","og_type":"article","og_title":"Gu\u00eda para pacientes y usuarios de sanidad - Fundaci\u00f3 TIC Salut i Social","og_description":"La Agencia Espa\u00f1ola de Protecci\u00f3n de Datos (AEPD) ha publicado recientmente la \u2018Gu\u00eda para pacientes y usuarios de sanidad\u2019, un documento para responder las dudas m\u00e1s frecuentes de los ciudadanos cuando se traten sus datos personales por parte de centros, administraciones y profesionales sanitarios. Tiene por objetivos facilitar el conocimiento de sus derechos en relaci\u00f3n [&hellip;]","og_url":"https:\/\/ticsalutsocial.atoom.space\/es\/noticia\/guia-para-pacientes-y-usuarios-de-sanidad\/","og_site_name":"Fundaci\u00f3 TIC Salut i Social","article_modified_time":"2021-07-21T13:44:51+00:00","og_image":[{"width":2560,"height":1707,"url":"https:\/\/ticsalutsocial.atoom.space\/wp-content\/uploads\/2020\/01\/markus-spiske-vznmctd5kdi-unsplash-scaled.jpg","type":"image\/jpeg"}],"twitter_card":"summary_large_image","twitter_misc":{"Tiempo de lectura":"1 minuto"},"schema":{"@context":"https:\/\/schema.org","@graph":[{"@type":"WebPage","@id":"https:\/\/ticsalutsocial.atoom.space\/es\/noticia\/guia-para-pacientes-y-usuarios-de-sanidad\/","url":"https:\/\/ticsalutsocial.atoom.space\/es\/noticia\/guia-para-pacientes-y-usuarios-de-sanidad\/","name":"Gu\u00eda para pacientes y usuarios de sanidad - Fundaci\u00f3 TIC Salut i Social","isPartOf":{"@id":"https:\/\/ticsalutsocial.atoom.space\/es\/#website"},"primaryImageOfPage":{"@id":"https:\/\/ticsalutsocial.atoom.space\/es\/noticia\/guia-para-pacientes-y-usuarios-de-sanidad\/#primaryimage"},"image":{"@id":"https:\/\/ticsalutsocial.atoom.space\/es\/noticia\/guia-para-pacientes-y-usuarios-de-sanidad\/#primaryimage"},"thumbnailUrl":"https:\/\/ticsalutsocial.atoom.space\/wp-content\/uploads\/2020\/01\/markus-spiske-vznmctd5kdi-unsplash-scaled.jpg","datePublished":"2020-01-10T12:37:43+00:00","dateModified":"2021-07-21T13:44:51+00:00","breadcrumb":{"@id":"https:\/\/ticsalutsocial.atoom.space\/es\/noticia\/guia-para-pacientes-y-usuarios-de-sanidad\/#breadcrumb"},"inLanguage":"es","potentialAction":[{"@type":"ReadAction","target":["https:\/\/ticsalutsocial.atoom.space\/es\/noticia\/guia-para-pacientes-y-usuarios-de-sanidad\/"]}]},{"@type":"ImageObject","inLanguage":"es","@id":"https:\/\/ticsalutsocial.atoom.space\/es\/noticia\/guia-para-pacientes-y-usuarios-de-sanidad\/#primaryimage","url":"https:\/\/ticsalutsocial.atoom.space\/wp-content\/uploads\/2020\/01\/markus-spiske-vznmctd5kdi-unsplash-scaled.jpg","contentUrl":"https:\/\/ticsalutsocial.atoom.space\/wp-content\/uploads\/2020\/01\/markus-spiske-vznmctd5kdi-unsplash-scaled.jpg","width":2560,"height":1707},{"@type":"BreadcrumbList","@id":"https:\/\/ticsalutsocial.atoom.space\/es\/noticia\/guia-para-pacientes-y-usuarios-de-sanidad\/#breadcrumb","itemListElement":[{"@type":"ListItem","position":1,"name":"Inici","item":"https:\/\/ticsalutsocial.atoom.space\/es\/"},{"@type":"ListItem","position":2,"name":"Gu\u00eda para pacientes y usuarios de sanidad"}]},{"@type":"WebSite","@id":"https:\/\/ticsalutsocial.atoom.space\/es\/#website","url":"https:\/\/ticsalutsocial.atoom.space\/es\/","name":"Fundaci\u00f3 TIC Salut i Social","description":"","potentialAction":[{"@type":"SearchAction","target":{"@type":"EntryPoint","urlTemplate":"https:\/\/ticsalutsocial.atoom.space\/es\/?s={search_term_string}"},"query-input":{"@type":"PropertyValueSpecification","valueRequired":true,"valueName":"search_term_string"}}],"inLanguage":"es"}]}},"_links":{"self":[{"href":"https:\/\/ticsalutsocial.atoom.space\/es\/wp-json\/wp\/v2\/noticia\/4270","targetHints":{"allow":["GET"]}}],"collection":[{"href":"https:\/\/ticsalutsocial.atoom.space\/es\/wp-json\/wp\/v2\/noticia"}],"about":[{"href":"https:\/\/ticsalutsocial.atoom.space\/es\/wp-json\/wp\/v2\/types\/noticia"}],"author":[{"embeddable":true,"href":"https:\/\/ticsalutsocial.atoom.space\/es\/wp-json\/wp\/v2\/users\/21"}],"wp:featuredmedia":[{"embeddable":true,"href":"https:\/\/ticsalutsocial.atoom.space\/es\/wp-json\/wp\/v2\/media\/4266"}],"wp:attachment":[{"href":"https:\/\/ticsalutsocial.atoom.space\/es\/wp-json\/wp\/v2\/media?parent=4270"}],"wp:term":[{"taxonomy":"etiqueta","embeddable":true,"href":"https:\/\/ticsalutsocial.atoom.space\/es\/wp-json\/wp\/v2\/etiqueta?post=4270"},{"taxonomy":"tipus","embeddable":true,"href":"https:\/\/ticsalutsocial.atoom.space\/es\/wp-json\/wp\/v2\/tipus?post=4270"},{"taxonomy":"topic","embeddable":true,"href":"https:\/\/ticsalutsocial.atoom.space\/es\/wp-json\/wp\/v2\/topic?post=4270"}],"curies":[{"name":"wp","href":"https:\/\/api.w.org\/{rel}","templated":true}]}}