
{"id":4276,"date":"2020-01-14T11:56:46","date_gmt":"2020-01-14T09:56:46","guid":{"rendered":"https:\/\/ticsalutsocial.atoom.space\/?post_type=noticia&#038;p=4276"},"modified":"2021-07-21T15:44:58","modified_gmt":"2021-07-21T13:44:58","slug":"2020-world-hospital-congress-call-for-abstracts","status":"publish","type":"noticia","link":"https:\/\/ticsalutsocial.atoom.space\/es\/noticia\/2020-world-hospital-congress-call-for-abstracts\/","title":{"rendered":"2020 World Hospital Congress &#8211; Call for abstracts"},"content":{"rendered":"<p>El <em>IHF World Hospital Congress<\/em> de la <em>International Hospital Federation<\/em> (IHF) es un foro mundial \u00fanico que re\u00fane l\u00edderes de hospitales, servicios sanitarios y organizaciones sanitarias para debatir los motores principales de la pol\u00edtica, la gesti\u00f3n, las tendencias financieras y las soluciones nacionales e internacionales. A trav\u00e9s de este foro se facilita el intercambio multidisciplinario de conocimientos, competencias y experiencias, junto con un di\u00e1logo sobre buenas pr\u00e1cticas en liderazgo, gesti\u00f3n y prestaci\u00f3n de servicios dirigido a mejorar la salud y el bienestar general de nuestros pacientes y comunidades.<\/p>\n<p>Este a\u00f1o la <strong>44a edici\u00f3n del Congreso Mundial de Hospitales se organitza en Barcelona<\/strong> de la mano de <em><a href=\"https:\/\/www.uch.cat\/\">La Uni\u00f3 Catalana d\u2019Hospitals (La Uni\u00f3)<\/a><\/em>\u00a0y tendr\u00e1 lugar los pr\u00f3ximos 2-5 de noviembre bajo el tema general \u201cLa gente a bordo, transformando la asistencia sanitaria. El futuro es ahora\u00bb. La convocatoria de env\u00edo de abstracts ya est\u00e1 abierta.<\/p>\n<p>Los l\u00edderes y profesionales del sector sanitario que deseen presentar sus trabajos relacionados con el tema y subtemas, de forma oral (presentaci\u00f3n de 10 minutos) o como p\u00f3ster, son invitados a presentar un resumen al Comit\u00e9 Cient\u00edfico para su consideraci\u00f3n.<\/p>\n<p><strong>Datos importantes:<\/strong><\/p>\n<p>Fecha l\u00edmite de presentaci\u00f3n: 31 de enero de 2020 (23:59 UTC -11)<\/p>\n<p>Notificaci\u00f3n de presentaciones en papel aceptadas: 15 de abril de 2020<\/p>\n<p>Notificaci\u00f3n de p\u00f3sters aceptados: 1 de mayo de 2020<\/p>\n<p>Enviar un resumen da la oportunidad de mostrar vuestros trabajos y \u00e9xitos en la comunidad sanitaria internacional. Los p\u00f3steres aceptados tambi\u00e9n podr\u00e1n competir en el mejor concurso de p\u00f3steres del Congreso.<\/p>\n<p>Pod\u00e9is consultar todos los detalles a:<\/p>\n","protected":false},"author":21,"featured_media":4272,"menu_order":0,"template":"","meta":{"_acf_changed":false,"inline_featured_image":false},"etiqueta":[],"tipus":[],"topic":[121],"class_list":["post-4276","noticia","type-noticia","status-publish","has-post-thumbnail","hentry","topic-dpd-es"],"acf":{"imatge":4274,"autor":"Adri\u00e0 G.Font"},"yoast_head":"<!-- This site is optimized with the Yoast SEO plugin v27.1.1 - https:\/\/yoast.com\/product\/yoast-seo-wordpress\/ -->\n<title>2020 World Hospital Congress - Call for abstracts - Fundaci\u00f3 TIC Salut i Social<\/title>\n<meta name=\"robots\" content=\"index, follow, max-snippet:-1, max-image-preview:large, max-video-preview:-1\" \/>\n<link rel=\"canonical\" href=\"https:\/\/ticsalutsocial.atoom.space\/es\/noticia\/2020-world-hospital-congress-call-for-abstracts\/\" \/>\n<meta property=\"og:locale\" content=\"es_ES\" \/>\n<meta property=\"og:type\" content=\"article\" \/>\n<meta property=\"og:title\" content=\"2020 World Hospital Congress - Call for abstracts - Fundaci\u00f3 TIC Salut i Social\" \/>\n<meta property=\"og:description\" content=\"El IHF World Hospital Congress de la International Hospital Federation (IHF) es un foro mundial \u00fanico que re\u00fane l\u00edderes de hospitales, servicios sanitarios y organizaciones sanitarias para debatir los motores principales de la pol\u00edtica, la gesti\u00f3n, las tendencias financieras y las soluciones nacionales e internacionales. A trav\u00e9s de este foro se facilita el intercambio multidisciplinario [&hellip;]\" \/>\n<meta property=\"og:url\" content=\"https:\/\/ticsalutsocial.atoom.space\/es\/noticia\/2020-world-hospital-congress-call-for-abstracts\/\" \/>\n<meta property=\"og:site_name\" content=\"Fundaci\u00f3 TIC Salut i Social\" \/>\n<meta property=\"article:modified_time\" content=\"2021-07-21T13:44:58+00:00\" \/>\n<meta property=\"og:image\" content=\"https:\/\/ticsalutsocial.atoom.space\/wp-content\/uploads\/2020\/01\/photo-1533042789716-e9a9c97cf4ee.jpg\" \/>\n\t<meta property=\"og:image:width\" content=\"1350\" \/>\n\t<meta property=\"og:image:height\" content=\"901\" \/>\n\t<meta property=\"og:image:type\" content=\"image\/jpeg\" \/>\n<meta name=\"twitter:card\" content=\"summary_large_image\" \/>\n<meta name=\"twitter:label1\" content=\"Tiempo de lectura\" \/>\n\t<meta name=\"twitter:data1\" content=\"1 minuto\" \/>\n<script type=\"application\/ld+json\" class=\"yoast-schema-graph\">{\"@context\":\"https:\/\/schema.org\",\"@graph\":[{\"@type\":\"WebPage\",\"@id\":\"https:\/\/ticsalutsocial.atoom.space\/es\/noticia\/2020-world-hospital-congress-call-for-abstracts\/\",\"url\":\"https:\/\/ticsalutsocial.atoom.space\/es\/noticia\/2020-world-hospital-congress-call-for-abstracts\/\",\"name\":\"2020 World Hospital Congress - Call for abstracts - Fundaci\u00f3 TIC Salut i Social\",\"isPartOf\":{\"@id\":\"https:\/\/ticsalutsocial.atoom.space\/es\/#website\"},\"primaryImageOfPage\":{\"@id\":\"https:\/\/ticsalutsocial.atoom.space\/es\/noticia\/2020-world-hospital-congress-call-for-abstracts\/#primaryimage\"},\"image\":{\"@id\":\"https:\/\/ticsalutsocial.atoom.space\/es\/noticia\/2020-world-hospital-congress-call-for-abstracts\/#primaryimage\"},\"thumbnailUrl\":\"https:\/\/ticsalutsocial.atoom.space\/wp-content\/uploads\/2020\/01\/photo-1533042789716-e9a9c97cf4ee.jpg\",\"datePublished\":\"2020-01-14T09:56:46+00:00\",\"dateModified\":\"2021-07-21T13:44:58+00:00\",\"breadcrumb\":{\"@id\":\"https:\/\/ticsalutsocial.atoom.space\/es\/noticia\/2020-world-hospital-congress-call-for-abstracts\/#breadcrumb\"},\"inLanguage\":\"es\",\"potentialAction\":[{\"@type\":\"ReadAction\",\"target\":[\"https:\/\/ticsalutsocial.atoom.space\/es\/noticia\/2020-world-hospital-congress-call-for-abstracts\/\"]}]},{\"@type\":\"ImageObject\",\"inLanguage\":\"es\",\"@id\":\"https:\/\/ticsalutsocial.atoom.space\/es\/noticia\/2020-world-hospital-congress-call-for-abstracts\/#primaryimage\",\"url\":\"https:\/\/ticsalutsocial.atoom.space\/wp-content\/uploads\/2020\/01\/photo-1533042789716-e9a9c97cf4ee.jpg\",\"contentUrl\":\"https:\/\/ticsalutsocial.atoom.space\/wp-content\/uploads\/2020\/01\/photo-1533042789716-e9a9c97cf4ee.jpg\",\"width\":1350,\"height\":901},{\"@type\":\"BreadcrumbList\",\"@id\":\"https:\/\/ticsalutsocial.atoom.space\/es\/noticia\/2020-world-hospital-congress-call-for-abstracts\/#breadcrumb\",\"itemListElement\":[{\"@type\":\"ListItem\",\"position\":1,\"name\":\"Inici\",\"item\":\"https:\/\/ticsalutsocial.atoom.space\/es\/\"},{\"@type\":\"ListItem\",\"position\":2,\"name\":\"2020 World Hospital Congress &#8211; Call for abstracts\"}]},{\"@type\":\"WebSite\",\"@id\":\"https:\/\/ticsalutsocial.atoom.space\/es\/#website\",\"url\":\"https:\/\/ticsalutsocial.atoom.space\/es\/\",\"name\":\"Fundaci\u00f3 TIC Salut i Social\",\"description\":\"\",\"potentialAction\":[{\"@type\":\"SearchAction\",\"target\":{\"@type\":\"EntryPoint\",\"urlTemplate\":\"https:\/\/ticsalutsocial.atoom.space\/es\/?s={search_term_string}\"},\"query-input\":{\"@type\":\"PropertyValueSpecification\",\"valueRequired\":true,\"valueName\":\"search_term_string\"}}],\"inLanguage\":\"es\"}]}<\/script>\n<!-- \/ Yoast SEO plugin. -->","yoast_head_json":{"title":"2020 World Hospital Congress - Call for abstracts - Fundaci\u00f3 TIC Salut i Social","robots":{"index":"index","follow":"follow","max-snippet":"max-snippet:-1","max-image-preview":"max-image-preview:large","max-video-preview":"max-video-preview:-1"},"canonical":"https:\/\/ticsalutsocial.atoom.space\/es\/noticia\/2020-world-hospital-congress-call-for-abstracts\/","og_locale":"es_ES","og_type":"article","og_title":"2020 World Hospital Congress - Call for abstracts - Fundaci\u00f3 TIC Salut i Social","og_description":"El IHF World Hospital Congress de la International Hospital Federation (IHF) es un foro mundial \u00fanico que re\u00fane l\u00edderes de hospitales, servicios sanitarios y organizaciones sanitarias para debatir los motores principales de la pol\u00edtica, la gesti\u00f3n, las tendencias financieras y las soluciones nacionales e internacionales. A trav\u00e9s de este foro se facilita el intercambio multidisciplinario [&hellip;]","og_url":"https:\/\/ticsalutsocial.atoom.space\/es\/noticia\/2020-world-hospital-congress-call-for-abstracts\/","og_site_name":"Fundaci\u00f3 TIC Salut i Social","article_modified_time":"2021-07-21T13:44:58+00:00","og_image":[{"width":1350,"height":901,"url":"https:\/\/ticsalutsocial.atoom.space\/wp-content\/uploads\/2020\/01\/photo-1533042789716-e9a9c97cf4ee.jpg","type":"image\/jpeg"}],"twitter_card":"summary_large_image","twitter_misc":{"Tiempo de lectura":"1 minuto"},"schema":{"@context":"https:\/\/schema.org","@graph":[{"@type":"WebPage","@id":"https:\/\/ticsalutsocial.atoom.space\/es\/noticia\/2020-world-hospital-congress-call-for-abstracts\/","url":"https:\/\/ticsalutsocial.atoom.space\/es\/noticia\/2020-world-hospital-congress-call-for-abstracts\/","name":"2020 World Hospital Congress - Call for abstracts - Fundaci\u00f3 TIC Salut i Social","isPartOf":{"@id":"https:\/\/ticsalutsocial.atoom.space\/es\/#website"},"primaryImageOfPage":{"@id":"https:\/\/ticsalutsocial.atoom.space\/es\/noticia\/2020-world-hospital-congress-call-for-abstracts\/#primaryimage"},"image":{"@id":"https:\/\/ticsalutsocial.atoom.space\/es\/noticia\/2020-world-hospital-congress-call-for-abstracts\/#primaryimage"},"thumbnailUrl":"https:\/\/ticsalutsocial.atoom.space\/wp-content\/uploads\/2020\/01\/photo-1533042789716-e9a9c97cf4ee.jpg","datePublished":"2020-01-14T09:56:46+00:00","dateModified":"2021-07-21T13:44:58+00:00","breadcrumb":{"@id":"https:\/\/ticsalutsocial.atoom.space\/es\/noticia\/2020-world-hospital-congress-call-for-abstracts\/#breadcrumb"},"inLanguage":"es","potentialAction":[{"@type":"ReadAction","target":["https:\/\/ticsalutsocial.atoom.space\/es\/noticia\/2020-world-hospital-congress-call-for-abstracts\/"]}]},{"@type":"ImageObject","inLanguage":"es","@id":"https:\/\/ticsalutsocial.atoom.space\/es\/noticia\/2020-world-hospital-congress-call-for-abstracts\/#primaryimage","url":"https:\/\/ticsalutsocial.atoom.space\/wp-content\/uploads\/2020\/01\/photo-1533042789716-e9a9c97cf4ee.jpg","contentUrl":"https:\/\/ticsalutsocial.atoom.space\/wp-content\/uploads\/2020\/01\/photo-1533042789716-e9a9c97cf4ee.jpg","width":1350,"height":901},{"@type":"BreadcrumbList","@id":"https:\/\/ticsalutsocial.atoom.space\/es\/noticia\/2020-world-hospital-congress-call-for-abstracts\/#breadcrumb","itemListElement":[{"@type":"ListItem","position":1,"name":"Inici","item":"https:\/\/ticsalutsocial.atoom.space\/es\/"},{"@type":"ListItem","position":2,"name":"2020 World Hospital Congress &#8211; Call for abstracts"}]},{"@type":"WebSite","@id":"https:\/\/ticsalutsocial.atoom.space\/es\/#website","url":"https:\/\/ticsalutsocial.atoom.space\/es\/","name":"Fundaci\u00f3 TIC Salut i Social","description":"","potentialAction":[{"@type":"SearchAction","target":{"@type":"EntryPoint","urlTemplate":"https:\/\/ticsalutsocial.atoom.space\/es\/?s={search_term_string}"},"query-input":{"@type":"PropertyValueSpecification","valueRequired":true,"valueName":"search_term_string"}}],"inLanguage":"es"}]}},"_links":{"self":[{"href":"https:\/\/ticsalutsocial.atoom.space\/es\/wp-json\/wp\/v2\/noticia\/4276","targetHints":{"allow":["GET"]}}],"collection":[{"href":"https:\/\/ticsalutsocial.atoom.space\/es\/wp-json\/wp\/v2\/noticia"}],"about":[{"href":"https:\/\/ticsalutsocial.atoom.space\/es\/wp-json\/wp\/v2\/types\/noticia"}],"author":[{"embeddable":true,"href":"https:\/\/ticsalutsocial.atoom.space\/es\/wp-json\/wp\/v2\/users\/21"}],"wp:featuredmedia":[{"embeddable":true,"href":"https:\/\/ticsalutsocial.atoom.space\/es\/wp-json\/wp\/v2\/media\/4272"}],"wp:attachment":[{"href":"https:\/\/ticsalutsocial.atoom.space\/es\/wp-json\/wp\/v2\/media?parent=4276"}],"wp:term":[{"taxonomy":"etiqueta","embeddable":true,"href":"https:\/\/ticsalutsocial.atoom.space\/es\/wp-json\/wp\/v2\/etiqueta?post=4276"},{"taxonomy":"tipus","embeddable":true,"href":"https:\/\/ticsalutsocial.atoom.space\/es\/wp-json\/wp\/v2\/tipus?post=4276"},{"taxonomy":"topic","embeddable":true,"href":"https:\/\/ticsalutsocial.atoom.space\/es\/wp-json\/wp\/v2\/topic?post=4276"}],"curies":[{"name":"wp","href":"https:\/\/api.w.org\/{rel}","templated":true}]}}