
{"id":4281,"date":"2020-01-16T13:09:01","date_gmt":"2020-01-16T11:09:01","guid":{"rendered":"https:\/\/ticsalutsocial.atoom.space\/?post_type=noticia&#038;p=4281"},"modified":"2021-07-21T15:45:00","modified_gmt":"2021-07-21T13:45:00","slug":"del-horizon-2020-al-horizon-europe","status":"publish","type":"noticia","link":"https:\/\/ticsalutsocial.atoom.space\/es\/noticia\/del-horizon-2020-al-horizon-europe\/","title":{"rendered":"Del Horizon 2020 al Horizon Europe"},"content":{"rendered":"<p>En 2020 finaliza el 8\u00ba programa marco europeo Horizon 2020. Este programa -que inici\u00f3 en 2014- ha tenido como objetivo principal financiar proyectos que ayuden a investigar cuestiones que afectaran a los ciudadanos europeos, a promover el liderazgo industrial en Europa y a reforzar la excelencia cient\u00edfica.<\/p>\n<p>&nbsp;<\/p>\n<h3><strong><em>Datos de participaci\u00f3n<\/em><\/strong><\/h3>\n<p>Hasta la fecha se han presentado un total de 709.170 propuestas de 130 pa\u00edses diferentes, de las que un 11,9% han obtenido financiaci\u00f3n. El presupuesto total de H2020 ha sido de unos 80 billones de euros. El reto social de salud ocupa el quinto puesto en cuanto a nivel de participaci\u00f3n dentro del programa.<\/p>\n<p>Los pa\u00edses con mayor participaci\u00f3n en H2020 han sido Reino Unido, Alemania, Italia, Espa\u00f1a y Francia habiendo obtenido un 52% de la financiaci\u00f3n total del programa. En Catalu\u00f1a se han presentado un total de 2.700 propuestas de las que un 13% han sido financiadas, obteniendo un total de 9.1 billones de euros.<\/p>\n<p>&nbsp;<\/p>\n<h3><strong><em>Fortalezas y debilidades<\/em><\/strong><\/h3>\n<p>En relaci\u00f3n al anterior Programa Marco (7PM), H2020 ha demostrado ser un programa m\u00e1s eficiente en cuanto a costes administrativos, y m\u00e1s coherente en cuanto a las sinergias con otros programas e instrumentos de financiaci\u00f3n.<\/p>\n<p>El acceso a los resultados de los proyectos por parte de la comunicad cient\u00edfica, as\u00ed como la publicaci\u00f3n de los mismos ha mejorado considerablemente en comparaci\u00f3n con el 7PM. Aun as\u00ed, una de las tareas pendientes para el pr\u00f3ximo programa marco (Horizonte Europa) es la de hacer una mejor promoci\u00f3n del impacto que la investigaci\u00f3n y la innovaci\u00f3n tienen en la sociedad civil, as\u00ed como ser capaces de incluir a los ciudadanos en el co-dise\u00f1o y co-creaci\u00f3n de proyectos que den respuesta a los retos de la sociedad.<\/p>\n<p>Otro de los puntos a destacar, es que a pesar de que la participaci\u00f3n en H2020 ha aumentado considerablemente respecto al 7PM, el nivel de financiaci\u00f3n sigue siendo insuficiente, lo que se traduce en un elevado nivel de competencia, unos bajos ratios de \u00e9xito (en salud situ\u00e1ndose en torno al 2-4%) y el aumento del uso de recursos de los solicitantes.<\/p>\n<p>&nbsp;<\/p>\n<h3><strong><em>Horizon Europe<\/em><\/strong><\/h3>\n<p>Actualmente la Comisi\u00f3n Europea est\u00e1 trabajando en la preparaci\u00f3n del 9\u00ba programa marco de investigaci\u00f3n y desarrollo, llamado Horizonte Europa, cuya duraci\u00f3n ser\u00e1 del 2021 al 2027.<\/p>\n<p>Horizonte Europa, con un presupuesto de 9.7 billones, ser\u00e1 el mayor programa de financiaci\u00f3n a la investigaci\u00f3n y la innovaci\u00f3n hasta el momento. Horizonte Europa toma como punto de partida la mejora de los puntos d\u00e9biles de su predecesor H2020 y pretende seguir dando soporte a la investigaci\u00f3n y desarrollo mediante la cooperaci\u00f3n entre pa\u00edses.<\/p>\n<p>De esta manera, el nuevo programa, adem\u00e1s simplificar los tr\u00e1mites y reducir las trabas administrativas, tambi\u00e9n propone una restructuraci\u00f3n de los pilares de H2020:<\/p>\n<p>&nbsp;<\/p>\n<ul>\n<li><strong><em>Open Science<\/em><\/strong>: dar\u00e1 soporte a los investigadores mediante fellowships, intercambios y otros proyectos liderados por cient\u00edficos a trav\u00e9s del <em>European Rresearch Council<\/em> y las <em>Marie-Sklodowska-Curie Actions<\/em>.<\/li>\n<\/ul>\n<p>&nbsp;<\/p>\n<ul>\n<li><em><strong>Global Challenges<\/strong><\/em>: dar\u00e1 soporte a la investigaci\u00f3n relacionada con los retos sociales, establecer\u00e1 Misiones con metas ambiciosas como la lucha contra el c\u00e1ncer o los oc\u00e9anos libres de pl\u00e1stico y dar\u00e1 una especial importancia al liderazgo industrial.<\/li>\n<\/ul>\n<p>&nbsp;<\/p>\n<ul>\n<li><em><strong>Open Innovation<\/strong><\/em>: reforzar\u00e1 el papel de Europa como l\u00edder global en innovaci\u00f3n a trav\u00e9s del Consejo Europeo de Innovaci\u00f3n y fomentar\u00e1 la intergaci\u00f3n de empresas, investigaci\u00f3n y educaci\u00f3n superior a trav\u00e9s del <em>European Institute of Technology<\/em> (EIT).<\/li>\n<\/ul>\n","protected":false},"author":21,"featured_media":4278,"menu_order":0,"template":"","meta":{"_acf_changed":false,"inline_featured_image":false},"etiqueta":[],"tipus":[],"topic":[123,130],"class_list":["post-4281","noticia","type-noticia","status-publish","has-post-thumbnail","hentry","topic-actualidad","topic-la-fundacion"],"acf":{"imatge":4280,"autor":"Carla Alvarez","textos_destacats":[{"texte":"Balance del Programa Marco Europeo H2020"}]},"yoast_head":"<!-- This site is optimized with the Yoast SEO plugin v27.1.1 - https:\/\/yoast.com\/product\/yoast-seo-wordpress\/ -->\n<title>Del Horizon 2020 al Horizon Europe - Fundaci\u00f3 TIC Salut i Social<\/title>\n<meta name=\"robots\" content=\"index, follow, max-snippet:-1, max-image-preview:large, max-video-preview:-1\" \/>\n<link rel=\"canonical\" href=\"https:\/\/ticsalutsocial.atoom.space\/es\/noticia\/del-horizon-2020-al-horizon-europe\/\" \/>\n<meta property=\"og:locale\" content=\"es_ES\" \/>\n<meta property=\"og:type\" content=\"article\" \/>\n<meta property=\"og:title\" content=\"Del Horizon 2020 al Horizon Europe - Fundaci\u00f3 TIC Salut i Social\" \/>\n<meta property=\"og:description\" content=\"En 2020 finaliza el 8\u00ba programa marco europeo Horizon 2020. Este programa -que inici\u00f3 en 2014- ha tenido como objetivo principal financiar proyectos que ayuden a investigar cuestiones que afectaran a los ciudadanos europeos, a promover el liderazgo industrial en Europa y a reforzar la excelencia cient\u00edfica. &nbsp; Datos de participaci\u00f3n Hasta la fecha se [&hellip;]\" \/>\n<meta property=\"og:url\" content=\"https:\/\/ticsalutsocial.atoom.space\/es\/noticia\/del-horizon-2020-al-horizon-europe\/\" \/>\n<meta property=\"og:site_name\" content=\"Fundaci\u00f3 TIC Salut i Social\" \/>\n<meta property=\"article:modified_time\" content=\"2021-07-21T13:45:00+00:00\" \/>\n<meta property=\"og:image\" content=\"https:\/\/ticsalutsocial.atoom.space\/wp-content\/uploads\/2020\/01\/raul-petri-wfvc_75jb9i-unsplash-scaled.jpg\" \/>\n\t<meta property=\"og:image:width\" content=\"2560\" \/>\n\t<meta property=\"og:image:height\" content=\"1707\" \/>\n\t<meta property=\"og:image:type\" content=\"image\/jpeg\" \/>\n<meta name=\"twitter:card\" content=\"summary_large_image\" \/>\n<meta name=\"twitter:label1\" content=\"Tiempo de lectura\" \/>\n\t<meta name=\"twitter:data1\" content=\"3 minutos\" \/>\n<script type=\"application\/ld+json\" class=\"yoast-schema-graph\">{\"@context\":\"https:\/\/schema.org\",\"@graph\":[{\"@type\":\"WebPage\",\"@id\":\"https:\/\/ticsalutsocial.atoom.space\/es\/noticia\/del-horizon-2020-al-horizon-europe\/\",\"url\":\"https:\/\/ticsalutsocial.atoom.space\/es\/noticia\/del-horizon-2020-al-horizon-europe\/\",\"name\":\"Del Horizon 2020 al Horizon Europe - Fundaci\u00f3 TIC Salut i Social\",\"isPartOf\":{\"@id\":\"https:\/\/ticsalutsocial.atoom.space\/es\/#website\"},\"primaryImageOfPage\":{\"@id\":\"https:\/\/ticsalutsocial.atoom.space\/es\/noticia\/del-horizon-2020-al-horizon-europe\/#primaryimage\"},\"image\":{\"@id\":\"https:\/\/ticsalutsocial.atoom.space\/es\/noticia\/del-horizon-2020-al-horizon-europe\/#primaryimage\"},\"thumbnailUrl\":\"https:\/\/ticsalutsocial.atoom.space\/wp-content\/uploads\/2020\/01\/raul-petri-wfvc_75jb9i-unsplash-scaled.jpg\",\"datePublished\":\"2020-01-16T11:09:01+00:00\",\"dateModified\":\"2021-07-21T13:45:00+00:00\",\"breadcrumb\":{\"@id\":\"https:\/\/ticsalutsocial.atoom.space\/es\/noticia\/del-horizon-2020-al-horizon-europe\/#breadcrumb\"},\"inLanguage\":\"es\",\"potentialAction\":[{\"@type\":\"ReadAction\",\"target\":[\"https:\/\/ticsalutsocial.atoom.space\/es\/noticia\/del-horizon-2020-al-horizon-europe\/\"]}]},{\"@type\":\"ImageObject\",\"inLanguage\":\"es\",\"@id\":\"https:\/\/ticsalutsocial.atoom.space\/es\/noticia\/del-horizon-2020-al-horizon-europe\/#primaryimage\",\"url\":\"https:\/\/ticsalutsocial.atoom.space\/wp-content\/uploads\/2020\/01\/raul-petri-wfvc_75jb9i-unsplash-scaled.jpg\",\"contentUrl\":\"https:\/\/ticsalutsocial.atoom.space\/wp-content\/uploads\/2020\/01\/raul-petri-wfvc_75jb9i-unsplash-scaled.jpg\",\"width\":2560,\"height\":1707},{\"@type\":\"BreadcrumbList\",\"@id\":\"https:\/\/ticsalutsocial.atoom.space\/es\/noticia\/del-horizon-2020-al-horizon-europe\/#breadcrumb\",\"itemListElement\":[{\"@type\":\"ListItem\",\"position\":1,\"name\":\"Inici\",\"item\":\"https:\/\/ticsalutsocial.atoom.space\/es\/\"},{\"@type\":\"ListItem\",\"position\":2,\"name\":\"Del Horizon 2020 al Horizon Europe\"}]},{\"@type\":\"WebSite\",\"@id\":\"https:\/\/ticsalutsocial.atoom.space\/es\/#website\",\"url\":\"https:\/\/ticsalutsocial.atoom.space\/es\/\",\"name\":\"Fundaci\u00f3 TIC Salut i Social\",\"description\":\"\",\"potentialAction\":[{\"@type\":\"SearchAction\",\"target\":{\"@type\":\"EntryPoint\",\"urlTemplate\":\"https:\/\/ticsalutsocial.atoom.space\/es\/?s={search_term_string}\"},\"query-input\":{\"@type\":\"PropertyValueSpecification\",\"valueRequired\":true,\"valueName\":\"search_term_string\"}}],\"inLanguage\":\"es\"}]}<\/script>\n<!-- \/ Yoast SEO plugin. -->","yoast_head_json":{"title":"Del Horizon 2020 al Horizon Europe - Fundaci\u00f3 TIC Salut i Social","robots":{"index":"index","follow":"follow","max-snippet":"max-snippet:-1","max-image-preview":"max-image-preview:large","max-video-preview":"max-video-preview:-1"},"canonical":"https:\/\/ticsalutsocial.atoom.space\/es\/noticia\/del-horizon-2020-al-horizon-europe\/","og_locale":"es_ES","og_type":"article","og_title":"Del Horizon 2020 al Horizon Europe - Fundaci\u00f3 TIC Salut i Social","og_description":"En 2020 finaliza el 8\u00ba programa marco europeo Horizon 2020. Este programa -que inici\u00f3 en 2014- ha tenido como objetivo principal financiar proyectos que ayuden a investigar cuestiones que afectaran a los ciudadanos europeos, a promover el liderazgo industrial en Europa y a reforzar la excelencia cient\u00edfica. &nbsp; Datos de participaci\u00f3n Hasta la fecha se [&hellip;]","og_url":"https:\/\/ticsalutsocial.atoom.space\/es\/noticia\/del-horizon-2020-al-horizon-europe\/","og_site_name":"Fundaci\u00f3 TIC Salut i Social","article_modified_time":"2021-07-21T13:45:00+00:00","og_image":[{"width":2560,"height":1707,"url":"https:\/\/ticsalutsocial.atoom.space\/wp-content\/uploads\/2020\/01\/raul-petri-wfvc_75jb9i-unsplash-scaled.jpg","type":"image\/jpeg"}],"twitter_card":"summary_large_image","twitter_misc":{"Tiempo de lectura":"3 minutos"},"schema":{"@context":"https:\/\/schema.org","@graph":[{"@type":"WebPage","@id":"https:\/\/ticsalutsocial.atoom.space\/es\/noticia\/del-horizon-2020-al-horizon-europe\/","url":"https:\/\/ticsalutsocial.atoom.space\/es\/noticia\/del-horizon-2020-al-horizon-europe\/","name":"Del Horizon 2020 al Horizon Europe - Fundaci\u00f3 TIC Salut i Social","isPartOf":{"@id":"https:\/\/ticsalutsocial.atoom.space\/es\/#website"},"primaryImageOfPage":{"@id":"https:\/\/ticsalutsocial.atoom.space\/es\/noticia\/del-horizon-2020-al-horizon-europe\/#primaryimage"},"image":{"@id":"https:\/\/ticsalutsocial.atoom.space\/es\/noticia\/del-horizon-2020-al-horizon-europe\/#primaryimage"},"thumbnailUrl":"https:\/\/ticsalutsocial.atoom.space\/wp-content\/uploads\/2020\/01\/raul-petri-wfvc_75jb9i-unsplash-scaled.jpg","datePublished":"2020-01-16T11:09:01+00:00","dateModified":"2021-07-21T13:45:00+00:00","breadcrumb":{"@id":"https:\/\/ticsalutsocial.atoom.space\/es\/noticia\/del-horizon-2020-al-horizon-europe\/#breadcrumb"},"inLanguage":"es","potentialAction":[{"@type":"ReadAction","target":["https:\/\/ticsalutsocial.atoom.space\/es\/noticia\/del-horizon-2020-al-horizon-europe\/"]}]},{"@type":"ImageObject","inLanguage":"es","@id":"https:\/\/ticsalutsocial.atoom.space\/es\/noticia\/del-horizon-2020-al-horizon-europe\/#primaryimage","url":"https:\/\/ticsalutsocial.atoom.space\/wp-content\/uploads\/2020\/01\/raul-petri-wfvc_75jb9i-unsplash-scaled.jpg","contentUrl":"https:\/\/ticsalutsocial.atoom.space\/wp-content\/uploads\/2020\/01\/raul-petri-wfvc_75jb9i-unsplash-scaled.jpg","width":2560,"height":1707},{"@type":"BreadcrumbList","@id":"https:\/\/ticsalutsocial.atoom.space\/es\/noticia\/del-horizon-2020-al-horizon-europe\/#breadcrumb","itemListElement":[{"@type":"ListItem","position":1,"name":"Inici","item":"https:\/\/ticsalutsocial.atoom.space\/es\/"},{"@type":"ListItem","position":2,"name":"Del Horizon 2020 al Horizon Europe"}]},{"@type":"WebSite","@id":"https:\/\/ticsalutsocial.atoom.space\/es\/#website","url":"https:\/\/ticsalutsocial.atoom.space\/es\/","name":"Fundaci\u00f3 TIC Salut i Social","description":"","potentialAction":[{"@type":"SearchAction","target":{"@type":"EntryPoint","urlTemplate":"https:\/\/ticsalutsocial.atoom.space\/es\/?s={search_term_string}"},"query-input":{"@type":"PropertyValueSpecification","valueRequired":true,"valueName":"search_term_string"}}],"inLanguage":"es"}]}},"_links":{"self":[{"href":"https:\/\/ticsalutsocial.atoom.space\/es\/wp-json\/wp\/v2\/noticia\/4281","targetHints":{"allow":["GET"]}}],"collection":[{"href":"https:\/\/ticsalutsocial.atoom.space\/es\/wp-json\/wp\/v2\/noticia"}],"about":[{"href":"https:\/\/ticsalutsocial.atoom.space\/es\/wp-json\/wp\/v2\/types\/noticia"}],"author":[{"embeddable":true,"href":"https:\/\/ticsalutsocial.atoom.space\/es\/wp-json\/wp\/v2\/users\/21"}],"wp:featuredmedia":[{"embeddable":true,"href":"https:\/\/ticsalutsocial.atoom.space\/es\/wp-json\/wp\/v2\/media\/4278"}],"wp:attachment":[{"href":"https:\/\/ticsalutsocial.atoom.space\/es\/wp-json\/wp\/v2\/media?parent=4281"}],"wp:term":[{"taxonomy":"etiqueta","embeddable":true,"href":"https:\/\/ticsalutsocial.atoom.space\/es\/wp-json\/wp\/v2\/etiqueta?post=4281"},{"taxonomy":"tipus","embeddable":true,"href":"https:\/\/ticsalutsocial.atoom.space\/es\/wp-json\/wp\/v2\/tipus?post=4281"},{"taxonomy":"topic","embeddable":true,"href":"https:\/\/ticsalutsocial.atoom.space\/es\/wp-json\/wp\/v2\/topic?post=4281"}],"curies":[{"name":"wp","href":"https:\/\/api.w.org\/{rel}","templated":true}]}}