
{"id":4287,"date":"2020-01-16T14:27:50","date_gmt":"2020-01-16T12:27:50","guid":{"rendered":"https:\/\/ticsalutsocial.atoom.space\/?post_type=noticia&#038;p=4287"},"modified":"2021-07-21T15:45:04","modified_gmt":"2021-07-21T13:45:04","slug":"toma-de-decisiones-basadas-en-la-evidencia-la-tecnologia-como-solucion","status":"publish","type":"noticia","link":"https:\/\/ticsalutsocial.atoom.space\/es\/noticia\/toma-de-decisiones-basadas-en-la-evidencia-la-tecnologia-como-solucion\/","title":{"rendered":"Toma de decisiones basadas en la evidencia: la tecnolog\u00eda como soluci\u00f3n?"},"content":{"rendered":"<p>Fue con la colaboraci\u00f3n de 20 profesionales de la Regi\u00f3n Sanitaria de Mallorca: por primera vez, pudimos aproximar el <a href=\"https:\/\/ticsalutsocial.atoom.space\/es\/actualitat\/la-teleconsulta-reduce-las-visitas-presenciales\/\">impacto del uso de la eConsulta sobre las visitas presenciales<\/a>. Lo hicimos de la manera menos tecnol\u00f3gica posible: se lo preguntamos. \u00abEn relaci\u00f3n a este caso que trataste v\u00eda eConsulta: \u00bfcrees que la interacci\u00f3n evit\u00f3 una visita presencial?\u00bb As\u00ed 2.268 veces. En un 88% de los casos, nos respondieron que s\u00ed. Aprovechamos que los \u00abmolest\u00e1bamos\u00bb para pedirles tambi\u00e9n qu\u00e9 tipo de consulta era y si, en ausencia de comunicaci\u00f3n virtual, la consulta se hubiera hecho (para entender qu\u00e9 proporci\u00f3n de \u00abnuevos casos\u00bb est\u00e1bamos tratando: el 30%).<\/p>\n<p>Est\u00e1bamos muy satisfechos de c\u00f3mo hab\u00eda ido el experimento, pero sab\u00edamos que no pod\u00edamos ir repitiendo (ya es muy de agradecer que los profesionales revisaran, uno por uno, cientos de casos!). Por ello decidimos utilizar la Inteligencia Artificial: aplicamos un algoritmo clasificador (en realidad, veinte tipos diferentes) basado en el (Supervised) Machine Learning de modo que, habiendo aprendido de la clasificaci\u00f3n \u00abcaso por caso\u00bb de los facultativos, fuera capaz de hacer el mismo trabajo.<\/p>\n<p>Aplicamos cinco t\u00e9cnicas diferentes de representaci\u00f3n vectorial de textos (algo as\u00ed como convertir en unos y ceros las palabras) y cuatro algoritmos clasificadores (veinte combinaciones diferentes) y probamos qu\u00e9 tal lo hac\u00edan. El resultado: parece que el algoritmo ha aprendido muy bien a distinguir, en base al texto del mensaje, si evitar\u00e1 una visita presencial o no. Pero a\u00fan no acierta a distinguir \u00abde qu\u00e9 va\u00bb el mensaje (tipo de consulta). Esto es, creemos, porque la muestra que hemos analizado es muy peque\u00f1a, y la mayor\u00eda de casos que hemos analizado son del tipo 1 \u00abGesti\u00f3n de pruebas\u00bb. Si todos son del mismo tipo, le cuesta m\u00e1s aprender a distinguirlos: quisi\u00e9ramos una muestra m\u00e1s \u00abbalanceada\u00bb.<\/p>\n<p>No esper\u00e1bamos unos resultados espectaculares (con una muestra tan peque\u00f1a, en relaci\u00f3n a las posibilidades de la herramienta!) Ni estamos muy seguros de los que hemos obtenido con este segundo experimento, lo que quer\u00edamos probar es que la Inteligencia Artificial es una herramienta factible (a nivel t\u00e9cnico) para entender c\u00f3mo est\u00e1 funcionando un servicio que ya acumula 300.000 conversaciones. Sirve el eConsulta para solucionar un caso y evitar el desplazamiento del ciudadano? \u00bfQu\u00e9 tipo de consultas se hacen? Son consultas que ya se hac\u00edan antes, o visto que es m\u00e1s f\u00e1cil comunicarse con el profesional, les pedimos m\u00e1s cosas?<\/p>\n<p>Afortunadamente pero poco a poco, la tecnolog\u00eda nos servir\u00e1 para ir respondiendo con rigor estas preguntas y as\u00ed podamos tomar decisiones basadas en la evidencia.<\/p>\n","protected":false},"author":21,"featured_media":4284,"menu_order":0,"template":"","meta":{"_acf_changed":false,"inline_featured_image":false},"etiqueta":[],"tipus":[],"topic":[],"class_list":["post-4287","noticia","type-noticia","status-publish","has-post-thumbnail","hentry"],"acf":{"imatge":4286,"autor":"Francesc L\u00f3pez Segui"},"yoast_head":"<!-- This site is optimized with the Yoast SEO plugin v27.1.1 - https:\/\/yoast.com\/product\/yoast-seo-wordpress\/ -->\n<title>Toma de decisiones basadas en la evidencia: la tecnolog\u00eda como soluci\u00f3n? - Fundaci\u00f3 TIC Salut i Social<\/title>\n<meta name=\"robots\" content=\"index, follow, max-snippet:-1, max-image-preview:large, max-video-preview:-1\" \/>\n<link rel=\"canonical\" href=\"https:\/\/ticsalutsocial.atoom.space\/es\/noticia\/toma-de-decisiones-basadas-en-la-evidencia-la-tecnologia-como-solucion\/\" \/>\n<meta property=\"og:locale\" content=\"es_ES\" \/>\n<meta property=\"og:type\" content=\"article\" \/>\n<meta property=\"og:title\" content=\"Toma de decisiones basadas en la evidencia: la tecnolog\u00eda como soluci\u00f3n? - Fundaci\u00f3 TIC Salut i Social\" \/>\n<meta property=\"og:description\" content=\"Fue con la colaboraci\u00f3n de 20 profesionales de la Regi\u00f3n Sanitaria de Mallorca: por primera vez, pudimos aproximar el impacto del uso de la eConsulta sobre las visitas presenciales. Lo hicimos de la manera menos tecnol\u00f3gica posible: se lo preguntamos. \u00abEn relaci\u00f3n a este caso que trataste v\u00eda eConsulta: \u00bfcrees que la interacci\u00f3n evit\u00f3 una [&hellip;]\" \/>\n<meta property=\"og:url\" content=\"https:\/\/ticsalutsocial.atoom.space\/es\/noticia\/toma-de-decisiones-basadas-en-la-evidencia-la-tecnologia-como-solucion\/\" \/>\n<meta property=\"og:site_name\" content=\"Fundaci\u00f3 TIC Salut i Social\" \/>\n<meta property=\"article:modified_time\" content=\"2021-07-21T13:45:04+00:00\" \/>\n<meta property=\"og:image\" content=\"https:\/\/ticsalutsocial.atoom.space\/wp-content\/uploads\/2020\/01\/photo-1523274620588-4c03146581a1.jpg\" \/>\n\t<meta property=\"og:image:width\" content=\"1350\" \/>\n\t<meta property=\"og:image:height\" content=\"900\" \/>\n\t<meta property=\"og:image:type\" content=\"image\/jpeg\" \/>\n<meta name=\"twitter:card\" content=\"summary_large_image\" \/>\n<meta name=\"twitter:label1\" content=\"Tiempo de lectura\" \/>\n\t<meta name=\"twitter:data1\" content=\"2 minutos\" \/>\n<script type=\"application\/ld+json\" class=\"yoast-schema-graph\">{\"@context\":\"https:\/\/schema.org\",\"@graph\":[{\"@type\":\"WebPage\",\"@id\":\"https:\/\/ticsalutsocial.atoom.space\/es\/noticia\/toma-de-decisiones-basadas-en-la-evidencia-la-tecnologia-como-solucion\/\",\"url\":\"https:\/\/ticsalutsocial.atoom.space\/es\/noticia\/toma-de-decisiones-basadas-en-la-evidencia-la-tecnologia-como-solucion\/\",\"name\":\"Toma de decisiones basadas en la evidencia: la tecnolog\u00eda como soluci\u00f3n? - Fundaci\u00f3 TIC Salut i Social\",\"isPartOf\":{\"@id\":\"https:\/\/ticsalutsocial.atoom.space\/es\/#website\"},\"primaryImageOfPage\":{\"@id\":\"https:\/\/ticsalutsocial.atoom.space\/es\/noticia\/toma-de-decisiones-basadas-en-la-evidencia-la-tecnologia-como-solucion\/#primaryimage\"},\"image\":{\"@id\":\"https:\/\/ticsalutsocial.atoom.space\/es\/noticia\/toma-de-decisiones-basadas-en-la-evidencia-la-tecnologia-como-solucion\/#primaryimage\"},\"thumbnailUrl\":\"https:\/\/ticsalutsocial.atoom.space\/wp-content\/uploads\/2020\/01\/photo-1523274620588-4c03146581a1.jpg\",\"datePublished\":\"2020-01-16T12:27:50+00:00\",\"dateModified\":\"2021-07-21T13:45:04+00:00\",\"breadcrumb\":{\"@id\":\"https:\/\/ticsalutsocial.atoom.space\/es\/noticia\/toma-de-decisiones-basadas-en-la-evidencia-la-tecnologia-como-solucion\/#breadcrumb\"},\"inLanguage\":\"es\",\"potentialAction\":[{\"@type\":\"ReadAction\",\"target\":[\"https:\/\/ticsalutsocial.atoom.space\/es\/noticia\/toma-de-decisiones-basadas-en-la-evidencia-la-tecnologia-como-solucion\/\"]}]},{\"@type\":\"ImageObject\",\"inLanguage\":\"es\",\"@id\":\"https:\/\/ticsalutsocial.atoom.space\/es\/noticia\/toma-de-decisiones-basadas-en-la-evidencia-la-tecnologia-como-solucion\/#primaryimage\",\"url\":\"https:\/\/ticsalutsocial.atoom.space\/wp-content\/uploads\/2020\/01\/photo-1523274620588-4c03146581a1.jpg\",\"contentUrl\":\"https:\/\/ticsalutsocial.atoom.space\/wp-content\/uploads\/2020\/01\/photo-1523274620588-4c03146581a1.jpg\",\"width\":1350,\"height\":900},{\"@type\":\"BreadcrumbList\",\"@id\":\"https:\/\/ticsalutsocial.atoom.space\/es\/noticia\/toma-de-decisiones-basadas-en-la-evidencia-la-tecnologia-como-solucion\/#breadcrumb\",\"itemListElement\":[{\"@type\":\"ListItem\",\"position\":1,\"name\":\"Inici\",\"item\":\"https:\/\/ticsalutsocial.atoom.space\/es\/\"},{\"@type\":\"ListItem\",\"position\":2,\"name\":\"Toma de decisiones basadas en la evidencia: la tecnolog\u00eda como soluci\u00f3n?\"}]},{\"@type\":\"WebSite\",\"@id\":\"https:\/\/ticsalutsocial.atoom.space\/es\/#website\",\"url\":\"https:\/\/ticsalutsocial.atoom.space\/es\/\",\"name\":\"Fundaci\u00f3 TIC Salut i Social\",\"description\":\"\",\"potentialAction\":[{\"@type\":\"SearchAction\",\"target\":{\"@type\":\"EntryPoint\",\"urlTemplate\":\"https:\/\/ticsalutsocial.atoom.space\/es\/?s={search_term_string}\"},\"query-input\":{\"@type\":\"PropertyValueSpecification\",\"valueRequired\":true,\"valueName\":\"search_term_string\"}}],\"inLanguage\":\"es\"}]}<\/script>\n<!-- \/ Yoast SEO plugin. -->","yoast_head_json":{"title":"Toma de decisiones basadas en la evidencia: la tecnolog\u00eda como soluci\u00f3n? - Fundaci\u00f3 TIC Salut i Social","robots":{"index":"index","follow":"follow","max-snippet":"max-snippet:-1","max-image-preview":"max-image-preview:large","max-video-preview":"max-video-preview:-1"},"canonical":"https:\/\/ticsalutsocial.atoom.space\/es\/noticia\/toma-de-decisiones-basadas-en-la-evidencia-la-tecnologia-como-solucion\/","og_locale":"es_ES","og_type":"article","og_title":"Toma de decisiones basadas en la evidencia: la tecnolog\u00eda como soluci\u00f3n? - Fundaci\u00f3 TIC Salut i Social","og_description":"Fue con la colaboraci\u00f3n de 20 profesionales de la Regi\u00f3n Sanitaria de Mallorca: por primera vez, pudimos aproximar el impacto del uso de la eConsulta sobre las visitas presenciales. Lo hicimos de la manera menos tecnol\u00f3gica posible: se lo preguntamos. \u00abEn relaci\u00f3n a este caso que trataste v\u00eda eConsulta: \u00bfcrees que la interacci\u00f3n evit\u00f3 una [&hellip;]","og_url":"https:\/\/ticsalutsocial.atoom.space\/es\/noticia\/toma-de-decisiones-basadas-en-la-evidencia-la-tecnologia-como-solucion\/","og_site_name":"Fundaci\u00f3 TIC Salut i Social","article_modified_time":"2021-07-21T13:45:04+00:00","og_image":[{"width":1350,"height":900,"url":"https:\/\/ticsalutsocial.atoom.space\/wp-content\/uploads\/2020\/01\/photo-1523274620588-4c03146581a1.jpg","type":"image\/jpeg"}],"twitter_card":"summary_large_image","twitter_misc":{"Tiempo de lectura":"2 minutos"},"schema":{"@context":"https:\/\/schema.org","@graph":[{"@type":"WebPage","@id":"https:\/\/ticsalutsocial.atoom.space\/es\/noticia\/toma-de-decisiones-basadas-en-la-evidencia-la-tecnologia-como-solucion\/","url":"https:\/\/ticsalutsocial.atoom.space\/es\/noticia\/toma-de-decisiones-basadas-en-la-evidencia-la-tecnologia-como-solucion\/","name":"Toma de decisiones basadas en la evidencia: la tecnolog\u00eda como soluci\u00f3n? - Fundaci\u00f3 TIC Salut i Social","isPartOf":{"@id":"https:\/\/ticsalutsocial.atoom.space\/es\/#website"},"primaryImageOfPage":{"@id":"https:\/\/ticsalutsocial.atoom.space\/es\/noticia\/toma-de-decisiones-basadas-en-la-evidencia-la-tecnologia-como-solucion\/#primaryimage"},"image":{"@id":"https:\/\/ticsalutsocial.atoom.space\/es\/noticia\/toma-de-decisiones-basadas-en-la-evidencia-la-tecnologia-como-solucion\/#primaryimage"},"thumbnailUrl":"https:\/\/ticsalutsocial.atoom.space\/wp-content\/uploads\/2020\/01\/photo-1523274620588-4c03146581a1.jpg","datePublished":"2020-01-16T12:27:50+00:00","dateModified":"2021-07-21T13:45:04+00:00","breadcrumb":{"@id":"https:\/\/ticsalutsocial.atoom.space\/es\/noticia\/toma-de-decisiones-basadas-en-la-evidencia-la-tecnologia-como-solucion\/#breadcrumb"},"inLanguage":"es","potentialAction":[{"@type":"ReadAction","target":["https:\/\/ticsalutsocial.atoom.space\/es\/noticia\/toma-de-decisiones-basadas-en-la-evidencia-la-tecnologia-como-solucion\/"]}]},{"@type":"ImageObject","inLanguage":"es","@id":"https:\/\/ticsalutsocial.atoom.space\/es\/noticia\/toma-de-decisiones-basadas-en-la-evidencia-la-tecnologia-como-solucion\/#primaryimage","url":"https:\/\/ticsalutsocial.atoom.space\/wp-content\/uploads\/2020\/01\/photo-1523274620588-4c03146581a1.jpg","contentUrl":"https:\/\/ticsalutsocial.atoom.space\/wp-content\/uploads\/2020\/01\/photo-1523274620588-4c03146581a1.jpg","width":1350,"height":900},{"@type":"BreadcrumbList","@id":"https:\/\/ticsalutsocial.atoom.space\/es\/noticia\/toma-de-decisiones-basadas-en-la-evidencia-la-tecnologia-como-solucion\/#breadcrumb","itemListElement":[{"@type":"ListItem","position":1,"name":"Inici","item":"https:\/\/ticsalutsocial.atoom.space\/es\/"},{"@type":"ListItem","position":2,"name":"Toma de decisiones basadas en la evidencia: la tecnolog\u00eda como soluci\u00f3n?"}]},{"@type":"WebSite","@id":"https:\/\/ticsalutsocial.atoom.space\/es\/#website","url":"https:\/\/ticsalutsocial.atoom.space\/es\/","name":"Fundaci\u00f3 TIC Salut i Social","description":"","potentialAction":[{"@type":"SearchAction","target":{"@type":"EntryPoint","urlTemplate":"https:\/\/ticsalutsocial.atoom.space\/es\/?s={search_term_string}"},"query-input":{"@type":"PropertyValueSpecification","valueRequired":true,"valueName":"search_term_string"}}],"inLanguage":"es"}]}},"_links":{"self":[{"href":"https:\/\/ticsalutsocial.atoom.space\/es\/wp-json\/wp\/v2\/noticia\/4287","targetHints":{"allow":["GET"]}}],"collection":[{"href":"https:\/\/ticsalutsocial.atoom.space\/es\/wp-json\/wp\/v2\/noticia"}],"about":[{"href":"https:\/\/ticsalutsocial.atoom.space\/es\/wp-json\/wp\/v2\/types\/noticia"}],"author":[{"embeddable":true,"href":"https:\/\/ticsalutsocial.atoom.space\/es\/wp-json\/wp\/v2\/users\/21"}],"wp:featuredmedia":[{"embeddable":true,"href":"https:\/\/ticsalutsocial.atoom.space\/es\/wp-json\/wp\/v2\/media\/4284"}],"wp:attachment":[{"href":"https:\/\/ticsalutsocial.atoom.space\/es\/wp-json\/wp\/v2\/media?parent=4287"}],"wp:term":[{"taxonomy":"etiqueta","embeddable":true,"href":"https:\/\/ticsalutsocial.atoom.space\/es\/wp-json\/wp\/v2\/etiqueta?post=4287"},{"taxonomy":"tipus","embeddable":true,"href":"https:\/\/ticsalutsocial.atoom.space\/es\/wp-json\/wp\/v2\/tipus?post=4287"},{"taxonomy":"topic","embeddable":true,"href":"https:\/\/ticsalutsocial.atoom.space\/es\/wp-json\/wp\/v2\/topic?post=4287"}],"curies":[{"name":"wp","href":"https:\/\/api.w.org\/{rel}","templated":true}]}}