
{"id":4294,"date":"2020-02-03T15:39:12","date_gmt":"2020-02-03T13:39:12","guid":{"rendered":"https:\/\/ticsalutsocial.atoom.space\/?post_type=noticia&#038;p=4294"},"modified":"2021-07-21T15:45:08","modified_gmt":"2021-07-21T13:45:08","slug":"el-proyecto-diacare-avanza","status":"publish","type":"noticia","link":"https:\/\/ticsalutsocial.atoom.space\/es\/noticia\/el-proyecto-diacare-avanza\/","title":{"rendered":"El proyecto DIACARE avanza"},"content":{"rendered":"<p>El proyecto Diacare -Piloto para el an\u00e1lisis de la usabilidad de la plataforma Diacare para personas con Diabetes Mellitus tipo 2 (DM2) y sus profesionales de referencia- \u00a0inici\u00f3 la fase de pilotaje el mes de enero \u00a0con el reclutamiento de los primeros pacientes para el estudio. El objetivo es reclutar 35 pacientes adscritos al CAP Bellvitge durante los meses de enero y febrero. Con una duraci\u00f3n de 3 meses, el piloto est\u00e1 previsto que finalice el mes de mayo. Entre los requisitos b\u00e1sicos para poder participar en esta fase de proyecto se cuenta: mayor\u00eda de edad de los participantes, haber sido diagnosticado de DM2 en base a criterios cl\u00ednicos y posesi\u00f3n de un smartphone\u00a0con un m\u00ednimo de competencias tecnol\u00f3gicas en el uso de apps.<\/p>\n<p>Los usuarios del sistema interactuar\u00e1n con la plataforma a trav\u00e9s de un sistema web \u2013para el profesional- y una app m\u00f3vil \u2013para el paciente- conectada a un dispositivo <em>Fitbit<\/em> durante 3 meses.<br \/>\nDIACARE pretende ofrecer una atenci\u00f3n personalizada al paciente quien tendr\u00e1 unos objetivos de tratamiento diferentes en funci\u00f3n de sus necesidades espec\u00edficas. Cada paciente obtiene un Plan de Atenci\u00f3n Integral (PAI) que determina el tipo de seguimiento a realizar y que el profesional puede modificar a trav\u00e9s de la plataforma web para que quede constancia autom\u00e1tica a la app del paciente.<\/p>\n<p>El proyecto -con Rosa Maria Flores Cebri\u00e0 como cl\u00ednica investigadora y la <em>Fundaci\u00f3 TIC Salut Social<\/em> como organizaci\u00f3n coordinadora- tiene como objetivos secundarios (A) describir e identificar el perfil de usuarios de la plataforma; (B) identificar las debilidades t\u00e9cnicas de la plataforma para incrementar la adherencia tecnol\u00f3gica y mejorar la autogesti\u00f3n de la dolencia; (C) an\u00e1lisis de la efectividad de la plataforma.<\/p>\n<p>&nbsp;<\/p>\n<p>&nbsp;<\/p>\n","protected":false},"author":21,"featured_media":4290,"menu_order":0,"template":"","meta":{"_acf_changed":false,"inline_featured_image":false},"etiqueta":[],"tipus":[],"topic":[125,130],"class_list":["post-4294","noticia","type-noticia","status-publish","has-post-thumbnail","hentry","topic-hub-es","topic-la-fundacion"],"acf":{"imatge":4292,"autor":"TIC Salut Social","textos_destacats":[{"texte":"Reclutamiento de pacientes, inici del piloto."}]},"yoast_head":"<!-- This site is optimized with the Yoast SEO plugin v27.1.1 - https:\/\/yoast.com\/product\/yoast-seo-wordpress\/ -->\n<title>El proyecto DIACARE avanza - Fundaci\u00f3 TIC Salut i Social<\/title>\n<meta name=\"robots\" content=\"index, follow, max-snippet:-1, max-image-preview:large, max-video-preview:-1\" \/>\n<link rel=\"canonical\" href=\"https:\/\/ticsalutsocial.atoom.space\/es\/noticia\/el-proyecto-diacare-avanza\/\" \/>\n<meta property=\"og:locale\" content=\"es_ES\" \/>\n<meta property=\"og:type\" content=\"article\" \/>\n<meta property=\"og:title\" content=\"El proyecto DIACARE avanza - Fundaci\u00f3 TIC Salut i Social\" \/>\n<meta property=\"og:description\" content=\"El proyecto Diacare -Piloto para el an\u00e1lisis de la usabilidad de la plataforma Diacare para personas con Diabetes Mellitus tipo 2 (DM2) y sus profesionales de referencia- \u00a0inici\u00f3 la fase de pilotaje el mes de enero \u00a0con el reclutamiento de los primeros pacientes para el estudio. El objetivo es reclutar 35 pacientes adscritos al CAP [&hellip;]\" \/>\n<meta property=\"og:url\" content=\"https:\/\/ticsalutsocial.atoom.space\/es\/noticia\/el-proyecto-diacare-avanza\/\" \/>\n<meta property=\"og:site_name\" content=\"Fundaci\u00f3 TIC Salut i Social\" \/>\n<meta property=\"article:modified_time\" content=\"2021-07-21T13:45:08+00:00\" \/>\n<meta property=\"og:image\" content=\"https:\/\/ticsalutsocial.atoom.space\/wp-content\/uploads\/2020\/02\/carlos-muza-hpjsku2uysu-unsplash.jpg\" \/>\n\t<meta property=\"og:image:width\" content=\"2426\" \/>\n\t<meta property=\"og:image:height\" content=\"1728\" \/>\n\t<meta property=\"og:image:type\" content=\"image\/jpeg\" \/>\n<meta name=\"twitter:card\" content=\"summary_large_image\" \/>\n<meta name=\"twitter:label1\" content=\"Tiempo de lectura\" \/>\n\t<meta name=\"twitter:data1\" content=\"2 minutos\" \/>\n<script type=\"application\/ld+json\" class=\"yoast-schema-graph\">{\"@context\":\"https:\/\/schema.org\",\"@graph\":[{\"@type\":\"WebPage\",\"@id\":\"https:\/\/ticsalutsocial.atoom.space\/es\/noticia\/el-proyecto-diacare-avanza\/\",\"url\":\"https:\/\/ticsalutsocial.atoom.space\/es\/noticia\/el-proyecto-diacare-avanza\/\",\"name\":\"El proyecto DIACARE avanza - Fundaci\u00f3 TIC Salut i Social\",\"isPartOf\":{\"@id\":\"https:\/\/ticsalutsocial.atoom.space\/es\/#website\"},\"primaryImageOfPage\":{\"@id\":\"https:\/\/ticsalutsocial.atoom.space\/es\/noticia\/el-proyecto-diacare-avanza\/#primaryimage\"},\"image\":{\"@id\":\"https:\/\/ticsalutsocial.atoom.space\/es\/noticia\/el-proyecto-diacare-avanza\/#primaryimage\"},\"thumbnailUrl\":\"https:\/\/ticsalutsocial.atoom.space\/wp-content\/uploads\/2020\/02\/carlos-muza-hpjsku2uysu-unsplash.jpg\",\"datePublished\":\"2020-02-03T13:39:12+00:00\",\"dateModified\":\"2021-07-21T13:45:08+00:00\",\"breadcrumb\":{\"@id\":\"https:\/\/ticsalutsocial.atoom.space\/es\/noticia\/el-proyecto-diacare-avanza\/#breadcrumb\"},\"inLanguage\":\"es\",\"potentialAction\":[{\"@type\":\"ReadAction\",\"target\":[\"https:\/\/ticsalutsocial.atoom.space\/es\/noticia\/el-proyecto-diacare-avanza\/\"]}]},{\"@type\":\"ImageObject\",\"inLanguage\":\"es\",\"@id\":\"https:\/\/ticsalutsocial.atoom.space\/es\/noticia\/el-proyecto-diacare-avanza\/#primaryimage\",\"url\":\"https:\/\/ticsalutsocial.atoom.space\/wp-content\/uploads\/2020\/02\/carlos-muza-hpjsku2uysu-unsplash.jpg\",\"contentUrl\":\"https:\/\/ticsalutsocial.atoom.space\/wp-content\/uploads\/2020\/02\/carlos-muza-hpjsku2uysu-unsplash.jpg\",\"width\":2426,\"height\":1728},{\"@type\":\"BreadcrumbList\",\"@id\":\"https:\/\/ticsalutsocial.atoom.space\/es\/noticia\/el-proyecto-diacare-avanza\/#breadcrumb\",\"itemListElement\":[{\"@type\":\"ListItem\",\"position\":1,\"name\":\"Inici\",\"item\":\"https:\/\/ticsalutsocial.atoom.space\/es\/\"},{\"@type\":\"ListItem\",\"position\":2,\"name\":\"El proyecto DIACARE avanza\"}]},{\"@type\":\"WebSite\",\"@id\":\"https:\/\/ticsalutsocial.atoom.space\/es\/#website\",\"url\":\"https:\/\/ticsalutsocial.atoom.space\/es\/\",\"name\":\"Fundaci\u00f3 TIC Salut i Social\",\"description\":\"\",\"potentialAction\":[{\"@type\":\"SearchAction\",\"target\":{\"@type\":\"EntryPoint\",\"urlTemplate\":\"https:\/\/ticsalutsocial.atoom.space\/es\/?s={search_term_string}\"},\"query-input\":{\"@type\":\"PropertyValueSpecification\",\"valueRequired\":true,\"valueName\":\"search_term_string\"}}],\"inLanguage\":\"es\"}]}<\/script>\n<!-- \/ Yoast SEO plugin. -->","yoast_head_json":{"title":"El proyecto DIACARE avanza - Fundaci\u00f3 TIC Salut i Social","robots":{"index":"index","follow":"follow","max-snippet":"max-snippet:-1","max-image-preview":"max-image-preview:large","max-video-preview":"max-video-preview:-1"},"canonical":"https:\/\/ticsalutsocial.atoom.space\/es\/noticia\/el-proyecto-diacare-avanza\/","og_locale":"es_ES","og_type":"article","og_title":"El proyecto DIACARE avanza - Fundaci\u00f3 TIC Salut i Social","og_description":"El proyecto Diacare -Piloto para el an\u00e1lisis de la usabilidad de la plataforma Diacare para personas con Diabetes Mellitus tipo 2 (DM2) y sus profesionales de referencia- \u00a0inici\u00f3 la fase de pilotaje el mes de enero \u00a0con el reclutamiento de los primeros pacientes para el estudio. El objetivo es reclutar 35 pacientes adscritos al CAP [&hellip;]","og_url":"https:\/\/ticsalutsocial.atoom.space\/es\/noticia\/el-proyecto-diacare-avanza\/","og_site_name":"Fundaci\u00f3 TIC Salut i Social","article_modified_time":"2021-07-21T13:45:08+00:00","og_image":[{"width":2426,"height":1728,"url":"https:\/\/ticsalutsocial.atoom.space\/wp-content\/uploads\/2020\/02\/carlos-muza-hpjsku2uysu-unsplash.jpg","type":"image\/jpeg"}],"twitter_card":"summary_large_image","twitter_misc":{"Tiempo de lectura":"2 minutos"},"schema":{"@context":"https:\/\/schema.org","@graph":[{"@type":"WebPage","@id":"https:\/\/ticsalutsocial.atoom.space\/es\/noticia\/el-proyecto-diacare-avanza\/","url":"https:\/\/ticsalutsocial.atoom.space\/es\/noticia\/el-proyecto-diacare-avanza\/","name":"El proyecto DIACARE avanza - Fundaci\u00f3 TIC Salut i Social","isPartOf":{"@id":"https:\/\/ticsalutsocial.atoom.space\/es\/#website"},"primaryImageOfPage":{"@id":"https:\/\/ticsalutsocial.atoom.space\/es\/noticia\/el-proyecto-diacare-avanza\/#primaryimage"},"image":{"@id":"https:\/\/ticsalutsocial.atoom.space\/es\/noticia\/el-proyecto-diacare-avanza\/#primaryimage"},"thumbnailUrl":"https:\/\/ticsalutsocial.atoom.space\/wp-content\/uploads\/2020\/02\/carlos-muza-hpjsku2uysu-unsplash.jpg","datePublished":"2020-02-03T13:39:12+00:00","dateModified":"2021-07-21T13:45:08+00:00","breadcrumb":{"@id":"https:\/\/ticsalutsocial.atoom.space\/es\/noticia\/el-proyecto-diacare-avanza\/#breadcrumb"},"inLanguage":"es","potentialAction":[{"@type":"ReadAction","target":["https:\/\/ticsalutsocial.atoom.space\/es\/noticia\/el-proyecto-diacare-avanza\/"]}]},{"@type":"ImageObject","inLanguage":"es","@id":"https:\/\/ticsalutsocial.atoom.space\/es\/noticia\/el-proyecto-diacare-avanza\/#primaryimage","url":"https:\/\/ticsalutsocial.atoom.space\/wp-content\/uploads\/2020\/02\/carlos-muza-hpjsku2uysu-unsplash.jpg","contentUrl":"https:\/\/ticsalutsocial.atoom.space\/wp-content\/uploads\/2020\/02\/carlos-muza-hpjsku2uysu-unsplash.jpg","width":2426,"height":1728},{"@type":"BreadcrumbList","@id":"https:\/\/ticsalutsocial.atoom.space\/es\/noticia\/el-proyecto-diacare-avanza\/#breadcrumb","itemListElement":[{"@type":"ListItem","position":1,"name":"Inici","item":"https:\/\/ticsalutsocial.atoom.space\/es\/"},{"@type":"ListItem","position":2,"name":"El proyecto DIACARE avanza"}]},{"@type":"WebSite","@id":"https:\/\/ticsalutsocial.atoom.space\/es\/#website","url":"https:\/\/ticsalutsocial.atoom.space\/es\/","name":"Fundaci\u00f3 TIC Salut i Social","description":"","potentialAction":[{"@type":"SearchAction","target":{"@type":"EntryPoint","urlTemplate":"https:\/\/ticsalutsocial.atoom.space\/es\/?s={search_term_string}"},"query-input":{"@type":"PropertyValueSpecification","valueRequired":true,"valueName":"search_term_string"}}],"inLanguage":"es"}]}},"_links":{"self":[{"href":"https:\/\/ticsalutsocial.atoom.space\/es\/wp-json\/wp\/v2\/noticia\/4294","targetHints":{"allow":["GET"]}}],"collection":[{"href":"https:\/\/ticsalutsocial.atoom.space\/es\/wp-json\/wp\/v2\/noticia"}],"about":[{"href":"https:\/\/ticsalutsocial.atoom.space\/es\/wp-json\/wp\/v2\/types\/noticia"}],"author":[{"embeddable":true,"href":"https:\/\/ticsalutsocial.atoom.space\/es\/wp-json\/wp\/v2\/users\/21"}],"wp:featuredmedia":[{"embeddable":true,"href":"https:\/\/ticsalutsocial.atoom.space\/es\/wp-json\/wp\/v2\/media\/4290"}],"wp:attachment":[{"href":"https:\/\/ticsalutsocial.atoom.space\/es\/wp-json\/wp\/v2\/media?parent=4294"}],"wp:term":[{"taxonomy":"etiqueta","embeddable":true,"href":"https:\/\/ticsalutsocial.atoom.space\/es\/wp-json\/wp\/v2\/etiqueta?post=4294"},{"taxonomy":"tipus","embeddable":true,"href":"https:\/\/ticsalutsocial.atoom.space\/es\/wp-json\/wp\/v2\/tipus?post=4294"},{"taxonomy":"topic","embeddable":true,"href":"https:\/\/ticsalutsocial.atoom.space\/es\/wp-json\/wp\/v2\/topic?post=4294"}],"curies":[{"name":"wp","href":"https:\/\/api.w.org\/{rel}","templated":true}]}}