
{"id":4300,"date":"2020-02-04T10:17:01","date_gmt":"2020-02-04T08:17:01","guid":{"rendered":"https:\/\/ticsalutsocial.atoom.space\/?post_type=noticia&#038;p=4300"},"modified":"2021-07-21T15:45:10","modified_gmt":"2021-07-21T13:45:10","slug":"brexit-y-reglamento-general-de-proteccio-de-datos-rgpd","status":"publish","type":"noticia","link":"https:\/\/ticsalutsocial.atoom.space\/es\/noticia\/brexit-y-reglamento-general-de-proteccio-de-datos-rgpd\/","title":{"rendered":"BREXIT y Reglamento General de Protecci\u00f3 de Datos (RGPD)"},"content":{"rendered":"<p>El Reino Unido vot\u00f3 a favor de dejar la Uni\u00f3n Europea en un refer\u00e9ndum en verano del 2016, solo unos meses despu\u00e9s de la entrada en vigor del RGPD. No obstante, durante el periodo hasta su aplicaci\u00f3n, el 25 de mayo de 2018, el Reino Unido redact\u00f3 y aprob\u00f3 su propia <em>Data Protection Act<\/em> 2018 (DPA2018) con la misma fecha de aplicaci\u00f3n.<\/p>\n<h3><\/h3>\n<h3>RGPD DESPU\u00c9S DEL BREXIT<\/h3>\n<p>El Acuerdo Europeo de Retirada que finalmente se aprob\u00f3, el 29 de enero de 2020, en el Parlamento Europeo, incluye disposiciones espec\u00edficas sobre el tratamiento de datos personales y el flujo de informaci\u00f3n entre el Reino Unido y la Uni\u00f3n Europea &#8211; UE.<br \/>\nEn particular, los art\u00edculos 70-73 del Acuerdo establecen que el Reino Unido \u00abtiene que garantizar un nivel de protecci\u00f3n de datos personales esencialmente equivaliente al que establece la legislaci\u00f3n de la Uni\u00f3n Europea\u00bb.<br \/>\nEn este caso, garantizar un nivel equivalente de protecci\u00f3n de datos personales es la \u00fanica manera de ser considerado adecuado por la Uni\u00f3n Europea y as\u00ed asegurar el flujo libre y transparente de datos personales. El propio art\u00edculo 45 del RGPD establece que \u201cse puede producir una transferencia de datos personales a un pa\u00eds tercero o a una organizaci\u00f3n internacional cuando la Comisi\u00f3n haya decidido que el tercer pa\u00eds (&#8230;) garantice un nivel adecuado de protecci\u00f3n\u201d.<br \/>\nSeg\u00fan el Acuerdo de Retirada, esta decisi\u00f3n de adecuaci\u00f3n se debe alcanzar antes del 31 de diciembre de 2020. Si no es as\u00ed, el Reino Unido clasificar\u00e1 a ojos del RGPD como pa\u00eds tercero para la Uni\u00f3n Europea.<\/p>\n<p>&nbsp;<\/p>\n<h3>BREXIT, RGPD Y LA NORMATIVA DPPEC<\/h3>\n<p>Dentro de las regulaciones adoptadas en el Acuerdo de Retirada, en el marco de protecci\u00f3n de datos el Reino Unido ha adoptado \u201c<em>The Data Protection, Privacy and Electronic Communications (Amendments etc) (EU Exit)Regulations 2019 \u2013 DPPEC<\/em>\u201d. Esta normativa tiene dos funciones principales:<\/p>\n<p>1. Crea toda una nueva legislaci\u00f3n interna conocida como Reglamento general de protecci\u00f3n de datos del Reino Unido.<\/p>\n<p>2. Modifica la normativa vigente en materia de protecci\u00f3n de datos &#8211; la DPA2018.<\/p>\n<p>As\u00ed, esta normativa es esencialmente el mismo texto que el RGPD pero se modifica para sustituir las partes del texto que leen el derecho de la UE y la Uni\u00f3n con las leyes del Reino Unido y del pa\u00eds.<\/p>\n<h3>CONCLUSIONES<\/h3>\n<p>En conclusi\u00f3n, a partir del 1 de febrero de 2020, cuando el Reino Unido deja de formar parte de la UE , el nuevo Reglamento general de protecci\u00f3n de datos del Reino Unido entra en vigor. Al mismo tiempo, entra en vigor una versi\u00f3n modificada de la DPA2018. El RGPD todav\u00eda se aplicar\u00e1 internamente en el Reino Unido durante el periodo de transici\u00f3n (hasta el 31 de diciembre de 2020) y hace falta matenerse pendientes\u00a0de la posible decisi\u00f3n de adecuaci\u00f3n por parte de la Comisi\u00f3n Europea antes de que concluya el mismo periodo de transici\u00f3n.<\/p>\n<p>&nbsp;<\/p>\n<h3>REFERENCIAS<\/h3>\n<ul>\n<li>BREXIT: <a href=\"https:\/\/ec.europa.eu\/info\/law\/law-topic\/data-protection\/international-dimension-data-protection\/brexit_en\" target=\"_blank\" rel=\"noopener noreferrer\">https:\/\/ec.europa.eu\/info\/law\/law-topic\/data-protection\/international-dimension-data-protection\/brexit_en<\/a><\/li>\n<li>DPPEC regulations: <a href=\"https:\/\/www.legislation.gov.uk\/ukdsi\/2019\/9780111177594\/contents\" target=\"_blank\" rel=\"noopener noreferrer\">https:\/\/www.legislation.gov.uk\/ukdsi\/2019\/9780111177594\/contents<\/a><\/li>\n<\/ul>\n<p>&nbsp;<\/p>\n<p>Para cualquier duda o consulta adicional pueden dirigirse al <em>DPD de Salut<\/em> a trav\u00e9s del correo electr\u00f3nico\u00a0<a href=\"mailto:dpd@ticsalutsocial.cat\" target=\"_blank\" rel=\"noopener noreferrer\">dpd@ticsalutsocial.cat<\/a>\u00a0o a trav\u00e9s de la\u00a0<a href=\"https:\/\/ticsalutsocial.atoom.space\/es\/oficina-dpd\/\" target=\"_blank\" rel=\"noopener noreferrer\">web.<\/a><\/p>\n<p>Tel\u00e9fono de atenci\u00f3n al p\u00fablico entre 9:00 h y 14:00 h: 93 553 26 42<\/p>\n","protected":false},"author":21,"featured_media":4296,"menu_order":0,"template":"","meta":{"_acf_changed":false,"inline_featured_image":false},"etiqueta":[],"tipus":[106],"topic":[113],"class_list":["post-4300","noticia","type-noticia","status-publish","has-post-thumbnail","hentry","tipus-dpd-salud","topic-transformacion-digital"],"acf":{"imatge":4298,"autor":"TIC Salut Social"},"yoast_head":"<!-- This site is optimized with the Yoast SEO plugin v27.1.1 - https:\/\/yoast.com\/product\/yoast-seo-wordpress\/ -->\n<title>BREXIT y Reglamento General de Protecci\u00f3 de Datos (RGPD) - Fundaci\u00f3 TIC Salut i Social<\/title>\n<meta name=\"robots\" content=\"index, follow, max-snippet:-1, max-image-preview:large, max-video-preview:-1\" \/>\n<link rel=\"canonical\" href=\"https:\/\/ticsalutsocial.atoom.space\/es\/noticia\/brexit-y-reglamento-general-de-proteccio-de-datos-rgpd\/\" \/>\n<meta property=\"og:locale\" content=\"es_ES\" \/>\n<meta property=\"og:type\" content=\"article\" \/>\n<meta property=\"og:title\" content=\"BREXIT y Reglamento General de Protecci\u00f3 de Datos (RGPD) - Fundaci\u00f3 TIC Salut i Social\" \/>\n<meta property=\"og:description\" content=\"El Reino Unido vot\u00f3 a favor de dejar la Uni\u00f3n Europea en un refer\u00e9ndum en verano del 2016, solo unos meses despu\u00e9s de la entrada en vigor del RGPD. No obstante, durante el periodo hasta su aplicaci\u00f3n, el 25 de mayo de 2018, el Reino Unido redact\u00f3 y aprob\u00f3 su propia Data Protection Act 2018 [&hellip;]\" \/>\n<meta property=\"og:url\" content=\"https:\/\/ticsalutsocial.atoom.space\/es\/noticia\/brexit-y-reglamento-general-de-proteccio-de-datos-rgpd\/\" \/>\n<meta property=\"og:site_name\" content=\"Fundaci\u00f3 TIC Salut i Social\" \/>\n<meta property=\"article:modified_time\" content=\"2021-07-21T13:45:10+00:00\" \/>\n<meta property=\"og:image\" content=\"https:\/\/ticsalutsocial.atoom.space\/wp-content\/uploads\/2020\/02\/franz-wender-ysw32aqpqfa-unsplash-scaled.jpg\" \/>\n\t<meta property=\"og:image:width\" content=\"2560\" \/>\n\t<meta property=\"og:image:height\" content=\"1440\" \/>\n\t<meta property=\"og:image:type\" content=\"image\/jpeg\" \/>\n<meta name=\"twitter:card\" content=\"summary_large_image\" \/>\n<meta name=\"twitter:label1\" content=\"Tiempo de lectura\" \/>\n\t<meta name=\"twitter:data1\" content=\"3 minutos\" \/>\n<script type=\"application\/ld+json\" class=\"yoast-schema-graph\">{\"@context\":\"https:\/\/schema.org\",\"@graph\":[{\"@type\":\"WebPage\",\"@id\":\"https:\/\/ticsalutsocial.atoom.space\/es\/noticia\/brexit-y-reglamento-general-de-proteccio-de-datos-rgpd\/\",\"url\":\"https:\/\/ticsalutsocial.atoom.space\/es\/noticia\/brexit-y-reglamento-general-de-proteccio-de-datos-rgpd\/\",\"name\":\"BREXIT y Reglamento General de Protecci\u00f3 de Datos (RGPD) - Fundaci\u00f3 TIC Salut i Social\",\"isPartOf\":{\"@id\":\"https:\/\/ticsalutsocial.atoom.space\/es\/#website\"},\"primaryImageOfPage\":{\"@id\":\"https:\/\/ticsalutsocial.atoom.space\/es\/noticia\/brexit-y-reglamento-general-de-proteccio-de-datos-rgpd\/#primaryimage\"},\"image\":{\"@id\":\"https:\/\/ticsalutsocial.atoom.space\/es\/noticia\/brexit-y-reglamento-general-de-proteccio-de-datos-rgpd\/#primaryimage\"},\"thumbnailUrl\":\"https:\/\/ticsalutsocial.atoom.space\/wp-content\/uploads\/2020\/02\/franz-wender-ysw32aqpqfa-unsplash-scaled.jpg\",\"datePublished\":\"2020-02-04T08:17:01+00:00\",\"dateModified\":\"2021-07-21T13:45:10+00:00\",\"breadcrumb\":{\"@id\":\"https:\/\/ticsalutsocial.atoom.space\/es\/noticia\/brexit-y-reglamento-general-de-proteccio-de-datos-rgpd\/#breadcrumb\"},\"inLanguage\":\"es\",\"potentialAction\":[{\"@type\":\"ReadAction\",\"target\":[\"https:\/\/ticsalutsocial.atoom.space\/es\/noticia\/brexit-y-reglamento-general-de-proteccio-de-datos-rgpd\/\"]}]},{\"@type\":\"ImageObject\",\"inLanguage\":\"es\",\"@id\":\"https:\/\/ticsalutsocial.atoom.space\/es\/noticia\/brexit-y-reglamento-general-de-proteccio-de-datos-rgpd\/#primaryimage\",\"url\":\"https:\/\/ticsalutsocial.atoom.space\/wp-content\/uploads\/2020\/02\/franz-wender-ysw32aqpqfa-unsplash-scaled.jpg\",\"contentUrl\":\"https:\/\/ticsalutsocial.atoom.space\/wp-content\/uploads\/2020\/02\/franz-wender-ysw32aqpqfa-unsplash-scaled.jpg\",\"width\":2560,\"height\":1440},{\"@type\":\"BreadcrumbList\",\"@id\":\"https:\/\/ticsalutsocial.atoom.space\/es\/noticia\/brexit-y-reglamento-general-de-proteccio-de-datos-rgpd\/#breadcrumb\",\"itemListElement\":[{\"@type\":\"ListItem\",\"position\":1,\"name\":\"Inici\",\"item\":\"https:\/\/ticsalutsocial.atoom.space\/es\/\"},{\"@type\":\"ListItem\",\"position\":2,\"name\":\"BREXIT y Reglamento General de Protecci\u00f3 de Datos (RGPD)\"}]},{\"@type\":\"WebSite\",\"@id\":\"https:\/\/ticsalutsocial.atoom.space\/es\/#website\",\"url\":\"https:\/\/ticsalutsocial.atoom.space\/es\/\",\"name\":\"Fundaci\u00f3 TIC Salut i Social\",\"description\":\"\",\"potentialAction\":[{\"@type\":\"SearchAction\",\"target\":{\"@type\":\"EntryPoint\",\"urlTemplate\":\"https:\/\/ticsalutsocial.atoom.space\/es\/?s={search_term_string}\"},\"query-input\":{\"@type\":\"PropertyValueSpecification\",\"valueRequired\":true,\"valueName\":\"search_term_string\"}}],\"inLanguage\":\"es\"}]}<\/script>\n<!-- \/ Yoast SEO plugin. -->","yoast_head_json":{"title":"BREXIT y Reglamento General de Protecci\u00f3 de Datos (RGPD) - Fundaci\u00f3 TIC Salut i Social","robots":{"index":"index","follow":"follow","max-snippet":"max-snippet:-1","max-image-preview":"max-image-preview:large","max-video-preview":"max-video-preview:-1"},"canonical":"https:\/\/ticsalutsocial.atoom.space\/es\/noticia\/brexit-y-reglamento-general-de-proteccio-de-datos-rgpd\/","og_locale":"es_ES","og_type":"article","og_title":"BREXIT y Reglamento General de Protecci\u00f3 de Datos (RGPD) - Fundaci\u00f3 TIC Salut i Social","og_description":"El Reino Unido vot\u00f3 a favor de dejar la Uni\u00f3n Europea en un refer\u00e9ndum en verano del 2016, solo unos meses despu\u00e9s de la entrada en vigor del RGPD. No obstante, durante el periodo hasta su aplicaci\u00f3n, el 25 de mayo de 2018, el Reino Unido redact\u00f3 y aprob\u00f3 su propia Data Protection Act 2018 [&hellip;]","og_url":"https:\/\/ticsalutsocial.atoom.space\/es\/noticia\/brexit-y-reglamento-general-de-proteccio-de-datos-rgpd\/","og_site_name":"Fundaci\u00f3 TIC Salut i Social","article_modified_time":"2021-07-21T13:45:10+00:00","og_image":[{"width":2560,"height":1440,"url":"https:\/\/ticsalutsocial.atoom.space\/wp-content\/uploads\/2020\/02\/franz-wender-ysw32aqpqfa-unsplash-scaled.jpg","type":"image\/jpeg"}],"twitter_card":"summary_large_image","twitter_misc":{"Tiempo de lectura":"3 minutos"},"schema":{"@context":"https:\/\/schema.org","@graph":[{"@type":"WebPage","@id":"https:\/\/ticsalutsocial.atoom.space\/es\/noticia\/brexit-y-reglamento-general-de-proteccio-de-datos-rgpd\/","url":"https:\/\/ticsalutsocial.atoom.space\/es\/noticia\/brexit-y-reglamento-general-de-proteccio-de-datos-rgpd\/","name":"BREXIT y Reglamento General de Protecci\u00f3 de Datos (RGPD) - Fundaci\u00f3 TIC Salut i Social","isPartOf":{"@id":"https:\/\/ticsalutsocial.atoom.space\/es\/#website"},"primaryImageOfPage":{"@id":"https:\/\/ticsalutsocial.atoom.space\/es\/noticia\/brexit-y-reglamento-general-de-proteccio-de-datos-rgpd\/#primaryimage"},"image":{"@id":"https:\/\/ticsalutsocial.atoom.space\/es\/noticia\/brexit-y-reglamento-general-de-proteccio-de-datos-rgpd\/#primaryimage"},"thumbnailUrl":"https:\/\/ticsalutsocial.atoom.space\/wp-content\/uploads\/2020\/02\/franz-wender-ysw32aqpqfa-unsplash-scaled.jpg","datePublished":"2020-02-04T08:17:01+00:00","dateModified":"2021-07-21T13:45:10+00:00","breadcrumb":{"@id":"https:\/\/ticsalutsocial.atoom.space\/es\/noticia\/brexit-y-reglamento-general-de-proteccio-de-datos-rgpd\/#breadcrumb"},"inLanguage":"es","potentialAction":[{"@type":"ReadAction","target":["https:\/\/ticsalutsocial.atoom.space\/es\/noticia\/brexit-y-reglamento-general-de-proteccio-de-datos-rgpd\/"]}]},{"@type":"ImageObject","inLanguage":"es","@id":"https:\/\/ticsalutsocial.atoom.space\/es\/noticia\/brexit-y-reglamento-general-de-proteccio-de-datos-rgpd\/#primaryimage","url":"https:\/\/ticsalutsocial.atoom.space\/wp-content\/uploads\/2020\/02\/franz-wender-ysw32aqpqfa-unsplash-scaled.jpg","contentUrl":"https:\/\/ticsalutsocial.atoom.space\/wp-content\/uploads\/2020\/02\/franz-wender-ysw32aqpqfa-unsplash-scaled.jpg","width":2560,"height":1440},{"@type":"BreadcrumbList","@id":"https:\/\/ticsalutsocial.atoom.space\/es\/noticia\/brexit-y-reglamento-general-de-proteccio-de-datos-rgpd\/#breadcrumb","itemListElement":[{"@type":"ListItem","position":1,"name":"Inici","item":"https:\/\/ticsalutsocial.atoom.space\/es\/"},{"@type":"ListItem","position":2,"name":"BREXIT y Reglamento General de Protecci\u00f3 de Datos (RGPD)"}]},{"@type":"WebSite","@id":"https:\/\/ticsalutsocial.atoom.space\/es\/#website","url":"https:\/\/ticsalutsocial.atoom.space\/es\/","name":"Fundaci\u00f3 TIC Salut i Social","description":"","potentialAction":[{"@type":"SearchAction","target":{"@type":"EntryPoint","urlTemplate":"https:\/\/ticsalutsocial.atoom.space\/es\/?s={search_term_string}"},"query-input":{"@type":"PropertyValueSpecification","valueRequired":true,"valueName":"search_term_string"}}],"inLanguage":"es"}]}},"_links":{"self":[{"href":"https:\/\/ticsalutsocial.atoom.space\/es\/wp-json\/wp\/v2\/noticia\/4300","targetHints":{"allow":["GET"]}}],"collection":[{"href":"https:\/\/ticsalutsocial.atoom.space\/es\/wp-json\/wp\/v2\/noticia"}],"about":[{"href":"https:\/\/ticsalutsocial.atoom.space\/es\/wp-json\/wp\/v2\/types\/noticia"}],"author":[{"embeddable":true,"href":"https:\/\/ticsalutsocial.atoom.space\/es\/wp-json\/wp\/v2\/users\/21"}],"wp:featuredmedia":[{"embeddable":true,"href":"https:\/\/ticsalutsocial.atoom.space\/es\/wp-json\/wp\/v2\/media\/4296"}],"wp:attachment":[{"href":"https:\/\/ticsalutsocial.atoom.space\/es\/wp-json\/wp\/v2\/media?parent=4300"}],"wp:term":[{"taxonomy":"etiqueta","embeddable":true,"href":"https:\/\/ticsalutsocial.atoom.space\/es\/wp-json\/wp\/v2\/etiqueta?post=4300"},{"taxonomy":"tipus","embeddable":true,"href":"https:\/\/ticsalutsocial.atoom.space\/es\/wp-json\/wp\/v2\/tipus?post=4300"},{"taxonomy":"topic","embeddable":true,"href":"https:\/\/ticsalutsocial.atoom.space\/es\/wp-json\/wp\/v2\/topic?post=4300"}],"curies":[{"name":"wp","href":"https:\/\/api.w.org\/{rel}","templated":true}]}}