
{"id":4306,"date":"2020-02-14T12:34:44","date_gmt":"2020-02-14T10:34:44","guid":{"rendered":"https:\/\/ticsalutsocial.atoom.space\/?post_type=noticia&#038;p=4306"},"modified":"2021-07-21T15:45:13","modified_gmt":"2021-07-21T13:45:13","slug":"mapa-de-tendencias-2020","status":"publish","type":"noticia","link":"https:\/\/ticsalutsocial.atoom.space\/es\/noticia\/mapa-de-tendencias-2020\/","title":{"rendered":"Mapa de Tendencias 2020"},"content":{"rendered":"<p>Calentamos motores para celebrar la jornada Mapa de Tendencias 2020. Un a\u00f1o m\u00e1s os acercamos las novedades m\u00e1s relevantes sobre las TIC aplicadas a los servicios asistenciales de salud. El pr\u00f3ximo 26 de marzo en el auditorio Ramon Margalef del Cosmocaixa Barcelona tendr\u00e1\u00a0lugar una jornada donde las ponencias y mesas redondas girar\u00e1n en torno a la Inteligencia Artificial y la Protecci\u00f3n de Datos.<\/p>\n<p>&nbsp;<\/p>\n<p>El <em>Sistema de Salut de Catalunya<\/em> avanza con soluciones como el Historial Electr\u00f3nico de Salud (HES), el Sistema de Imagen M\u00e9dica Digital de Catalu\u00f1a, la aplicaci\u00f3n de inteligencia artificial o la consolidaci\u00f3n del Delegado de Protecci\u00f3n de Datos de Salud. Con el objetivo de ofrecer los detalles sobre esta materia, el inicio del acto est\u00e1 previsto a las 10h y su conclusi\u00f3n llegar\u00e1 a las 13:30h.<\/p>\n<p>&nbsp;<\/p>\n<p>La jornada est\u00e1 especialmente dirigida a los profesionales de las entidades proveedoras de servicios asistenciales como centros de salud, profesionales de la gesti\u00f3n y a empresas tecnol\u00f3gicas que desarrollan su actividad en este \u00e1mbito.<\/p>\n<p>Pr\u00f3ximamente os iremos desvelando todos los detalles sobre el programa, ponentes y contenidos espec\u00edficos.<\/p>\n<p>La asistencia es gratuita, previa inscripci\u00f3n, y podr\u00e9is encontrar el formulario a trav\u00e9s de la nuestra <a href=\"https:\/\/ticsalutsocial.atoom.space\/agenda\/\" target=\"_blank\" rel=\"noopener noreferrer\">agenda<\/a>\u00a0o clicando en el seguiente\u00a0<a href=\"https:\/\/www.eventbrite.es\/e\/entradas-mapa-de-tendencies-2020-94795332391\" target=\"_blank\" rel=\"noopener noreferrer\">enlace<\/a>.<\/p>\n<p>&nbsp;<\/p>\n<p>\u00a1Os esperamos!<\/p>\n<p>&nbsp;<\/p>\n","protected":false},"author":21,"featured_media":4302,"menu_order":0,"template":"","meta":{"_acf_changed":false,"inline_featured_image":false},"etiqueta":[],"tipus":[],"topic":[121],"class_list":["post-4306","noticia","type-noticia","status-publish","has-post-thumbnail","hentry","topic-dpd-es"],"acf":{"imatge":4304,"autor":"TIC Salut Social","textos_destacats":[{"texte":"Inteligencia Artificial y Protecci\u00f3n de Datos"}]},"yoast_head":"<!-- This site is optimized with the Yoast SEO plugin v27.1.1 - https:\/\/yoast.com\/product\/yoast-seo-wordpress\/ -->\n<title>Mapa de Tendencias 2020 - Fundaci\u00f3 TIC Salut i Social<\/title>\n<meta name=\"robots\" content=\"index, follow, max-snippet:-1, max-image-preview:large, max-video-preview:-1\" \/>\n<link rel=\"canonical\" href=\"https:\/\/ticsalutsocial.atoom.space\/es\/noticia\/mapa-de-tendencias-2020\/\" \/>\n<meta property=\"og:locale\" content=\"es_ES\" \/>\n<meta property=\"og:type\" content=\"article\" \/>\n<meta property=\"og:title\" content=\"Mapa de Tendencias 2020 - Fundaci\u00f3 TIC Salut i Social\" \/>\n<meta property=\"og:description\" content=\"Calentamos motores para celebrar la jornada Mapa de Tendencias 2020. Un a\u00f1o m\u00e1s os acercamos las novedades m\u00e1s relevantes sobre las TIC aplicadas a los servicios asistenciales de salud. El pr\u00f3ximo 26 de marzo en el auditorio Ramon Margalef del Cosmocaixa Barcelona tendr\u00e1\u00a0lugar una jornada donde las ponencias y mesas redondas girar\u00e1n en torno a [&hellip;]\" \/>\n<meta property=\"og:url\" content=\"https:\/\/ticsalutsocial.atoom.space\/es\/noticia\/mapa-de-tendencias-2020\/\" \/>\n<meta property=\"og:site_name\" content=\"Fundaci\u00f3 TIC Salut i Social\" \/>\n<meta property=\"article:modified_time\" content=\"2021-07-21T13:45:13+00:00\" \/>\n<meta property=\"og:image\" content=\"https:\/\/ticsalutsocial.atoom.space\/wp-content\/uploads\/2020\/02\/alexander-andrews-enoewzko7zc-unsplash-scaled.jpg\" \/>\n\t<meta property=\"og:image:width\" content=\"2560\" \/>\n\t<meta property=\"og:image:height\" content=\"1636\" \/>\n\t<meta property=\"og:image:type\" content=\"image\/jpeg\" \/>\n<meta name=\"twitter:card\" content=\"summary_large_image\" \/>\n<meta name=\"twitter:label1\" content=\"Tiempo de lectura\" \/>\n\t<meta name=\"twitter:data1\" content=\"1 minuto\" \/>\n<script type=\"application\/ld+json\" class=\"yoast-schema-graph\">{\"@context\":\"https:\/\/schema.org\",\"@graph\":[{\"@type\":\"WebPage\",\"@id\":\"https:\/\/ticsalutsocial.atoom.space\/es\/noticia\/mapa-de-tendencias-2020\/\",\"url\":\"https:\/\/ticsalutsocial.atoom.space\/es\/noticia\/mapa-de-tendencias-2020\/\",\"name\":\"Mapa de Tendencias 2020 - Fundaci\u00f3 TIC Salut i Social\",\"isPartOf\":{\"@id\":\"https:\/\/ticsalutsocial.atoom.space\/es\/#website\"},\"primaryImageOfPage\":{\"@id\":\"https:\/\/ticsalutsocial.atoom.space\/es\/noticia\/mapa-de-tendencias-2020\/#primaryimage\"},\"image\":{\"@id\":\"https:\/\/ticsalutsocial.atoom.space\/es\/noticia\/mapa-de-tendencias-2020\/#primaryimage\"},\"thumbnailUrl\":\"https:\/\/ticsalutsocial.atoom.space\/wp-content\/uploads\/2020\/02\/alexander-andrews-enoewzko7zc-unsplash-scaled.jpg\",\"datePublished\":\"2020-02-14T10:34:44+00:00\",\"dateModified\":\"2021-07-21T13:45:13+00:00\",\"breadcrumb\":{\"@id\":\"https:\/\/ticsalutsocial.atoom.space\/es\/noticia\/mapa-de-tendencias-2020\/#breadcrumb\"},\"inLanguage\":\"es\",\"potentialAction\":[{\"@type\":\"ReadAction\",\"target\":[\"https:\/\/ticsalutsocial.atoom.space\/es\/noticia\/mapa-de-tendencias-2020\/\"]}]},{\"@type\":\"ImageObject\",\"inLanguage\":\"es\",\"@id\":\"https:\/\/ticsalutsocial.atoom.space\/es\/noticia\/mapa-de-tendencias-2020\/#primaryimage\",\"url\":\"https:\/\/ticsalutsocial.atoom.space\/wp-content\/uploads\/2020\/02\/alexander-andrews-enoewzko7zc-unsplash-scaled.jpg\",\"contentUrl\":\"https:\/\/ticsalutsocial.atoom.space\/wp-content\/uploads\/2020\/02\/alexander-andrews-enoewzko7zc-unsplash-scaled.jpg\",\"width\":2560,\"height\":1636},{\"@type\":\"BreadcrumbList\",\"@id\":\"https:\/\/ticsalutsocial.atoom.space\/es\/noticia\/mapa-de-tendencias-2020\/#breadcrumb\",\"itemListElement\":[{\"@type\":\"ListItem\",\"position\":1,\"name\":\"Inici\",\"item\":\"https:\/\/ticsalutsocial.atoom.space\/es\/\"},{\"@type\":\"ListItem\",\"position\":2,\"name\":\"Mapa de Tendencias 2020\"}]},{\"@type\":\"WebSite\",\"@id\":\"https:\/\/ticsalutsocial.atoom.space\/es\/#website\",\"url\":\"https:\/\/ticsalutsocial.atoom.space\/es\/\",\"name\":\"Fundaci\u00f3 TIC Salut i Social\",\"description\":\"\",\"potentialAction\":[{\"@type\":\"SearchAction\",\"target\":{\"@type\":\"EntryPoint\",\"urlTemplate\":\"https:\/\/ticsalutsocial.atoom.space\/es\/?s={search_term_string}\"},\"query-input\":{\"@type\":\"PropertyValueSpecification\",\"valueRequired\":true,\"valueName\":\"search_term_string\"}}],\"inLanguage\":\"es\"}]}<\/script>\n<!-- \/ Yoast SEO plugin. -->","yoast_head_json":{"title":"Mapa de Tendencias 2020 - Fundaci\u00f3 TIC Salut i Social","robots":{"index":"index","follow":"follow","max-snippet":"max-snippet:-1","max-image-preview":"max-image-preview:large","max-video-preview":"max-video-preview:-1"},"canonical":"https:\/\/ticsalutsocial.atoom.space\/es\/noticia\/mapa-de-tendencias-2020\/","og_locale":"es_ES","og_type":"article","og_title":"Mapa de Tendencias 2020 - Fundaci\u00f3 TIC Salut i Social","og_description":"Calentamos motores para celebrar la jornada Mapa de Tendencias 2020. Un a\u00f1o m\u00e1s os acercamos las novedades m\u00e1s relevantes sobre las TIC aplicadas a los servicios asistenciales de salud. El pr\u00f3ximo 26 de marzo en el auditorio Ramon Margalef del Cosmocaixa Barcelona tendr\u00e1\u00a0lugar una jornada donde las ponencias y mesas redondas girar\u00e1n en torno a [&hellip;]","og_url":"https:\/\/ticsalutsocial.atoom.space\/es\/noticia\/mapa-de-tendencias-2020\/","og_site_name":"Fundaci\u00f3 TIC Salut i Social","article_modified_time":"2021-07-21T13:45:13+00:00","og_image":[{"width":2560,"height":1636,"url":"https:\/\/ticsalutsocial.atoom.space\/wp-content\/uploads\/2020\/02\/alexander-andrews-enoewzko7zc-unsplash-scaled.jpg","type":"image\/jpeg"}],"twitter_card":"summary_large_image","twitter_misc":{"Tiempo de lectura":"1 minuto"},"schema":{"@context":"https:\/\/schema.org","@graph":[{"@type":"WebPage","@id":"https:\/\/ticsalutsocial.atoom.space\/es\/noticia\/mapa-de-tendencias-2020\/","url":"https:\/\/ticsalutsocial.atoom.space\/es\/noticia\/mapa-de-tendencias-2020\/","name":"Mapa de Tendencias 2020 - Fundaci\u00f3 TIC Salut i Social","isPartOf":{"@id":"https:\/\/ticsalutsocial.atoom.space\/es\/#website"},"primaryImageOfPage":{"@id":"https:\/\/ticsalutsocial.atoom.space\/es\/noticia\/mapa-de-tendencias-2020\/#primaryimage"},"image":{"@id":"https:\/\/ticsalutsocial.atoom.space\/es\/noticia\/mapa-de-tendencias-2020\/#primaryimage"},"thumbnailUrl":"https:\/\/ticsalutsocial.atoom.space\/wp-content\/uploads\/2020\/02\/alexander-andrews-enoewzko7zc-unsplash-scaled.jpg","datePublished":"2020-02-14T10:34:44+00:00","dateModified":"2021-07-21T13:45:13+00:00","breadcrumb":{"@id":"https:\/\/ticsalutsocial.atoom.space\/es\/noticia\/mapa-de-tendencias-2020\/#breadcrumb"},"inLanguage":"es","potentialAction":[{"@type":"ReadAction","target":["https:\/\/ticsalutsocial.atoom.space\/es\/noticia\/mapa-de-tendencias-2020\/"]}]},{"@type":"ImageObject","inLanguage":"es","@id":"https:\/\/ticsalutsocial.atoom.space\/es\/noticia\/mapa-de-tendencias-2020\/#primaryimage","url":"https:\/\/ticsalutsocial.atoom.space\/wp-content\/uploads\/2020\/02\/alexander-andrews-enoewzko7zc-unsplash-scaled.jpg","contentUrl":"https:\/\/ticsalutsocial.atoom.space\/wp-content\/uploads\/2020\/02\/alexander-andrews-enoewzko7zc-unsplash-scaled.jpg","width":2560,"height":1636},{"@type":"BreadcrumbList","@id":"https:\/\/ticsalutsocial.atoom.space\/es\/noticia\/mapa-de-tendencias-2020\/#breadcrumb","itemListElement":[{"@type":"ListItem","position":1,"name":"Inici","item":"https:\/\/ticsalutsocial.atoom.space\/es\/"},{"@type":"ListItem","position":2,"name":"Mapa de Tendencias 2020"}]},{"@type":"WebSite","@id":"https:\/\/ticsalutsocial.atoom.space\/es\/#website","url":"https:\/\/ticsalutsocial.atoom.space\/es\/","name":"Fundaci\u00f3 TIC Salut i Social","description":"","potentialAction":[{"@type":"SearchAction","target":{"@type":"EntryPoint","urlTemplate":"https:\/\/ticsalutsocial.atoom.space\/es\/?s={search_term_string}"},"query-input":{"@type":"PropertyValueSpecification","valueRequired":true,"valueName":"search_term_string"}}],"inLanguage":"es"}]}},"_links":{"self":[{"href":"https:\/\/ticsalutsocial.atoom.space\/es\/wp-json\/wp\/v2\/noticia\/4306","targetHints":{"allow":["GET"]}}],"collection":[{"href":"https:\/\/ticsalutsocial.atoom.space\/es\/wp-json\/wp\/v2\/noticia"}],"about":[{"href":"https:\/\/ticsalutsocial.atoom.space\/es\/wp-json\/wp\/v2\/types\/noticia"}],"author":[{"embeddable":true,"href":"https:\/\/ticsalutsocial.atoom.space\/es\/wp-json\/wp\/v2\/users\/21"}],"wp:featuredmedia":[{"embeddable":true,"href":"https:\/\/ticsalutsocial.atoom.space\/es\/wp-json\/wp\/v2\/media\/4302"}],"wp:attachment":[{"href":"https:\/\/ticsalutsocial.atoom.space\/es\/wp-json\/wp\/v2\/media?parent=4306"}],"wp:term":[{"taxonomy":"etiqueta","embeddable":true,"href":"https:\/\/ticsalutsocial.atoom.space\/es\/wp-json\/wp\/v2\/etiqueta?post=4306"},{"taxonomy":"tipus","embeddable":true,"href":"https:\/\/ticsalutsocial.atoom.space\/es\/wp-json\/wp\/v2\/tipus?post=4306"},{"taxonomy":"topic","embeddable":true,"href":"https:\/\/ticsalutsocial.atoom.space\/es\/wp-json\/wp\/v2\/topic?post=4306"}],"curies":[{"name":"wp","href":"https:\/\/api.w.org\/{rel}","templated":true}]}}