
{"id":4311,"date":"2020-02-12T13:40:48","date_gmt":"2020-02-12T11:40:48","guid":{"rendered":"https:\/\/ticsalutsocial.atoom.space\/?post_type=noticia&#038;p=4311"},"modified":"2021-07-21T15:45:15","modified_gmt":"2021-07-21T13:45:15","slug":"el-historial-electronico-de-salud-hes-palanca-de-la-transformacion-digital-del-sistema-sanitario","status":"publish","type":"noticia","link":"https:\/\/ticsalutsocial.atoom.space\/es\/noticia\/el-historial-electronico-de-salud-hes-palanca-de-la-transformacion-digital-del-sistema-sanitario\/","title":{"rendered":"\u00abEl Historial Electr\u00f3nico de Salud (HES), palanca de la transformaci\u00f3n digital del Sistema Sanitario\u00bb"},"content":{"rendered":"<p>El pasado 24 de enero, el Departamento de Salud present\u00f3 una nueva soluci\u00f3n tecnol\u00f3gica para desburocratizar el trabajo de los profesionales. El Historial Electr\u00f3nico de Salud (HES) nace con el objetivo de aglutinar la informaci\u00f3n cl\u00ednica de cualquier persona y permitir una mejor gesti\u00f3n del tiempo del profesional de cara la atenci\u00f3n del paciente. Se invertir\u00e1n 40M \u20ac y se desplegar\u00e1 en los pr\u00f3ximos 4 a\u00f1os.<\/p>\n<p>Pol P\u00e9rez, coordinador del \u00c1rea de Tecnolog\u00edas de la Informaci\u00f3n y las Comunicaciones del Departamento de Salud explica que el proyecto est\u00e1 enmarcado dentro de la estrategia integral de salud digital de Catalu\u00f1a para la transformaci\u00f3n del Sistema Sanitario. \u00abEl HES devendr\u00e1 el repositorio funcional y t\u00e9cnico de toda la informaci\u00f3n relevante del ciudadano que hay que registrar y que se comparte por todo el sistema sanitario, actuando como palanca de esta transformaci\u00f3n del Sistema Sanitario.\u00bb<\/p>\n<blockquote>\n<h3>\u00abEsta innovaci\u00f3n tecnol\u00f3gica repercutir\u00e1 directamente en el presente, pero tambi\u00e9n en el futuro de nuestro Sistema Sanitario\u00bb<\/h3>\n<\/blockquote>\n<p><img loading=\"lazy\" decoding=\"async\" class=\" wp-image-21944 alignleft\" src=\"https:\/\/ticsalutsocial.atoom.space\/wp-content\/uploads\/2020\/02\/04-700x467-1.jpeg\" alt=\"\" width=\"469\" height=\"313\" \/><\/p>\n<p>P\u00e9rez incide en la posibilidad de que \u00ablos profesionales podr\u00e1n utilizar un sistema de informaci\u00f3n homog\u00e9neo donde se fusionar\u00e1n y unificar\u00e1n las herramientas, bases de datos (actualmente hay 22) y gu\u00edas pr\u00e1cticas para conseguir un trabajo m\u00e1s coordinado\u00bb. Y a\u00f1ade que \u00abesta innovaci\u00f3n tecnol\u00f3gica repercutir\u00e1 directamente en el presente, pero tambi\u00e9n en el futuro de nuestro Sistema Sanitario\u00bb.<\/p>\n<p>La dificultad de integrar el equipamiento, un software antiguo que hac\u00eda incompatible o dificultaba la convivencia con los nuevos sistemas operativos y la antig\u00fcedad de los sistemas (ECAP y HC3 creados a finales de los a\u00f1os 90), han sido los principales problemas de los Sistemas de Informaci\u00f3n actuales que dificultaban la correcta gesti\u00f3n de los profesionales. En este sentido, Oscar Solans, responsable funcional de eSalud del Departamento de Salud adelanta que \u00abla herramienta presentar\u00e1 al profesional informaci\u00f3n com\u00fan de significado relevante, cuando la necesita, en tiempo real, de calidad, m\u00e1s f\u00e1cil y r\u00e1pido de registrar, acceder y analizar \u00ab.<\/p>\n<blockquote>\n<h3>\u00abLa soluci\u00f3n se adecuar\u00e1 a las tareas diarias que lleva a cabo el profesional\u00bb<\/h3>\n<\/blockquote>\n<p><img loading=\"lazy\" decoding=\"async\" class=\" wp-image-21941 alignleft\" src=\"https:\/\/ticsalutsocial.atoom.space\/wp-content\/uploads\/2020\/02\/02-700x467-1.jpeg\" alt=\"\" width=\"392\" height=\"261\" \/><\/p>\n<p>Solans explica que la herramienta presentar\u00e1 la informaci\u00f3n seg\u00fan la patolog\u00eda del paciente (a): el profesional al entrar en el Sistema se le presentar\u00e1 la informaci\u00f3n m\u00e1s ajustada a la situaci\u00f3n cl\u00ednica del paciente. Y seg\u00fan el rol del profesional (b): no necesita el mismo tipo de informaci\u00f3n un m\u00e9dico que un enfermero o un fisioterapeuta, por ejemplo. En definitiva, \u00abla soluci\u00f3n se adecuar\u00e1 a las tareas diarias que llevar a cabo el profesional.\u00bb<\/p>\n<p>Finalmente, desde la Oficina de Comunicaci\u00f3n y RSC del Servicio Catal\u00e1n de Salud han compartido un dec\u00e1logo sobre el HES para conocer las mejoras.<\/p>\n<p><strong>DEC\u00c1LOGO HES<\/strong><\/p>\n<ol>\n<li>Mejora ergonom\u00eda de pantalla (pantallas limpias y modernas, que aliviar\u00e1n la carga visual).<\/li>\n<li>M\u00e1s velocidad en las comunicaciones (Sire, HC3, buscadores diagn\u00f3sticos, etc).<\/li>\n<li>Menos clics e informaci\u00f3n agregada y adecuada seg\u00fan perfil profesional y tipolog\u00eda de paciente.<\/li>\n<li>Herramientas de apoyo a la decisi\u00f3n cl\u00ednica con algoritmos de ayuda en la toma de decisiones basado en protocolos y gu\u00eda cl\u00ednicas.<\/li>\n<li>Integraci\u00f3n de datos que permitir\u00e1 incrementar la velocidad en las b\u00fasquedas.<\/li>\n<li>Mejor atenci\u00f3n continuada entre niveles asistenciales a la hora de obtener toda la informaci\u00f3n.<\/li>\n<li>Informaci\u00f3n estructurada que permitir\u00e1 un mejor seguimiento de los procesos, precarga de informaci\u00f3n en las derivaciones o cumplimentaci\u00f3n de formularios, comparativa de datos anal\u00edticos, escaleras, etc, a\u00f1adiendo la informaci\u00f3n que proviene de HC3.<\/li>\n<li>M\u00e1s seguridad de la informaci\u00f3n. Adecuaci\u00f3n a la RGPD.<\/li>\n<li>Potenciar el modelo de atenci\u00f3n no presencial y la tele medicina entre profesionales y con los pacientes<\/li>\n<li>Integraci\u00f3n con plataformas transversales de sistema (HC3, IS3, Sire) y Movilidad (responsive, trabajo remoto).<\/li>\n<\/ol>\n","protected":false},"author":21,"featured_media":4308,"menu_order":0,"template":"","meta":{"_acf_changed":false,"inline_featured_image":false},"etiqueta":[],"tipus":[],"topic":[],"class_list":["post-4311","noticia","type-noticia","status-publish","has-post-thumbnail","hentry"],"acf":{"imatge":4310,"autor":"Adri\u00e0 G.Font"},"yoast_head":"<!-- This site is optimized with the Yoast SEO plugin v27.1.1 - https:\/\/yoast.com\/product\/yoast-seo-wordpress\/ -->\n<title>&quot;El Historial Electr\u00f3nico de Salud (HES), palanca de la transformaci\u00f3n digital del Sistema Sanitario&quot; - Fundaci\u00f3 TIC Salut i Social<\/title>\n<meta name=\"robots\" content=\"index, follow, max-snippet:-1, max-image-preview:large, max-video-preview:-1\" \/>\n<link rel=\"canonical\" href=\"https:\/\/ticsalutsocial.atoom.space\/es\/noticia\/el-historial-electronico-de-salud-hes-palanca-de-la-transformacion-digital-del-sistema-sanitario\/\" \/>\n<meta property=\"og:locale\" content=\"es_ES\" \/>\n<meta property=\"og:type\" content=\"article\" \/>\n<meta property=\"og:title\" content=\"&quot;El Historial Electr\u00f3nico de Salud (HES), palanca de la transformaci\u00f3n digital del Sistema Sanitario&quot; - Fundaci\u00f3 TIC Salut i Social\" \/>\n<meta property=\"og:description\" content=\"El pasado 24 de enero, el Departamento de Salud present\u00f3 una nueva soluci\u00f3n tecnol\u00f3gica para desburocratizar el trabajo de los profesionales. El Historial Electr\u00f3nico de Salud (HES) nace con el objetivo de aglutinar la informaci\u00f3n cl\u00ednica de cualquier persona y permitir una mejor gesti\u00f3n del tiempo del profesional de cara la atenci\u00f3n del paciente. Se [&hellip;]\" \/>\n<meta property=\"og:url\" content=\"https:\/\/ticsalutsocial.atoom.space\/es\/noticia\/el-historial-electronico-de-salud-hes-palanca-de-la-transformacion-digital-del-sistema-sanitario\/\" \/>\n<meta property=\"og:site_name\" content=\"Fundaci\u00f3 TIC Salut i Social\" \/>\n<meta property=\"article:modified_time\" content=\"2021-07-21T13:45:15+00:00\" \/>\n<meta property=\"og:image\" content=\"https:\/\/ticsalutsocial.atoom.space\/wp-content\/uploads\/2020\/02\/hes_hc3_ecap.jpg\" \/>\n\t<meta property=\"og:image:width\" content=\"2048\" \/>\n\t<meta property=\"og:image:height\" content=\"1393\" \/>\n\t<meta property=\"og:image:type\" content=\"image\/jpeg\" \/>\n<meta name=\"twitter:card\" content=\"summary_large_image\" \/>\n<meta name=\"twitter:label1\" content=\"Tiempo de lectura\" \/>\n\t<meta name=\"twitter:data1\" content=\"3 minutos\" \/>\n<script type=\"application\/ld+json\" class=\"yoast-schema-graph\">{\"@context\":\"https:\/\/schema.org\",\"@graph\":[{\"@type\":\"WebPage\",\"@id\":\"https:\/\/ticsalutsocial.atoom.space\/es\/noticia\/el-historial-electronico-de-salud-hes-palanca-de-la-transformacion-digital-del-sistema-sanitario\/\",\"url\":\"https:\/\/ticsalutsocial.atoom.space\/es\/noticia\/el-historial-electronico-de-salud-hes-palanca-de-la-transformacion-digital-del-sistema-sanitario\/\",\"name\":\"\\\"El Historial Electr\u00f3nico de Salud (HES), palanca de la transformaci\u00f3n digital del Sistema Sanitario\\\" - Fundaci\u00f3 TIC Salut i Social\",\"isPartOf\":{\"@id\":\"https:\/\/ticsalutsocial.atoom.space\/es\/#website\"},\"primaryImageOfPage\":{\"@id\":\"https:\/\/ticsalutsocial.atoom.space\/es\/noticia\/el-historial-electronico-de-salud-hes-palanca-de-la-transformacion-digital-del-sistema-sanitario\/#primaryimage\"},\"image\":{\"@id\":\"https:\/\/ticsalutsocial.atoom.space\/es\/noticia\/el-historial-electronico-de-salud-hes-palanca-de-la-transformacion-digital-del-sistema-sanitario\/#primaryimage\"},\"thumbnailUrl\":\"https:\/\/ticsalutsocial.atoom.space\/wp-content\/uploads\/2020\/02\/hes_hc3_ecap.jpg\",\"datePublished\":\"2020-02-12T11:40:48+00:00\",\"dateModified\":\"2021-07-21T13:45:15+00:00\",\"breadcrumb\":{\"@id\":\"https:\/\/ticsalutsocial.atoom.space\/es\/noticia\/el-historial-electronico-de-salud-hes-palanca-de-la-transformacion-digital-del-sistema-sanitario\/#breadcrumb\"},\"inLanguage\":\"es\",\"potentialAction\":[{\"@type\":\"ReadAction\",\"target\":[\"https:\/\/ticsalutsocial.atoom.space\/es\/noticia\/el-historial-electronico-de-salud-hes-palanca-de-la-transformacion-digital-del-sistema-sanitario\/\"]}]},{\"@type\":\"ImageObject\",\"inLanguage\":\"es\",\"@id\":\"https:\/\/ticsalutsocial.atoom.space\/es\/noticia\/el-historial-electronico-de-salud-hes-palanca-de-la-transformacion-digital-del-sistema-sanitario\/#primaryimage\",\"url\":\"https:\/\/ticsalutsocial.atoom.space\/wp-content\/uploads\/2020\/02\/hes_hc3_ecap.jpg\",\"contentUrl\":\"https:\/\/ticsalutsocial.atoom.space\/wp-content\/uploads\/2020\/02\/hes_hc3_ecap.jpg\",\"width\":2048,\"height\":1393},{\"@type\":\"BreadcrumbList\",\"@id\":\"https:\/\/ticsalutsocial.atoom.space\/es\/noticia\/el-historial-electronico-de-salud-hes-palanca-de-la-transformacion-digital-del-sistema-sanitario\/#breadcrumb\",\"itemListElement\":[{\"@type\":\"ListItem\",\"position\":1,\"name\":\"Inici\",\"item\":\"https:\/\/ticsalutsocial.atoom.space\/es\/\"},{\"@type\":\"ListItem\",\"position\":2,\"name\":\"&#8220;El Historial Electr\u00f3nico de Salud (HES), palanca de la transformaci\u00f3n digital del Sistema Sanitario&#8221;\"}]},{\"@type\":\"WebSite\",\"@id\":\"https:\/\/ticsalutsocial.atoom.space\/es\/#website\",\"url\":\"https:\/\/ticsalutsocial.atoom.space\/es\/\",\"name\":\"Fundaci\u00f3 TIC Salut i Social\",\"description\":\"\",\"potentialAction\":[{\"@type\":\"SearchAction\",\"target\":{\"@type\":\"EntryPoint\",\"urlTemplate\":\"https:\/\/ticsalutsocial.atoom.space\/es\/?s={search_term_string}\"},\"query-input\":{\"@type\":\"PropertyValueSpecification\",\"valueRequired\":true,\"valueName\":\"search_term_string\"}}],\"inLanguage\":\"es\"}]}<\/script>\n<!-- \/ Yoast SEO plugin. -->","yoast_head_json":{"title":"\"El Historial Electr\u00f3nico de Salud (HES), palanca de la transformaci\u00f3n digital del Sistema Sanitario\" - Fundaci\u00f3 TIC Salut i Social","robots":{"index":"index","follow":"follow","max-snippet":"max-snippet:-1","max-image-preview":"max-image-preview:large","max-video-preview":"max-video-preview:-1"},"canonical":"https:\/\/ticsalutsocial.atoom.space\/es\/noticia\/el-historial-electronico-de-salud-hes-palanca-de-la-transformacion-digital-del-sistema-sanitario\/","og_locale":"es_ES","og_type":"article","og_title":"\"El Historial Electr\u00f3nico de Salud (HES), palanca de la transformaci\u00f3n digital del Sistema Sanitario\" - Fundaci\u00f3 TIC Salut i Social","og_description":"El pasado 24 de enero, el Departamento de Salud present\u00f3 una nueva soluci\u00f3n tecnol\u00f3gica para desburocratizar el trabajo de los profesionales. El Historial Electr\u00f3nico de Salud (HES) nace con el objetivo de aglutinar la informaci\u00f3n cl\u00ednica de cualquier persona y permitir una mejor gesti\u00f3n del tiempo del profesional de cara la atenci\u00f3n del paciente. Se [&hellip;]","og_url":"https:\/\/ticsalutsocial.atoom.space\/es\/noticia\/el-historial-electronico-de-salud-hes-palanca-de-la-transformacion-digital-del-sistema-sanitario\/","og_site_name":"Fundaci\u00f3 TIC Salut i Social","article_modified_time":"2021-07-21T13:45:15+00:00","og_image":[{"width":2048,"height":1393,"url":"https:\/\/ticsalutsocial.atoom.space\/wp-content\/uploads\/2020\/02\/hes_hc3_ecap.jpg","type":"image\/jpeg"}],"twitter_card":"summary_large_image","twitter_misc":{"Tiempo de lectura":"3 minutos"},"schema":{"@context":"https:\/\/schema.org","@graph":[{"@type":"WebPage","@id":"https:\/\/ticsalutsocial.atoom.space\/es\/noticia\/el-historial-electronico-de-salud-hes-palanca-de-la-transformacion-digital-del-sistema-sanitario\/","url":"https:\/\/ticsalutsocial.atoom.space\/es\/noticia\/el-historial-electronico-de-salud-hes-palanca-de-la-transformacion-digital-del-sistema-sanitario\/","name":"\"El Historial Electr\u00f3nico de Salud (HES), palanca de la transformaci\u00f3n digital del Sistema Sanitario\" - Fundaci\u00f3 TIC Salut i Social","isPartOf":{"@id":"https:\/\/ticsalutsocial.atoom.space\/es\/#website"},"primaryImageOfPage":{"@id":"https:\/\/ticsalutsocial.atoom.space\/es\/noticia\/el-historial-electronico-de-salud-hes-palanca-de-la-transformacion-digital-del-sistema-sanitario\/#primaryimage"},"image":{"@id":"https:\/\/ticsalutsocial.atoom.space\/es\/noticia\/el-historial-electronico-de-salud-hes-palanca-de-la-transformacion-digital-del-sistema-sanitario\/#primaryimage"},"thumbnailUrl":"https:\/\/ticsalutsocial.atoom.space\/wp-content\/uploads\/2020\/02\/hes_hc3_ecap.jpg","datePublished":"2020-02-12T11:40:48+00:00","dateModified":"2021-07-21T13:45:15+00:00","breadcrumb":{"@id":"https:\/\/ticsalutsocial.atoom.space\/es\/noticia\/el-historial-electronico-de-salud-hes-palanca-de-la-transformacion-digital-del-sistema-sanitario\/#breadcrumb"},"inLanguage":"es","potentialAction":[{"@type":"ReadAction","target":["https:\/\/ticsalutsocial.atoom.space\/es\/noticia\/el-historial-electronico-de-salud-hes-palanca-de-la-transformacion-digital-del-sistema-sanitario\/"]}]},{"@type":"ImageObject","inLanguage":"es","@id":"https:\/\/ticsalutsocial.atoom.space\/es\/noticia\/el-historial-electronico-de-salud-hes-palanca-de-la-transformacion-digital-del-sistema-sanitario\/#primaryimage","url":"https:\/\/ticsalutsocial.atoom.space\/wp-content\/uploads\/2020\/02\/hes_hc3_ecap.jpg","contentUrl":"https:\/\/ticsalutsocial.atoom.space\/wp-content\/uploads\/2020\/02\/hes_hc3_ecap.jpg","width":2048,"height":1393},{"@type":"BreadcrumbList","@id":"https:\/\/ticsalutsocial.atoom.space\/es\/noticia\/el-historial-electronico-de-salud-hes-palanca-de-la-transformacion-digital-del-sistema-sanitario\/#breadcrumb","itemListElement":[{"@type":"ListItem","position":1,"name":"Inici","item":"https:\/\/ticsalutsocial.atoom.space\/es\/"},{"@type":"ListItem","position":2,"name":"&#8220;El Historial Electr\u00f3nico de Salud (HES), palanca de la transformaci\u00f3n digital del Sistema Sanitario&#8221;"}]},{"@type":"WebSite","@id":"https:\/\/ticsalutsocial.atoom.space\/es\/#website","url":"https:\/\/ticsalutsocial.atoom.space\/es\/","name":"Fundaci\u00f3 TIC Salut i Social","description":"","potentialAction":[{"@type":"SearchAction","target":{"@type":"EntryPoint","urlTemplate":"https:\/\/ticsalutsocial.atoom.space\/es\/?s={search_term_string}"},"query-input":{"@type":"PropertyValueSpecification","valueRequired":true,"valueName":"search_term_string"}}],"inLanguage":"es"}]}},"_links":{"self":[{"href":"https:\/\/ticsalutsocial.atoom.space\/es\/wp-json\/wp\/v2\/noticia\/4311","targetHints":{"allow":["GET"]}}],"collection":[{"href":"https:\/\/ticsalutsocial.atoom.space\/es\/wp-json\/wp\/v2\/noticia"}],"about":[{"href":"https:\/\/ticsalutsocial.atoom.space\/es\/wp-json\/wp\/v2\/types\/noticia"}],"author":[{"embeddable":true,"href":"https:\/\/ticsalutsocial.atoom.space\/es\/wp-json\/wp\/v2\/users\/21"}],"wp:featuredmedia":[{"embeddable":true,"href":"https:\/\/ticsalutsocial.atoom.space\/es\/wp-json\/wp\/v2\/media\/4308"}],"wp:attachment":[{"href":"https:\/\/ticsalutsocial.atoom.space\/es\/wp-json\/wp\/v2\/media?parent=4311"}],"wp:term":[{"taxonomy":"etiqueta","embeddable":true,"href":"https:\/\/ticsalutsocial.atoom.space\/es\/wp-json\/wp\/v2\/etiqueta?post=4311"},{"taxonomy":"tipus","embeddable":true,"href":"https:\/\/ticsalutsocial.atoom.space\/es\/wp-json\/wp\/v2\/tipus?post=4311"},{"taxonomy":"topic","embeddable":true,"href":"https:\/\/ticsalutsocial.atoom.space\/es\/wp-json\/wp\/v2\/topic?post=4311"}],"curies":[{"name":"wp","href":"https:\/\/api.w.org\/{rel}","templated":true}]}}