
{"id":4318,"date":"2020-02-14T15:35:31","date_gmt":"2020-02-14T13:35:31","guid":{"rendered":"https:\/\/ticsalutsocial.atoom.space\/?post_type=noticia&#038;p=4318"},"modified":"2021-07-21T15:45:18","modified_gmt":"2021-07-21T13:45:18","slug":"resolucion-de-la-convocatoria-prj-2019","status":"publish","type":"noticia","link":"https:\/\/ticsalutsocial.atoom.space\/es\/noticia\/resolucion-de-la-convocatoria-prj-2019\/","title":{"rendered":"Resoluci\u00f3n de la convocatoria PRJ 2019"},"content":{"rendered":"<p>El pasado 12 de febrero se hizo p\u00fablica la resoluci\u00f3n relativa a la convocatoria de los Premios de Investigaci\u00f3n Joven para fomentar el esp\u00edritu cient\u00edfico de los adolescentes (PRJ). La convocatoria realizada por la Agencia de Gesti\u00f3n de Ayudas Universitarias y de Investigaci\u00f3n (AGAUR) cuenta con seis premios y dos menciones. Entre los premios, la Fundaci\u00f3n TIC Salut Social -con S\u00edlvia Cuf\u00ed, Directora de Desarrollo Corporativo, como miembro del jurado- representa y otorga el premio TIC-salud junto con \u00a0otros premios como el de INEFC, el premio Alfons Banda, el premio Ramon Muntaner y el premio Luciana Calvo. Las menciones, &#8216;personas sabias&#8217; inspiradas en las figuras\u00a0Ramon Margalef y Narc\u00eds Monturiol.<\/p>\n<p>&nbsp;<\/p>\n<p>El objetivo de la convocatoria es premiar trabajos bajo criterios como recompensar el esfuerzo del alumnado de 3\u00ba y 4\u00ba de ESO, Bachillerato, Ciclos Formativos de Grado Medio y Superior; aplicar los conocimientos propios del curso a trabajos que pueden ser de tipo experimental o te\u00f3rico y que fomenten la creatividad cient\u00edfica y el esp\u00edritu de investigaci\u00f3n; puede aplicar cualquier \u00e1mbito de conocimiento, prioritariamente en lengua catalana; desarrollar e interpretar los resultados de proyectos de investigaci\u00f3n; y finalmente, premiar el esfuerzo de los centros para fomentar la participaci\u00f3n de los tutores, tutoras y alumnado.<\/p>\n<p>&nbsp;<\/p>\n<p>Los premios estan constituidos por dotaciones econ\u00f3micas y en el caso de los premios TIC-salud se han presentado un total de 24 proyectos realizados por 35 alumnos (17 mujeres y 18 hombres) que estudian en 22 centros diferentes. Los trabajos, mayoritariamente provenientes de j\u00f3venes de 2\u00ba de bachillerato (20), 4\u00ba de ESO (1), 1\u00ba de Bachillerato (2) y de Ciclos Formativos de Grado Superior (1). El trabajo ganador est\u00e1 catalogado dentro del \u00e1mbitp de la ingenier\u00eda, tecnolog\u00eda y arquitectura y tiene por t\u00edtulo &#8216;Dise\u00f1o e implementaci\u00f3n de un sistema de asistencia para personas con visi\u00f3n reducida e invidentes basado en inteligencia artificial y ecolocalizaci\u00f3n&#8217;. Este se ha realizado por J\u00falia Gay Torn\u00e9, estudiante de segundo de bachillerato en la Escuela\u00a0Casa del Roure, Barcelona.<\/p>\n<p>El pr\u00f3ximo 30 de mayo tendr\u00e1 lugar la ceremonia de entrega de los premios. En breve os ofreceremos todos los detalles.<\/p>\n","protected":false},"author":21,"featured_media":4314,"menu_order":0,"template":"","meta":{"_acf_changed":false,"inline_featured_image":false},"etiqueta":[],"tipus":[],"topic":[123],"class_list":["post-4318","noticia","type-noticia","status-publish","has-post-thumbnail","hentry","topic-actualidad"],"acf":{"imatge":4316,"autor":"Victor Barber\u00e0","textos_destacats":[{"texte":"La 38 edici\u00f3n de los 'Premis Recerca Jove' [Investigaci\u00f3n Joven] ya tiene ganadores"}]},"yoast_head":"<!-- This site is optimized with the Yoast SEO plugin v27.1.1 - https:\/\/yoast.com\/product\/yoast-seo-wordpress\/ -->\n<title>Resoluci\u00f3n de la convocatoria PRJ 2019 - Fundaci\u00f3 TIC Salut i Social<\/title>\n<meta name=\"robots\" content=\"index, follow, max-snippet:-1, max-image-preview:large, max-video-preview:-1\" \/>\n<link rel=\"canonical\" href=\"https:\/\/ticsalutsocial.atoom.space\/es\/noticia\/resolucion-de-la-convocatoria-prj-2019\/\" \/>\n<meta property=\"og:locale\" content=\"es_ES\" \/>\n<meta property=\"og:type\" content=\"article\" \/>\n<meta property=\"og:title\" content=\"Resoluci\u00f3n de la convocatoria PRJ 2019 - Fundaci\u00f3 TIC Salut i Social\" \/>\n<meta property=\"og:description\" content=\"El pasado 12 de febrero se hizo p\u00fablica la resoluci\u00f3n relativa a la convocatoria de los Premios de Investigaci\u00f3n Joven para fomentar el esp\u00edritu cient\u00edfico de los adolescentes (PRJ). La convocatoria realizada por la Agencia de Gesti\u00f3n de Ayudas Universitarias y de Investigaci\u00f3n (AGAUR) cuenta con seis premios y dos menciones. Entre los premios, la [&hellip;]\" \/>\n<meta property=\"og:url\" content=\"https:\/\/ticsalutsocial.atoom.space\/es\/noticia\/resolucion-de-la-convocatoria-prj-2019\/\" \/>\n<meta property=\"og:site_name\" content=\"Fundaci\u00f3 TIC Salut i Social\" \/>\n<meta property=\"article:modified_time\" content=\"2021-07-21T13:45:18+00:00\" \/>\n<meta property=\"og:image\" content=\"https:\/\/ticsalutsocial.atoom.space\/wp-content\/uploads\/2020\/02\/jason-leung-xaanw0s0pmk-unsplash-scaled.jpg\" \/>\n\t<meta property=\"og:image:width\" content=\"2560\" \/>\n\t<meta property=\"og:image:height\" content=\"1707\" \/>\n\t<meta property=\"og:image:type\" content=\"image\/jpeg\" \/>\n<meta name=\"twitter:card\" content=\"summary_large_image\" \/>\n<meta name=\"twitter:label1\" content=\"Tiempo de lectura\" \/>\n\t<meta name=\"twitter:data1\" content=\"2 minutos\" \/>\n<script type=\"application\/ld+json\" class=\"yoast-schema-graph\">{\"@context\":\"https:\/\/schema.org\",\"@graph\":[{\"@type\":\"WebPage\",\"@id\":\"https:\/\/ticsalutsocial.atoom.space\/es\/noticia\/resolucion-de-la-convocatoria-prj-2019\/\",\"url\":\"https:\/\/ticsalutsocial.atoom.space\/es\/noticia\/resolucion-de-la-convocatoria-prj-2019\/\",\"name\":\"Resoluci\u00f3n de la convocatoria PRJ 2019 - Fundaci\u00f3 TIC Salut i Social\",\"isPartOf\":{\"@id\":\"https:\/\/ticsalutsocial.atoom.space\/es\/#website\"},\"primaryImageOfPage\":{\"@id\":\"https:\/\/ticsalutsocial.atoom.space\/es\/noticia\/resolucion-de-la-convocatoria-prj-2019\/#primaryimage\"},\"image\":{\"@id\":\"https:\/\/ticsalutsocial.atoom.space\/es\/noticia\/resolucion-de-la-convocatoria-prj-2019\/#primaryimage\"},\"thumbnailUrl\":\"https:\/\/ticsalutsocial.atoom.space\/wp-content\/uploads\/2020\/02\/jason-leung-xaanw0s0pmk-unsplash-scaled.jpg\",\"datePublished\":\"2020-02-14T13:35:31+00:00\",\"dateModified\":\"2021-07-21T13:45:18+00:00\",\"breadcrumb\":{\"@id\":\"https:\/\/ticsalutsocial.atoom.space\/es\/noticia\/resolucion-de-la-convocatoria-prj-2019\/#breadcrumb\"},\"inLanguage\":\"es\",\"potentialAction\":[{\"@type\":\"ReadAction\",\"target\":[\"https:\/\/ticsalutsocial.atoom.space\/es\/noticia\/resolucion-de-la-convocatoria-prj-2019\/\"]}]},{\"@type\":\"ImageObject\",\"inLanguage\":\"es\",\"@id\":\"https:\/\/ticsalutsocial.atoom.space\/es\/noticia\/resolucion-de-la-convocatoria-prj-2019\/#primaryimage\",\"url\":\"https:\/\/ticsalutsocial.atoom.space\/wp-content\/uploads\/2020\/02\/jason-leung-xaanw0s0pmk-unsplash-scaled.jpg\",\"contentUrl\":\"https:\/\/ticsalutsocial.atoom.space\/wp-content\/uploads\/2020\/02\/jason-leung-xaanw0s0pmk-unsplash-scaled.jpg\",\"width\":2560,\"height\":1707},{\"@type\":\"BreadcrumbList\",\"@id\":\"https:\/\/ticsalutsocial.atoom.space\/es\/noticia\/resolucion-de-la-convocatoria-prj-2019\/#breadcrumb\",\"itemListElement\":[{\"@type\":\"ListItem\",\"position\":1,\"name\":\"Inici\",\"item\":\"https:\/\/ticsalutsocial.atoom.space\/es\/\"},{\"@type\":\"ListItem\",\"position\":2,\"name\":\"Resoluci\u00f3n de la convocatoria PRJ 2019\"}]},{\"@type\":\"WebSite\",\"@id\":\"https:\/\/ticsalutsocial.atoom.space\/es\/#website\",\"url\":\"https:\/\/ticsalutsocial.atoom.space\/es\/\",\"name\":\"Fundaci\u00f3 TIC Salut i Social\",\"description\":\"\",\"potentialAction\":[{\"@type\":\"SearchAction\",\"target\":{\"@type\":\"EntryPoint\",\"urlTemplate\":\"https:\/\/ticsalutsocial.atoom.space\/es\/?s={search_term_string}\"},\"query-input\":{\"@type\":\"PropertyValueSpecification\",\"valueRequired\":true,\"valueName\":\"search_term_string\"}}],\"inLanguage\":\"es\"}]}<\/script>\n<!-- \/ Yoast SEO plugin. -->","yoast_head_json":{"title":"Resoluci\u00f3n de la convocatoria PRJ 2019 - Fundaci\u00f3 TIC Salut i Social","robots":{"index":"index","follow":"follow","max-snippet":"max-snippet:-1","max-image-preview":"max-image-preview:large","max-video-preview":"max-video-preview:-1"},"canonical":"https:\/\/ticsalutsocial.atoom.space\/es\/noticia\/resolucion-de-la-convocatoria-prj-2019\/","og_locale":"es_ES","og_type":"article","og_title":"Resoluci\u00f3n de la convocatoria PRJ 2019 - Fundaci\u00f3 TIC Salut i Social","og_description":"El pasado 12 de febrero se hizo p\u00fablica la resoluci\u00f3n relativa a la convocatoria de los Premios de Investigaci\u00f3n Joven para fomentar el esp\u00edritu cient\u00edfico de los adolescentes (PRJ). La convocatoria realizada por la Agencia de Gesti\u00f3n de Ayudas Universitarias y de Investigaci\u00f3n (AGAUR) cuenta con seis premios y dos menciones. Entre los premios, la [&hellip;]","og_url":"https:\/\/ticsalutsocial.atoom.space\/es\/noticia\/resolucion-de-la-convocatoria-prj-2019\/","og_site_name":"Fundaci\u00f3 TIC Salut i Social","article_modified_time":"2021-07-21T13:45:18+00:00","og_image":[{"width":2560,"height":1707,"url":"https:\/\/ticsalutsocial.atoom.space\/wp-content\/uploads\/2020\/02\/jason-leung-xaanw0s0pmk-unsplash-scaled.jpg","type":"image\/jpeg"}],"twitter_card":"summary_large_image","twitter_misc":{"Tiempo de lectura":"2 minutos"},"schema":{"@context":"https:\/\/schema.org","@graph":[{"@type":"WebPage","@id":"https:\/\/ticsalutsocial.atoom.space\/es\/noticia\/resolucion-de-la-convocatoria-prj-2019\/","url":"https:\/\/ticsalutsocial.atoom.space\/es\/noticia\/resolucion-de-la-convocatoria-prj-2019\/","name":"Resoluci\u00f3n de la convocatoria PRJ 2019 - Fundaci\u00f3 TIC Salut i Social","isPartOf":{"@id":"https:\/\/ticsalutsocial.atoom.space\/es\/#website"},"primaryImageOfPage":{"@id":"https:\/\/ticsalutsocial.atoom.space\/es\/noticia\/resolucion-de-la-convocatoria-prj-2019\/#primaryimage"},"image":{"@id":"https:\/\/ticsalutsocial.atoom.space\/es\/noticia\/resolucion-de-la-convocatoria-prj-2019\/#primaryimage"},"thumbnailUrl":"https:\/\/ticsalutsocial.atoom.space\/wp-content\/uploads\/2020\/02\/jason-leung-xaanw0s0pmk-unsplash-scaled.jpg","datePublished":"2020-02-14T13:35:31+00:00","dateModified":"2021-07-21T13:45:18+00:00","breadcrumb":{"@id":"https:\/\/ticsalutsocial.atoom.space\/es\/noticia\/resolucion-de-la-convocatoria-prj-2019\/#breadcrumb"},"inLanguage":"es","potentialAction":[{"@type":"ReadAction","target":["https:\/\/ticsalutsocial.atoom.space\/es\/noticia\/resolucion-de-la-convocatoria-prj-2019\/"]}]},{"@type":"ImageObject","inLanguage":"es","@id":"https:\/\/ticsalutsocial.atoom.space\/es\/noticia\/resolucion-de-la-convocatoria-prj-2019\/#primaryimage","url":"https:\/\/ticsalutsocial.atoom.space\/wp-content\/uploads\/2020\/02\/jason-leung-xaanw0s0pmk-unsplash-scaled.jpg","contentUrl":"https:\/\/ticsalutsocial.atoom.space\/wp-content\/uploads\/2020\/02\/jason-leung-xaanw0s0pmk-unsplash-scaled.jpg","width":2560,"height":1707},{"@type":"BreadcrumbList","@id":"https:\/\/ticsalutsocial.atoom.space\/es\/noticia\/resolucion-de-la-convocatoria-prj-2019\/#breadcrumb","itemListElement":[{"@type":"ListItem","position":1,"name":"Inici","item":"https:\/\/ticsalutsocial.atoom.space\/es\/"},{"@type":"ListItem","position":2,"name":"Resoluci\u00f3n de la convocatoria PRJ 2019"}]},{"@type":"WebSite","@id":"https:\/\/ticsalutsocial.atoom.space\/es\/#website","url":"https:\/\/ticsalutsocial.atoom.space\/es\/","name":"Fundaci\u00f3 TIC Salut i Social","description":"","potentialAction":[{"@type":"SearchAction","target":{"@type":"EntryPoint","urlTemplate":"https:\/\/ticsalutsocial.atoom.space\/es\/?s={search_term_string}"},"query-input":{"@type":"PropertyValueSpecification","valueRequired":true,"valueName":"search_term_string"}}],"inLanguage":"es"}]}},"_links":{"self":[{"href":"https:\/\/ticsalutsocial.atoom.space\/es\/wp-json\/wp\/v2\/noticia\/4318","targetHints":{"allow":["GET"]}}],"collection":[{"href":"https:\/\/ticsalutsocial.atoom.space\/es\/wp-json\/wp\/v2\/noticia"}],"about":[{"href":"https:\/\/ticsalutsocial.atoom.space\/es\/wp-json\/wp\/v2\/types\/noticia"}],"author":[{"embeddable":true,"href":"https:\/\/ticsalutsocial.atoom.space\/es\/wp-json\/wp\/v2\/users\/21"}],"wp:featuredmedia":[{"embeddable":true,"href":"https:\/\/ticsalutsocial.atoom.space\/es\/wp-json\/wp\/v2\/media\/4314"}],"wp:attachment":[{"href":"https:\/\/ticsalutsocial.atoom.space\/es\/wp-json\/wp\/v2\/media?parent=4318"}],"wp:term":[{"taxonomy":"etiqueta","embeddable":true,"href":"https:\/\/ticsalutsocial.atoom.space\/es\/wp-json\/wp\/v2\/etiqueta?post=4318"},{"taxonomy":"tipus","embeddable":true,"href":"https:\/\/ticsalutsocial.atoom.space\/es\/wp-json\/wp\/v2\/tipus?post=4318"},{"taxonomy":"topic","embeddable":true,"href":"https:\/\/ticsalutsocial.atoom.space\/es\/wp-json\/wp\/v2\/topic?post=4318"}],"curies":[{"name":"wp","href":"https:\/\/api.w.org\/{rel}","templated":true}]}}