
{"id":4324,"date":"2020-02-18T12:21:01","date_gmt":"2020-02-18T10:21:01","guid":{"rendered":"https:\/\/ticsalutsocial.atoom.space\/?post_type=noticia&#038;p=4324"},"modified":"2021-07-21T15:45:21","modified_gmt":"2021-07-21T13:45:21","slug":"interoperabilidad-dentro-de-la-fundacion","status":"publish","type":"noticia","link":"https:\/\/ticsalutsocial.atoom.space\/es\/noticia\/interoperabilidad-dentro-de-la-fundacion\/","title":{"rendered":"Interoperabilidad dentro de la Fundaci\u00f3n"},"content":{"rendered":"<p>El \u00e1rea de Interoperabilidad\u00a0de la <em>Fundaci\u00f3 TIC Salut Social<\/em> sigue trabajando para garantizar la interoperabilidad de los sistemas sanitarios durante el 2019, promoviendo los est\u00e1ndares y definiendo los documentos que sirven de referencia para conseguirlo. Se ha ofrecido apoyo a los proyectos transversales del <em>Departament de Salut<\/em>, como en HC3 o iS3, as\u00ed como en los centros proveedores en la adopci\u00f3n de est\u00e1ndares; y esta ser\u00e1 una de las l\u00edneas de acci\u00f3n que se mantendr\u00e1 durante el 2020.<\/p>\n<p>En el Marco de Interoperabilidad Wifis para iS3 se han aplicado varias actualizaciones y ampliaciones en la mensajer\u00eda actual Wifis v2.0.2. Los vocabularios controlados seguir\u00e1n definiendo formularios nuevos para iS3 como es el caso de la CMA (Cirug\u00eda Mayor Ambulatoria), densitometr\u00eda, ADN fetal o podolog\u00eda. A su vez, el dominio de laboratorio se ha ampliado a\u00f1adiendo la posibilidad de enviar resultados estructurados de Microbiolog\u00eda.<\/p>\n<p>La soluci\u00f3n a nivel funcional del Servidor Terminol\u00f3gico\u00a0seguir\u00e1 avanzando junto con la gesti\u00f3n de los cat\u00e1logos, incluidos dentro del servidor terminol\u00f3gico, y que son utilizados por los proveedores del SISCAT como LOINC, SNOMED y CIM10. Este\u00a0Servidor Terminol\u00f3gico, elabora un documento de referencia para el uso de versiones y actualizaci\u00f3n de los cat\u00e1logos. Est\u00e1 prevista la migraci\u00f3n de la tablas internas de eCAP al Servidor Terminol\u00f3gico, adem\u00e1s de incorporar las tablas internas de HC3 como los agrupadores de documentos, los tipos de documentos publicables en HC3, los roles de profesionales y las escalas de valoraci\u00f3n.<\/p>\n<p>La colaboraci\u00f3n con universidades, orientada la tutorizaci\u00f3n de trabajos finales de grado y m\u00e1ster en estudios de perfiles tecnol\u00f3gico y de salud es otro puntal de actividad del \u00e1rea de Interoperabilidad puesto que permite mantener una red de trabajo entre el mundo acad\u00e9mico y el profesional con un intercambio enriquecedor de conocimiento que fluct\u00faa en los ambos sentidos. De este modo, ya ha iniciado una nueva tutorizaci\u00f3n de TFG basado en la <em>Configuraci\u00f3n y despliegue de un Servidor FHIR, desarrollo de una Aplicaci\u00f3n para Diab\u00e9ticos e interoperabilidad de datos entre ambos sistemas<\/em>.<\/p>\n<p>&nbsp;<\/p>\n<p>De este modo, para garantizar la interoperabilidad de los sistemas y dispositivos del SISCAT y promover est\u00e1ndares de referencia a diferentes niveles, en los pr\u00f3ximos meses se prev\u00e9 finalizar el proyecto Intersocial II con los listados definitivos de nuevas problem\u00e1ticas, factores y observaciones codificados en SNOMED CT apoyando a la soluci\u00f3n de implementaci\u00f3n por parte de los participantes.<\/p>\n<p>La nueva versi\u00f3n de mensajer\u00eda Wifis, en el marco de iS3, en breve ver\u00e1 la luz. Esta documentaci\u00f3n facilitar\u00e1 la simplificaci\u00f3n de significados y la definici\u00f3n del n\u00famero de mensajes HL7, tal como se hizo con los Dominios de Laboratorio, cuando se reestructur\u00f3 la documentaci\u00f3n y simplificando el n\u00famero de mensajes de laboratorio de 9 a 3 mensajes HL7.<\/p>\n<p>Como novedad de 2020, publicaremos una wiki abierta sobre est\u00e1ndares e interoperabilidad, donde los usuarios puedan leer y consultar los art\u00edculos publicados y contribuir con la edici\u00f3n de las p\u00e1ginas web contenidas en la misma.<\/p>\n<p>Finalmente, el \u00e1rea de Interoperabilidad se posiciona como referente asesor en los \u00e1mbitos de la Inteligencia Artificial y el BlockChain. Durante el 2019 se han definido colaboraciones que habilitan los flujos de trabajo orientados a implementar estas tecnolog\u00edas en sanidad durante el transcurso del 2020.<\/p>\n","protected":false},"author":21,"featured_media":4320,"menu_order":0,"template":"","meta":{"_acf_changed":false,"inline_featured_image":false},"etiqueta":[],"tipus":[84],"topic":[117,123],"class_list":["post-4324","noticia","type-noticia","status-publish","has-post-thumbnail","hentry","tipus-oficina-interoperabilidad","topic-jornadas","topic-actualidad"],"acf":{"imatge":4322,"autor":"TIC Salut Social","textos_destacats":[{"texte":"L\u00edneas de acci\u00f3n del \u00e1rea de Interoperabilidad en 2020"}]},"yoast_head":"<!-- This site is optimized with the Yoast SEO plugin v27.1.1 - https:\/\/yoast.com\/product\/yoast-seo-wordpress\/ -->\n<title>Interoperabilidad dentro de la Fundaci\u00f3n - Fundaci\u00f3 TIC Salut i Social<\/title>\n<meta name=\"robots\" content=\"index, follow, max-snippet:-1, max-image-preview:large, max-video-preview:-1\" \/>\n<link rel=\"canonical\" href=\"https:\/\/ticsalutsocial.atoom.space\/es\/noticia\/interoperabilidad-dentro-de-la-fundacion\/\" \/>\n<meta property=\"og:locale\" content=\"es_ES\" \/>\n<meta property=\"og:type\" content=\"article\" \/>\n<meta property=\"og:title\" content=\"Interoperabilidad dentro de la Fundaci\u00f3n - Fundaci\u00f3 TIC Salut i Social\" \/>\n<meta property=\"og:description\" content=\"El \u00e1rea de Interoperabilidad\u00a0de la Fundaci\u00f3 TIC Salut Social sigue trabajando para garantizar la interoperabilidad de los sistemas sanitarios durante el 2019, promoviendo los est\u00e1ndares y definiendo los documentos que sirven de referencia para conseguirlo. Se ha ofrecido apoyo a los proyectos transversales del Departament de Salut, como en HC3 o iS3, as\u00ed como en [&hellip;]\" \/>\n<meta property=\"og:url\" content=\"https:\/\/ticsalutsocial.atoom.space\/es\/noticia\/interoperabilidad-dentro-de-la-fundacion\/\" \/>\n<meta property=\"og:site_name\" content=\"Fundaci\u00f3 TIC Salut i Social\" \/>\n<meta property=\"article:modified_time\" content=\"2021-07-21T13:45:21+00:00\" \/>\n<meta property=\"og:image\" content=\"https:\/\/ticsalutsocial.atoom.space\/wp-content\/uploads\/2020\/02\/thomas-galler-hz3uf1-z2qc-unsplash-scaled.jpg\" \/>\n\t<meta property=\"og:image:width\" content=\"2560\" \/>\n\t<meta property=\"og:image:height\" content=\"1600\" \/>\n\t<meta property=\"og:image:type\" content=\"image\/jpeg\" \/>\n<meta name=\"twitter:card\" content=\"summary_large_image\" \/>\n<meta name=\"twitter:label1\" content=\"Tiempo de lectura\" \/>\n\t<meta name=\"twitter:data1\" content=\"3 minutos\" \/>\n<script type=\"application\/ld+json\" class=\"yoast-schema-graph\">{\"@context\":\"https:\/\/schema.org\",\"@graph\":[{\"@type\":\"WebPage\",\"@id\":\"https:\/\/ticsalutsocial.atoom.space\/es\/noticia\/interoperabilidad-dentro-de-la-fundacion\/\",\"url\":\"https:\/\/ticsalutsocial.atoom.space\/es\/noticia\/interoperabilidad-dentro-de-la-fundacion\/\",\"name\":\"Interoperabilidad dentro de la Fundaci\u00f3n - Fundaci\u00f3 TIC Salut i Social\",\"isPartOf\":{\"@id\":\"https:\/\/ticsalutsocial.atoom.space\/es\/#website\"},\"primaryImageOfPage\":{\"@id\":\"https:\/\/ticsalutsocial.atoom.space\/es\/noticia\/interoperabilidad-dentro-de-la-fundacion\/#primaryimage\"},\"image\":{\"@id\":\"https:\/\/ticsalutsocial.atoom.space\/es\/noticia\/interoperabilidad-dentro-de-la-fundacion\/#primaryimage\"},\"thumbnailUrl\":\"https:\/\/ticsalutsocial.atoom.space\/wp-content\/uploads\/2020\/02\/thomas-galler-hz3uf1-z2qc-unsplash-scaled.jpg\",\"datePublished\":\"2020-02-18T10:21:01+00:00\",\"dateModified\":\"2021-07-21T13:45:21+00:00\",\"breadcrumb\":{\"@id\":\"https:\/\/ticsalutsocial.atoom.space\/es\/noticia\/interoperabilidad-dentro-de-la-fundacion\/#breadcrumb\"},\"inLanguage\":\"es\",\"potentialAction\":[{\"@type\":\"ReadAction\",\"target\":[\"https:\/\/ticsalutsocial.atoom.space\/es\/noticia\/interoperabilidad-dentro-de-la-fundacion\/\"]}]},{\"@type\":\"ImageObject\",\"inLanguage\":\"es\",\"@id\":\"https:\/\/ticsalutsocial.atoom.space\/es\/noticia\/interoperabilidad-dentro-de-la-fundacion\/#primaryimage\",\"url\":\"https:\/\/ticsalutsocial.atoom.space\/wp-content\/uploads\/2020\/02\/thomas-galler-hz3uf1-z2qc-unsplash-scaled.jpg\",\"contentUrl\":\"https:\/\/ticsalutsocial.atoom.space\/wp-content\/uploads\/2020\/02\/thomas-galler-hz3uf1-z2qc-unsplash-scaled.jpg\",\"width\":2560,\"height\":1600},{\"@type\":\"BreadcrumbList\",\"@id\":\"https:\/\/ticsalutsocial.atoom.space\/es\/noticia\/interoperabilidad-dentro-de-la-fundacion\/#breadcrumb\",\"itemListElement\":[{\"@type\":\"ListItem\",\"position\":1,\"name\":\"Inici\",\"item\":\"https:\/\/ticsalutsocial.atoom.space\/es\/\"},{\"@type\":\"ListItem\",\"position\":2,\"name\":\"Interoperabilidad dentro de la Fundaci\u00f3n\"}]},{\"@type\":\"WebSite\",\"@id\":\"https:\/\/ticsalutsocial.atoom.space\/es\/#website\",\"url\":\"https:\/\/ticsalutsocial.atoom.space\/es\/\",\"name\":\"Fundaci\u00f3 TIC Salut i Social\",\"description\":\"\",\"potentialAction\":[{\"@type\":\"SearchAction\",\"target\":{\"@type\":\"EntryPoint\",\"urlTemplate\":\"https:\/\/ticsalutsocial.atoom.space\/es\/?s={search_term_string}\"},\"query-input\":{\"@type\":\"PropertyValueSpecification\",\"valueRequired\":true,\"valueName\":\"search_term_string\"}}],\"inLanguage\":\"es\"}]}<\/script>\n<!-- \/ Yoast SEO plugin. -->","yoast_head_json":{"title":"Interoperabilidad dentro de la Fundaci\u00f3n - Fundaci\u00f3 TIC Salut i Social","robots":{"index":"index","follow":"follow","max-snippet":"max-snippet:-1","max-image-preview":"max-image-preview:large","max-video-preview":"max-video-preview:-1"},"canonical":"https:\/\/ticsalutsocial.atoom.space\/es\/noticia\/interoperabilidad-dentro-de-la-fundacion\/","og_locale":"es_ES","og_type":"article","og_title":"Interoperabilidad dentro de la Fundaci\u00f3n - Fundaci\u00f3 TIC Salut i Social","og_description":"El \u00e1rea de Interoperabilidad\u00a0de la Fundaci\u00f3 TIC Salut Social sigue trabajando para garantizar la interoperabilidad de los sistemas sanitarios durante el 2019, promoviendo los est\u00e1ndares y definiendo los documentos que sirven de referencia para conseguirlo. Se ha ofrecido apoyo a los proyectos transversales del Departament de Salut, como en HC3 o iS3, as\u00ed como en [&hellip;]","og_url":"https:\/\/ticsalutsocial.atoom.space\/es\/noticia\/interoperabilidad-dentro-de-la-fundacion\/","og_site_name":"Fundaci\u00f3 TIC Salut i Social","article_modified_time":"2021-07-21T13:45:21+00:00","og_image":[{"width":2560,"height":1600,"url":"https:\/\/ticsalutsocial.atoom.space\/wp-content\/uploads\/2020\/02\/thomas-galler-hz3uf1-z2qc-unsplash-scaled.jpg","type":"image\/jpeg"}],"twitter_card":"summary_large_image","twitter_misc":{"Tiempo de lectura":"3 minutos"},"schema":{"@context":"https:\/\/schema.org","@graph":[{"@type":"WebPage","@id":"https:\/\/ticsalutsocial.atoom.space\/es\/noticia\/interoperabilidad-dentro-de-la-fundacion\/","url":"https:\/\/ticsalutsocial.atoom.space\/es\/noticia\/interoperabilidad-dentro-de-la-fundacion\/","name":"Interoperabilidad dentro de la Fundaci\u00f3n - Fundaci\u00f3 TIC Salut i Social","isPartOf":{"@id":"https:\/\/ticsalutsocial.atoom.space\/es\/#website"},"primaryImageOfPage":{"@id":"https:\/\/ticsalutsocial.atoom.space\/es\/noticia\/interoperabilidad-dentro-de-la-fundacion\/#primaryimage"},"image":{"@id":"https:\/\/ticsalutsocial.atoom.space\/es\/noticia\/interoperabilidad-dentro-de-la-fundacion\/#primaryimage"},"thumbnailUrl":"https:\/\/ticsalutsocial.atoom.space\/wp-content\/uploads\/2020\/02\/thomas-galler-hz3uf1-z2qc-unsplash-scaled.jpg","datePublished":"2020-02-18T10:21:01+00:00","dateModified":"2021-07-21T13:45:21+00:00","breadcrumb":{"@id":"https:\/\/ticsalutsocial.atoom.space\/es\/noticia\/interoperabilidad-dentro-de-la-fundacion\/#breadcrumb"},"inLanguage":"es","potentialAction":[{"@type":"ReadAction","target":["https:\/\/ticsalutsocial.atoom.space\/es\/noticia\/interoperabilidad-dentro-de-la-fundacion\/"]}]},{"@type":"ImageObject","inLanguage":"es","@id":"https:\/\/ticsalutsocial.atoom.space\/es\/noticia\/interoperabilidad-dentro-de-la-fundacion\/#primaryimage","url":"https:\/\/ticsalutsocial.atoom.space\/wp-content\/uploads\/2020\/02\/thomas-galler-hz3uf1-z2qc-unsplash-scaled.jpg","contentUrl":"https:\/\/ticsalutsocial.atoom.space\/wp-content\/uploads\/2020\/02\/thomas-galler-hz3uf1-z2qc-unsplash-scaled.jpg","width":2560,"height":1600},{"@type":"BreadcrumbList","@id":"https:\/\/ticsalutsocial.atoom.space\/es\/noticia\/interoperabilidad-dentro-de-la-fundacion\/#breadcrumb","itemListElement":[{"@type":"ListItem","position":1,"name":"Inici","item":"https:\/\/ticsalutsocial.atoom.space\/es\/"},{"@type":"ListItem","position":2,"name":"Interoperabilidad dentro de la Fundaci\u00f3n"}]},{"@type":"WebSite","@id":"https:\/\/ticsalutsocial.atoom.space\/es\/#website","url":"https:\/\/ticsalutsocial.atoom.space\/es\/","name":"Fundaci\u00f3 TIC Salut i Social","description":"","potentialAction":[{"@type":"SearchAction","target":{"@type":"EntryPoint","urlTemplate":"https:\/\/ticsalutsocial.atoom.space\/es\/?s={search_term_string}"},"query-input":{"@type":"PropertyValueSpecification","valueRequired":true,"valueName":"search_term_string"}}],"inLanguage":"es"}]}},"_links":{"self":[{"href":"https:\/\/ticsalutsocial.atoom.space\/es\/wp-json\/wp\/v2\/noticia\/4324","targetHints":{"allow":["GET"]}}],"collection":[{"href":"https:\/\/ticsalutsocial.atoom.space\/es\/wp-json\/wp\/v2\/noticia"}],"about":[{"href":"https:\/\/ticsalutsocial.atoom.space\/es\/wp-json\/wp\/v2\/types\/noticia"}],"author":[{"embeddable":true,"href":"https:\/\/ticsalutsocial.atoom.space\/es\/wp-json\/wp\/v2\/users\/21"}],"wp:featuredmedia":[{"embeddable":true,"href":"https:\/\/ticsalutsocial.atoom.space\/es\/wp-json\/wp\/v2\/media\/4320"}],"wp:attachment":[{"href":"https:\/\/ticsalutsocial.atoom.space\/es\/wp-json\/wp\/v2\/media?parent=4324"}],"wp:term":[{"taxonomy":"etiqueta","embeddable":true,"href":"https:\/\/ticsalutsocial.atoom.space\/es\/wp-json\/wp\/v2\/etiqueta?post=4324"},{"taxonomy":"tipus","embeddable":true,"href":"https:\/\/ticsalutsocial.atoom.space\/es\/wp-json\/wp\/v2\/tipus?post=4324"},{"taxonomy":"topic","embeddable":true,"href":"https:\/\/ticsalutsocial.atoom.space\/es\/wp-json\/wp\/v2\/topic?post=4324"}],"curies":[{"name":"wp","href":"https:\/\/api.w.org\/{rel}","templated":true}]}}