
{"id":4333,"date":"2020-03-03T10:34:24","date_gmt":"2020-03-03T08:34:24","guid":{"rendered":"https:\/\/ticsalutsocial.atoom.space\/?post_type=noticia&#038;p=4333"},"modified":"2021-07-21T15:45:27","modified_gmt":"2021-07-21T13:45:27","slug":"estrategia-europea-datos-e-inteligencia-artificial","status":"publish","type":"noticia","link":"https:\/\/ticsalutsocial.atoom.space\/es\/noticia\/estrategia-europea-datos-e-inteligencia-artificial\/","title":{"rendered":"Estrategia europea, datos e inteligencia artificial"},"content":{"rendered":"<p>Desde 2014, la Comisi\u00f3n Europea ha hecho una serie de pasos para facilitar el desarrollo de una econom\u00eda \u00e1gil en el manejo de los datos, como el Reglamento sobre la libre circulaci\u00f3n de datos no personales, la norma sobre ciberseguridad, la Directiva sobre los datos abiertos y el Reglamento General de Protecci\u00f3n de Datos.Enl 2018, la CE present\u00f3 por primera vez una estrategia de inteligencia artificial y acord\u00f3 un plan coordinado con los Estados miembros. As\u00ed, en abril de 2019 un grupo de expertos de alto nivel sobre IA, present\u00f3 sus directrices \u00e9ticas para una soluci\u00f3n tecnol\u00f3gica fiable.<\/p>\n<p>El objetivo de la estrategia europea de datos es asegurar que la UE se convierta en un modelo de sociedad apoderada por los datos. Para lograr este objetivo la CE pretende crear un marco regulador ajustado a las necesidades en materia de gesti\u00f3n, de acceso y reutilizaci\u00f3n de datos en las relaciones entre administraciones, entre empresas y entre administraciones y empresas. Por otro lado, la CE pretende apoyar el desarrollo de los sistemas tecnol\u00f3gicos y la subsiguiente generaci\u00f3n de insfraestructuras. Finalmente, se pondr\u00e1n en marcha medidas sectoriales espec\u00edficas, para construir espacios europeos de datos como es el caso de la actividad en el \u00e1mbito de la salud.<\/p>\n<p>Recientemente, se han desvelado sus ideas y medidas para una transformaci\u00f3n digital que cause beneficios para todo el mundo. La posici\u00f3n europea en materia de datos y las opciones estrat\u00e9gicas destinadas a garantizar un desarrollo de la inteligencia artificial centrado en la persona han constituido los primeros aspectos para la consecuci\u00f3n de objetivos clave. En este sentido, el Libro Blanco presentado por la CE propone un marco para la inteligencia artificial fiable y basado en criterios de excelencia y confianza. En asociaci\u00f3n con los sectores p\u00fablico y privado, el objetivo es movilizar recursos entorno a toda la cadena de valor y crear los incentivos apropiados para acelerar la implementaci\u00f3n de esta soluci\u00f3n tecnol\u00f3gica teniendo en cuenta a todos los grupos de inter\u00e9s implicados as\u00ed como peque\u00f1as y medianas empresas.<\/p>\n<p>Teniendo en cuenta que los sistemas de IA pueden ser complejos y comportar riesgos, son necesarias normas claras que aborden estos riesgos sin dificultar o aplicar una excesiva carga para los que comportan menos riesgos. Para los casos de riesgo elevado -como los que tienen relaci\u00f3n con el \u00e1mbito de salud, las actividades policiales o el transporte- se prev\u00e9 que los sistemas de IA sean transparentes garantizando trazabilidad y una verificaci\u00f3n humana. Tambi\u00e9n se prev\u00e9 que las autoridades tengan que probar y certificar los datos utilizados por los algoritmos tal y como se da en otros sectores.<\/p>\n<p>Algunos de los siguientes pasos en el despliegue de la estrategia anunciada, prev\u00e9n que durante el 2020 se presente una norma de servicios digitales y un plan de acci\u00f3n europeo para la democracia. Se propondr\u00e1 una revisi\u00f3n del Reglamento eIDAS y se reforzar\u00e1 la ciberseguridad mediante la creaci\u00f3n de una unidad inform\u00e1tica conjunta.<\/p>\n<p>&nbsp;<\/p>\n<h3>Referencias<\/h3>\n<p>&#8211; Comisi\u00f3n Eropea (2020). <em>Dar forma al futuro de la digital de Europa.\u00a0<\/em>Extra\u00eddo el 3 de marzo\u00a0de 2020 de de\u00a0<a href=\"https:\/\/ec.europa.eu\/commission\/presscorner\/detail\/es\/ip_20_273\" target=\"_blank\" rel=\"noopener noreferrer\">https:\/\/ec.europa.eu\/commission\/presscorner\/detail\/es\/ip_20_273<\/a><\/p>\n<p>&#8211; Comisi\u00f3n Europea (2020).\u00a0<em>Estrategia europea de datos. <\/em>Extra\u00eddo el 3 de marzo\u00a0de 2020 de <a href=\"https:\/\/ec.europa.eu\/commission\/presscorner\/detail\/es\/fs_20_283\" target=\"_blank\" rel=\"noopener noreferrer\">https:\/\/ec.europa.eu\/commission\/presscorner\/detail\/es\/fs_20_283\u00a0<\/a><\/p>\n<p>&#8211; Comissi\u00f3 Europea (2020). <em>Libro blanco sobre la IA: un enfoque europeo a la excelencia y la confianza.<\/em> Extra\u00eddo el 3 de marzo de 2020 de <a href=\"https:\/\/ec.europa.eu\/info\/files\/white-paper-artificial-intelligence-european-approachexcellence-and-trust_en\" target=\"_blank\" rel=\"noopener noreferrer\">https:\/\/ec.europa.eu\/info\/files\/white-paper-artificial-intelligence-european-approachexcellence-and-trust_en<\/a><\/p>\n<p>&nbsp;<\/p>\n","protected":false},"author":21,"featured_media":6942,"menu_order":0,"template":"","meta":{"_acf_changed":false,"inline_featured_image":false},"etiqueta":[],"tipus":[106],"topic":[113],"class_list":["post-4333","noticia","type-noticia","status-publish","has-post-thumbnail","hentry","tipus-dpd-salud","topic-transformacion-digital"],"acf":{"imatge":6944,"autor":"TIC Salut Social"},"yoast_head":"<!-- This site is optimized with the Yoast SEO plugin v27.1.1 - https:\/\/yoast.com\/product\/yoast-seo-wordpress\/ -->\n<title>Estrategia europea, datos e inteligencia artificial - Fundaci\u00f3 TIC Salut i Social<\/title>\n<meta name=\"robots\" content=\"index, follow, max-snippet:-1, max-image-preview:large, max-video-preview:-1\" \/>\n<link rel=\"canonical\" href=\"https:\/\/ticsalutsocial.atoom.space\/es\/noticia\/estrategia-europea-datos-e-inteligencia-artificial\/\" \/>\n<meta property=\"og:locale\" content=\"es_ES\" \/>\n<meta property=\"og:type\" content=\"article\" \/>\n<meta property=\"og:title\" content=\"Estrategia europea, datos e inteligencia artificial - Fundaci\u00f3 TIC Salut i Social\" \/>\n<meta property=\"og:description\" content=\"Desde 2014, la Comisi\u00f3n Europea ha hecho una serie de pasos para facilitar el desarrollo de una econom\u00eda \u00e1gil en el manejo de los datos, como el Reglamento sobre la libre circulaci\u00f3n de datos no personales, la norma sobre ciberseguridad, la Directiva sobre los datos abiertos y el Reglamento General de Protecci\u00f3n de Datos.Enl 2018, [&hellip;]\" \/>\n<meta property=\"og:url\" content=\"https:\/\/ticsalutsocial.atoom.space\/es\/noticia\/estrategia-europea-datos-e-inteligencia-artificial\/\" \/>\n<meta property=\"og:site_name\" content=\"Fundaci\u00f3 TIC Salut i Social\" \/>\n<meta property=\"article:modified_time\" content=\"2021-07-21T13:45:27+00:00\" \/>\n<meta property=\"og:image\" content=\"https:\/\/ticsalutsocial.atoom.space\/wp-content\/uploads\/2020\/03\/maarten-van-den-heuvel-_pc8ambi9uq-unsplash-scaled.jpg\" \/>\n\t<meta property=\"og:image:width\" content=\"2560\" \/>\n\t<meta property=\"og:image:height\" content=\"1707\" \/>\n\t<meta property=\"og:image:type\" content=\"image\/jpeg\" \/>\n<meta name=\"twitter:card\" content=\"summary_large_image\" \/>\n<meta name=\"twitter:label1\" content=\"Tiempo de lectura\" \/>\n\t<meta name=\"twitter:data1\" content=\"3 minutos\" \/>\n<script type=\"application\/ld+json\" class=\"yoast-schema-graph\">{\"@context\":\"https:\/\/schema.org\",\"@graph\":[{\"@type\":\"WebPage\",\"@id\":\"https:\/\/ticsalutsocial.atoom.space\/es\/noticia\/estrategia-europea-datos-e-inteligencia-artificial\/\",\"url\":\"https:\/\/ticsalutsocial.atoom.space\/es\/noticia\/estrategia-europea-datos-e-inteligencia-artificial\/\",\"name\":\"Estrategia europea, datos e inteligencia artificial - Fundaci\u00f3 TIC Salut i Social\",\"isPartOf\":{\"@id\":\"https:\/\/ticsalutsocial.atoom.space\/es\/#website\"},\"primaryImageOfPage\":{\"@id\":\"https:\/\/ticsalutsocial.atoom.space\/es\/noticia\/estrategia-europea-datos-e-inteligencia-artificial\/#primaryimage\"},\"image\":{\"@id\":\"https:\/\/ticsalutsocial.atoom.space\/es\/noticia\/estrategia-europea-datos-e-inteligencia-artificial\/#primaryimage\"},\"thumbnailUrl\":\"https:\/\/ticsalutsocial.atoom.space\/wp-content\/uploads\/2020\/03\/maarten-van-den-heuvel-_pc8ambi9uq-unsplash-scaled.jpg\",\"datePublished\":\"2020-03-03T08:34:24+00:00\",\"dateModified\":\"2021-07-21T13:45:27+00:00\",\"breadcrumb\":{\"@id\":\"https:\/\/ticsalutsocial.atoom.space\/es\/noticia\/estrategia-europea-datos-e-inteligencia-artificial\/#breadcrumb\"},\"inLanguage\":\"es\",\"potentialAction\":[{\"@type\":\"ReadAction\",\"target\":[\"https:\/\/ticsalutsocial.atoom.space\/es\/noticia\/estrategia-europea-datos-e-inteligencia-artificial\/\"]}]},{\"@type\":\"ImageObject\",\"inLanguage\":\"es\",\"@id\":\"https:\/\/ticsalutsocial.atoom.space\/es\/noticia\/estrategia-europea-datos-e-inteligencia-artificial\/#primaryimage\",\"url\":\"https:\/\/ticsalutsocial.atoom.space\/wp-content\/uploads\/2020\/03\/maarten-van-den-heuvel-_pc8ambi9uq-unsplash-scaled.jpg\",\"contentUrl\":\"https:\/\/ticsalutsocial.atoom.space\/wp-content\/uploads\/2020\/03\/maarten-van-den-heuvel-_pc8ambi9uq-unsplash-scaled.jpg\",\"width\":2560,\"height\":1707},{\"@type\":\"BreadcrumbList\",\"@id\":\"https:\/\/ticsalutsocial.atoom.space\/es\/noticia\/estrategia-europea-datos-e-inteligencia-artificial\/#breadcrumb\",\"itemListElement\":[{\"@type\":\"ListItem\",\"position\":1,\"name\":\"Inici\",\"item\":\"https:\/\/ticsalutsocial.atoom.space\/es\/\"},{\"@type\":\"ListItem\",\"position\":2,\"name\":\"Estrategia europea, datos e inteligencia artificial\"}]},{\"@type\":\"WebSite\",\"@id\":\"https:\/\/ticsalutsocial.atoom.space\/es\/#website\",\"url\":\"https:\/\/ticsalutsocial.atoom.space\/es\/\",\"name\":\"Fundaci\u00f3 TIC Salut i Social\",\"description\":\"\",\"potentialAction\":[{\"@type\":\"SearchAction\",\"target\":{\"@type\":\"EntryPoint\",\"urlTemplate\":\"https:\/\/ticsalutsocial.atoom.space\/es\/?s={search_term_string}\"},\"query-input\":{\"@type\":\"PropertyValueSpecification\",\"valueRequired\":true,\"valueName\":\"search_term_string\"}}],\"inLanguage\":\"es\"}]}<\/script>\n<!-- \/ Yoast SEO plugin. -->","yoast_head_json":{"title":"Estrategia europea, datos e inteligencia artificial - Fundaci\u00f3 TIC Salut i Social","robots":{"index":"index","follow":"follow","max-snippet":"max-snippet:-1","max-image-preview":"max-image-preview:large","max-video-preview":"max-video-preview:-1"},"canonical":"https:\/\/ticsalutsocial.atoom.space\/es\/noticia\/estrategia-europea-datos-e-inteligencia-artificial\/","og_locale":"es_ES","og_type":"article","og_title":"Estrategia europea, datos e inteligencia artificial - Fundaci\u00f3 TIC Salut i Social","og_description":"Desde 2014, la Comisi\u00f3n Europea ha hecho una serie de pasos para facilitar el desarrollo de una econom\u00eda \u00e1gil en el manejo de los datos, como el Reglamento sobre la libre circulaci\u00f3n de datos no personales, la norma sobre ciberseguridad, la Directiva sobre los datos abiertos y el Reglamento General de Protecci\u00f3n de Datos.Enl 2018, [&hellip;]","og_url":"https:\/\/ticsalutsocial.atoom.space\/es\/noticia\/estrategia-europea-datos-e-inteligencia-artificial\/","og_site_name":"Fundaci\u00f3 TIC Salut i Social","article_modified_time":"2021-07-21T13:45:27+00:00","og_image":[{"width":2560,"height":1707,"url":"https:\/\/ticsalutsocial.atoom.space\/wp-content\/uploads\/2020\/03\/maarten-van-den-heuvel-_pc8ambi9uq-unsplash-scaled.jpg","type":"image\/jpeg"}],"twitter_card":"summary_large_image","twitter_misc":{"Tiempo de lectura":"3 minutos"},"schema":{"@context":"https:\/\/schema.org","@graph":[{"@type":"WebPage","@id":"https:\/\/ticsalutsocial.atoom.space\/es\/noticia\/estrategia-europea-datos-e-inteligencia-artificial\/","url":"https:\/\/ticsalutsocial.atoom.space\/es\/noticia\/estrategia-europea-datos-e-inteligencia-artificial\/","name":"Estrategia europea, datos e inteligencia artificial - Fundaci\u00f3 TIC Salut i Social","isPartOf":{"@id":"https:\/\/ticsalutsocial.atoom.space\/es\/#website"},"primaryImageOfPage":{"@id":"https:\/\/ticsalutsocial.atoom.space\/es\/noticia\/estrategia-europea-datos-e-inteligencia-artificial\/#primaryimage"},"image":{"@id":"https:\/\/ticsalutsocial.atoom.space\/es\/noticia\/estrategia-europea-datos-e-inteligencia-artificial\/#primaryimage"},"thumbnailUrl":"https:\/\/ticsalutsocial.atoom.space\/wp-content\/uploads\/2020\/03\/maarten-van-den-heuvel-_pc8ambi9uq-unsplash-scaled.jpg","datePublished":"2020-03-03T08:34:24+00:00","dateModified":"2021-07-21T13:45:27+00:00","breadcrumb":{"@id":"https:\/\/ticsalutsocial.atoom.space\/es\/noticia\/estrategia-europea-datos-e-inteligencia-artificial\/#breadcrumb"},"inLanguage":"es","potentialAction":[{"@type":"ReadAction","target":["https:\/\/ticsalutsocial.atoom.space\/es\/noticia\/estrategia-europea-datos-e-inteligencia-artificial\/"]}]},{"@type":"ImageObject","inLanguage":"es","@id":"https:\/\/ticsalutsocial.atoom.space\/es\/noticia\/estrategia-europea-datos-e-inteligencia-artificial\/#primaryimage","url":"https:\/\/ticsalutsocial.atoom.space\/wp-content\/uploads\/2020\/03\/maarten-van-den-heuvel-_pc8ambi9uq-unsplash-scaled.jpg","contentUrl":"https:\/\/ticsalutsocial.atoom.space\/wp-content\/uploads\/2020\/03\/maarten-van-den-heuvel-_pc8ambi9uq-unsplash-scaled.jpg","width":2560,"height":1707},{"@type":"BreadcrumbList","@id":"https:\/\/ticsalutsocial.atoom.space\/es\/noticia\/estrategia-europea-datos-e-inteligencia-artificial\/#breadcrumb","itemListElement":[{"@type":"ListItem","position":1,"name":"Inici","item":"https:\/\/ticsalutsocial.atoom.space\/es\/"},{"@type":"ListItem","position":2,"name":"Estrategia europea, datos e inteligencia artificial"}]},{"@type":"WebSite","@id":"https:\/\/ticsalutsocial.atoom.space\/es\/#website","url":"https:\/\/ticsalutsocial.atoom.space\/es\/","name":"Fundaci\u00f3 TIC Salut i Social","description":"","potentialAction":[{"@type":"SearchAction","target":{"@type":"EntryPoint","urlTemplate":"https:\/\/ticsalutsocial.atoom.space\/es\/?s={search_term_string}"},"query-input":{"@type":"PropertyValueSpecification","valueRequired":true,"valueName":"search_term_string"}}],"inLanguage":"es"}]}},"_links":{"self":[{"href":"https:\/\/ticsalutsocial.atoom.space\/es\/wp-json\/wp\/v2\/noticia\/4333","targetHints":{"allow":["GET"]}}],"collection":[{"href":"https:\/\/ticsalutsocial.atoom.space\/es\/wp-json\/wp\/v2\/noticia"}],"about":[{"href":"https:\/\/ticsalutsocial.atoom.space\/es\/wp-json\/wp\/v2\/types\/noticia"}],"author":[{"embeddable":true,"href":"https:\/\/ticsalutsocial.atoom.space\/es\/wp-json\/wp\/v2\/users\/21"}],"wp:featuredmedia":[{"embeddable":true,"href":"https:\/\/ticsalutsocial.atoom.space\/es\/wp-json\/wp\/v2\/media\/6942"}],"wp:attachment":[{"href":"https:\/\/ticsalutsocial.atoom.space\/es\/wp-json\/wp\/v2\/media?parent=4333"}],"wp:term":[{"taxonomy":"etiqueta","embeddable":true,"href":"https:\/\/ticsalutsocial.atoom.space\/es\/wp-json\/wp\/v2\/etiqueta?post=4333"},{"taxonomy":"tipus","embeddable":true,"href":"https:\/\/ticsalutsocial.atoom.space\/es\/wp-json\/wp\/v2\/tipus?post=4333"},{"taxonomy":"topic","embeddable":true,"href":"https:\/\/ticsalutsocial.atoom.space\/es\/wp-json\/wp\/v2\/topic?post=4333"}],"curies":[{"name":"wp","href":"https:\/\/api.w.org\/{rel}","templated":true}]}}