
{"id":4353,"date":"2020-03-09T13:26:16","date_gmt":"2020-03-09T11:26:16","guid":{"rendered":"https:\/\/ticsalutsocial.atoom.space\/?post_type=noticia&#038;p=4353"},"modified":"2021-07-21T15:45:38","modified_gmt":"2021-07-21T13:45:38","slug":"inforsalud-2020","status":"publish","type":"noticia","link":"https:\/\/ticsalutsocial.atoom.space\/es\/noticia\/inforsalud-2020\/","title":{"rendered":"Inforsalud 2020"},"content":{"rendered":"<p>Un a\u00f1o m\u00e1s, Madrid acoge el INFORSALUD2020 &#8211; XXIII Congreso Nacional de Inform\u00e1ticade la Salud 2020, organizado por la SociedadEspa\u00f1ola de Inform\u00e1tica en Salud (SEIS), que se ha celebrado los d\u00edas 3, 4 y 5 de marzo a Madrid, en las dependencias del NH CollectionEurobuilding. Este congreso acoge diferentes ponencias, mesas redondas y exposiciones de experiencias en el \u00e1mbito tecnol\u00f3gico y sanitario, y cada a\u00f1o representantes de diferentes regiones y sistemas sanitarios asisten para debatir la innovaci\u00f3n que nos espera en los pr\u00f3ximos a\u00f1os.<\/p>\n<p>La edici\u00f3n de este a\u00f1o, coincidiendo en plena crisis del COVID-19, se ha visto afectada por diferentes bajas de \u00faltima hora, debidas a acciones de prevenci\u00f3n recomendadas por diferentes autoridades sanitarias. No obstante, este hecho no ha impedido que el congreso se haya desarrollado con relativa normalidad, donde ha tenido cabida el intercambio de experiencias y conocimiento en el uso de las nuevas tecnolog\u00edas en salud.<\/p>\n<p>&nbsp;<\/p>\n<p><strong>\u201c\u00bfTenemos una estrategia para aprender de los datos?\u201d<\/strong><\/p>\n<p>Algunas de las ponencias destacadas han tratado temas como la gesti\u00f3n de los datos. El acceso, la gobernanza y la gesti\u00f3n de los datos su aspectos que hay que abordar cuando hablamos de mejorar los servicios sanitarios mediante los datos. Hacen falta bases de normalizaci\u00f3n y estructuraci\u00f3n para aprovechar el potencial de estos datos, garantizando siempre unos m\u00ednimos de seguridad y privacidad. Tambi\u00e9n se hace menci\u00f3n del papel de la industria en aspectos como la inteligencia artificial y el uso de los grandes datos en salud.<\/p>\n<p>&nbsp;<\/p>\n<p><strong>\u201c\u00bfCu\u00e1l es la flexibilidad de los sistemas sanitarios para incorporar la transformaci\u00f3n digital?\u201d<\/strong><\/p>\n<p>Otro aspecto tratado ha sido lo del liderazgo cl\u00ednico en la transformaci\u00f3n digital. En este sentido, se posa en valor el papel de diferentes colectivos implicados en la transformaci\u00f3n de procesos, y un cambio cultural ligado a la innovaci\u00f3n en equipos que cada vez su mes multe-disciplinarios. Hay que potenciar aquellos aspectos que influyen en la capacidad de integrar la innovaci\u00f3n en el proceso asistencial, como puede ser la connivencia de los diferentes niveles organizativos dentro de los proveedores sanitarios, la capacitaci\u00f3n del personal, la gesti\u00f3n del cambio, el marco legal, el marco de financiaci\u00f3n o la inclusi\u00f3n de la visi\u00f3n del paciente y los resultados en salud.<\/p>\n<p>&nbsp;<\/p>\n<p><strong>\u201c\u00bfC\u00f3mo gestionamos los sistemas de informaci\u00f3n y los datos en salud?\u201d<\/strong><\/p>\n<p>Tambi\u00e9n tuvo lugar un debate interesante sobre las TIC a la sombra, haciendo referencia a todos aquellos sistemas de informaci\u00f3n que surgen como respuesta a un proceso de innovaci\u00f3n sanitario, pero sin conocimiento por parte de los departamentos de sistemas, cosa que a\u00f1ade complejidad a la gesti\u00f3n de estos sistemas, la integraci\u00f3n, la protecci\u00f3n de datos y la escalabilidad. Tenemos ante el reto de facilitar la innovaci\u00f3n a trav\u00e9s de las TIC, a la vegada que regulamos el uso de datos yplataformas por la asistencia sanitaria.<\/p>\n<p>&nbsp;<\/p>\n<p><strong>\u201c\u00bfCu\u00e1l es el papel del paciente en la innovaci\u00f3n tecnol\u00f3gica?\u201d<\/strong><\/p>\n<p>Como punto cr\u00edtico del congreso, se propone hacer una reflexi\u00f3n sobre el papel del ciudadano en este nuevo paradigma de transformaci\u00f3n digital en la atenci\u00f3n sanitaria. A pesar de que cada vez la innovaci\u00f3n y la transformaci\u00f3n digital considera el paciente como punto clave, todav\u00eda existe un gran sesgo del foco de transformaci\u00f3n y dedicaci\u00f3n de esfuerzos en innovaci\u00f3n. La gran parte de los contenidos del congreso se ha focalizado en la mejora, gracias a las TIC, de las herramientas de los sistemas sanitarios, proveedores y profesionales de la salud por la realizaci\u00f3n de la pr\u00e1ctica asistencial, en detrimento de un enfoc m\u00e1s a prevenci\u00f3n, promoci\u00f3n de la salud, auto-gesti\u00f3n de la dolencia, u otros aspectos de co-responsabilidad entre el ciudadano y el sistema sanitario, as\u00ed como de herramientas por la toma de decisiones a nivel de definici\u00f3n de pol\u00edticas sanitarias y sociales. El actual paradigma de la salud basado en el dato, y apoyado en las herramientas digitales, requiere de un enfoque hol\u00edstico que considere al ciudadano, no como un elemento meramente pasivo que recibe atenci\u00f3n sanitaria, sino como un actor implicado, generador de datos y conocimiento sobre sus condiciones de salud (y las implicaciones que tiene en su calidad de vida). La combinaci\u00f3n de herramientas de auto gesti\u00f3n por el ciudadano, soluciones digitales que faciliten la tarea asistencial al profesional, y la definici\u00f3n de pol\u00edticas sanitarias con un mayor pes de la prevenci\u00f3n y promoci\u00f3n de la salud, pueden ser \u00fatiles para hacer frente a los retos actuales de la sociedad, siempre garantizando la seguridad y privacidad de los actores y sus datos. Para acabar, un agradecimiento a los organizadores del congreso y a todos los asistentes por los tres d\u00edas de intercambio de experiencias y conocimiento sobre este \u00e1mbito tanto interesante como es la transformaci\u00f3n digital y la inform\u00e1tica en salud. \u00a1Os esperamos a la pr\u00f3xima edici\u00f3n de 2021!<\/p>\n","protected":false},"author":21,"featured_media":4349,"menu_order":0,"template":"","meta":{"_acf_changed":false,"inline_featured_image":false},"etiqueta":[],"tipus":[],"topic":[121],"class_list":["post-4353","noticia","type-noticia","status-publish","has-post-thumbnail","hentry","topic-dpd-es"],"acf":{"imatge":4351,"autor":"Jes\u00fas Berd\u00fan"},"yoast_head":"<!-- This site is optimized with the Yoast SEO plugin v27.1.1 - https:\/\/yoast.com\/product\/yoast-seo-wordpress\/ -->\n<title>Inforsalud 2020 - Fundaci\u00f3 TIC Salut i Social<\/title>\n<meta name=\"robots\" content=\"index, follow, max-snippet:-1, max-image-preview:large, max-video-preview:-1\" \/>\n<link rel=\"canonical\" href=\"https:\/\/ticsalutsocial.atoom.space\/es\/noticia\/inforsalud-2020\/\" \/>\n<meta property=\"og:locale\" content=\"es_ES\" \/>\n<meta property=\"og:type\" content=\"article\" \/>\n<meta property=\"og:title\" content=\"Inforsalud 2020 - Fundaci\u00f3 TIC Salut i Social\" \/>\n<meta property=\"og:description\" content=\"Un a\u00f1o m\u00e1s, Madrid acoge el INFORSALUD2020 &#8211; XXIII Congreso Nacional de Inform\u00e1ticade la Salud 2020, organizado por la SociedadEspa\u00f1ola de Inform\u00e1tica en Salud (SEIS), que se ha celebrado los d\u00edas 3, 4 y 5 de marzo a Madrid, en las dependencias del NH CollectionEurobuilding. Este congreso acoge diferentes ponencias, mesas redondas y exposiciones de [&hellip;]\" \/>\n<meta property=\"og:url\" content=\"https:\/\/ticsalutsocial.atoom.space\/es\/noticia\/inforsalud-2020\/\" \/>\n<meta property=\"og:site_name\" content=\"Fundaci\u00f3 TIC Salut i Social\" \/>\n<meta property=\"article:modified_time\" content=\"2021-07-21T13:45:38+00:00\" \/>\n<meta property=\"og:image\" content=\"https:\/\/ticsalutsocial.atoom.space\/wp-content\/uploads\/2020\/03\/nasa-hi5dx2obas-unsplash-scaled.jpg\" \/>\n\t<meta property=\"og:image:width\" content=\"2560\" \/>\n\t<meta property=\"og:image:height\" content=\"1231\" \/>\n\t<meta property=\"og:image:type\" content=\"image\/jpeg\" \/>\n<meta name=\"twitter:card\" content=\"summary_large_image\" \/>\n<meta name=\"twitter:label1\" content=\"Tiempo de lectura\" \/>\n\t<meta name=\"twitter:data1\" content=\"4 minutos\" \/>\n<script type=\"application\/ld+json\" class=\"yoast-schema-graph\">{\"@context\":\"https:\/\/schema.org\",\"@graph\":[{\"@type\":\"WebPage\",\"@id\":\"https:\/\/ticsalutsocial.atoom.space\/es\/noticia\/inforsalud-2020\/\",\"url\":\"https:\/\/ticsalutsocial.atoom.space\/es\/noticia\/inforsalud-2020\/\",\"name\":\"Inforsalud 2020 - Fundaci\u00f3 TIC Salut i Social\",\"isPartOf\":{\"@id\":\"https:\/\/ticsalutsocial.atoom.space\/es\/#website\"},\"primaryImageOfPage\":{\"@id\":\"https:\/\/ticsalutsocial.atoom.space\/es\/noticia\/inforsalud-2020\/#primaryimage\"},\"image\":{\"@id\":\"https:\/\/ticsalutsocial.atoom.space\/es\/noticia\/inforsalud-2020\/#primaryimage\"},\"thumbnailUrl\":\"https:\/\/ticsalutsocial.atoom.space\/wp-content\/uploads\/2020\/03\/nasa-hi5dx2obas-unsplash-scaled.jpg\",\"datePublished\":\"2020-03-09T11:26:16+00:00\",\"dateModified\":\"2021-07-21T13:45:38+00:00\",\"breadcrumb\":{\"@id\":\"https:\/\/ticsalutsocial.atoom.space\/es\/noticia\/inforsalud-2020\/#breadcrumb\"},\"inLanguage\":\"es\",\"potentialAction\":[{\"@type\":\"ReadAction\",\"target\":[\"https:\/\/ticsalutsocial.atoom.space\/es\/noticia\/inforsalud-2020\/\"]}]},{\"@type\":\"ImageObject\",\"inLanguage\":\"es\",\"@id\":\"https:\/\/ticsalutsocial.atoom.space\/es\/noticia\/inforsalud-2020\/#primaryimage\",\"url\":\"https:\/\/ticsalutsocial.atoom.space\/wp-content\/uploads\/2020\/03\/nasa-hi5dx2obas-unsplash-scaled.jpg\",\"contentUrl\":\"https:\/\/ticsalutsocial.atoom.space\/wp-content\/uploads\/2020\/03\/nasa-hi5dx2obas-unsplash-scaled.jpg\",\"width\":2560,\"height\":1231},{\"@type\":\"BreadcrumbList\",\"@id\":\"https:\/\/ticsalutsocial.atoom.space\/es\/noticia\/inforsalud-2020\/#breadcrumb\",\"itemListElement\":[{\"@type\":\"ListItem\",\"position\":1,\"name\":\"Inici\",\"item\":\"https:\/\/ticsalutsocial.atoom.space\/es\/\"},{\"@type\":\"ListItem\",\"position\":2,\"name\":\"Inforsalud 2020\"}]},{\"@type\":\"WebSite\",\"@id\":\"https:\/\/ticsalutsocial.atoom.space\/es\/#website\",\"url\":\"https:\/\/ticsalutsocial.atoom.space\/es\/\",\"name\":\"Fundaci\u00f3 TIC Salut i Social\",\"description\":\"\",\"potentialAction\":[{\"@type\":\"SearchAction\",\"target\":{\"@type\":\"EntryPoint\",\"urlTemplate\":\"https:\/\/ticsalutsocial.atoom.space\/es\/?s={search_term_string}\"},\"query-input\":{\"@type\":\"PropertyValueSpecification\",\"valueRequired\":true,\"valueName\":\"search_term_string\"}}],\"inLanguage\":\"es\"}]}<\/script>\n<!-- \/ Yoast SEO plugin. -->","yoast_head_json":{"title":"Inforsalud 2020 - Fundaci\u00f3 TIC Salut i Social","robots":{"index":"index","follow":"follow","max-snippet":"max-snippet:-1","max-image-preview":"max-image-preview:large","max-video-preview":"max-video-preview:-1"},"canonical":"https:\/\/ticsalutsocial.atoom.space\/es\/noticia\/inforsalud-2020\/","og_locale":"es_ES","og_type":"article","og_title":"Inforsalud 2020 - Fundaci\u00f3 TIC Salut i Social","og_description":"Un a\u00f1o m\u00e1s, Madrid acoge el INFORSALUD2020 &#8211; XXIII Congreso Nacional de Inform\u00e1ticade la Salud 2020, organizado por la SociedadEspa\u00f1ola de Inform\u00e1tica en Salud (SEIS), que se ha celebrado los d\u00edas 3, 4 y 5 de marzo a Madrid, en las dependencias del NH CollectionEurobuilding. Este congreso acoge diferentes ponencias, mesas redondas y exposiciones de [&hellip;]","og_url":"https:\/\/ticsalutsocial.atoom.space\/es\/noticia\/inforsalud-2020\/","og_site_name":"Fundaci\u00f3 TIC Salut i Social","article_modified_time":"2021-07-21T13:45:38+00:00","og_image":[{"width":2560,"height":1231,"url":"https:\/\/ticsalutsocial.atoom.space\/wp-content\/uploads\/2020\/03\/nasa-hi5dx2obas-unsplash-scaled.jpg","type":"image\/jpeg"}],"twitter_card":"summary_large_image","twitter_misc":{"Tiempo de lectura":"4 minutos"},"schema":{"@context":"https:\/\/schema.org","@graph":[{"@type":"WebPage","@id":"https:\/\/ticsalutsocial.atoom.space\/es\/noticia\/inforsalud-2020\/","url":"https:\/\/ticsalutsocial.atoom.space\/es\/noticia\/inforsalud-2020\/","name":"Inforsalud 2020 - Fundaci\u00f3 TIC Salut i Social","isPartOf":{"@id":"https:\/\/ticsalutsocial.atoom.space\/es\/#website"},"primaryImageOfPage":{"@id":"https:\/\/ticsalutsocial.atoom.space\/es\/noticia\/inforsalud-2020\/#primaryimage"},"image":{"@id":"https:\/\/ticsalutsocial.atoom.space\/es\/noticia\/inforsalud-2020\/#primaryimage"},"thumbnailUrl":"https:\/\/ticsalutsocial.atoom.space\/wp-content\/uploads\/2020\/03\/nasa-hi5dx2obas-unsplash-scaled.jpg","datePublished":"2020-03-09T11:26:16+00:00","dateModified":"2021-07-21T13:45:38+00:00","breadcrumb":{"@id":"https:\/\/ticsalutsocial.atoom.space\/es\/noticia\/inforsalud-2020\/#breadcrumb"},"inLanguage":"es","potentialAction":[{"@type":"ReadAction","target":["https:\/\/ticsalutsocial.atoom.space\/es\/noticia\/inforsalud-2020\/"]}]},{"@type":"ImageObject","inLanguage":"es","@id":"https:\/\/ticsalutsocial.atoom.space\/es\/noticia\/inforsalud-2020\/#primaryimage","url":"https:\/\/ticsalutsocial.atoom.space\/wp-content\/uploads\/2020\/03\/nasa-hi5dx2obas-unsplash-scaled.jpg","contentUrl":"https:\/\/ticsalutsocial.atoom.space\/wp-content\/uploads\/2020\/03\/nasa-hi5dx2obas-unsplash-scaled.jpg","width":2560,"height":1231},{"@type":"BreadcrumbList","@id":"https:\/\/ticsalutsocial.atoom.space\/es\/noticia\/inforsalud-2020\/#breadcrumb","itemListElement":[{"@type":"ListItem","position":1,"name":"Inici","item":"https:\/\/ticsalutsocial.atoom.space\/es\/"},{"@type":"ListItem","position":2,"name":"Inforsalud 2020"}]},{"@type":"WebSite","@id":"https:\/\/ticsalutsocial.atoom.space\/es\/#website","url":"https:\/\/ticsalutsocial.atoom.space\/es\/","name":"Fundaci\u00f3 TIC Salut i Social","description":"","potentialAction":[{"@type":"SearchAction","target":{"@type":"EntryPoint","urlTemplate":"https:\/\/ticsalutsocial.atoom.space\/es\/?s={search_term_string}"},"query-input":{"@type":"PropertyValueSpecification","valueRequired":true,"valueName":"search_term_string"}}],"inLanguage":"es"}]}},"_links":{"self":[{"href":"https:\/\/ticsalutsocial.atoom.space\/es\/wp-json\/wp\/v2\/noticia\/4353","targetHints":{"allow":["GET"]}}],"collection":[{"href":"https:\/\/ticsalutsocial.atoom.space\/es\/wp-json\/wp\/v2\/noticia"}],"about":[{"href":"https:\/\/ticsalutsocial.atoom.space\/es\/wp-json\/wp\/v2\/types\/noticia"}],"author":[{"embeddable":true,"href":"https:\/\/ticsalutsocial.atoom.space\/es\/wp-json\/wp\/v2\/users\/21"}],"wp:featuredmedia":[{"embeddable":true,"href":"https:\/\/ticsalutsocial.atoom.space\/es\/wp-json\/wp\/v2\/media\/4349"}],"wp:attachment":[{"href":"https:\/\/ticsalutsocial.atoom.space\/es\/wp-json\/wp\/v2\/media?parent=4353"}],"wp:term":[{"taxonomy":"etiqueta","embeddable":true,"href":"https:\/\/ticsalutsocial.atoom.space\/es\/wp-json\/wp\/v2\/etiqueta?post=4353"},{"taxonomy":"tipus","embeddable":true,"href":"https:\/\/ticsalutsocial.atoom.space\/es\/wp-json\/wp\/v2\/tipus?post=4353"},{"taxonomy":"topic","embeddable":true,"href":"https:\/\/ticsalutsocial.atoom.space\/es\/wp-json\/wp\/v2\/topic?post=4353"}],"curies":[{"name":"wp","href":"https:\/\/api.w.org\/{rel}","templated":true}]}}