
{"id":4358,"date":"2020-03-11T12:37:38","date_gmt":"2020-03-11T10:37:38","guid":{"rendered":"https:\/\/ticsalutsocial.atoom.space\/?post_type=noticia&#038;p=4358"},"modified":"2021-07-21T15:45:40","modified_gmt":"2021-07-21T13:45:40","slug":"aplazada-la-celebracion-del-mapa-de-tendencias-2020","status":"publish","type":"noticia","link":"https:\/\/ticsalutsocial.atoom.space\/es\/noticia\/aplazada-la-celebracion-del-mapa-de-tendencias-2020\/","title":{"rendered":"Aplazada la celebraci\u00f3n del Mapa de Tendencias 2020"},"content":{"rendered":"<p>Siguiendo las indicaciones de Salud y las medidas que se est\u00e1n tomando en este escenario de contenci\u00f3n del coronavirus SARS-CoV-2 en Catalu\u00f1a, en las que se insta a la <em>\u00absuspensi\u00f3n de congresos y jornadas para profesionales sanitarios que sean de car\u00e1cter presencial\u00bb<\/em>, desde la Fundaci\u00f3 TIC Salut Social hemos decidido aplazar la celebraci\u00f3n de la <a href=\"https:\/\/ticsalutsocial.atoom.space\/es\/actualitat\/mapa-de-tendencies-2020\/\">jornada Mapa de Tendencias<\/a> con fecha a d\u00eda 26 de marzo.<\/p>\n<p>Todas las personas inscritas previamente a la jornada tendr\u00e1n preferencia de acceso una vez se abran las inscripciones para la nueva fecha, a\u00fan por definir.<\/p>\n<p>Agradecemos la comprensi\u00f3n durante estos d\u00edas de excepcionalidad.<\/p>\n<p>Os mantendremos informados.<\/p>\n","protected":false},"author":21,"featured_media":4355,"menu_order":0,"template":"","meta":{"_acf_changed":false,"inline_featured_image":false},"etiqueta":[],"tipus":[],"topic":[121,123],"class_list":["post-4358","noticia","type-noticia","status-publish","has-post-thumbnail","hentry","topic-dpd-es","topic-actualidad"],"acf":{"imatge":4357,"autor":"TIC Salut Social"},"yoast_head":"<!-- This site is optimized with the Yoast SEO plugin v27.1.1 - https:\/\/yoast.com\/product\/yoast-seo-wordpress\/ -->\n<title>Aplazada la celebraci\u00f3n del Mapa de Tendencias 2020 - Fundaci\u00f3 TIC Salut i Social<\/title>\n<meta name=\"robots\" content=\"index, follow, max-snippet:-1, max-image-preview:large, max-video-preview:-1\" \/>\n<link rel=\"canonical\" href=\"https:\/\/ticsalutsocial.atoom.space\/es\/noticia\/aplazada-la-celebracion-del-mapa-de-tendencias-2020\/\" \/>\n<meta property=\"og:locale\" content=\"es_ES\" \/>\n<meta property=\"og:type\" content=\"article\" \/>\n<meta property=\"og:title\" content=\"Aplazada la celebraci\u00f3n del Mapa de Tendencias 2020 - Fundaci\u00f3 TIC Salut i Social\" \/>\n<meta property=\"og:description\" content=\"Siguiendo las indicaciones de Salud y las medidas que se est\u00e1n tomando en este escenario de contenci\u00f3n del coronavirus SARS-CoV-2 en Catalu\u00f1a, en las que se insta a la \u00absuspensi\u00f3n de congresos y jornadas para profesionales sanitarios que sean de car\u00e1cter presencial\u00bb, desde la Fundaci\u00f3 TIC Salut Social hemos decidido aplazar la celebraci\u00f3n de la [&hellip;]\" \/>\n<meta property=\"og:url\" content=\"https:\/\/ticsalutsocial.atoom.space\/es\/noticia\/aplazada-la-celebracion-del-mapa-de-tendencias-2020\/\" \/>\n<meta property=\"og:site_name\" content=\"Fundaci\u00f3 TIC Salut i Social\" \/>\n<meta property=\"article:modified_time\" content=\"2021-07-21T13:45:40+00:00\" \/>\n<meta property=\"og:image\" content=\"https:\/\/ticsalutsocial.atoom.space\/wp-content\/uploads\/2020\/03\/capturaes.png\" \/>\n\t<meta property=\"og:image:width\" content=\"642\" \/>\n\t<meta property=\"og:image:height\" content=\"352\" \/>\n\t<meta property=\"og:image:type\" content=\"image\/png\" \/>\n<meta name=\"twitter:card\" content=\"summary_large_image\" \/>\n<meta name=\"twitter:label1\" content=\"Tiempo de lectura\" \/>\n\t<meta name=\"twitter:data1\" content=\"1 minuto\" \/>\n<script type=\"application\/ld+json\" class=\"yoast-schema-graph\">{\"@context\":\"https:\/\/schema.org\",\"@graph\":[{\"@type\":\"WebPage\",\"@id\":\"https:\/\/ticsalutsocial.atoom.space\/es\/noticia\/aplazada-la-celebracion-del-mapa-de-tendencias-2020\/\",\"url\":\"https:\/\/ticsalutsocial.atoom.space\/es\/noticia\/aplazada-la-celebracion-del-mapa-de-tendencias-2020\/\",\"name\":\"Aplazada la celebraci\u00f3n del Mapa de Tendencias 2020 - Fundaci\u00f3 TIC Salut i Social\",\"isPartOf\":{\"@id\":\"https:\/\/ticsalutsocial.atoom.space\/es\/#website\"},\"primaryImageOfPage\":{\"@id\":\"https:\/\/ticsalutsocial.atoom.space\/es\/noticia\/aplazada-la-celebracion-del-mapa-de-tendencias-2020\/#primaryimage\"},\"image\":{\"@id\":\"https:\/\/ticsalutsocial.atoom.space\/es\/noticia\/aplazada-la-celebracion-del-mapa-de-tendencias-2020\/#primaryimage\"},\"thumbnailUrl\":\"https:\/\/ticsalutsocial.atoom.space\/wp-content\/uploads\/2020\/03\/capturaes.png\",\"datePublished\":\"2020-03-11T10:37:38+00:00\",\"dateModified\":\"2021-07-21T13:45:40+00:00\",\"breadcrumb\":{\"@id\":\"https:\/\/ticsalutsocial.atoom.space\/es\/noticia\/aplazada-la-celebracion-del-mapa-de-tendencias-2020\/#breadcrumb\"},\"inLanguage\":\"es\",\"potentialAction\":[{\"@type\":\"ReadAction\",\"target\":[\"https:\/\/ticsalutsocial.atoom.space\/es\/noticia\/aplazada-la-celebracion-del-mapa-de-tendencias-2020\/\"]}]},{\"@type\":\"ImageObject\",\"inLanguage\":\"es\",\"@id\":\"https:\/\/ticsalutsocial.atoom.space\/es\/noticia\/aplazada-la-celebracion-del-mapa-de-tendencias-2020\/#primaryimage\",\"url\":\"https:\/\/ticsalutsocial.atoom.space\/wp-content\/uploads\/2020\/03\/capturaes.png\",\"contentUrl\":\"https:\/\/ticsalutsocial.atoom.space\/wp-content\/uploads\/2020\/03\/capturaes.png\",\"width\":642,\"height\":352},{\"@type\":\"BreadcrumbList\",\"@id\":\"https:\/\/ticsalutsocial.atoom.space\/es\/noticia\/aplazada-la-celebracion-del-mapa-de-tendencias-2020\/#breadcrumb\",\"itemListElement\":[{\"@type\":\"ListItem\",\"position\":1,\"name\":\"Inici\",\"item\":\"https:\/\/ticsalutsocial.atoom.space\/es\/\"},{\"@type\":\"ListItem\",\"position\":2,\"name\":\"Aplazada la celebraci\u00f3n del Mapa de Tendencias 2020\"}]},{\"@type\":\"WebSite\",\"@id\":\"https:\/\/ticsalutsocial.atoom.space\/es\/#website\",\"url\":\"https:\/\/ticsalutsocial.atoom.space\/es\/\",\"name\":\"Fundaci\u00f3 TIC Salut i Social\",\"description\":\"\",\"potentialAction\":[{\"@type\":\"SearchAction\",\"target\":{\"@type\":\"EntryPoint\",\"urlTemplate\":\"https:\/\/ticsalutsocial.atoom.space\/es\/?s={search_term_string}\"},\"query-input\":{\"@type\":\"PropertyValueSpecification\",\"valueRequired\":true,\"valueName\":\"search_term_string\"}}],\"inLanguage\":\"es\"}]}<\/script>\n<!-- \/ Yoast SEO plugin. -->","yoast_head_json":{"title":"Aplazada la celebraci\u00f3n del Mapa de Tendencias 2020 - Fundaci\u00f3 TIC Salut i Social","robots":{"index":"index","follow":"follow","max-snippet":"max-snippet:-1","max-image-preview":"max-image-preview:large","max-video-preview":"max-video-preview:-1"},"canonical":"https:\/\/ticsalutsocial.atoom.space\/es\/noticia\/aplazada-la-celebracion-del-mapa-de-tendencias-2020\/","og_locale":"es_ES","og_type":"article","og_title":"Aplazada la celebraci\u00f3n del Mapa de Tendencias 2020 - Fundaci\u00f3 TIC Salut i Social","og_description":"Siguiendo las indicaciones de Salud y las medidas que se est\u00e1n tomando en este escenario de contenci\u00f3n del coronavirus SARS-CoV-2 en Catalu\u00f1a, en las que se insta a la \u00absuspensi\u00f3n de congresos y jornadas para profesionales sanitarios que sean de car\u00e1cter presencial\u00bb, desde la Fundaci\u00f3 TIC Salut Social hemos decidido aplazar la celebraci\u00f3n de la [&hellip;]","og_url":"https:\/\/ticsalutsocial.atoom.space\/es\/noticia\/aplazada-la-celebracion-del-mapa-de-tendencias-2020\/","og_site_name":"Fundaci\u00f3 TIC Salut i Social","article_modified_time":"2021-07-21T13:45:40+00:00","og_image":[{"width":642,"height":352,"url":"https:\/\/ticsalutsocial.atoom.space\/wp-content\/uploads\/2020\/03\/capturaes.png","type":"image\/png"}],"twitter_card":"summary_large_image","twitter_misc":{"Tiempo de lectura":"1 minuto"},"schema":{"@context":"https:\/\/schema.org","@graph":[{"@type":"WebPage","@id":"https:\/\/ticsalutsocial.atoom.space\/es\/noticia\/aplazada-la-celebracion-del-mapa-de-tendencias-2020\/","url":"https:\/\/ticsalutsocial.atoom.space\/es\/noticia\/aplazada-la-celebracion-del-mapa-de-tendencias-2020\/","name":"Aplazada la celebraci\u00f3n del Mapa de Tendencias 2020 - Fundaci\u00f3 TIC Salut i Social","isPartOf":{"@id":"https:\/\/ticsalutsocial.atoom.space\/es\/#website"},"primaryImageOfPage":{"@id":"https:\/\/ticsalutsocial.atoom.space\/es\/noticia\/aplazada-la-celebracion-del-mapa-de-tendencias-2020\/#primaryimage"},"image":{"@id":"https:\/\/ticsalutsocial.atoom.space\/es\/noticia\/aplazada-la-celebracion-del-mapa-de-tendencias-2020\/#primaryimage"},"thumbnailUrl":"https:\/\/ticsalutsocial.atoom.space\/wp-content\/uploads\/2020\/03\/capturaes.png","datePublished":"2020-03-11T10:37:38+00:00","dateModified":"2021-07-21T13:45:40+00:00","breadcrumb":{"@id":"https:\/\/ticsalutsocial.atoom.space\/es\/noticia\/aplazada-la-celebracion-del-mapa-de-tendencias-2020\/#breadcrumb"},"inLanguage":"es","potentialAction":[{"@type":"ReadAction","target":["https:\/\/ticsalutsocial.atoom.space\/es\/noticia\/aplazada-la-celebracion-del-mapa-de-tendencias-2020\/"]}]},{"@type":"ImageObject","inLanguage":"es","@id":"https:\/\/ticsalutsocial.atoom.space\/es\/noticia\/aplazada-la-celebracion-del-mapa-de-tendencias-2020\/#primaryimage","url":"https:\/\/ticsalutsocial.atoom.space\/wp-content\/uploads\/2020\/03\/capturaes.png","contentUrl":"https:\/\/ticsalutsocial.atoom.space\/wp-content\/uploads\/2020\/03\/capturaes.png","width":642,"height":352},{"@type":"BreadcrumbList","@id":"https:\/\/ticsalutsocial.atoom.space\/es\/noticia\/aplazada-la-celebracion-del-mapa-de-tendencias-2020\/#breadcrumb","itemListElement":[{"@type":"ListItem","position":1,"name":"Inici","item":"https:\/\/ticsalutsocial.atoom.space\/es\/"},{"@type":"ListItem","position":2,"name":"Aplazada la celebraci\u00f3n del Mapa de Tendencias 2020"}]},{"@type":"WebSite","@id":"https:\/\/ticsalutsocial.atoom.space\/es\/#website","url":"https:\/\/ticsalutsocial.atoom.space\/es\/","name":"Fundaci\u00f3 TIC Salut i Social","description":"","potentialAction":[{"@type":"SearchAction","target":{"@type":"EntryPoint","urlTemplate":"https:\/\/ticsalutsocial.atoom.space\/es\/?s={search_term_string}"},"query-input":{"@type":"PropertyValueSpecification","valueRequired":true,"valueName":"search_term_string"}}],"inLanguage":"es"}]}},"_links":{"self":[{"href":"https:\/\/ticsalutsocial.atoom.space\/es\/wp-json\/wp\/v2\/noticia\/4358","targetHints":{"allow":["GET"]}}],"collection":[{"href":"https:\/\/ticsalutsocial.atoom.space\/es\/wp-json\/wp\/v2\/noticia"}],"about":[{"href":"https:\/\/ticsalutsocial.atoom.space\/es\/wp-json\/wp\/v2\/types\/noticia"}],"author":[{"embeddable":true,"href":"https:\/\/ticsalutsocial.atoom.space\/es\/wp-json\/wp\/v2\/users\/21"}],"wp:featuredmedia":[{"embeddable":true,"href":"https:\/\/ticsalutsocial.atoom.space\/es\/wp-json\/wp\/v2\/media\/4355"}],"wp:attachment":[{"href":"https:\/\/ticsalutsocial.atoom.space\/es\/wp-json\/wp\/v2\/media?parent=4358"}],"wp:term":[{"taxonomy":"etiqueta","embeddable":true,"href":"https:\/\/ticsalutsocial.atoom.space\/es\/wp-json\/wp\/v2\/etiqueta?post=4358"},{"taxonomy":"tipus","embeddable":true,"href":"https:\/\/ticsalutsocial.atoom.space\/es\/wp-json\/wp\/v2\/tipus?post=4358"},{"taxonomy":"topic","embeddable":true,"href":"https:\/\/ticsalutsocial.atoom.space\/es\/wp-json\/wp\/v2\/topic?post=4358"}],"curies":[{"name":"wp","href":"https:\/\/api.w.org\/{rel}","templated":true}]}}