
{"id":4364,"date":"2020-03-15T00:03:56","date_gmt":"2020-03-14T22:03:56","guid":{"rendered":"https:\/\/ticsalutsocial.atoom.space\/?post_type=noticia&#038;p=4364"},"modified":"2021-07-21T15:45:42","modified_gmt":"2021-07-21T13:45:42","slug":"yomequedoencasa-medidas-de-contencion-del-covid-19","status":"publish","type":"noticia","link":"https:\/\/ticsalutsocial.atoom.space\/es\/noticia\/yomequedoencasa-medidas-de-contencion-del-covid-19\/","title":{"rendered":"#YoMeQuedoEnCasa \u2013 Medidas de contenci\u00f3n del COVID-19"},"content":{"rendered":"<p>Debido a la excepcional situaci\u00f3n epidemiol\u00f3gica que mantiene al pa\u00eds en situaci\u00f3n de alerta por motivos salud p\u00fablica a causa del Covid-19 o coronavirus y en cumplimiento de las recomendaciones indicadas por el <em>Departament de Salut<\/em> os informamos de los siguientes aspectos:<\/p>\n<p><strong>Teletrabajo<\/strong><\/p>\n<p>La <em>Fundaci\u00f3 TIC Salut Social<\/em> seguir\u00e1 desarrollando su actividad seg\u00fan en modalidad de trabajo remoto. El teletrabajo es una herramienta que utilizamos habitualmente y forma parte de nuestra cultura de trabajo. El pasado jueves 12 de marzo la Direcci\u00f3n de la Fundaci\u00f3n tom\u00f3 la decisi\u00f3n de aplicar esta modalidad de manera indefinida hasta recuperar la situaci\u00f3n de normalidad. Por este motivo, el equipo de <em>TIC Salut Social<\/em> mantendr\u00e1 su actividad sin hacer acto de presencia en su sede y seguir\u00e1 pendiente de\u00a0las novedades informativas.<br \/>\nPara cualquier contacto, el correo electr\u00f3nico ser\u00e1 el m\u00e9todo m\u00e1s eficiente. Para consultas generales, aconsejamos dirig\u00edos al correo <a href=\"mailto:info@ticsalutsocial.cat\" target=\"_blank\" rel=\"noopener noreferrer\">info@ticsalutsocial.cat<\/a> o consultar la secci\u00f3n &#8216;<a href=\"https:\/\/ticsalutsocial.atoom.space\/es\/nosotros\/equipo\/\" target=\"_blank\" rel=\"noopener noreferrer\">Nosotros_equipo<\/a>&#8216; de nuestra web.<\/p>\n<p><strong>Aplazamiento<\/strong><\/p>\n<p>Todas las jornadas, reuniones de trabajo y actos p\u00fablicos que impliquen presencia de profesionales sanitarios o de gesti\u00f3n quedan aplazados sin nueva fecha definida. En los casos que sea posible utilizar soluciones tecnol\u00f3gicas virtuales como la videoconferencia, los diferentes miembros del equipo contactar\u00e1n con las personas interesadas. Para los casos en que la presencialidad sea necesaria, la informaci\u00f3n de las nuevas fechas ser\u00e1 debidamente informada cuando sea posible.<\/p>\n<p><strong>Recomendaciones<\/strong><\/p>\n<p>Es importante seguir las indicaciones de los diferentes profesionales que integran el <em>Sistema de Salut de Cataluya<\/em> y del <em>Govern<\/em>. El confinamiento durante un periodo de dos semanas como prevenci\u00f3n para frenar la expansi\u00f3n del coronavirus es una medida eficiente:<\/p>\n<ul>\n<li>Reducir la vida social y no salir de casa excepto casos imprescindibles. Podemos comunicarnos con otras personas a trav\u00e9s de la opci\u00f3n de videollamada que ofrecen las diferentes plataformas de mensajer\u00eda m\u00f3vil.<\/li>\n<li>Reducir la movilidad y evitar desplazamientos que no sean estrictamente necesarios.<\/li>\n<li>Aunque nos encontremos bien, la emergencia por COVID-19 tambi\u00e9n nos afecta. Nuestras acciones pueden tener impacto en la vida y la salud de los dem\u00e1s.<\/li>\n<li>Pensar y actuar de manera colectiva, no individual. Aplicar sentido com\u00fan en la toma de decisiones y ser co-responsables del bienestar social colectivo.<\/li>\n<li>Seguir las medidas recomendadas y adapt\u00e9monos de la mejor manera posible: paciencia, asertividad, empat\u00eda y conciencia social.<\/li>\n<li>Confianza en los profesionales sanitarios, dej\u00e9mos que hagan su tarea. Disponemos de un <em>Sistema de Salut<\/em>\u00a0referente en Europa.<\/li>\n<li>Cuidar la higiene personal y hacer uso responsable de los recursos sanitarios.<\/li>\n<\/ul>\n<p>&nbsp;<\/p>\n<p>Para resolver otras dudas y consultar informaci\u00f3n fiable disponemos de\u00a0<a href=\"http:\/\/canalsalut.gencat.cat\/ca\/salut-a-z\/c\/coronavirus-2019-ncov\/actualitzacions\/index.html#googtrans(ca|es)\" target=\"_blank\" rel=\"noopener noreferrer\">Canal Salud<\/a> de la <em>Generalitat de Catalunya<\/em> o \u00a0la actualizaciones de <a href=\"https:\/\/www.who.int\/es\/emergencies\/diseases\/novel-coronavirus-2019\" target=\"_blank\" rel=\"noopener noreferrer\">Organizaci\u00f3n Mundial de la Salud.<\/a><\/p>\n","protected":false},"author":21,"featured_media":4361,"menu_order":0,"template":"","meta":{"_acf_changed":false,"inline_featured_image":false},"etiqueta":[],"tipus":[],"topic":[123],"class_list":["post-4364","noticia","type-noticia","status-publish","has-post-thumbnail","hentry","topic-actualidad"],"acf":{"imatge":4363,"autor":"TIC Salut Social","textos_destacats":[{"texte":"La Fundaci\u00f3n TIC Salut Social mantendr\u00e1 su actividad en modalidad de trabajo remoto"}]},"yoast_head":"<!-- This site is optimized with the Yoast SEO plugin v27.1.1 - https:\/\/yoast.com\/product\/yoast-seo-wordpress\/ -->\n<title>#YoMeQuedoEnCasa \u2013 Medidas de contenci\u00f3n del COVID-19 - Fundaci\u00f3 TIC Salut i Social<\/title>\n<meta name=\"robots\" content=\"index, follow, max-snippet:-1, max-image-preview:large, max-video-preview:-1\" \/>\n<link rel=\"canonical\" href=\"https:\/\/ticsalutsocial.atoom.space\/es\/noticia\/yomequedoencasa-medidas-de-contencion-del-covid-19\/\" \/>\n<meta property=\"og:locale\" content=\"es_ES\" \/>\n<meta property=\"og:type\" content=\"article\" \/>\n<meta property=\"og:title\" content=\"#YoMeQuedoEnCasa \u2013 Medidas de contenci\u00f3n del COVID-19 - Fundaci\u00f3 TIC Salut i Social\" \/>\n<meta property=\"og:description\" content=\"Debido a la excepcional situaci\u00f3n epidemiol\u00f3gica que mantiene al pa\u00eds en situaci\u00f3n de alerta por motivos salud p\u00fablica a causa del Covid-19 o coronavirus y en cumplimiento de las recomendaciones indicadas por el Departament de Salut os informamos de los siguientes aspectos: Teletrabajo La Fundaci\u00f3 TIC Salut Social seguir\u00e1 desarrollando su actividad seg\u00fan en modalidad [&hellip;]\" \/>\n<meta property=\"og:url\" content=\"https:\/\/ticsalutsocial.atoom.space\/es\/noticia\/yomequedoencasa-medidas-de-contencion-del-covid-19\/\" \/>\n<meta property=\"og:site_name\" content=\"Fundaci\u00f3 TIC Salut i Social\" \/>\n<meta property=\"article:modified_time\" content=\"2021-07-21T13:45:42+00:00\" \/>\n<meta property=\"og:image\" content=\"https:\/\/ticsalutsocial.atoom.space\/wp-content\/uploads\/2020\/03\/coronavirus.jpg\" \/>\n\t<meta property=\"og:image:width\" content=\"1920\" \/>\n\t<meta property=\"og:image:height\" content=\"1024\" \/>\n\t<meta property=\"og:image:type\" content=\"image\/jpeg\" \/>\n<meta name=\"twitter:card\" content=\"summary_large_image\" \/>\n<meta name=\"twitter:label1\" content=\"Tiempo de lectura\" \/>\n\t<meta name=\"twitter:data1\" content=\"2 minutos\" \/>\n<script type=\"application\/ld+json\" class=\"yoast-schema-graph\">{\"@context\":\"https:\/\/schema.org\",\"@graph\":[{\"@type\":\"WebPage\",\"@id\":\"https:\/\/ticsalutsocial.atoom.space\/es\/noticia\/yomequedoencasa-medidas-de-contencion-del-covid-19\/\",\"url\":\"https:\/\/ticsalutsocial.atoom.space\/es\/noticia\/yomequedoencasa-medidas-de-contencion-del-covid-19\/\",\"name\":\"#YoMeQuedoEnCasa \u2013 Medidas de contenci\u00f3n del COVID-19 - Fundaci\u00f3 TIC Salut i Social\",\"isPartOf\":{\"@id\":\"https:\/\/ticsalutsocial.atoom.space\/es\/#website\"},\"primaryImageOfPage\":{\"@id\":\"https:\/\/ticsalutsocial.atoom.space\/es\/noticia\/yomequedoencasa-medidas-de-contencion-del-covid-19\/#primaryimage\"},\"image\":{\"@id\":\"https:\/\/ticsalutsocial.atoom.space\/es\/noticia\/yomequedoencasa-medidas-de-contencion-del-covid-19\/#primaryimage\"},\"thumbnailUrl\":\"https:\/\/ticsalutsocial.atoom.space\/wp-content\/uploads\/2020\/03\/coronavirus.jpg\",\"datePublished\":\"2020-03-14T22:03:56+00:00\",\"dateModified\":\"2021-07-21T13:45:42+00:00\",\"breadcrumb\":{\"@id\":\"https:\/\/ticsalutsocial.atoom.space\/es\/noticia\/yomequedoencasa-medidas-de-contencion-del-covid-19\/#breadcrumb\"},\"inLanguage\":\"es\",\"potentialAction\":[{\"@type\":\"ReadAction\",\"target\":[\"https:\/\/ticsalutsocial.atoom.space\/es\/noticia\/yomequedoencasa-medidas-de-contencion-del-covid-19\/\"]}]},{\"@type\":\"ImageObject\",\"inLanguage\":\"es\",\"@id\":\"https:\/\/ticsalutsocial.atoom.space\/es\/noticia\/yomequedoencasa-medidas-de-contencion-del-covid-19\/#primaryimage\",\"url\":\"https:\/\/ticsalutsocial.atoom.space\/wp-content\/uploads\/2020\/03\/coronavirus.jpg\",\"contentUrl\":\"https:\/\/ticsalutsocial.atoom.space\/wp-content\/uploads\/2020\/03\/coronavirus.jpg\",\"width\":1920,\"height\":1024},{\"@type\":\"BreadcrumbList\",\"@id\":\"https:\/\/ticsalutsocial.atoom.space\/es\/noticia\/yomequedoencasa-medidas-de-contencion-del-covid-19\/#breadcrumb\",\"itemListElement\":[{\"@type\":\"ListItem\",\"position\":1,\"name\":\"Inici\",\"item\":\"https:\/\/ticsalutsocial.atoom.space\/es\/\"},{\"@type\":\"ListItem\",\"position\":2,\"name\":\"#YoMeQuedoEnCasa \u2013 Medidas de contenci\u00f3n del COVID-19\"}]},{\"@type\":\"WebSite\",\"@id\":\"https:\/\/ticsalutsocial.atoom.space\/es\/#website\",\"url\":\"https:\/\/ticsalutsocial.atoom.space\/es\/\",\"name\":\"Fundaci\u00f3 TIC Salut i Social\",\"description\":\"\",\"potentialAction\":[{\"@type\":\"SearchAction\",\"target\":{\"@type\":\"EntryPoint\",\"urlTemplate\":\"https:\/\/ticsalutsocial.atoom.space\/es\/?s={search_term_string}\"},\"query-input\":{\"@type\":\"PropertyValueSpecification\",\"valueRequired\":true,\"valueName\":\"search_term_string\"}}],\"inLanguage\":\"es\"}]}<\/script>\n<!-- \/ Yoast SEO plugin. -->","yoast_head_json":{"title":"#YoMeQuedoEnCasa \u2013 Medidas de contenci\u00f3n del COVID-19 - Fundaci\u00f3 TIC Salut i Social","robots":{"index":"index","follow":"follow","max-snippet":"max-snippet:-1","max-image-preview":"max-image-preview:large","max-video-preview":"max-video-preview:-1"},"canonical":"https:\/\/ticsalutsocial.atoom.space\/es\/noticia\/yomequedoencasa-medidas-de-contencion-del-covid-19\/","og_locale":"es_ES","og_type":"article","og_title":"#YoMeQuedoEnCasa \u2013 Medidas de contenci\u00f3n del COVID-19 - Fundaci\u00f3 TIC Salut i Social","og_description":"Debido a la excepcional situaci\u00f3n epidemiol\u00f3gica que mantiene al pa\u00eds en situaci\u00f3n de alerta por motivos salud p\u00fablica a causa del Covid-19 o coronavirus y en cumplimiento de las recomendaciones indicadas por el Departament de Salut os informamos de los siguientes aspectos: Teletrabajo La Fundaci\u00f3 TIC Salut Social seguir\u00e1 desarrollando su actividad seg\u00fan en modalidad [&hellip;]","og_url":"https:\/\/ticsalutsocial.atoom.space\/es\/noticia\/yomequedoencasa-medidas-de-contencion-del-covid-19\/","og_site_name":"Fundaci\u00f3 TIC Salut i Social","article_modified_time":"2021-07-21T13:45:42+00:00","og_image":[{"width":1920,"height":1024,"url":"https:\/\/ticsalutsocial.atoom.space\/wp-content\/uploads\/2020\/03\/coronavirus.jpg","type":"image\/jpeg"}],"twitter_card":"summary_large_image","twitter_misc":{"Tiempo de lectura":"2 minutos"},"schema":{"@context":"https:\/\/schema.org","@graph":[{"@type":"WebPage","@id":"https:\/\/ticsalutsocial.atoom.space\/es\/noticia\/yomequedoencasa-medidas-de-contencion-del-covid-19\/","url":"https:\/\/ticsalutsocial.atoom.space\/es\/noticia\/yomequedoencasa-medidas-de-contencion-del-covid-19\/","name":"#YoMeQuedoEnCasa \u2013 Medidas de contenci\u00f3n del COVID-19 - Fundaci\u00f3 TIC Salut i Social","isPartOf":{"@id":"https:\/\/ticsalutsocial.atoom.space\/es\/#website"},"primaryImageOfPage":{"@id":"https:\/\/ticsalutsocial.atoom.space\/es\/noticia\/yomequedoencasa-medidas-de-contencion-del-covid-19\/#primaryimage"},"image":{"@id":"https:\/\/ticsalutsocial.atoom.space\/es\/noticia\/yomequedoencasa-medidas-de-contencion-del-covid-19\/#primaryimage"},"thumbnailUrl":"https:\/\/ticsalutsocial.atoom.space\/wp-content\/uploads\/2020\/03\/coronavirus.jpg","datePublished":"2020-03-14T22:03:56+00:00","dateModified":"2021-07-21T13:45:42+00:00","breadcrumb":{"@id":"https:\/\/ticsalutsocial.atoom.space\/es\/noticia\/yomequedoencasa-medidas-de-contencion-del-covid-19\/#breadcrumb"},"inLanguage":"es","potentialAction":[{"@type":"ReadAction","target":["https:\/\/ticsalutsocial.atoom.space\/es\/noticia\/yomequedoencasa-medidas-de-contencion-del-covid-19\/"]}]},{"@type":"ImageObject","inLanguage":"es","@id":"https:\/\/ticsalutsocial.atoom.space\/es\/noticia\/yomequedoencasa-medidas-de-contencion-del-covid-19\/#primaryimage","url":"https:\/\/ticsalutsocial.atoom.space\/wp-content\/uploads\/2020\/03\/coronavirus.jpg","contentUrl":"https:\/\/ticsalutsocial.atoom.space\/wp-content\/uploads\/2020\/03\/coronavirus.jpg","width":1920,"height":1024},{"@type":"BreadcrumbList","@id":"https:\/\/ticsalutsocial.atoom.space\/es\/noticia\/yomequedoencasa-medidas-de-contencion-del-covid-19\/#breadcrumb","itemListElement":[{"@type":"ListItem","position":1,"name":"Inici","item":"https:\/\/ticsalutsocial.atoom.space\/es\/"},{"@type":"ListItem","position":2,"name":"#YoMeQuedoEnCasa \u2013 Medidas de contenci\u00f3n del COVID-19"}]},{"@type":"WebSite","@id":"https:\/\/ticsalutsocial.atoom.space\/es\/#website","url":"https:\/\/ticsalutsocial.atoom.space\/es\/","name":"Fundaci\u00f3 TIC Salut i Social","description":"","potentialAction":[{"@type":"SearchAction","target":{"@type":"EntryPoint","urlTemplate":"https:\/\/ticsalutsocial.atoom.space\/es\/?s={search_term_string}"},"query-input":{"@type":"PropertyValueSpecification","valueRequired":true,"valueName":"search_term_string"}}],"inLanguage":"es"}]}},"_links":{"self":[{"href":"https:\/\/ticsalutsocial.atoom.space\/es\/wp-json\/wp\/v2\/noticia\/4364","targetHints":{"allow":["GET"]}}],"collection":[{"href":"https:\/\/ticsalutsocial.atoom.space\/es\/wp-json\/wp\/v2\/noticia"}],"about":[{"href":"https:\/\/ticsalutsocial.atoom.space\/es\/wp-json\/wp\/v2\/types\/noticia"}],"author":[{"embeddable":true,"href":"https:\/\/ticsalutsocial.atoom.space\/es\/wp-json\/wp\/v2\/users\/21"}],"wp:featuredmedia":[{"embeddable":true,"href":"https:\/\/ticsalutsocial.atoom.space\/es\/wp-json\/wp\/v2\/media\/4361"}],"wp:attachment":[{"href":"https:\/\/ticsalutsocial.atoom.space\/es\/wp-json\/wp\/v2\/media?parent=4364"}],"wp:term":[{"taxonomy":"etiqueta","embeddable":true,"href":"https:\/\/ticsalutsocial.atoom.space\/es\/wp-json\/wp\/v2\/etiqueta?post=4364"},{"taxonomy":"tipus","embeddable":true,"href":"https:\/\/ticsalutsocial.atoom.space\/es\/wp-json\/wp\/v2\/tipus?post=4364"},{"taxonomy":"topic","embeddable":true,"href":"https:\/\/ticsalutsocial.atoom.space\/es\/wp-json\/wp\/v2\/topic?post=4364"}],"curies":[{"name":"wp","href":"https:\/\/api.w.org\/{rel}","templated":true}]}}