
{"id":4370,"date":"2020-03-19T11:43:21","date_gmt":"2020-03-19T09:43:21","guid":{"rendered":"https:\/\/ticsalutsocial.atoom.space\/?post_type=noticia&#038;p=4370"},"modified":"2021-07-21T15:45:45","modified_gmt":"2021-07-21T13:45:45","slug":"tratamiento-de-datos-resultantes-de-la-situacion-derivada-del-covid-19","status":"publish","type":"noticia","link":"https:\/\/ticsalutsocial.atoom.space\/es\/noticia\/tratamiento-de-datos-resultantes-de-la-situacion-derivada-del-covid-19\/","title":{"rendered":"Tratamiento de datos resultantes de la situaci\u00f3n derivada del COVID-19"},"content":{"rendered":"<p>La Agencia Espa\u00f1ola de Protecci\u00f3n de Datos public\u00f3 el pasado d\u00eda 03\/12\/2020 un informe sobre los tratamientos de datos en relaci\u00f3n al COVID-19. El RGPD, que contiene las reglas necesarias para permitir leg\u00edtimamente el tratamiento de datos personales en situaciones de emergencia sanitaria de alcance general. En consecuencia, seg\u00fan recoge el informe, la protecci\u00f3n de datos no deber\u00eda de ser un obst\u00e1culo.<\/p>\n<blockquote><p>En situaci\u00f3n de emergencia sanitaria como la actual, la protecci\u00f3n de datos no deber\u00eda ser un obst\u00e1culo.<\/p><\/blockquote>\n<p>El RGPD permite el tratamiento de datos personales de salud sin el consentimiento del interesado en situaciones de inter\u00e9s p\u00fablico en el \u00e1mbito de la salud p\u00fablica. En \u00e9ste, el RGPD contiene las reglas necesarias para permitir leg\u00edtimamente el tratamiento de datos personales en situaciones de emergencia sanitaria. En consecuencia, seg\u00fan recoge el informe, la protecci\u00f3n de datos no debe limitar la efectividad de las medidas que se adopten por parte de las autoridades p\u00fablicas y en especiales las sanitarias, con el fin de hacer frente a la pandemia.<br \/>\nEl informe recoge que el RGPD ya reconoce que en situaciones excepcionales, como epidemia, la base jur\u00eddica de los tratamientos puede ser m\u00faltiple, basada tanto en el inter\u00e9s p\u00fablico, como en el inter\u00e9s vital del interesado u otra persona f\u00edsica.<\/p>\n<p style=\"padding-left: 40px;\"><em>(46) El tratamiento de datos personales tambi\u00e9n se debe considerar l\u00edcito cuando es necesario para proteger un inter\u00e9s esencial para la vida del interesado o la de otra persona f\u00edsica. En principio, los datos personales \u00fanicamente a tratar sobre la base del inter\u00e9s vital de otra persona f\u00edsica cuando el tratamiento no se puede basar manifiestamente en una base jur\u00eddica diferente. Ciertos tipos de tratamiento pueden responder tanto a motivos importantes de inter\u00e9s p\u00fablico como a los intereses vitales del interesado, como por ejemplo cuando el tratamiento es necesario para fines humanitarios, incluido el control y la propagaci\u00f3n de epidemias, o en situaciones de emergencia humanitaria, sobre todo en caso de cat\u00e1strofes naturales o de origen humano.<\/em><\/p>\n<p>Por lo tanto, como base jur\u00eddica para un tratamiento l\u00edcito de datos personales, sin perjuicio de que puedan existir otras bases, como por ejemplo el cumplimiento de una obligaci\u00f3n legal, art. 6.1.c (por el empresario en la prevenci\u00f3n de riesgos laborales de sus trabajadores) -, el RPGD reconoce expl\u00edcitamente las dos citadas: misi\u00f3n realizada en inter\u00e9s p\u00fablico (art. 6.1.e) o intereses vitales del interesado u otras personas f\u00edsicas (arte.- 6.1.d).<br \/>\nPara el tratamiento de datos de salud no es suficiente con que exista una base jur\u00eddica del art. 6<br \/>\nRGPD, sino que de acuerdo con el art\u00edculo 9.1 y 9.2 RGPD exista una circunstancia que levante la prohibici\u00f3n al tratamiento de los datos de categor\u00eda especial, como son las de salud. As\u00ed pues,<br \/>\nse tendr\u00e1 que ir a buscar los ep\u00edgrafes del arte. 9.2 RGPD:<\/p>\n<ul>\n<li>Letra b) el tratamiento es necesario para cumplir obligaciones y para ejercer los derechos espec\u00edficos del responsable del tratamiento o del interesado, en el \u00e1mbito del derecho laboral y de la seguridad y la protecci\u00f3n social, debido a que el contratante est\u00e1 sujeto a la normativa de prevenci\u00f3n de riesgos laborales (Ley 31\/1995, de 8 de noviembre, de prevenci\u00f3n de riesgos laborales).<\/li>\n<li>Letra g) que hace referencia al inter\u00e9s p\u00fablico esencial y letra e) donde se hace referencia al inter\u00e9s p\u00fablico en el \u00e1mbito de la salud p\u00fablica, como la protecci\u00f3n ante amenazas transfronterizas graves para la salud, sobre la base del Derecho de la Uni\u00f3n o de los Estados Miembros que establezcan medidas adecuadas y espec\u00edficas para proteger los derechos y libertades del interesante en particular el secreto profesional.<\/li>\n<li>Letra h) cuando el tratamiento es necesario para realizar un diagn\u00f3stico m\u00e9dico, de prestaci\u00f3n de asistencia o de tratamiento de tipo sanitario o social, o de gesti\u00f3n de los sistemas y los servicios de asistencia sanitaria y social.<\/li>\n<li>Por \u00faltimo, letra c) en el caso en que el tratamiento sea necesario para proteger los intereses vitales de los interesante o de otras personas f\u00edsicas, en el supuesto de que el interesado no est\u00e9 capacitado, f\u00edsica y jur\u00eddicamente, para dar su consentimiento .<\/li>\n<\/ul>\n<p>El informe hace referencia a la Ley Org\u00e1nica 3\/1986 de Medidas Especiales en Materia de Salud P\u00fablica (modificada por el Real Decreto Ley 6\/2020, de 10 de marzo) o la Ley 33\/2011 General de Salud P\u00fablica. La primera se\u00f1ala que \u201ccon el fin de controlar las enfermedades transmisibles, la autoridad sanitaria, adem\u00e1s de realizar las acciones preventivas generales, podr\u00e1 adoptar las medidas oportunas para el control de los enfermos, de las personas que est\u00e9n o hayan estado en contacto con los mismos y del medio ambiente inmediato, as\u00ed como las que se consideren necesarias en caso de riesgo de car\u00e1cter transmisible\u201d.<br \/>\nPor \u00faltimo, el informe destaca que los tratamientos de datos personales, a pesar de estar en situaciones de emergencia sanitaria, se deben seguir tratando de conformidad con la normativa de protecci\u00f3n de datos personales (RGPD y Ley Org\u00e1nica 3\/2018), y por tanto le son de aplicaci\u00f3n sus principios, y entre ellos el de tratar los datos con licitud, lealtad y transparencia, limitaci\u00f3n de la finalidad (en este caso, salvaguardar los intereses de las personas en situaci\u00f3n de pandemia), principio de exactitud y el principio de minimizaci\u00f3n de datos. Sobre este \u00faltimo, se hace referencia expresa a que los datos tratados deber\u00e1n ser exclusivamente limitadas a las necesarias para la finalidad pretendida, sin que pueda extender dicho tratamiento a otros datos personales no necesarios para la finalidad.<\/p>\n<p>&nbsp;<\/p>\n","protected":false},"author":21,"featured_media":4367,"menu_order":0,"template":"","meta":{"_acf_changed":false,"inline_featured_image":false},"etiqueta":[],"tipus":[106],"topic":[113],"class_list":["post-4370","noticia","type-noticia","status-publish","has-post-thumbnail","hentry","tipus-dpd-salud","topic-transformacion-digital"],"acf":{"imatge":4369,"autor":"Adri\u00e0 G.Font"},"yoast_head":"<!-- This site is optimized with the Yoast SEO plugin v27.1.1 - https:\/\/yoast.com\/product\/yoast-seo-wordpress\/ -->\n<title>Tratamiento de datos resultantes de la situaci\u00f3n derivada del COVID-19 - Fundaci\u00f3 TIC Salut i Social<\/title>\n<meta name=\"robots\" content=\"index, follow, max-snippet:-1, max-image-preview:large, max-video-preview:-1\" \/>\n<link rel=\"canonical\" href=\"https:\/\/ticsalutsocial.atoom.space\/es\/noticia\/tratamiento-de-datos-resultantes-de-la-situacion-derivada-del-covid-19\/\" \/>\n<meta property=\"og:locale\" content=\"es_ES\" \/>\n<meta property=\"og:type\" content=\"article\" \/>\n<meta property=\"og:title\" content=\"Tratamiento de datos resultantes de la situaci\u00f3n derivada del COVID-19 - Fundaci\u00f3 TIC Salut i Social\" \/>\n<meta property=\"og:description\" content=\"La Agencia Espa\u00f1ola de Protecci\u00f3n de Datos public\u00f3 el pasado d\u00eda 03\/12\/2020 un informe sobre los tratamientos de datos en relaci\u00f3n al COVID-19. El RGPD, que contiene las reglas necesarias para permitir leg\u00edtimamente el tratamiento de datos personales en situaciones de emergencia sanitaria de alcance general. En consecuencia, seg\u00fan recoge el informe, la protecci\u00f3n de [&hellip;]\" \/>\n<meta property=\"og:url\" content=\"https:\/\/ticsalutsocial.atoom.space\/es\/noticia\/tratamiento-de-datos-resultantes-de-la-situacion-derivada-del-covid-19\/\" \/>\n<meta property=\"og:site_name\" content=\"Fundaci\u00f3 TIC Salut i Social\" \/>\n<meta property=\"article:modified_time\" content=\"2021-07-21T13:45:45+00:00\" \/>\n<meta property=\"og:image\" content=\"https:\/\/ticsalutsocial.atoom.space\/wp-content\/uploads\/2020\/03\/photo-1584463699037-d47fd412ce59.jpg\" \/>\n\t<meta property=\"og:image:width\" content=\"750\" \/>\n\t<meta property=\"og:image:height\" content=\"500\" \/>\n\t<meta property=\"og:image:type\" content=\"image\/jpeg\" \/>\n<meta name=\"twitter:card\" content=\"summary_large_image\" \/>\n<meta name=\"twitter:label1\" content=\"Tiempo de lectura\" \/>\n\t<meta name=\"twitter:data1\" content=\"5 minutos\" \/>\n<script type=\"application\/ld+json\" class=\"yoast-schema-graph\">{\"@context\":\"https:\/\/schema.org\",\"@graph\":[{\"@type\":\"WebPage\",\"@id\":\"https:\/\/ticsalutsocial.atoom.space\/es\/noticia\/tratamiento-de-datos-resultantes-de-la-situacion-derivada-del-covid-19\/\",\"url\":\"https:\/\/ticsalutsocial.atoom.space\/es\/noticia\/tratamiento-de-datos-resultantes-de-la-situacion-derivada-del-covid-19\/\",\"name\":\"Tratamiento de datos resultantes de la situaci\u00f3n derivada del COVID-19 - Fundaci\u00f3 TIC Salut i Social\",\"isPartOf\":{\"@id\":\"https:\/\/ticsalutsocial.atoom.space\/es\/#website\"},\"primaryImageOfPage\":{\"@id\":\"https:\/\/ticsalutsocial.atoom.space\/es\/noticia\/tratamiento-de-datos-resultantes-de-la-situacion-derivada-del-covid-19\/#primaryimage\"},\"image\":{\"@id\":\"https:\/\/ticsalutsocial.atoom.space\/es\/noticia\/tratamiento-de-datos-resultantes-de-la-situacion-derivada-del-covid-19\/#primaryimage\"},\"thumbnailUrl\":\"https:\/\/ticsalutsocial.atoom.space\/wp-content\/uploads\/2020\/03\/photo-1584463699037-d47fd412ce59.jpg\",\"datePublished\":\"2020-03-19T09:43:21+00:00\",\"dateModified\":\"2021-07-21T13:45:45+00:00\",\"breadcrumb\":{\"@id\":\"https:\/\/ticsalutsocial.atoom.space\/es\/noticia\/tratamiento-de-datos-resultantes-de-la-situacion-derivada-del-covid-19\/#breadcrumb\"},\"inLanguage\":\"es\",\"potentialAction\":[{\"@type\":\"ReadAction\",\"target\":[\"https:\/\/ticsalutsocial.atoom.space\/es\/noticia\/tratamiento-de-datos-resultantes-de-la-situacion-derivada-del-covid-19\/\"]}]},{\"@type\":\"ImageObject\",\"inLanguage\":\"es\",\"@id\":\"https:\/\/ticsalutsocial.atoom.space\/es\/noticia\/tratamiento-de-datos-resultantes-de-la-situacion-derivada-del-covid-19\/#primaryimage\",\"url\":\"https:\/\/ticsalutsocial.atoom.space\/wp-content\/uploads\/2020\/03\/photo-1584463699037-d47fd412ce59.jpg\",\"contentUrl\":\"https:\/\/ticsalutsocial.atoom.space\/wp-content\/uploads\/2020\/03\/photo-1584463699037-d47fd412ce59.jpg\",\"width\":750,\"height\":500},{\"@type\":\"BreadcrumbList\",\"@id\":\"https:\/\/ticsalutsocial.atoom.space\/es\/noticia\/tratamiento-de-datos-resultantes-de-la-situacion-derivada-del-covid-19\/#breadcrumb\",\"itemListElement\":[{\"@type\":\"ListItem\",\"position\":1,\"name\":\"Inici\",\"item\":\"https:\/\/ticsalutsocial.atoom.space\/es\/\"},{\"@type\":\"ListItem\",\"position\":2,\"name\":\"Tratamiento de datos resultantes de la situaci\u00f3n derivada del COVID-19\"}]},{\"@type\":\"WebSite\",\"@id\":\"https:\/\/ticsalutsocial.atoom.space\/es\/#website\",\"url\":\"https:\/\/ticsalutsocial.atoom.space\/es\/\",\"name\":\"Fundaci\u00f3 TIC Salut i Social\",\"description\":\"\",\"potentialAction\":[{\"@type\":\"SearchAction\",\"target\":{\"@type\":\"EntryPoint\",\"urlTemplate\":\"https:\/\/ticsalutsocial.atoom.space\/es\/?s={search_term_string}\"},\"query-input\":{\"@type\":\"PropertyValueSpecification\",\"valueRequired\":true,\"valueName\":\"search_term_string\"}}],\"inLanguage\":\"es\"}]}<\/script>\n<!-- \/ Yoast SEO plugin. -->","yoast_head_json":{"title":"Tratamiento de datos resultantes de la situaci\u00f3n derivada del COVID-19 - Fundaci\u00f3 TIC Salut i Social","robots":{"index":"index","follow":"follow","max-snippet":"max-snippet:-1","max-image-preview":"max-image-preview:large","max-video-preview":"max-video-preview:-1"},"canonical":"https:\/\/ticsalutsocial.atoom.space\/es\/noticia\/tratamiento-de-datos-resultantes-de-la-situacion-derivada-del-covid-19\/","og_locale":"es_ES","og_type":"article","og_title":"Tratamiento de datos resultantes de la situaci\u00f3n derivada del COVID-19 - Fundaci\u00f3 TIC Salut i Social","og_description":"La Agencia Espa\u00f1ola de Protecci\u00f3n de Datos public\u00f3 el pasado d\u00eda 03\/12\/2020 un informe sobre los tratamientos de datos en relaci\u00f3n al COVID-19. El RGPD, que contiene las reglas necesarias para permitir leg\u00edtimamente el tratamiento de datos personales en situaciones de emergencia sanitaria de alcance general. En consecuencia, seg\u00fan recoge el informe, la protecci\u00f3n de [&hellip;]","og_url":"https:\/\/ticsalutsocial.atoom.space\/es\/noticia\/tratamiento-de-datos-resultantes-de-la-situacion-derivada-del-covid-19\/","og_site_name":"Fundaci\u00f3 TIC Salut i Social","article_modified_time":"2021-07-21T13:45:45+00:00","og_image":[{"width":750,"height":500,"url":"https:\/\/ticsalutsocial.atoom.space\/wp-content\/uploads\/2020\/03\/photo-1584463699037-d47fd412ce59.jpg","type":"image\/jpeg"}],"twitter_card":"summary_large_image","twitter_misc":{"Tiempo de lectura":"5 minutos"},"schema":{"@context":"https:\/\/schema.org","@graph":[{"@type":"WebPage","@id":"https:\/\/ticsalutsocial.atoom.space\/es\/noticia\/tratamiento-de-datos-resultantes-de-la-situacion-derivada-del-covid-19\/","url":"https:\/\/ticsalutsocial.atoom.space\/es\/noticia\/tratamiento-de-datos-resultantes-de-la-situacion-derivada-del-covid-19\/","name":"Tratamiento de datos resultantes de la situaci\u00f3n derivada del COVID-19 - Fundaci\u00f3 TIC Salut i Social","isPartOf":{"@id":"https:\/\/ticsalutsocial.atoom.space\/es\/#website"},"primaryImageOfPage":{"@id":"https:\/\/ticsalutsocial.atoom.space\/es\/noticia\/tratamiento-de-datos-resultantes-de-la-situacion-derivada-del-covid-19\/#primaryimage"},"image":{"@id":"https:\/\/ticsalutsocial.atoom.space\/es\/noticia\/tratamiento-de-datos-resultantes-de-la-situacion-derivada-del-covid-19\/#primaryimage"},"thumbnailUrl":"https:\/\/ticsalutsocial.atoom.space\/wp-content\/uploads\/2020\/03\/photo-1584463699037-d47fd412ce59.jpg","datePublished":"2020-03-19T09:43:21+00:00","dateModified":"2021-07-21T13:45:45+00:00","breadcrumb":{"@id":"https:\/\/ticsalutsocial.atoom.space\/es\/noticia\/tratamiento-de-datos-resultantes-de-la-situacion-derivada-del-covid-19\/#breadcrumb"},"inLanguage":"es","potentialAction":[{"@type":"ReadAction","target":["https:\/\/ticsalutsocial.atoom.space\/es\/noticia\/tratamiento-de-datos-resultantes-de-la-situacion-derivada-del-covid-19\/"]}]},{"@type":"ImageObject","inLanguage":"es","@id":"https:\/\/ticsalutsocial.atoom.space\/es\/noticia\/tratamiento-de-datos-resultantes-de-la-situacion-derivada-del-covid-19\/#primaryimage","url":"https:\/\/ticsalutsocial.atoom.space\/wp-content\/uploads\/2020\/03\/photo-1584463699037-d47fd412ce59.jpg","contentUrl":"https:\/\/ticsalutsocial.atoom.space\/wp-content\/uploads\/2020\/03\/photo-1584463699037-d47fd412ce59.jpg","width":750,"height":500},{"@type":"BreadcrumbList","@id":"https:\/\/ticsalutsocial.atoom.space\/es\/noticia\/tratamiento-de-datos-resultantes-de-la-situacion-derivada-del-covid-19\/#breadcrumb","itemListElement":[{"@type":"ListItem","position":1,"name":"Inici","item":"https:\/\/ticsalutsocial.atoom.space\/es\/"},{"@type":"ListItem","position":2,"name":"Tratamiento de datos resultantes de la situaci\u00f3n derivada del COVID-19"}]},{"@type":"WebSite","@id":"https:\/\/ticsalutsocial.atoom.space\/es\/#website","url":"https:\/\/ticsalutsocial.atoom.space\/es\/","name":"Fundaci\u00f3 TIC Salut i Social","description":"","potentialAction":[{"@type":"SearchAction","target":{"@type":"EntryPoint","urlTemplate":"https:\/\/ticsalutsocial.atoom.space\/es\/?s={search_term_string}"},"query-input":{"@type":"PropertyValueSpecification","valueRequired":true,"valueName":"search_term_string"}}],"inLanguage":"es"}]}},"_links":{"self":[{"href":"https:\/\/ticsalutsocial.atoom.space\/es\/wp-json\/wp\/v2\/noticia\/4370","targetHints":{"allow":["GET"]}}],"collection":[{"href":"https:\/\/ticsalutsocial.atoom.space\/es\/wp-json\/wp\/v2\/noticia"}],"about":[{"href":"https:\/\/ticsalutsocial.atoom.space\/es\/wp-json\/wp\/v2\/types\/noticia"}],"author":[{"embeddable":true,"href":"https:\/\/ticsalutsocial.atoom.space\/es\/wp-json\/wp\/v2\/users\/21"}],"wp:featuredmedia":[{"embeddable":true,"href":"https:\/\/ticsalutsocial.atoom.space\/es\/wp-json\/wp\/v2\/media\/4367"}],"wp:attachment":[{"href":"https:\/\/ticsalutsocial.atoom.space\/es\/wp-json\/wp\/v2\/media?parent=4370"}],"wp:term":[{"taxonomy":"etiqueta","embeddable":true,"href":"https:\/\/ticsalutsocial.atoom.space\/es\/wp-json\/wp\/v2\/etiqueta?post=4370"},{"taxonomy":"tipus","embeddable":true,"href":"https:\/\/ticsalutsocial.atoom.space\/es\/wp-json\/wp\/v2\/tipus?post=4370"},{"taxonomy":"topic","embeddable":true,"href":"https:\/\/ticsalutsocial.atoom.space\/es\/wp-json\/wp\/v2\/topic?post=4370"}],"curies":[{"name":"wp","href":"https:\/\/api.w.org\/{rel}","templated":true}]}}