
{"id":4376,"date":"2020-03-22T21:19:23","date_gmt":"2020-03-22T19:19:23","guid":{"rendered":"https:\/\/ticsalutsocial.atoom.space\/?post_type=noticia&#038;p=4376"},"modified":"2021-07-21T15:45:48","modified_gmt":"2021-07-21T13:45:48","slug":"disenado-el-primer-respirador-fabricado-en-3d-en-cataluna","status":"publish","type":"noticia","link":"https:\/\/ticsalutsocial.atoom.space\/es\/noticia\/disenado-el-primer-respirador-fabricado-en-3d-en-cataluna\/","title":{"rendered":"Dise\u00f1ado el primer respirador fabricado en 3D en Catalu\u00f1a"},"content":{"rendered":"<p>El Consorci Zona Franca de Barcelona junto con la empresa HP, Leitat y Seat y con la validaci\u00f3n del Consorci Sanitari de Terrassa y el Hospital Parc Taul\u00ed de Sabadell, han desarrollado el primer respirador de campa\u00f1a industrializado para apoyar hospitales y UCIs ante la epidemia del COVID-19.<\/p>\n<p>En la nota de prensa los autores del proyecto explican que ya se ha podido probar la funcionalidad del primer modelo dise\u00f1ado. Una de las ventajas del dispositivo es que su producci\u00f3n es escalable, \u00abde tal manera que se puede llegar a una capacidad de producci\u00f3n de entre 50 y 100 unidades diarias la pr\u00f3xima semana\u00bb. El nombre del respirador dise\u00f1ado es Leitat 1 y lo describen como un instrumento m\u00e9dico robusto, de utilidad y de poca complejidad que facilita su producci\u00f3n y ensamblaje. El dise\u00f1o ha sido realizado por el ingeniero de Leitat, Mag\u00ed Galindo, y ha sido validado m\u00e9dicamente por Llu\u00eds Blanch, director de Innovaci\u00f3n del Hospital Parc Taul\u00ed y experto en ventilaci\u00f3n mec\u00e1nica.<\/p>\n<p>La producci\u00f3n del respirador se iniciar\u00e1 inmediatamente y ajust\u00e1ndose a los requerimientos pendientes de la Agencia Espa\u00f1ola del Medicamento. Y para su producci\u00f3n industrial se dispondr\u00e1 de las infraestructuras del Consorci de la Zona Franca, de los equipos de producci\u00f3n de HP y Seat, as\u00ed como el apoyo del Hub 3D (de DHUB). Las empresas Airbus y Navantia han unido a la alianza con el objetivo de incrementar la capacidad de producci\u00f3n en breve.<\/p>\n<p><img decoding=\"async\" class=\"aligncenter size-large wp-image-22424\" src=\"https:\/\/ticsalutsocial.atoom.space\/wp-content\/uploads\/2020\/03\/fds22xechrhbrokgqyoc6b5jl4-700x394-1.jpg\" alt=\"\" \/><\/p>\n","protected":false},"author":21,"featured_media":6950,"menu_order":0,"template":"","meta":{"_acf_changed":false,"inline_featured_image":false},"etiqueta":[],"tipus":[],"topic":[130],"class_list":["post-4376","noticia","type-noticia","status-publish","has-post-thumbnail","hentry","topic-la-fundacion"],"acf":{"imatge":6950,"autor":"Adri\u00e0 G.Font","textos_destacats":[{"texte":"El dispositivo ha sido dise\u00f1ado por el Consorci de la Zona Franca, Seat, HP y Leitat y validado por el Hospital Parc Taul\u00ed de Sabadell"}]},"yoast_head":"<!-- This site is optimized with the Yoast SEO plugin v27.1.1 - https:\/\/yoast.com\/product\/yoast-seo-wordpress\/ -->\n<title>Dise\u00f1ado el primer respirador fabricado en 3D en Catalu\u00f1a - Fundaci\u00f3 TIC Salut i Social<\/title>\n<meta name=\"robots\" content=\"index, follow, max-snippet:-1, max-image-preview:large, max-video-preview:-1\" \/>\n<link rel=\"canonical\" href=\"https:\/\/ticsalutsocial.atoom.space\/es\/noticia\/disenado-el-primer-respirador-fabricado-en-3d-en-cataluna\/\" \/>\n<meta property=\"og:locale\" content=\"es_ES\" \/>\n<meta property=\"og:type\" content=\"article\" \/>\n<meta property=\"og:title\" content=\"Dise\u00f1ado el primer respirador fabricado en 3D en Catalu\u00f1a - Fundaci\u00f3 TIC Salut i Social\" \/>\n<meta property=\"og:description\" content=\"El Consorci Zona Franca de Barcelona junto con la empresa HP, Leitat y Seat y con la validaci\u00f3n del Consorci Sanitari de Terrassa y el Hospital Parc Taul\u00ed de Sabadell, han desarrollado el primer respirador de campa\u00f1a industrializado para apoyar hospitales y UCIs ante la epidemia del COVID-19. En la nota de prensa los autores [&hellip;]\" \/>\n<meta property=\"og:url\" content=\"https:\/\/ticsalutsocial.atoom.space\/es\/noticia\/disenado-el-primer-respirador-fabricado-en-3d-en-cataluna\/\" \/>\n<meta property=\"og:site_name\" content=\"Fundaci\u00f3 TIC Salut i Social\" \/>\n<meta property=\"article:modified_time\" content=\"2021-07-21T13:45:48+00:00\" \/>\n<meta property=\"og:image\" content=\"https:\/\/ticsalutsocial.atoom.space\/wp-content\/uploads\/2020\/03\/zmorph-multitool-3d-printer-ngg01qgp_cy-unsplash-scaled.jpg\" \/>\n\t<meta property=\"og:image:width\" content=\"2560\" \/>\n\t<meta property=\"og:image:height\" content=\"1578\" \/>\n\t<meta property=\"og:image:type\" content=\"image\/jpeg\" \/>\n<meta name=\"twitter:card\" content=\"summary_large_image\" \/>\n<meta name=\"twitter:label1\" content=\"Tiempo de lectura\" \/>\n\t<meta name=\"twitter:data1\" content=\"1 minuto\" \/>\n<script type=\"application\/ld+json\" class=\"yoast-schema-graph\">{\"@context\":\"https:\/\/schema.org\",\"@graph\":[{\"@type\":\"WebPage\",\"@id\":\"https:\/\/ticsalutsocial.atoom.space\/es\/noticia\/disenado-el-primer-respirador-fabricado-en-3d-en-cataluna\/\",\"url\":\"https:\/\/ticsalutsocial.atoom.space\/es\/noticia\/disenado-el-primer-respirador-fabricado-en-3d-en-cataluna\/\",\"name\":\"Dise\u00f1ado el primer respirador fabricado en 3D en Catalu\u00f1a - Fundaci\u00f3 TIC Salut i Social\",\"isPartOf\":{\"@id\":\"https:\/\/ticsalutsocial.atoom.space\/es\/#website\"},\"primaryImageOfPage\":{\"@id\":\"https:\/\/ticsalutsocial.atoom.space\/es\/noticia\/disenado-el-primer-respirador-fabricado-en-3d-en-cataluna\/#primaryimage\"},\"image\":{\"@id\":\"https:\/\/ticsalutsocial.atoom.space\/es\/noticia\/disenado-el-primer-respirador-fabricado-en-3d-en-cataluna\/#primaryimage\"},\"thumbnailUrl\":\"https:\/\/ticsalutsocial.atoom.space\/wp-content\/uploads\/2020\/03\/zmorph-multitool-3d-printer-ngg01qgp_cy-unsplash-scaled.jpg\",\"datePublished\":\"2020-03-22T19:19:23+00:00\",\"dateModified\":\"2021-07-21T13:45:48+00:00\",\"breadcrumb\":{\"@id\":\"https:\/\/ticsalutsocial.atoom.space\/es\/noticia\/disenado-el-primer-respirador-fabricado-en-3d-en-cataluna\/#breadcrumb\"},\"inLanguage\":\"es\",\"potentialAction\":[{\"@type\":\"ReadAction\",\"target\":[\"https:\/\/ticsalutsocial.atoom.space\/es\/noticia\/disenado-el-primer-respirador-fabricado-en-3d-en-cataluna\/\"]}]},{\"@type\":\"ImageObject\",\"inLanguage\":\"es\",\"@id\":\"https:\/\/ticsalutsocial.atoom.space\/es\/noticia\/disenado-el-primer-respirador-fabricado-en-3d-en-cataluna\/#primaryimage\",\"url\":\"https:\/\/ticsalutsocial.atoom.space\/wp-content\/uploads\/2020\/03\/zmorph-multitool-3d-printer-ngg01qgp_cy-unsplash-scaled.jpg\",\"contentUrl\":\"https:\/\/ticsalutsocial.atoom.space\/wp-content\/uploads\/2020\/03\/zmorph-multitool-3d-printer-ngg01qgp_cy-unsplash-scaled.jpg\",\"width\":2560,\"height\":1578},{\"@type\":\"BreadcrumbList\",\"@id\":\"https:\/\/ticsalutsocial.atoom.space\/es\/noticia\/disenado-el-primer-respirador-fabricado-en-3d-en-cataluna\/#breadcrumb\",\"itemListElement\":[{\"@type\":\"ListItem\",\"position\":1,\"name\":\"Inici\",\"item\":\"https:\/\/ticsalutsocial.atoom.space\/es\/\"},{\"@type\":\"ListItem\",\"position\":2,\"name\":\"Dise\u00f1ado el primer respirador fabricado en 3D en Catalu\u00f1a\"}]},{\"@type\":\"WebSite\",\"@id\":\"https:\/\/ticsalutsocial.atoom.space\/es\/#website\",\"url\":\"https:\/\/ticsalutsocial.atoom.space\/es\/\",\"name\":\"Fundaci\u00f3 TIC Salut i Social\",\"description\":\"\",\"potentialAction\":[{\"@type\":\"SearchAction\",\"target\":{\"@type\":\"EntryPoint\",\"urlTemplate\":\"https:\/\/ticsalutsocial.atoom.space\/es\/?s={search_term_string}\"},\"query-input\":{\"@type\":\"PropertyValueSpecification\",\"valueRequired\":true,\"valueName\":\"search_term_string\"}}],\"inLanguage\":\"es\"}]}<\/script>\n<!-- \/ Yoast SEO plugin. -->","yoast_head_json":{"title":"Dise\u00f1ado el primer respirador fabricado en 3D en Catalu\u00f1a - Fundaci\u00f3 TIC Salut i Social","robots":{"index":"index","follow":"follow","max-snippet":"max-snippet:-1","max-image-preview":"max-image-preview:large","max-video-preview":"max-video-preview:-1"},"canonical":"https:\/\/ticsalutsocial.atoom.space\/es\/noticia\/disenado-el-primer-respirador-fabricado-en-3d-en-cataluna\/","og_locale":"es_ES","og_type":"article","og_title":"Dise\u00f1ado el primer respirador fabricado en 3D en Catalu\u00f1a - Fundaci\u00f3 TIC Salut i Social","og_description":"El Consorci Zona Franca de Barcelona junto con la empresa HP, Leitat y Seat y con la validaci\u00f3n del Consorci Sanitari de Terrassa y el Hospital Parc Taul\u00ed de Sabadell, han desarrollado el primer respirador de campa\u00f1a industrializado para apoyar hospitales y UCIs ante la epidemia del COVID-19. En la nota de prensa los autores [&hellip;]","og_url":"https:\/\/ticsalutsocial.atoom.space\/es\/noticia\/disenado-el-primer-respirador-fabricado-en-3d-en-cataluna\/","og_site_name":"Fundaci\u00f3 TIC Salut i Social","article_modified_time":"2021-07-21T13:45:48+00:00","og_image":[{"width":2560,"height":1578,"url":"https:\/\/ticsalutsocial.atoom.space\/wp-content\/uploads\/2020\/03\/zmorph-multitool-3d-printer-ngg01qgp_cy-unsplash-scaled.jpg","type":"image\/jpeg"}],"twitter_card":"summary_large_image","twitter_misc":{"Tiempo de lectura":"1 minuto"},"schema":{"@context":"https:\/\/schema.org","@graph":[{"@type":"WebPage","@id":"https:\/\/ticsalutsocial.atoom.space\/es\/noticia\/disenado-el-primer-respirador-fabricado-en-3d-en-cataluna\/","url":"https:\/\/ticsalutsocial.atoom.space\/es\/noticia\/disenado-el-primer-respirador-fabricado-en-3d-en-cataluna\/","name":"Dise\u00f1ado el primer respirador fabricado en 3D en Catalu\u00f1a - Fundaci\u00f3 TIC Salut i Social","isPartOf":{"@id":"https:\/\/ticsalutsocial.atoom.space\/es\/#website"},"primaryImageOfPage":{"@id":"https:\/\/ticsalutsocial.atoom.space\/es\/noticia\/disenado-el-primer-respirador-fabricado-en-3d-en-cataluna\/#primaryimage"},"image":{"@id":"https:\/\/ticsalutsocial.atoom.space\/es\/noticia\/disenado-el-primer-respirador-fabricado-en-3d-en-cataluna\/#primaryimage"},"thumbnailUrl":"https:\/\/ticsalutsocial.atoom.space\/wp-content\/uploads\/2020\/03\/zmorph-multitool-3d-printer-ngg01qgp_cy-unsplash-scaled.jpg","datePublished":"2020-03-22T19:19:23+00:00","dateModified":"2021-07-21T13:45:48+00:00","breadcrumb":{"@id":"https:\/\/ticsalutsocial.atoom.space\/es\/noticia\/disenado-el-primer-respirador-fabricado-en-3d-en-cataluna\/#breadcrumb"},"inLanguage":"es","potentialAction":[{"@type":"ReadAction","target":["https:\/\/ticsalutsocial.atoom.space\/es\/noticia\/disenado-el-primer-respirador-fabricado-en-3d-en-cataluna\/"]}]},{"@type":"ImageObject","inLanguage":"es","@id":"https:\/\/ticsalutsocial.atoom.space\/es\/noticia\/disenado-el-primer-respirador-fabricado-en-3d-en-cataluna\/#primaryimage","url":"https:\/\/ticsalutsocial.atoom.space\/wp-content\/uploads\/2020\/03\/zmorph-multitool-3d-printer-ngg01qgp_cy-unsplash-scaled.jpg","contentUrl":"https:\/\/ticsalutsocial.atoom.space\/wp-content\/uploads\/2020\/03\/zmorph-multitool-3d-printer-ngg01qgp_cy-unsplash-scaled.jpg","width":2560,"height":1578},{"@type":"BreadcrumbList","@id":"https:\/\/ticsalutsocial.atoom.space\/es\/noticia\/disenado-el-primer-respirador-fabricado-en-3d-en-cataluna\/#breadcrumb","itemListElement":[{"@type":"ListItem","position":1,"name":"Inici","item":"https:\/\/ticsalutsocial.atoom.space\/es\/"},{"@type":"ListItem","position":2,"name":"Dise\u00f1ado el primer respirador fabricado en 3D en Catalu\u00f1a"}]},{"@type":"WebSite","@id":"https:\/\/ticsalutsocial.atoom.space\/es\/#website","url":"https:\/\/ticsalutsocial.atoom.space\/es\/","name":"Fundaci\u00f3 TIC Salut i Social","description":"","potentialAction":[{"@type":"SearchAction","target":{"@type":"EntryPoint","urlTemplate":"https:\/\/ticsalutsocial.atoom.space\/es\/?s={search_term_string}"},"query-input":{"@type":"PropertyValueSpecification","valueRequired":true,"valueName":"search_term_string"}}],"inLanguage":"es"}]}},"_links":{"self":[{"href":"https:\/\/ticsalutsocial.atoom.space\/es\/wp-json\/wp\/v2\/noticia\/4376","targetHints":{"allow":["GET"]}}],"collection":[{"href":"https:\/\/ticsalutsocial.atoom.space\/es\/wp-json\/wp\/v2\/noticia"}],"about":[{"href":"https:\/\/ticsalutsocial.atoom.space\/es\/wp-json\/wp\/v2\/types\/noticia"}],"author":[{"embeddable":true,"href":"https:\/\/ticsalutsocial.atoom.space\/es\/wp-json\/wp\/v2\/users\/21"}],"wp:featuredmedia":[{"embeddable":true,"href":"https:\/\/ticsalutsocial.atoom.space\/es\/wp-json\/wp\/v2\/media\/6950"}],"wp:attachment":[{"href":"https:\/\/ticsalutsocial.atoom.space\/es\/wp-json\/wp\/v2\/media?parent=4376"}],"wp:term":[{"taxonomy":"etiqueta","embeddable":true,"href":"https:\/\/ticsalutsocial.atoom.space\/es\/wp-json\/wp\/v2\/etiqueta?post=4376"},{"taxonomy":"tipus","embeddable":true,"href":"https:\/\/ticsalutsocial.atoom.space\/es\/wp-json\/wp\/v2\/tipus?post=4376"},{"taxonomy":"topic","embeddable":true,"href":"https:\/\/ticsalutsocial.atoom.space\/es\/wp-json\/wp\/v2\/topic?post=4376"}],"curies":[{"name":"wp","href":"https:\/\/api.w.org\/{rel}","templated":true}]}}