
{"id":4394,"date":"2020-03-30T17:00:38","date_gmt":"2020-03-30T15:00:38","guid":{"rendered":"https:\/\/ticsalutsocial.atoom.space\/?post_type=noticia&#038;p=4394"},"modified":"2021-07-21T15:45:58","modified_gmt":"2021-07-21T13:45:58","slug":"finaliza-la-segunda-fase-del-proyecto-intersocial","status":"publish","type":"noticia","link":"https:\/\/ticsalutsocial.atoom.space\/es\/noticia\/finaliza-la-segunda-fase-del-proyecto-intersocial\/","title":{"rendered":"Finaliza la segunda fase del proyecto Intersocial"},"content":{"rendered":"<p><span lang=\"ca\">La Fundaci\u00f3 TIC Salut Social en colaboraci\u00f3n con el Departament de Treball, Assumptes Socials i Fam\u00edlies y la Diputaci\u00f3 de Barcelona, ha finalizado en marzo de 2020 la segunda fase del proyecto <a href=\"https:\/\/ticsalutsocial.atoom.space\/es\/area\/oficina-interoperabilidad\/interoperabilidad-semantica\/\">Intersocial<\/a>, el cual se inici\u00f3 el mes de junio del 2019 conjuntamente con un grupo de expertos del territorio del \u00e1mbito salud y social.<\/span><\/p>\n<p>Con el fin de seguir evolucionando hacia un vocabulario controlado com\u00fan que permita una mayor integraci\u00f3n de los datos de los servicios sociales de Catalu\u00f1a, se cre\u00f3 la segunda fase del proyecto, <a href=\"https:\/\/ticsalutsocial.atoom.space\/es\/area\/integracion-social-y-sanitaria\/\">Intersocial 2<\/a>, con el objetivo de ampliar la definici\u00f3n de un vocabulario controlado para estandarizar las problem\u00e1ticas, los factores y las observaciones en el \u00e1mbito de la atenci\u00f3n social mediante el estudio de nuevos casos de uso de infancia y salud mental.<\/p>\n<p>Los productos obtenidos han sido:<\/p>\n<ul>\n<li>La ampliaci\u00f3n del listado de problem\u00e1ticas y de los subconjuntos definidos en Intersocial (Fase 1)<\/li>\n<li>La creaci\u00f3n de los listados de los factores y observaciones.<\/li>\n<li>El mapeo de la lista de problem\u00e1ticas, factores y observaciones mediante el vocabulario controlado de referencia SNOMED CT. Actualmente se dispone de un listado de 264 conceptos codificados.<\/li>\n<\/ul>\n<p>Con el fin de continuar proporcionando una mejora en la integraci\u00f3n de los datos de los servicios sociales de Catalu\u00f1a, la Fundaci\u00f3 TIC Salut Social en el transcurso de este 2020, trabajar\u00e1 en la propuesta de una tercera fase del proyecto.<\/p>\n","protected":false},"author":21,"featured_media":4391,"menu_order":0,"template":"","meta":{"_acf_changed":false,"inline_featured_image":false},"etiqueta":[],"tipus":[],"topic":[117,127],"class_list":["post-4394","noticia","type-noticia","status-publish","has-post-thumbnail","hentry","topic-jornadas","topic-proyectos"],"acf":{"imatge":4393,"autor":"Lourdes Rodriguez"},"yoast_head":"<!-- This site is optimized with the Yoast SEO plugin v27.1.1 - https:\/\/yoast.com\/product\/yoast-seo-wordpress\/ -->\n<title>Finaliza la segunda fase del proyecto Intersocial - Fundaci\u00f3 TIC Salut i Social<\/title>\n<meta name=\"robots\" content=\"index, follow, max-snippet:-1, max-image-preview:large, max-video-preview:-1\" \/>\n<link rel=\"canonical\" href=\"https:\/\/ticsalutsocial.atoom.space\/es\/noticia\/finaliza-la-segunda-fase-del-proyecto-intersocial\/\" \/>\n<meta property=\"og:locale\" content=\"es_ES\" \/>\n<meta property=\"og:type\" content=\"article\" \/>\n<meta property=\"og:title\" content=\"Finaliza la segunda fase del proyecto Intersocial - Fundaci\u00f3 TIC Salut i Social\" \/>\n<meta property=\"og:description\" content=\"La Fundaci\u00f3 TIC Salut Social en colaboraci\u00f3n con el Departament de Treball, Assumptes Socials i Fam\u00edlies y la Diputaci\u00f3 de Barcelona, ha finalizado en marzo de 2020 la segunda fase del proyecto Intersocial, el cual se inici\u00f3 el mes de junio del 2019 conjuntamente con un grupo de expertos del territorio del \u00e1mbito salud y [&hellip;]\" \/>\n<meta property=\"og:url\" content=\"https:\/\/ticsalutsocial.atoom.space\/es\/noticia\/finaliza-la-segunda-fase-del-proyecto-intersocial\/\" \/>\n<meta property=\"og:site_name\" content=\"Fundaci\u00f3 TIC Salut i Social\" \/>\n<meta property=\"article:modified_time\" content=\"2021-07-21T13:45:58+00:00\" \/>\n<meta property=\"og:image\" content=\"https:\/\/ticsalutsocial.atoom.space\/wp-content\/uploads\/2020\/03\/photo-1461532257246-777de18cd58b.jpg\" \/>\n\t<meta property=\"og:image:width\" content=\"755\" \/>\n\t<meta property=\"og:image:height\" content=\"500\" \/>\n\t<meta property=\"og:image:type\" content=\"image\/jpeg\" \/>\n<meta name=\"twitter:card\" content=\"summary_large_image\" \/>\n<meta name=\"twitter:label1\" content=\"Tiempo de lectura\" \/>\n\t<meta name=\"twitter:data1\" content=\"1 minuto\" \/>\n<script type=\"application\/ld+json\" class=\"yoast-schema-graph\">{\"@context\":\"https:\/\/schema.org\",\"@graph\":[{\"@type\":\"WebPage\",\"@id\":\"https:\/\/ticsalutsocial.atoom.space\/es\/noticia\/finaliza-la-segunda-fase-del-proyecto-intersocial\/\",\"url\":\"https:\/\/ticsalutsocial.atoom.space\/es\/noticia\/finaliza-la-segunda-fase-del-proyecto-intersocial\/\",\"name\":\"Finaliza la segunda fase del proyecto Intersocial - Fundaci\u00f3 TIC Salut i Social\",\"isPartOf\":{\"@id\":\"https:\/\/ticsalutsocial.atoom.space\/es\/#website\"},\"primaryImageOfPage\":{\"@id\":\"https:\/\/ticsalutsocial.atoom.space\/es\/noticia\/finaliza-la-segunda-fase-del-proyecto-intersocial\/#primaryimage\"},\"image\":{\"@id\":\"https:\/\/ticsalutsocial.atoom.space\/es\/noticia\/finaliza-la-segunda-fase-del-proyecto-intersocial\/#primaryimage\"},\"thumbnailUrl\":\"https:\/\/ticsalutsocial.atoom.space\/wp-content\/uploads\/2020\/03\/photo-1461532257246-777de18cd58b.jpg\",\"datePublished\":\"2020-03-30T15:00:38+00:00\",\"dateModified\":\"2021-07-21T13:45:58+00:00\",\"breadcrumb\":{\"@id\":\"https:\/\/ticsalutsocial.atoom.space\/es\/noticia\/finaliza-la-segunda-fase-del-proyecto-intersocial\/#breadcrumb\"},\"inLanguage\":\"es\",\"potentialAction\":[{\"@type\":\"ReadAction\",\"target\":[\"https:\/\/ticsalutsocial.atoom.space\/es\/noticia\/finaliza-la-segunda-fase-del-proyecto-intersocial\/\"]}]},{\"@type\":\"ImageObject\",\"inLanguage\":\"es\",\"@id\":\"https:\/\/ticsalutsocial.atoom.space\/es\/noticia\/finaliza-la-segunda-fase-del-proyecto-intersocial\/#primaryimage\",\"url\":\"https:\/\/ticsalutsocial.atoom.space\/wp-content\/uploads\/2020\/03\/photo-1461532257246-777de18cd58b.jpg\",\"contentUrl\":\"https:\/\/ticsalutsocial.atoom.space\/wp-content\/uploads\/2020\/03\/photo-1461532257246-777de18cd58b.jpg\",\"width\":755,\"height\":500},{\"@type\":\"BreadcrumbList\",\"@id\":\"https:\/\/ticsalutsocial.atoom.space\/es\/noticia\/finaliza-la-segunda-fase-del-proyecto-intersocial\/#breadcrumb\",\"itemListElement\":[{\"@type\":\"ListItem\",\"position\":1,\"name\":\"Inici\",\"item\":\"https:\/\/ticsalutsocial.atoom.space\/es\/\"},{\"@type\":\"ListItem\",\"position\":2,\"name\":\"Finaliza la segunda fase del proyecto Intersocial\"}]},{\"@type\":\"WebSite\",\"@id\":\"https:\/\/ticsalutsocial.atoom.space\/es\/#website\",\"url\":\"https:\/\/ticsalutsocial.atoom.space\/es\/\",\"name\":\"Fundaci\u00f3 TIC Salut i Social\",\"description\":\"\",\"potentialAction\":[{\"@type\":\"SearchAction\",\"target\":{\"@type\":\"EntryPoint\",\"urlTemplate\":\"https:\/\/ticsalutsocial.atoom.space\/es\/?s={search_term_string}\"},\"query-input\":{\"@type\":\"PropertyValueSpecification\",\"valueRequired\":true,\"valueName\":\"search_term_string\"}}],\"inLanguage\":\"es\"}]}<\/script>\n<!-- \/ Yoast SEO plugin. -->","yoast_head_json":{"title":"Finaliza la segunda fase del proyecto Intersocial - Fundaci\u00f3 TIC Salut i Social","robots":{"index":"index","follow":"follow","max-snippet":"max-snippet:-1","max-image-preview":"max-image-preview:large","max-video-preview":"max-video-preview:-1"},"canonical":"https:\/\/ticsalutsocial.atoom.space\/es\/noticia\/finaliza-la-segunda-fase-del-proyecto-intersocial\/","og_locale":"es_ES","og_type":"article","og_title":"Finaliza la segunda fase del proyecto Intersocial - Fundaci\u00f3 TIC Salut i Social","og_description":"La Fundaci\u00f3 TIC Salut Social en colaboraci\u00f3n con el Departament de Treball, Assumptes Socials i Fam\u00edlies y la Diputaci\u00f3 de Barcelona, ha finalizado en marzo de 2020 la segunda fase del proyecto Intersocial, el cual se inici\u00f3 el mes de junio del 2019 conjuntamente con un grupo de expertos del territorio del \u00e1mbito salud y [&hellip;]","og_url":"https:\/\/ticsalutsocial.atoom.space\/es\/noticia\/finaliza-la-segunda-fase-del-proyecto-intersocial\/","og_site_name":"Fundaci\u00f3 TIC Salut i Social","article_modified_time":"2021-07-21T13:45:58+00:00","og_image":[{"width":755,"height":500,"url":"https:\/\/ticsalutsocial.atoom.space\/wp-content\/uploads\/2020\/03\/photo-1461532257246-777de18cd58b.jpg","type":"image\/jpeg"}],"twitter_card":"summary_large_image","twitter_misc":{"Tiempo de lectura":"1 minuto"},"schema":{"@context":"https:\/\/schema.org","@graph":[{"@type":"WebPage","@id":"https:\/\/ticsalutsocial.atoom.space\/es\/noticia\/finaliza-la-segunda-fase-del-proyecto-intersocial\/","url":"https:\/\/ticsalutsocial.atoom.space\/es\/noticia\/finaliza-la-segunda-fase-del-proyecto-intersocial\/","name":"Finaliza la segunda fase del proyecto Intersocial - Fundaci\u00f3 TIC Salut i Social","isPartOf":{"@id":"https:\/\/ticsalutsocial.atoom.space\/es\/#website"},"primaryImageOfPage":{"@id":"https:\/\/ticsalutsocial.atoom.space\/es\/noticia\/finaliza-la-segunda-fase-del-proyecto-intersocial\/#primaryimage"},"image":{"@id":"https:\/\/ticsalutsocial.atoom.space\/es\/noticia\/finaliza-la-segunda-fase-del-proyecto-intersocial\/#primaryimage"},"thumbnailUrl":"https:\/\/ticsalutsocial.atoom.space\/wp-content\/uploads\/2020\/03\/photo-1461532257246-777de18cd58b.jpg","datePublished":"2020-03-30T15:00:38+00:00","dateModified":"2021-07-21T13:45:58+00:00","breadcrumb":{"@id":"https:\/\/ticsalutsocial.atoom.space\/es\/noticia\/finaliza-la-segunda-fase-del-proyecto-intersocial\/#breadcrumb"},"inLanguage":"es","potentialAction":[{"@type":"ReadAction","target":["https:\/\/ticsalutsocial.atoom.space\/es\/noticia\/finaliza-la-segunda-fase-del-proyecto-intersocial\/"]}]},{"@type":"ImageObject","inLanguage":"es","@id":"https:\/\/ticsalutsocial.atoom.space\/es\/noticia\/finaliza-la-segunda-fase-del-proyecto-intersocial\/#primaryimage","url":"https:\/\/ticsalutsocial.atoom.space\/wp-content\/uploads\/2020\/03\/photo-1461532257246-777de18cd58b.jpg","contentUrl":"https:\/\/ticsalutsocial.atoom.space\/wp-content\/uploads\/2020\/03\/photo-1461532257246-777de18cd58b.jpg","width":755,"height":500},{"@type":"BreadcrumbList","@id":"https:\/\/ticsalutsocial.atoom.space\/es\/noticia\/finaliza-la-segunda-fase-del-proyecto-intersocial\/#breadcrumb","itemListElement":[{"@type":"ListItem","position":1,"name":"Inici","item":"https:\/\/ticsalutsocial.atoom.space\/es\/"},{"@type":"ListItem","position":2,"name":"Finaliza la segunda fase del proyecto Intersocial"}]},{"@type":"WebSite","@id":"https:\/\/ticsalutsocial.atoom.space\/es\/#website","url":"https:\/\/ticsalutsocial.atoom.space\/es\/","name":"Fundaci\u00f3 TIC Salut i Social","description":"","potentialAction":[{"@type":"SearchAction","target":{"@type":"EntryPoint","urlTemplate":"https:\/\/ticsalutsocial.atoom.space\/es\/?s={search_term_string}"},"query-input":{"@type":"PropertyValueSpecification","valueRequired":true,"valueName":"search_term_string"}}],"inLanguage":"es"}]}},"_links":{"self":[{"href":"https:\/\/ticsalutsocial.atoom.space\/es\/wp-json\/wp\/v2\/noticia\/4394","targetHints":{"allow":["GET"]}}],"collection":[{"href":"https:\/\/ticsalutsocial.atoom.space\/es\/wp-json\/wp\/v2\/noticia"}],"about":[{"href":"https:\/\/ticsalutsocial.atoom.space\/es\/wp-json\/wp\/v2\/types\/noticia"}],"author":[{"embeddable":true,"href":"https:\/\/ticsalutsocial.atoom.space\/es\/wp-json\/wp\/v2\/users\/21"}],"wp:featuredmedia":[{"embeddable":true,"href":"https:\/\/ticsalutsocial.atoom.space\/es\/wp-json\/wp\/v2\/media\/4391"}],"wp:attachment":[{"href":"https:\/\/ticsalutsocial.atoom.space\/es\/wp-json\/wp\/v2\/media?parent=4394"}],"wp:term":[{"taxonomy":"etiqueta","embeddable":true,"href":"https:\/\/ticsalutsocial.atoom.space\/es\/wp-json\/wp\/v2\/etiqueta?post=4394"},{"taxonomy":"tipus","embeddable":true,"href":"https:\/\/ticsalutsocial.atoom.space\/es\/wp-json\/wp\/v2\/tipus?post=4394"},{"taxonomy":"topic","embeddable":true,"href":"https:\/\/ticsalutsocial.atoom.space\/es\/wp-json\/wp\/v2\/topic?post=4394"}],"curies":[{"name":"wp","href":"https:\/\/api.w.org\/{rel}","templated":true}]}}