
{"id":4400,"date":"2020-03-31T16:55:51","date_gmt":"2020-03-31T14:55:51","guid":{"rendered":"https:\/\/ticsalutsocial.atoom.space\/?post_type=noticia&#038;p=4400"},"modified":"2021-07-21T15:46:01","modified_gmt":"2021-07-21T13:46:01","slug":"una-treintena-de-profesionales-participan-en-el-diseno-del-visor-profesional-de-mconnecta","status":"publish","type":"noticia","link":"https:\/\/ticsalutsocial.atoom.space\/es\/noticia\/una-treintena-de-profesionales-participan-en-el-diseno-del-visor-profesional-de-mconnecta\/","title":{"rendered":"Una treintena de profesionales participan en el dise\u00f1o del visor profesional de mConnecta"},"content":{"rendered":"<p>El proyecto mConnecta nace para ampliar el modelo asistencial actual incorporando soluciones de movilidad para la mejora de la sostenibilidad del sistema de salud catal\u00e1n. Ha sido desarrollado por la Fundaci\u00f3 TIC Salut Social por encargo del Servei Catal\u00e0 de la Salut.<\/p>\n<p>El alcance del proyecto incluye la puesta en marcha de la Plataforma de movilidad del Sistema Sanitario P\u00fablico Catal\u00e1n, integrante APP s, webapps, wearables y Medical Devices.<\/p>\n<p><strong>Los datos, en tiempo real<\/strong><\/p>\n<p>Mediante la definici\u00f3n de los nuevos modelos asistenciales se quiere generar un cat\u00e1logo de elementos de movilidad que el profesional pueda prescribir al ciudadano en funci\u00f3n de sus patolog\u00edas. Con esta prescripci\u00f3n, el ciudadano podr\u00e1 enviar datos en tiempo real a la Plataforma mConnecta y el profesional podr\u00e1 consultar en cualquier momento.<\/p>\n<p>De esta manera podremos obtener m\u00e1s datos con un monitoreo m\u00e1s amplio, y de forma efectiva y segura para que el profesional pueda realizar un seguimiento continuo de la patolog\u00eda tratada. El ciudadano tambi\u00e9n podr\u00e1 consultar la informaci\u00f3n mediante <em>La Meva Salut (LMS).<\/em><\/p>\n<p><strong>Sesiones de trabajo<\/strong><\/p>\n<p>La plataforma mConnecta dispone de diferentes visores, uno de los cuales es el Visor Profesional. Para su dise\u00f1o han sido implicados agentes de los \u00e1mbitos de la salud y la tecnolog\u00eda que, reunidos en una sesi\u00f3n de trabajo, han realizado diferentes propuestas.<\/p>\n<p>Para poder recoger informaci\u00f3n para definir el dise\u00f1o del Visor Profesional de la Plataforma, se convoc\u00f3 dos sesiones de trabajo (diciembre 2019 y febrero 2020) con una treintena de profesionales presentes en total, agrupados en 5 grupos. Entre otros temas, las sesiones sirvieron para debatir sobre qu\u00e9 contenidos son necesarios, c\u00f3mo se deber\u00edan agrupar o cu\u00e1l deber\u00eda ser su distribuci\u00f3n dentro del visor.<\/p>\n<p>En el documento adjunto <em>(idioma catal\u00e1n)<\/em> en esta p\u00e1gina encontrar\u00e1 todos los detalles de las sesiones, junto con la metodolog\u00eda y propuestas recogidas. En la parte final del informe est\u00e1n las conclusiones divididas por cada cada soluci\u00f3n.<\/p>\n<p>Queremos agradecer la participaci\u00f3n de todos los profesionales que han colaborado.<\/p>\n","protected":false},"author":21,"featured_media":4397,"menu_order":0,"template":"","meta":{"_acf_changed":false,"inline_featured_image":false},"etiqueta":[],"tipus":[654],"topic":[130],"class_list":["post-4400","noticia","type-noticia","status-publish","has-post-thumbnail","hentry","tipus-activos-digitales","topic-la-fundacion"],"acf":{"imatge":4399,"autor":"Adri\u00e0 G.Font"},"yoast_head":"<!-- This site is optimized with the Yoast SEO plugin v27.1.1 - https:\/\/yoast.com\/product\/yoast-seo-wordpress\/ -->\n<title>Una treintena de profesionales participan en el dise\u00f1o del visor profesional de mConnecta - Fundaci\u00f3 TIC Salut i Social<\/title>\n<meta name=\"robots\" content=\"index, follow, max-snippet:-1, max-image-preview:large, max-video-preview:-1\" \/>\n<link rel=\"canonical\" href=\"https:\/\/ticsalutsocial.atoom.space\/es\/noticia\/una-treintena-de-profesionales-participan-en-el-diseno-del-visor-profesional-de-mconnecta\/\" \/>\n<meta property=\"og:locale\" content=\"es_ES\" \/>\n<meta property=\"og:type\" content=\"article\" \/>\n<meta property=\"og:title\" content=\"Una treintena de profesionales participan en el dise\u00f1o del visor profesional de mConnecta - Fundaci\u00f3 TIC Salut i Social\" \/>\n<meta property=\"og:description\" content=\"El proyecto mConnecta nace para ampliar el modelo asistencial actual incorporando soluciones de movilidad para la mejora de la sostenibilidad del sistema de salud catal\u00e1n. Ha sido desarrollado por la Fundaci\u00f3 TIC Salut Social por encargo del Servei Catal\u00e0 de la Salut. El alcance del proyecto incluye la puesta en marcha de la Plataforma de [&hellip;]\" \/>\n<meta property=\"og:url\" content=\"https:\/\/ticsalutsocial.atoom.space\/es\/noticia\/una-treintena-de-profesionales-participan-en-el-diseno-del-visor-profesional-de-mconnecta\/\" \/>\n<meta property=\"og:site_name\" content=\"Fundaci\u00f3 TIC Salut i Social\" \/>\n<meta property=\"article:modified_time\" content=\"2021-07-21T13:46:01+00:00\" \/>\n<meta property=\"og:image\" content=\"https:\/\/ticsalutsocial.atoom.space\/wp-content\/uploads\/2020\/03\/photo-1571573750055-39cfc5545c23.jpg\" \/>\n\t<meta property=\"og:image:width\" content=\"667\" \/>\n\t<meta property=\"og:image:height\" content=\"500\" \/>\n\t<meta property=\"og:image:type\" content=\"image\/jpeg\" \/>\n<meta name=\"twitter:card\" content=\"summary_large_image\" \/>\n<meta name=\"twitter:label1\" content=\"Tiempo de lectura\" \/>\n\t<meta name=\"twitter:data1\" content=\"2 minutos\" \/>\n<script type=\"application\/ld+json\" class=\"yoast-schema-graph\">{\"@context\":\"https:\/\/schema.org\",\"@graph\":[{\"@type\":\"WebPage\",\"@id\":\"https:\/\/ticsalutsocial.atoom.space\/es\/noticia\/una-treintena-de-profesionales-participan-en-el-diseno-del-visor-profesional-de-mconnecta\/\",\"url\":\"https:\/\/ticsalutsocial.atoom.space\/es\/noticia\/una-treintena-de-profesionales-participan-en-el-diseno-del-visor-profesional-de-mconnecta\/\",\"name\":\"Una treintena de profesionales participan en el dise\u00f1o del visor profesional de mConnecta - Fundaci\u00f3 TIC Salut i Social\",\"isPartOf\":{\"@id\":\"https:\/\/ticsalutsocial.atoom.space\/es\/#website\"},\"primaryImageOfPage\":{\"@id\":\"https:\/\/ticsalutsocial.atoom.space\/es\/noticia\/una-treintena-de-profesionales-participan-en-el-diseno-del-visor-profesional-de-mconnecta\/#primaryimage\"},\"image\":{\"@id\":\"https:\/\/ticsalutsocial.atoom.space\/es\/noticia\/una-treintena-de-profesionales-participan-en-el-diseno-del-visor-profesional-de-mconnecta\/#primaryimage\"},\"thumbnailUrl\":\"https:\/\/ticsalutsocial.atoom.space\/wp-content\/uploads\/2020\/03\/photo-1571573750055-39cfc5545c23.jpg\",\"datePublished\":\"2020-03-31T14:55:51+00:00\",\"dateModified\":\"2021-07-21T13:46:01+00:00\",\"breadcrumb\":{\"@id\":\"https:\/\/ticsalutsocial.atoom.space\/es\/noticia\/una-treintena-de-profesionales-participan-en-el-diseno-del-visor-profesional-de-mconnecta\/#breadcrumb\"},\"inLanguage\":\"es\",\"potentialAction\":[{\"@type\":\"ReadAction\",\"target\":[\"https:\/\/ticsalutsocial.atoom.space\/es\/noticia\/una-treintena-de-profesionales-participan-en-el-diseno-del-visor-profesional-de-mconnecta\/\"]}]},{\"@type\":\"ImageObject\",\"inLanguage\":\"es\",\"@id\":\"https:\/\/ticsalutsocial.atoom.space\/es\/noticia\/una-treintena-de-profesionales-participan-en-el-diseno-del-visor-profesional-de-mconnecta\/#primaryimage\",\"url\":\"https:\/\/ticsalutsocial.atoom.space\/wp-content\/uploads\/2020\/03\/photo-1571573750055-39cfc5545c23.jpg\",\"contentUrl\":\"https:\/\/ticsalutsocial.atoom.space\/wp-content\/uploads\/2020\/03\/photo-1571573750055-39cfc5545c23.jpg\",\"width\":667,\"height\":500},{\"@type\":\"BreadcrumbList\",\"@id\":\"https:\/\/ticsalutsocial.atoom.space\/es\/noticia\/una-treintena-de-profesionales-participan-en-el-diseno-del-visor-profesional-de-mconnecta\/#breadcrumb\",\"itemListElement\":[{\"@type\":\"ListItem\",\"position\":1,\"name\":\"Inici\",\"item\":\"https:\/\/ticsalutsocial.atoom.space\/es\/\"},{\"@type\":\"ListItem\",\"position\":2,\"name\":\"Una treintena de profesionales participan en el dise\u00f1o del visor profesional de mConnecta\"}]},{\"@type\":\"WebSite\",\"@id\":\"https:\/\/ticsalutsocial.atoom.space\/es\/#website\",\"url\":\"https:\/\/ticsalutsocial.atoom.space\/es\/\",\"name\":\"Fundaci\u00f3 TIC Salut i Social\",\"description\":\"\",\"potentialAction\":[{\"@type\":\"SearchAction\",\"target\":{\"@type\":\"EntryPoint\",\"urlTemplate\":\"https:\/\/ticsalutsocial.atoom.space\/es\/?s={search_term_string}\"},\"query-input\":{\"@type\":\"PropertyValueSpecification\",\"valueRequired\":true,\"valueName\":\"search_term_string\"}}],\"inLanguage\":\"es\"}]}<\/script>\n<!-- \/ Yoast SEO plugin. -->","yoast_head_json":{"title":"Una treintena de profesionales participan en el dise\u00f1o del visor profesional de mConnecta - Fundaci\u00f3 TIC Salut i Social","robots":{"index":"index","follow":"follow","max-snippet":"max-snippet:-1","max-image-preview":"max-image-preview:large","max-video-preview":"max-video-preview:-1"},"canonical":"https:\/\/ticsalutsocial.atoom.space\/es\/noticia\/una-treintena-de-profesionales-participan-en-el-diseno-del-visor-profesional-de-mconnecta\/","og_locale":"es_ES","og_type":"article","og_title":"Una treintena de profesionales participan en el dise\u00f1o del visor profesional de mConnecta - Fundaci\u00f3 TIC Salut i Social","og_description":"El proyecto mConnecta nace para ampliar el modelo asistencial actual incorporando soluciones de movilidad para la mejora de la sostenibilidad del sistema de salud catal\u00e1n. Ha sido desarrollado por la Fundaci\u00f3 TIC Salut Social por encargo del Servei Catal\u00e0 de la Salut. El alcance del proyecto incluye la puesta en marcha de la Plataforma de [&hellip;]","og_url":"https:\/\/ticsalutsocial.atoom.space\/es\/noticia\/una-treintena-de-profesionales-participan-en-el-diseno-del-visor-profesional-de-mconnecta\/","og_site_name":"Fundaci\u00f3 TIC Salut i Social","article_modified_time":"2021-07-21T13:46:01+00:00","og_image":[{"width":667,"height":500,"url":"https:\/\/ticsalutsocial.atoom.space\/wp-content\/uploads\/2020\/03\/photo-1571573750055-39cfc5545c23.jpg","type":"image\/jpeg"}],"twitter_card":"summary_large_image","twitter_misc":{"Tiempo de lectura":"2 minutos"},"schema":{"@context":"https:\/\/schema.org","@graph":[{"@type":"WebPage","@id":"https:\/\/ticsalutsocial.atoom.space\/es\/noticia\/una-treintena-de-profesionales-participan-en-el-diseno-del-visor-profesional-de-mconnecta\/","url":"https:\/\/ticsalutsocial.atoom.space\/es\/noticia\/una-treintena-de-profesionales-participan-en-el-diseno-del-visor-profesional-de-mconnecta\/","name":"Una treintena de profesionales participan en el dise\u00f1o del visor profesional de mConnecta - Fundaci\u00f3 TIC Salut i Social","isPartOf":{"@id":"https:\/\/ticsalutsocial.atoom.space\/es\/#website"},"primaryImageOfPage":{"@id":"https:\/\/ticsalutsocial.atoom.space\/es\/noticia\/una-treintena-de-profesionales-participan-en-el-diseno-del-visor-profesional-de-mconnecta\/#primaryimage"},"image":{"@id":"https:\/\/ticsalutsocial.atoom.space\/es\/noticia\/una-treintena-de-profesionales-participan-en-el-diseno-del-visor-profesional-de-mconnecta\/#primaryimage"},"thumbnailUrl":"https:\/\/ticsalutsocial.atoom.space\/wp-content\/uploads\/2020\/03\/photo-1571573750055-39cfc5545c23.jpg","datePublished":"2020-03-31T14:55:51+00:00","dateModified":"2021-07-21T13:46:01+00:00","breadcrumb":{"@id":"https:\/\/ticsalutsocial.atoom.space\/es\/noticia\/una-treintena-de-profesionales-participan-en-el-diseno-del-visor-profesional-de-mconnecta\/#breadcrumb"},"inLanguage":"es","potentialAction":[{"@type":"ReadAction","target":["https:\/\/ticsalutsocial.atoom.space\/es\/noticia\/una-treintena-de-profesionales-participan-en-el-diseno-del-visor-profesional-de-mconnecta\/"]}]},{"@type":"ImageObject","inLanguage":"es","@id":"https:\/\/ticsalutsocial.atoom.space\/es\/noticia\/una-treintena-de-profesionales-participan-en-el-diseno-del-visor-profesional-de-mconnecta\/#primaryimage","url":"https:\/\/ticsalutsocial.atoom.space\/wp-content\/uploads\/2020\/03\/photo-1571573750055-39cfc5545c23.jpg","contentUrl":"https:\/\/ticsalutsocial.atoom.space\/wp-content\/uploads\/2020\/03\/photo-1571573750055-39cfc5545c23.jpg","width":667,"height":500},{"@type":"BreadcrumbList","@id":"https:\/\/ticsalutsocial.atoom.space\/es\/noticia\/una-treintena-de-profesionales-participan-en-el-diseno-del-visor-profesional-de-mconnecta\/#breadcrumb","itemListElement":[{"@type":"ListItem","position":1,"name":"Inici","item":"https:\/\/ticsalutsocial.atoom.space\/es\/"},{"@type":"ListItem","position":2,"name":"Una treintena de profesionales participan en el dise\u00f1o del visor profesional de mConnecta"}]},{"@type":"WebSite","@id":"https:\/\/ticsalutsocial.atoom.space\/es\/#website","url":"https:\/\/ticsalutsocial.atoom.space\/es\/","name":"Fundaci\u00f3 TIC Salut i Social","description":"","potentialAction":[{"@type":"SearchAction","target":{"@type":"EntryPoint","urlTemplate":"https:\/\/ticsalutsocial.atoom.space\/es\/?s={search_term_string}"},"query-input":{"@type":"PropertyValueSpecification","valueRequired":true,"valueName":"search_term_string"}}],"inLanguage":"es"}]}},"_links":{"self":[{"href":"https:\/\/ticsalutsocial.atoom.space\/es\/wp-json\/wp\/v2\/noticia\/4400","targetHints":{"allow":["GET"]}}],"collection":[{"href":"https:\/\/ticsalutsocial.atoom.space\/es\/wp-json\/wp\/v2\/noticia"}],"about":[{"href":"https:\/\/ticsalutsocial.atoom.space\/es\/wp-json\/wp\/v2\/types\/noticia"}],"author":[{"embeddable":true,"href":"https:\/\/ticsalutsocial.atoom.space\/es\/wp-json\/wp\/v2\/users\/21"}],"wp:featuredmedia":[{"embeddable":true,"href":"https:\/\/ticsalutsocial.atoom.space\/es\/wp-json\/wp\/v2\/media\/4397"}],"wp:attachment":[{"href":"https:\/\/ticsalutsocial.atoom.space\/es\/wp-json\/wp\/v2\/media?parent=4400"}],"wp:term":[{"taxonomy":"etiqueta","embeddable":true,"href":"https:\/\/ticsalutsocial.atoom.space\/es\/wp-json\/wp\/v2\/etiqueta?post=4400"},{"taxonomy":"tipus","embeddable":true,"href":"https:\/\/ticsalutsocial.atoom.space\/es\/wp-json\/wp\/v2\/tipus?post=4400"},{"taxonomy":"topic","embeddable":true,"href":"https:\/\/ticsalutsocial.atoom.space\/es\/wp-json\/wp\/v2\/topic?post=4400"}],"curies":[{"name":"wp","href":"https:\/\/api.w.org\/{rel}","templated":true}]}}