
{"id":4406,"date":"2020-04-01T12:20:23","date_gmt":"2020-04-01T10:20:23","guid":{"rendered":"https:\/\/ticsalutsocial.atoom.space\/?post_type=noticia&#038;p=4406"},"modified":"2021-07-21T15:46:05","modified_gmt":"2021-07-21T13:46:05","slug":"webinars-y-sesiones-gratuitas-a-cargo-de-profesionales-de-la-salud-mental","status":"publish","type":"noticia","link":"https:\/\/ticsalutsocial.atoom.space\/es\/noticia\/webinars-y-sesiones-gratuitas-a-cargo-de-profesionales-de-la-salud-mental\/","title":{"rendered":"Webinars y sesiones gratuitas a cargo de profesionales de la salud mental"},"content":{"rendered":"<p>Ante la crisis sanitaria actual, la prioridad de las autoridades se centra en detener la propagaci\u00f3n de virus y detener los contagios. El confinamiento es la medida m\u00e1s efectiva para lograr este objetivo, pero puede conllevar efectos secundarios y riesgos para la salud mental de la ciudadan\u00eda a corto y medio plazo. A la ansiedad generada por la incertidumbre de la situaci\u00f3n y el miedo al contagio, se a\u00f1ade el estr\u00e9s por un confinamiento que puede alargarse desde varias semanas hasta meses. En el caso del personal sanitario, a estos problemas se les a\u00f1aden adem\u00e1s el estr\u00e9s por la responsabilidad, el agotamiento tanto f\u00edsico como mental y la preocupaci\u00f3n derivada de la puesta en riesgo continua de sus propias vidas.<\/p>\n<p>Ante esta situaci\u00f3n alarmante desde el punto de vista de salud mental, la Red Cl\u00ednica de Psious, formada por profesionales de la salud mental con amplia experiencia cl\u00ednica y formados en el uso de herramientas de telemedicina y realidad virtual, ha impulsado una iniciativa abierta y solidaria CuidateEnCasa, dirigida a la sociedad en su conjunto, pero que priorizar\u00e1 la ayuda psicol\u00f3gica para el personal sanitario.<\/p>\n<p>La Red Cl\u00ednica de Psious, colaboradora del proyecto <a href=\"https:\/\/ticsalutsocial.atoom.space\/projectes\/oficina-de-projectes\/agora-vr\/\">Agora VR<\/a> y otras <a href=\"https:\/\/ticsalutsocial.atoom.space\/actualitat\/realitat-virtual-aplicada-en-la-millora-dels-tractaments-en-salut-mental-2\/\">iniciativas de realidad virtual en salud<\/a>, pone a disposici\u00f3n de la ciudadan\u00eda 1.000 sesiones gratuitas de ayuda psicol\u00f3gica en remoto, y m\u00e1s de 50 webinars psicoeducativos, con el objetivo de &#8216;ayudar a paliar los efectos psicol\u00f3gicos derivados tanto del confinamiento obligatorio debido al COVID-19, como de las condiciones extremas de trabajo en las que el personal sanitario de nuestros hospitales ejercen estos d\u00edas su trabajo.<\/p>\n<p><strong>Sesiones de ayuda psicol\u00f3gica: en remoto y mediante entornos de realidad virtual<\/strong><\/p>\n<p>Desde <a href=\"http:\/\/www.cuidateencasa.es\">www.cuidateencasa.es<\/a> cualquier persona puede solicitar sesiones remotas individuales de 30 minutos con un profesional de la Red Cl\u00ednica de Psious. durante la sesi\u00f3n, el usuario aprender\u00e1 a practicar t\u00e9cnicas de relajaci\u00f3n o mindfulness utilizando entornos de realidad virtual.<\/p>\n<p>Psious ha puesto a disposici\u00f3n de su Red Cl\u00ednica la app Psious @ home para ofrecer las sesiones de ayuda en remoto mediante realidad virtual. Gracias a esta soluci\u00f3n tecnol\u00f3gica, usuario y terapeuta se conectan remotamente a la plataforma de realidad virtual del terapeuta, y visualizan los entornos virtuales dise\u00f1ados para practicar t\u00e9cnicas de relajaci\u00f3n o mindfulness.<\/p>\n<p><strong>M\u00e1s de 50 webinars psicoeducativos, recursos y m\u00e1s iniciativas<\/strong><\/p>\n<p>En paralelo a las 1000 sesiones de ayuda terap\u00e9utica, la Red Cl\u00ednica de Psious ofrecer\u00e1 m\u00e1s de 50 webinars psicoeducativos durante el confinamiento. En la web <a href=\"http:\/\/www.cuidateencasa.es\">www.cuidateencasa.es<\/a>, los usuarios interesados \u200b\u200bencontrar\u00e1n el listado de webinars con la informaci\u00f3n y el formulario de registro.<\/p>\n","protected":false},"author":21,"featured_media":4403,"menu_order":0,"template":"","meta":{"_acf_changed":false,"inline_featured_image":false},"etiqueta":[],"tipus":[],"topic":[130],"class_list":["post-4406","noticia","type-noticia","status-publish","has-post-thumbnail","hentry","topic-la-fundacion"],"acf":{"imatge":4405,"autor":"Adri\u00e0 G.Font"},"yoast_head":"<!-- This site is optimized with the Yoast SEO plugin v27.1.1 - https:\/\/yoast.com\/product\/yoast-seo-wordpress\/ -->\n<title>Webinars y sesiones gratuitas a cargo de profesionales de la salud mental - Fundaci\u00f3 TIC Salut i Social<\/title>\n<meta name=\"robots\" content=\"index, follow, max-snippet:-1, max-image-preview:large, max-video-preview:-1\" \/>\n<link rel=\"canonical\" href=\"https:\/\/ticsalutsocial.atoom.space\/es\/noticia\/webinars-y-sesiones-gratuitas-a-cargo-de-profesionales-de-la-salud-mental\/\" \/>\n<meta property=\"og:locale\" content=\"es_ES\" \/>\n<meta property=\"og:type\" content=\"article\" \/>\n<meta property=\"og:title\" content=\"Webinars y sesiones gratuitas a cargo de profesionales de la salud mental - Fundaci\u00f3 TIC Salut i Social\" \/>\n<meta property=\"og:description\" content=\"Ante la crisis sanitaria actual, la prioridad de las autoridades se centra en detener la propagaci\u00f3n de virus y detener los contagios. El confinamiento es la medida m\u00e1s efectiva para lograr este objetivo, pero puede conllevar efectos secundarios y riesgos para la salud mental de la ciudadan\u00eda a corto y medio plazo. A la ansiedad [&hellip;]\" \/>\n<meta property=\"og:url\" content=\"https:\/\/ticsalutsocial.atoom.space\/es\/noticia\/webinars-y-sesiones-gratuitas-a-cargo-de-profesionales-de-la-salud-mental\/\" \/>\n<meta property=\"og:site_name\" content=\"Fundaci\u00f3 TIC Salut i Social\" \/>\n<meta property=\"article:modified_time\" content=\"2021-07-21T13:46:05+00:00\" \/>\n<meta property=\"og:image\" content=\"https:\/\/ticsalutsocial.atoom.space\/wp-content\/uploads\/2020\/04\/imagen-informativa-2.jpg\" \/>\n\t<meta property=\"og:image:width\" content=\"1500\" \/>\n\t<meta property=\"og:image:height\" content=\"500\" \/>\n\t<meta property=\"og:image:type\" content=\"image\/jpeg\" \/>\n<meta name=\"twitter:card\" content=\"summary_large_image\" \/>\n<meta name=\"twitter:label1\" content=\"Tiempo de lectura\" \/>\n\t<meta name=\"twitter:data1\" content=\"2 minutos\" \/>\n<script type=\"application\/ld+json\" class=\"yoast-schema-graph\">{\"@context\":\"https:\/\/schema.org\",\"@graph\":[{\"@type\":\"WebPage\",\"@id\":\"https:\/\/ticsalutsocial.atoom.space\/es\/noticia\/webinars-y-sesiones-gratuitas-a-cargo-de-profesionales-de-la-salud-mental\/\",\"url\":\"https:\/\/ticsalutsocial.atoom.space\/es\/noticia\/webinars-y-sesiones-gratuitas-a-cargo-de-profesionales-de-la-salud-mental\/\",\"name\":\"Webinars y sesiones gratuitas a cargo de profesionales de la salud mental - Fundaci\u00f3 TIC Salut i Social\",\"isPartOf\":{\"@id\":\"https:\/\/ticsalutsocial.atoom.space\/es\/#website\"},\"primaryImageOfPage\":{\"@id\":\"https:\/\/ticsalutsocial.atoom.space\/es\/noticia\/webinars-y-sesiones-gratuitas-a-cargo-de-profesionales-de-la-salud-mental\/#primaryimage\"},\"image\":{\"@id\":\"https:\/\/ticsalutsocial.atoom.space\/es\/noticia\/webinars-y-sesiones-gratuitas-a-cargo-de-profesionales-de-la-salud-mental\/#primaryimage\"},\"thumbnailUrl\":\"https:\/\/ticsalutsocial.atoom.space\/wp-content\/uploads\/2020\/04\/imagen-informativa-2.jpg\",\"datePublished\":\"2020-04-01T10:20:23+00:00\",\"dateModified\":\"2021-07-21T13:46:05+00:00\",\"breadcrumb\":{\"@id\":\"https:\/\/ticsalutsocial.atoom.space\/es\/noticia\/webinars-y-sesiones-gratuitas-a-cargo-de-profesionales-de-la-salud-mental\/#breadcrumb\"},\"inLanguage\":\"es\",\"potentialAction\":[{\"@type\":\"ReadAction\",\"target\":[\"https:\/\/ticsalutsocial.atoom.space\/es\/noticia\/webinars-y-sesiones-gratuitas-a-cargo-de-profesionales-de-la-salud-mental\/\"]}]},{\"@type\":\"ImageObject\",\"inLanguage\":\"es\",\"@id\":\"https:\/\/ticsalutsocial.atoom.space\/es\/noticia\/webinars-y-sesiones-gratuitas-a-cargo-de-profesionales-de-la-salud-mental\/#primaryimage\",\"url\":\"https:\/\/ticsalutsocial.atoom.space\/wp-content\/uploads\/2020\/04\/imagen-informativa-2.jpg\",\"contentUrl\":\"https:\/\/ticsalutsocial.atoom.space\/wp-content\/uploads\/2020\/04\/imagen-informativa-2.jpg\",\"width\":1500,\"height\":500},{\"@type\":\"BreadcrumbList\",\"@id\":\"https:\/\/ticsalutsocial.atoom.space\/es\/noticia\/webinars-y-sesiones-gratuitas-a-cargo-de-profesionales-de-la-salud-mental\/#breadcrumb\",\"itemListElement\":[{\"@type\":\"ListItem\",\"position\":1,\"name\":\"Inici\",\"item\":\"https:\/\/ticsalutsocial.atoom.space\/es\/\"},{\"@type\":\"ListItem\",\"position\":2,\"name\":\"Webinars y sesiones gratuitas a cargo de profesionales de la salud mental\"}]},{\"@type\":\"WebSite\",\"@id\":\"https:\/\/ticsalutsocial.atoom.space\/es\/#website\",\"url\":\"https:\/\/ticsalutsocial.atoom.space\/es\/\",\"name\":\"Fundaci\u00f3 TIC Salut i Social\",\"description\":\"\",\"potentialAction\":[{\"@type\":\"SearchAction\",\"target\":{\"@type\":\"EntryPoint\",\"urlTemplate\":\"https:\/\/ticsalutsocial.atoom.space\/es\/?s={search_term_string}\"},\"query-input\":{\"@type\":\"PropertyValueSpecification\",\"valueRequired\":true,\"valueName\":\"search_term_string\"}}],\"inLanguage\":\"es\"}]}<\/script>\n<!-- \/ Yoast SEO plugin. -->","yoast_head_json":{"title":"Webinars y sesiones gratuitas a cargo de profesionales de la salud mental - Fundaci\u00f3 TIC Salut i Social","robots":{"index":"index","follow":"follow","max-snippet":"max-snippet:-1","max-image-preview":"max-image-preview:large","max-video-preview":"max-video-preview:-1"},"canonical":"https:\/\/ticsalutsocial.atoom.space\/es\/noticia\/webinars-y-sesiones-gratuitas-a-cargo-de-profesionales-de-la-salud-mental\/","og_locale":"es_ES","og_type":"article","og_title":"Webinars y sesiones gratuitas a cargo de profesionales de la salud mental - Fundaci\u00f3 TIC Salut i Social","og_description":"Ante la crisis sanitaria actual, la prioridad de las autoridades se centra en detener la propagaci\u00f3n de virus y detener los contagios. El confinamiento es la medida m\u00e1s efectiva para lograr este objetivo, pero puede conllevar efectos secundarios y riesgos para la salud mental de la ciudadan\u00eda a corto y medio plazo. A la ansiedad [&hellip;]","og_url":"https:\/\/ticsalutsocial.atoom.space\/es\/noticia\/webinars-y-sesiones-gratuitas-a-cargo-de-profesionales-de-la-salud-mental\/","og_site_name":"Fundaci\u00f3 TIC Salut i Social","article_modified_time":"2021-07-21T13:46:05+00:00","og_image":[{"width":1500,"height":500,"url":"https:\/\/ticsalutsocial.atoom.space\/wp-content\/uploads\/2020\/04\/imagen-informativa-2.jpg","type":"image\/jpeg"}],"twitter_card":"summary_large_image","twitter_misc":{"Tiempo de lectura":"2 minutos"},"schema":{"@context":"https:\/\/schema.org","@graph":[{"@type":"WebPage","@id":"https:\/\/ticsalutsocial.atoom.space\/es\/noticia\/webinars-y-sesiones-gratuitas-a-cargo-de-profesionales-de-la-salud-mental\/","url":"https:\/\/ticsalutsocial.atoom.space\/es\/noticia\/webinars-y-sesiones-gratuitas-a-cargo-de-profesionales-de-la-salud-mental\/","name":"Webinars y sesiones gratuitas a cargo de profesionales de la salud mental - Fundaci\u00f3 TIC Salut i Social","isPartOf":{"@id":"https:\/\/ticsalutsocial.atoom.space\/es\/#website"},"primaryImageOfPage":{"@id":"https:\/\/ticsalutsocial.atoom.space\/es\/noticia\/webinars-y-sesiones-gratuitas-a-cargo-de-profesionales-de-la-salud-mental\/#primaryimage"},"image":{"@id":"https:\/\/ticsalutsocial.atoom.space\/es\/noticia\/webinars-y-sesiones-gratuitas-a-cargo-de-profesionales-de-la-salud-mental\/#primaryimage"},"thumbnailUrl":"https:\/\/ticsalutsocial.atoom.space\/wp-content\/uploads\/2020\/04\/imagen-informativa-2.jpg","datePublished":"2020-04-01T10:20:23+00:00","dateModified":"2021-07-21T13:46:05+00:00","breadcrumb":{"@id":"https:\/\/ticsalutsocial.atoom.space\/es\/noticia\/webinars-y-sesiones-gratuitas-a-cargo-de-profesionales-de-la-salud-mental\/#breadcrumb"},"inLanguage":"es","potentialAction":[{"@type":"ReadAction","target":["https:\/\/ticsalutsocial.atoom.space\/es\/noticia\/webinars-y-sesiones-gratuitas-a-cargo-de-profesionales-de-la-salud-mental\/"]}]},{"@type":"ImageObject","inLanguage":"es","@id":"https:\/\/ticsalutsocial.atoom.space\/es\/noticia\/webinars-y-sesiones-gratuitas-a-cargo-de-profesionales-de-la-salud-mental\/#primaryimage","url":"https:\/\/ticsalutsocial.atoom.space\/wp-content\/uploads\/2020\/04\/imagen-informativa-2.jpg","contentUrl":"https:\/\/ticsalutsocial.atoom.space\/wp-content\/uploads\/2020\/04\/imagen-informativa-2.jpg","width":1500,"height":500},{"@type":"BreadcrumbList","@id":"https:\/\/ticsalutsocial.atoom.space\/es\/noticia\/webinars-y-sesiones-gratuitas-a-cargo-de-profesionales-de-la-salud-mental\/#breadcrumb","itemListElement":[{"@type":"ListItem","position":1,"name":"Inici","item":"https:\/\/ticsalutsocial.atoom.space\/es\/"},{"@type":"ListItem","position":2,"name":"Webinars y sesiones gratuitas a cargo de profesionales de la salud mental"}]},{"@type":"WebSite","@id":"https:\/\/ticsalutsocial.atoom.space\/es\/#website","url":"https:\/\/ticsalutsocial.atoom.space\/es\/","name":"Fundaci\u00f3 TIC Salut i Social","description":"","potentialAction":[{"@type":"SearchAction","target":{"@type":"EntryPoint","urlTemplate":"https:\/\/ticsalutsocial.atoom.space\/es\/?s={search_term_string}"},"query-input":{"@type":"PropertyValueSpecification","valueRequired":true,"valueName":"search_term_string"}}],"inLanguage":"es"}]}},"_links":{"self":[{"href":"https:\/\/ticsalutsocial.atoom.space\/es\/wp-json\/wp\/v2\/noticia\/4406","targetHints":{"allow":["GET"]}}],"collection":[{"href":"https:\/\/ticsalutsocial.atoom.space\/es\/wp-json\/wp\/v2\/noticia"}],"about":[{"href":"https:\/\/ticsalutsocial.atoom.space\/es\/wp-json\/wp\/v2\/types\/noticia"}],"author":[{"embeddable":true,"href":"https:\/\/ticsalutsocial.atoom.space\/es\/wp-json\/wp\/v2\/users\/21"}],"wp:featuredmedia":[{"embeddable":true,"href":"https:\/\/ticsalutsocial.atoom.space\/es\/wp-json\/wp\/v2\/media\/4403"}],"wp:attachment":[{"href":"https:\/\/ticsalutsocial.atoom.space\/es\/wp-json\/wp\/v2\/media?parent=4406"}],"wp:term":[{"taxonomy":"etiqueta","embeddable":true,"href":"https:\/\/ticsalutsocial.atoom.space\/es\/wp-json\/wp\/v2\/etiqueta?post=4406"},{"taxonomy":"tipus","embeddable":true,"href":"https:\/\/ticsalutsocial.atoom.space\/es\/wp-json\/wp\/v2\/tipus?post=4406"},{"taxonomy":"topic","embeddable":true,"href":"https:\/\/ticsalutsocial.atoom.space\/es\/wp-json\/wp\/v2\/topic?post=4406"}],"curies":[{"name":"wp","href":"https:\/\/api.w.org\/{rel}","templated":true}]}}