
{"id":4416,"date":"2020-04-03T12:58:30","date_gmt":"2020-04-03T10:58:30","guid":{"rendered":"https:\/\/ticsalutsocial.atoom.space\/?post_type=noticia&#038;p=4416"},"modified":"2021-07-21T15:46:11","modified_gmt":"2021-07-21T13:46:11","slug":"unete-a-la-hackovid","status":"publish","type":"noticia","link":"https:\/\/ticsalutsocial.atoom.space\/es\/noticia\/unete-a-la-hackovid\/","title":{"rendered":"\u00a1\u00danete a la Hackovid!"},"content":{"rendered":"<p>La ciudadan\u00eda est\u00e1 atravesando actualmente una situaci\u00f3n compleja a causa del confinamiento provocado por la COVID-19. La lucha contra la propagaci\u00f3n del virus ser\u00e1 larga y quedarse a casa es clave para reducir los contagios.<\/p>\n<p>Este confinamiento nos enfrenta a varios retos y necesidades relacionadas con el entorno donde nos encontramos: trabajo, familia, vecinos, las salidas al exterior o las necesidades b\u00e1sicas que se deben cubrir. Para dar respuesta, el\u00a0<em><a href=\"http:\/\/politiquesdigitals.gencat.cat\/ca\/inici\">Departament de Pol\u00edtiques Digitals i Administraci\u00f3 P\u00fablica <\/a><\/em>de la Generalitat de Catalu\u00f1a, en colaboraci\u00f3n con la Fundaci\u00f3n i2CAT, ha puesto en marcha la Hackovid, un hackat\u00f3n ciudadano que tiene como objetivo resolver las necesidades sociales relacionadas con la situaci\u00f3n de confinamiento que estamos viviendo, as\u00ed como las que puedan surgir una vez \u00e9sta se vaya superando.<\/p>\n<div class=\"traductor-textarea form-group\">\n<div class=\"textarea-desti col-xs-12 col-sm-6\">\n<div class=\"form-control second-textarea\">\n<p>La participaci\u00f3n de las comunidades TIC, con especial \u00e9nfasis en las participantes femeninas, es clave para dar respuesta a estas necesidades con soluciones innovadoras alineadas con los Objetivos de Desarrollo Sostenible de las Naciones Unidas.Formas parte de una startup o PYME innovadora? Eres una desarrolladora o estudiante interesada en el \u00e1mbito social? Formas parte de un meetup TIC con capacidades para ayudar en estos momentos excepcionales?<\/p>\n<p>\u00a1S\u00e9 parte del cambio e inscr\u00edbete a la Hackovid!<\/p>\n<p>\u00bfC\u00f3mo participar?<\/p>\n<p>Para participar en la Hackovid ten\u00e9is que crear un grupo de como m\u00ednimo 2 personas (recomendable que se\u00e1is entre 3 y 5) e inscribiros en el web de la Hackovid <a href=\"https:\/\/docs.google.com\/forms\/d\/e\/1FAIpQLSfpXhHVMrwm7MrPycTynvKOOcZdQQtO2MsWModVfPTO9d3qDw\/viewform\" target=\"_blank\" rel=\"noopener noreferrer\">cumplimentando el siguiente formulario.<\/a><\/p>\n<p><strong>Proceso de participaci\u00f3n<\/strong><\/p>\n<p>Los equipos participantes tendr\u00e1n que presentar un servicio web o app m\u00f3vil y facilitar\u00e1n la siguiente informaci\u00f3n:<\/p>\n<p><strong><em>Pitch 3\u2019<\/em><\/strong> <strong><em>en YouTube:<\/em><\/strong>Video de m\u00e1ximo 3 minutos presentando la soluci\u00f3n. Lenguaje divulgativo. Se tendr\u00e1 que colgar en YouTube con visibilidad p\u00fablica y estar\u00e1 disponible tambi\u00e9n a secci\u00f3n de Soluciones.<\/p>\n<p><strong><em>Acceso p\u00fablico a la soluci\u00f3n:<\/em><\/strong>El c\u00f3digo y la soluci\u00f3n misma (web o app) tendr\u00e1n que publicarse en formato abierto en GitHub y las tiendas de apps.<\/p>\n<p>Durante todo el proceso, un equipo de mentores especializados en los \u00e1mbitos TIC y social ofrecer\u00e1n su apoyo a todas las participantes.<\/p>\n<p><strong>Premios<\/strong><\/p>\n<p>Un jurado multidisciplinario valorar\u00e1 las soluciones m\u00e1s innovadoras y con un mayor potencial de impacto social. Las cinco soluciones mejor valoradas optar\u00e1n a premios de hasta 7.000 \u20ac en met\u00e1lico para continuar con el desarrollo y llevar a cabo la implementaci\u00f3n de las soluciones ganadoras. Estos premios est\u00e1n orientados a que los equipos ganadores puedan seguir desarrollando su soluci\u00f3n e impulsar la implementaci\u00f3n.<\/p>\n<p>Adicionalmente la Digital Future Society otorgar\u00e1 un premio especial de 5.000\u20ac para la mejor soluci\u00f3n dirigida a la atenci\u00f3n de los colectivos con riesgo de exclusi\u00f3n social.<\/p>\n<p>A pesar de no clasificarse como un premio, desde el Departamento de Pol\u00edticas Digitales y Administraci\u00f3n P\u00fablica se identificar\u00e1n aquellas soluciones que puedan integrarse como servicio dentro de la App del Confinamiento (Confinapp) que est\u00e1 impulsando.<\/p>\n<p><strong>\u00bfHasta cu\u00e1ndo puedo participar?<\/strong><\/p>\n<ul>\n<li><strong>Fase de hackat\u00f3n tecnol\u00f3gica: <\/strong>De\u00a0lunes 6 de abril a domingo 12 de abril<\/li>\n<li><strong>Fase de evaluaci\u00f3n del jurado:<\/strong>\u00a0De lunes 13 de abril a martes 14 de abril<\/li>\n<li><strong>Entrega<\/strong><strong> de premios: <\/strong>15 de abril<\/li>\n<\/ul>\n<\/div>\n<\/div>\n<\/div>\n<div class=\"traductor-checkbox form-group\">\n<div class=\"row\"><\/div>\n<\/div>\n","protected":false},"author":21,"featured_media":4413,"menu_order":0,"template":"","meta":{"_acf_changed":false,"inline_featured_image":false},"etiqueta":[],"tipus":[84,654],"topic":[121],"class_list":["post-4416","noticia","type-noticia","status-publish","has-post-thumbnail","hentry","tipus-oficina-interoperabilidad","tipus-activos-digitales","topic-dpd-es"],"acf":{"imatge":4415,"autor":"Adri\u00e0 G.Font","textos_destacats":[{"texte":"Aporta soluciones a las necesidades de la ciudadan\u00eda durante el confinamiento"}]},"yoast_head":"<!-- This site is optimized with the Yoast SEO plugin v27.1.1 - https:\/\/yoast.com\/product\/yoast-seo-wordpress\/ -->\n<title>\u00a1\u00danete a la Hackovid! - Fundaci\u00f3 TIC Salut i Social<\/title>\n<meta name=\"robots\" content=\"index, follow, max-snippet:-1, max-image-preview:large, max-video-preview:-1\" \/>\n<link rel=\"canonical\" href=\"https:\/\/ticsalutsocial.atoom.space\/es\/noticia\/unete-a-la-hackovid\/\" \/>\n<meta property=\"og:locale\" content=\"es_ES\" \/>\n<meta property=\"og:type\" content=\"article\" \/>\n<meta property=\"og:title\" content=\"\u00a1\u00danete a la Hackovid! - Fundaci\u00f3 TIC Salut i Social\" \/>\n<meta property=\"og:description\" content=\"La ciudadan\u00eda est\u00e1 atravesando actualmente una situaci\u00f3n compleja a causa del confinamiento provocado por la COVID-19. La lucha contra la propagaci\u00f3n del virus ser\u00e1 larga y quedarse a casa es clave para reducir los contagios. Este confinamiento nos enfrenta a varios retos y necesidades relacionadas con el entorno donde nos encontramos: trabajo, familia, vecinos, las [&hellip;]\" \/>\n<meta property=\"og:url\" content=\"https:\/\/ticsalutsocial.atoom.space\/es\/noticia\/unete-a-la-hackovid\/\" \/>\n<meta property=\"og:site_name\" content=\"Fundaci\u00f3 TIC Salut i Social\" \/>\n<meta property=\"article:modified_time\" content=\"2021-07-21T13:46:11+00:00\" \/>\n<meta property=\"og:image\" content=\"https:\/\/ticsalutsocial.atoom.space\/wp-content\/uploads\/2020\/04\/photo-1522071820081-009f0129c71c.jpg\" \/>\n\t<meta property=\"og:image:width\" content=\"750\" \/>\n\t<meta property=\"og:image:height\" content=\"500\" \/>\n\t<meta property=\"og:image:type\" content=\"image\/jpeg\" \/>\n<meta name=\"twitter:card\" content=\"summary_large_image\" \/>\n<meta name=\"twitter:label1\" content=\"Tiempo de lectura\" \/>\n\t<meta name=\"twitter:data1\" content=\"3 minutos\" \/>\n<script type=\"application\/ld+json\" class=\"yoast-schema-graph\">{\"@context\":\"https:\/\/schema.org\",\"@graph\":[{\"@type\":\"WebPage\",\"@id\":\"https:\/\/ticsalutsocial.atoom.space\/es\/noticia\/unete-a-la-hackovid\/\",\"url\":\"https:\/\/ticsalutsocial.atoom.space\/es\/noticia\/unete-a-la-hackovid\/\",\"name\":\"\u00a1\u00danete a la Hackovid! - Fundaci\u00f3 TIC Salut i Social\",\"isPartOf\":{\"@id\":\"https:\/\/ticsalutsocial.atoom.space\/es\/#website\"},\"primaryImageOfPage\":{\"@id\":\"https:\/\/ticsalutsocial.atoom.space\/es\/noticia\/unete-a-la-hackovid\/#primaryimage\"},\"image\":{\"@id\":\"https:\/\/ticsalutsocial.atoom.space\/es\/noticia\/unete-a-la-hackovid\/#primaryimage\"},\"thumbnailUrl\":\"https:\/\/ticsalutsocial.atoom.space\/wp-content\/uploads\/2020\/04\/photo-1522071820081-009f0129c71c.jpg\",\"datePublished\":\"2020-04-03T10:58:30+00:00\",\"dateModified\":\"2021-07-21T13:46:11+00:00\",\"breadcrumb\":{\"@id\":\"https:\/\/ticsalutsocial.atoom.space\/es\/noticia\/unete-a-la-hackovid\/#breadcrumb\"},\"inLanguage\":\"es\",\"potentialAction\":[{\"@type\":\"ReadAction\",\"target\":[\"https:\/\/ticsalutsocial.atoom.space\/es\/noticia\/unete-a-la-hackovid\/\"]}]},{\"@type\":\"ImageObject\",\"inLanguage\":\"es\",\"@id\":\"https:\/\/ticsalutsocial.atoom.space\/es\/noticia\/unete-a-la-hackovid\/#primaryimage\",\"url\":\"https:\/\/ticsalutsocial.atoom.space\/wp-content\/uploads\/2020\/04\/photo-1522071820081-009f0129c71c.jpg\",\"contentUrl\":\"https:\/\/ticsalutsocial.atoom.space\/wp-content\/uploads\/2020\/04\/photo-1522071820081-009f0129c71c.jpg\",\"width\":750,\"height\":500},{\"@type\":\"BreadcrumbList\",\"@id\":\"https:\/\/ticsalutsocial.atoom.space\/es\/noticia\/unete-a-la-hackovid\/#breadcrumb\",\"itemListElement\":[{\"@type\":\"ListItem\",\"position\":1,\"name\":\"Inici\",\"item\":\"https:\/\/ticsalutsocial.atoom.space\/es\/\"},{\"@type\":\"ListItem\",\"position\":2,\"name\":\"\u00a1\u00danete a la Hackovid!\"}]},{\"@type\":\"WebSite\",\"@id\":\"https:\/\/ticsalutsocial.atoom.space\/es\/#website\",\"url\":\"https:\/\/ticsalutsocial.atoom.space\/es\/\",\"name\":\"Fundaci\u00f3 TIC Salut i Social\",\"description\":\"\",\"potentialAction\":[{\"@type\":\"SearchAction\",\"target\":{\"@type\":\"EntryPoint\",\"urlTemplate\":\"https:\/\/ticsalutsocial.atoom.space\/es\/?s={search_term_string}\"},\"query-input\":{\"@type\":\"PropertyValueSpecification\",\"valueRequired\":true,\"valueName\":\"search_term_string\"}}],\"inLanguage\":\"es\"}]}<\/script>\n<!-- \/ Yoast SEO plugin. -->","yoast_head_json":{"title":"\u00a1\u00danete a la Hackovid! - Fundaci\u00f3 TIC Salut i Social","robots":{"index":"index","follow":"follow","max-snippet":"max-snippet:-1","max-image-preview":"max-image-preview:large","max-video-preview":"max-video-preview:-1"},"canonical":"https:\/\/ticsalutsocial.atoom.space\/es\/noticia\/unete-a-la-hackovid\/","og_locale":"es_ES","og_type":"article","og_title":"\u00a1\u00danete a la Hackovid! - Fundaci\u00f3 TIC Salut i Social","og_description":"La ciudadan\u00eda est\u00e1 atravesando actualmente una situaci\u00f3n compleja a causa del confinamiento provocado por la COVID-19. La lucha contra la propagaci\u00f3n del virus ser\u00e1 larga y quedarse a casa es clave para reducir los contagios. Este confinamiento nos enfrenta a varios retos y necesidades relacionadas con el entorno donde nos encontramos: trabajo, familia, vecinos, las [&hellip;]","og_url":"https:\/\/ticsalutsocial.atoom.space\/es\/noticia\/unete-a-la-hackovid\/","og_site_name":"Fundaci\u00f3 TIC Salut i Social","article_modified_time":"2021-07-21T13:46:11+00:00","og_image":[{"width":750,"height":500,"url":"https:\/\/ticsalutsocial.atoom.space\/wp-content\/uploads\/2020\/04\/photo-1522071820081-009f0129c71c.jpg","type":"image\/jpeg"}],"twitter_card":"summary_large_image","twitter_misc":{"Tiempo de lectura":"3 minutos"},"schema":{"@context":"https:\/\/schema.org","@graph":[{"@type":"WebPage","@id":"https:\/\/ticsalutsocial.atoom.space\/es\/noticia\/unete-a-la-hackovid\/","url":"https:\/\/ticsalutsocial.atoom.space\/es\/noticia\/unete-a-la-hackovid\/","name":"\u00a1\u00danete a la Hackovid! - Fundaci\u00f3 TIC Salut i Social","isPartOf":{"@id":"https:\/\/ticsalutsocial.atoom.space\/es\/#website"},"primaryImageOfPage":{"@id":"https:\/\/ticsalutsocial.atoom.space\/es\/noticia\/unete-a-la-hackovid\/#primaryimage"},"image":{"@id":"https:\/\/ticsalutsocial.atoom.space\/es\/noticia\/unete-a-la-hackovid\/#primaryimage"},"thumbnailUrl":"https:\/\/ticsalutsocial.atoom.space\/wp-content\/uploads\/2020\/04\/photo-1522071820081-009f0129c71c.jpg","datePublished":"2020-04-03T10:58:30+00:00","dateModified":"2021-07-21T13:46:11+00:00","breadcrumb":{"@id":"https:\/\/ticsalutsocial.atoom.space\/es\/noticia\/unete-a-la-hackovid\/#breadcrumb"},"inLanguage":"es","potentialAction":[{"@type":"ReadAction","target":["https:\/\/ticsalutsocial.atoom.space\/es\/noticia\/unete-a-la-hackovid\/"]}]},{"@type":"ImageObject","inLanguage":"es","@id":"https:\/\/ticsalutsocial.atoom.space\/es\/noticia\/unete-a-la-hackovid\/#primaryimage","url":"https:\/\/ticsalutsocial.atoom.space\/wp-content\/uploads\/2020\/04\/photo-1522071820081-009f0129c71c.jpg","contentUrl":"https:\/\/ticsalutsocial.atoom.space\/wp-content\/uploads\/2020\/04\/photo-1522071820081-009f0129c71c.jpg","width":750,"height":500},{"@type":"BreadcrumbList","@id":"https:\/\/ticsalutsocial.atoom.space\/es\/noticia\/unete-a-la-hackovid\/#breadcrumb","itemListElement":[{"@type":"ListItem","position":1,"name":"Inici","item":"https:\/\/ticsalutsocial.atoom.space\/es\/"},{"@type":"ListItem","position":2,"name":"\u00a1\u00danete a la Hackovid!"}]},{"@type":"WebSite","@id":"https:\/\/ticsalutsocial.atoom.space\/es\/#website","url":"https:\/\/ticsalutsocial.atoom.space\/es\/","name":"Fundaci\u00f3 TIC Salut i Social","description":"","potentialAction":[{"@type":"SearchAction","target":{"@type":"EntryPoint","urlTemplate":"https:\/\/ticsalutsocial.atoom.space\/es\/?s={search_term_string}"},"query-input":{"@type":"PropertyValueSpecification","valueRequired":true,"valueName":"search_term_string"}}],"inLanguage":"es"}]}},"_links":{"self":[{"href":"https:\/\/ticsalutsocial.atoom.space\/es\/wp-json\/wp\/v2\/noticia\/4416","targetHints":{"allow":["GET"]}}],"collection":[{"href":"https:\/\/ticsalutsocial.atoom.space\/es\/wp-json\/wp\/v2\/noticia"}],"about":[{"href":"https:\/\/ticsalutsocial.atoom.space\/es\/wp-json\/wp\/v2\/types\/noticia"}],"author":[{"embeddable":true,"href":"https:\/\/ticsalutsocial.atoom.space\/es\/wp-json\/wp\/v2\/users\/21"}],"wp:featuredmedia":[{"embeddable":true,"href":"https:\/\/ticsalutsocial.atoom.space\/es\/wp-json\/wp\/v2\/media\/4413"}],"wp:attachment":[{"href":"https:\/\/ticsalutsocial.atoom.space\/es\/wp-json\/wp\/v2\/media?parent=4416"}],"wp:term":[{"taxonomy":"etiqueta","embeddable":true,"href":"https:\/\/ticsalutsocial.atoom.space\/es\/wp-json\/wp\/v2\/etiqueta?post=4416"},{"taxonomy":"tipus","embeddable":true,"href":"https:\/\/ticsalutsocial.atoom.space\/es\/wp-json\/wp\/v2\/tipus?post=4416"},{"taxonomy":"topic","embeddable":true,"href":"https:\/\/ticsalutsocial.atoom.space\/es\/wp-json\/wp\/v2\/topic?post=4416"}],"curies":[{"name":"wp","href":"https:\/\/api.w.org\/{rel}","templated":true}]}}