
{"id":4426,"date":"2020-04-07T15:33:45","date_gmt":"2020-04-07T13:33:45","guid":{"rendered":"https:\/\/ticsalutsocial.atoom.space\/?post_type=noticia&#038;p=4426"},"modified":"2021-07-21T15:46:15","modified_gmt":"2021-07-21T13:46:15","slug":"actualizacion-urgente-proteccion-de-datos-y-el-estado-de-alarma","status":"publish","type":"noticia","link":"https:\/\/ticsalutsocial.atoom.space\/es\/noticia\/actualizacion-urgente-proteccion-de-datos-y-el-estado-de-alarma\/","title":{"rendered":"Actualizaci\u00f3n urgente: protecci\u00f3n de datos y el estado de alarma"},"content":{"rendered":"<p>Incorpora los criterios interpretativos de:<\/p>\n<ul>\n<li>La Agencia Espa\u00f1ola de Protecci\u00f3n de Datos, en la comunicaci\u00f3n publicada en su p\u00e1gina web \u00abNotificaci\u00f3n de brechasde seguridad de los datos personales durante lo estado de alarma\u00bb de 2 de abril de 2020.<\/li>\n<li>El director del Gabinete Jur\u00eddico de la Generalitat, en la nota sobre la aplicaci\u00f3n de las disposiciones adicionales tercera y cuarta del Real Decreto 463\/2020, de 14 de marzo, por el que se declara el estado de alarma para \u00abla gesti\u00f3n de la situaci\u00f3n de crisis sanitaria ocasionada por el COVID-19\u00bb de 30 de marzo de 2020.<\/li>\n<\/ul>\n<p>La crisis sanitaria ocasionada por la COVID-19 y la r\u00e1pida evoluci\u00f3n de la pandemia a nivel nacional e internacional ha dado lugar en la declaraci\u00f3n del estado de alarma mediante el Real Decreto 463\/2020, de 14 de marzo, por el cual se declara el estado de alarma para la gesti\u00f3n de la situaci\u00f3n de crisis sanitaria ocasionada por el COVID-19.<br \/>\nEl estado de alarma es uno de los tres estados de emergencia previstos en el art\u00edculo 116 de la Constituci\u00f3n, junto con el estado de excepci\u00f3n y el estado de asedio. Su regulaci\u00f3n se encuentra en la Ley Org\u00e1nica 4\/1981, de 1 de junio.<br \/>\nDe acuerdo con el art\u00edculo 4.b) de la Ley Org\u00e1nica 4\/1981, de 1 de junio, el Gobierno puede declarar el estado de alarma, en todo o parte del territorio nacional, cuando se produzca una alteraci\u00f3n grave de la normalidad debido a crisis sanitarias, tales como epidemias.<br \/>\nEl Real Decreto 463\/2020, de 14 de marzo, establece la adopci\u00f3n de varias medidas en diferentes \u00e1mbitos con una duraci\u00f3n inicial de 15 d\u00edas naturales, que ha sido prorrogada por el Gobierno hasta las 00:00 horas del d\u00eda 12 de abril por el Real Decreto 476\/2020, de 27 de marzo.<br \/>\nUno de los \u00e1mbitos en el cual se adoptan medidas espec\u00edficas es la tramitaci\u00f3n administrativa. En este aspecto, la disposici\u00f3n adicional tercera del Real Decreto prev\u00e9 la suspensi\u00f3n e interrupci\u00f3n de los plazos para la tramitaci\u00f3n de los procedimientos de las entidades del sector p\u00fablico.<br \/>\nEl c\u00f3mputo se retomar\u00e1 en el momento en que pierda vigencia lo Real Decreto 463\/2020, de 14 de marzo o, en su caso, sus pr\u00f3rrogas.<\/p>\n<p>El Real Decreto considera entidades del sector p\u00fablico:<\/p>\n<p>a) Cualquier organismo p\u00fablico y entidades de derecho p\u00fablico vinculados o dependientes de las administraciones p\u00fablicas.<\/p>\n<p>b) Las entidades de derecho privado vinculadas o dependientes de las administraciones p\u00fablicas, que est\u00e1n sujetas a lo que disponen las normas de esta Ley que se refieran espec\u00edficamente, y en todo caso, cuando ejerzan potestades administrativas.<\/p>\n<p>c) Las universidades p\u00fablicas, que se rigen por su normativa espec\u00edfica y, supletoriamente, por las previsiones de esta Ley.<\/p>\n<p>La afectaci\u00f3n de estas previsiones en el \u00e1mbito de la tramitaci\u00f3n de procedimientos en materia de protecci\u00f3n de datos es la siguiente:<\/p>\n<h3><\/h3>\n<h3><strong>Notificaci\u00f3n de violaciones de seguridad a la autoridad de control<\/strong><\/h3>\n<p>&nbsp;<\/p>\n<p>El art\u00edculo 33 RGPD prev\u00e9 un plazo de 72 horas para la notificaci\u00f3n a la autoridad de control de las violaciones de seguridad de los datos personales que constituyan un riesgo para los derechos y las libertades de las personas f\u00edsicas. Si la notificaci\u00f3n no se produce en el plazo de 72 horas, se tiene que acompa\u00f1ar con la indicaci\u00f3n de los motivos de la dilaci\u00f3n.<br \/>\nEn este aspecto y a falta de un criterio espec\u00edfico de la Autoridad Catalana de Protecci\u00f3n de Datos al respecto, la Agencia Espa\u00f1ola de Protecci\u00f3n de Datos ha emitido un comunicado en fecha 2 de abril de 2020, en que considera que la suspensi\u00f3n de plazos prevista a la disposici\u00f3n adicional tercera del Real Decreto 463\/2020 no afecta a la obligaci\u00f3n de notificar las violaciones de seguridad que afecten a datos personales. De acuerdo con esto, los responsables y encargados de tratamiento, en cumplimiento del art\u00edculo 33 RGPD, est\u00e1n obligados a notificar a la autoridad de control en el plazo de 72 horas, las violaciones de seguridad de los datos personales que constituyan un riesgo para los derechos y las libertades de las personas f\u00edsicas, sin perjuicio que en caso de no disponer en este plazo de toda la informaci\u00f3n necesaria, puedan posteriormente ampliarla mediante una notificaci\u00f3n adicional.<br \/>\nAl mismo tiempo, los responsables tienen que tomar las medidas necesarias que hagan falta para evitar prejuicios graves en los derechos y libertades de las personas afectadas por la vulneraci\u00f3n, incluyendo, si procede, la comunicaci\u00f3n de una violaci\u00f3n de la seguridad de los datos personales a los interesados prevista en el art\u00edculo 34 RGPD, cuando la violaci\u00f3n suponga un alto riesgo por los derechos y libertades de los interesados.<\/p>\n<h3><\/h3>\n<h3>Tramitaci\u00f3n de ejercicio de derechos de los interesados<\/h3>\n<p>&nbsp;<\/p>\n<p>La suspensi\u00f3n no afecta al derecho de los ciudadanos a comunicarse con la Administraci\u00f3n, los cuales podr\u00e1n efectuar las peticiones, comunicaciones o tramitaciones que est\u00e9n disponibles, incluida la solicitud de ejercicio de los derechos de acceso, rectificaci\u00f3n, supresi\u00f3n, limitaci\u00f3n del tratamiento, portabilidad y oposici\u00f3n.<br \/>\nAun as\u00ed, de acuerdo con las previsiones de la disposici\u00f3n adicional 3\u00aa del Real Decreto 463\/2020, de 14 de marzo, a todos los efectos se pueden considerar suspensos los plazos para resolver estas solicitudes, sin perjuicio que, de acuerdo con la interpretaci\u00f3n dada en el apartado tercero de la disposici\u00f3n adicional 3\u00aa del Real Decreto 463\/2020 por el Gabinete Jur\u00eddico de la Generalitat en fecha 30 de marzo de 2020, ser\u00eda posible que se rehabilitara la suspensi\u00f3n de los plazos previstos en estos supuestos mediante resoluci\u00f3n motivada del \u00f3rgano competente, de la cual cosa, desde la Oficina del DPD informar\u00edamos en caso de que se produjera.<br \/>\nEn cualquier caso, habr\u00e1 que tener presente que las entidades tendr\u00e1n que tomar las medidas necesarias para garantizar que no se produzca un prejuicio grave de los derechos o intereses de los afectados.<\/p>\n<h3>Tramitaci\u00f3n de procedimientos en relaci\u00f3n con la APDCAT<\/h3>\n<p>Finalmente, hay que indicar que los plazos previstos para la tramitaci\u00f3n de los diferentes procedimientos que efect\u00faa la APDCAT en ejercicio de las funciones que tiene atribuidas, ya sean procedimientos sancionadores, de tutela de derechos, de informaci\u00f3n previa, de solicitud de un pronunciamiento, o de control, tambi\u00e9n se pueden considerar suspendidos en virtud de la aplicaci\u00f3n de la disposici\u00f3n adicional 3\u00aa del Real Decreto 463\/2020, de 14 de marzo, sin prejuicio de la posibilidad de rehabilitaci\u00f3n mencionada en el apartado anterior.<\/p>\n<p>Para cualquier duda o aclaraci\u00f3n adicional pod\u00e9is dirigiros al DPD de salud al correo <a href=\"mailto:dpd@ticsalutsocial.cat\" target=\"_blank\" rel=\"noopener noreferrer\">dpd@ticsalutsocial.cat<\/a>\u00a0o consultar <a href=\"https:\/\/ticsalutsocial.atoom.space\/oficina-dpd\/at\/oficina-dpd\/\" target=\"_blank\" rel=\"noopener noreferrer\">https:\/\/ticsalutsocial.atoom.space\/oficina-dpd\/ at\/oficina-dpd\/<\/a><\/p>\n<h3><strong>Referencias<\/strong><\/h3>\n<p>AEPD. (2020). [Online]: <em>Notificaci\u00f3n de brechas de seguridad de los datos personales durante el estado de alarma.<\/em>\u00a0Extra\u00eddo el 7 de abril de 2020 de <a href=\"https:\/\/www.aepd.es\/es\/prensa-y-comunicacion\/blog\/notificacion-de-brechas-deseguridad-de-los-datos-personales-durante-el\" target=\"_blank\" rel=\"noopener noreferrer\">https:\/\/www.aepd.es\/es\/prensa-y-comunicacion\/blog\/notificacion-de-brechas-deseguridad-de-los-datos-personales-durante-el<\/a><br \/>\nDepartament de la Presid\u00e8ncia. (2020). [Online]: <em>Instruccions i informes jur\u00eddics en relaci\u00f3 a la situaci\u00f3 generada pel COVID-19. Extra\u00eddo el 7 de abril de 2020 de <a href=\"https:\/\/presidencia.gencat.cat\/ca\/ambits_d_actuacio\/organs-consultius\/gabinet_juridic\/instruccions-i-informes-juridics-covid-19\/\" target=\"_blank\" rel=\"noopener noreferrer\">\u00a0<\/a><\/em>https:\/\/presidencia.gencat.cat\/ca\/ambits_d_actuacio\/organsconsultius\/gabinet_juridic\/instruccions-i-informes-juridics-covid-19\/<\/p>\n<p>&nbsp;<\/p>\n","protected":false},"author":21,"featured_media":6955,"menu_order":0,"template":"","meta":{"_acf_changed":false,"inline_featured_image":false},"etiqueta":[],"tipus":[106],"topic":[113],"class_list":["post-4426","noticia","type-noticia","status-publish","has-post-thumbnail","hentry","tipus-dpd-salud","topic-transformacion-digital"],"acf":{"imatge":6955,"autor":"TIC Salut Social","textos_destacats":[{"texte":"Plazos para la notificaci\u00f3n de violaciones de seguridad y tramitaci\u00f3n de otros procedimientos"}]},"yoast_head":"<!-- This site is optimized with the Yoast SEO plugin v27.1.1 - https:\/\/yoast.com\/product\/yoast-seo-wordpress\/ -->\n<title>Actualizaci\u00f3n urgente: protecci\u00f3n de datos y el estado de alarma - Fundaci\u00f3 TIC Salut i Social<\/title>\n<meta name=\"robots\" content=\"index, follow, max-snippet:-1, max-image-preview:large, max-video-preview:-1\" \/>\n<link rel=\"canonical\" href=\"https:\/\/ticsalutsocial.atoom.space\/es\/noticia\/actualizacion-urgente-proteccion-de-datos-y-el-estado-de-alarma\/\" \/>\n<meta property=\"og:locale\" content=\"es_ES\" \/>\n<meta property=\"og:type\" content=\"article\" \/>\n<meta property=\"og:title\" content=\"Actualizaci\u00f3n urgente: protecci\u00f3n de datos y el estado de alarma - Fundaci\u00f3 TIC Salut i Social\" \/>\n<meta property=\"og:description\" content=\"Incorpora los criterios interpretativos de: La Agencia Espa\u00f1ola de Protecci\u00f3n de Datos, en la comunicaci\u00f3n publicada en su p\u00e1gina web \u00abNotificaci\u00f3n de brechasde seguridad de los datos personales durante lo estado de alarma\u00bb de 2 de abril de 2020. El director del Gabinete Jur\u00eddico de la Generalitat, en la nota sobre la aplicaci\u00f3n de las [&hellip;]\" \/>\n<meta property=\"og:url\" content=\"https:\/\/ticsalutsocial.atoom.space\/es\/noticia\/actualizacion-urgente-proteccion-de-datos-y-el-estado-de-alarma\/\" \/>\n<meta property=\"og:site_name\" content=\"Fundaci\u00f3 TIC Salut i Social\" \/>\n<meta property=\"article:modified_time\" content=\"2021-07-21T13:46:15+00:00\" \/>\n<meta property=\"og:image\" content=\"https:\/\/ticsalutsocial.atoom.space\/wp-content\/uploads\/2020\/04\/adam-niescioruk-z9arfr0f248-unsplash-scaled.jpg\" \/>\n\t<meta property=\"og:image:width\" content=\"2560\" \/>\n\t<meta property=\"og:image:height\" content=\"1920\" \/>\n\t<meta property=\"og:image:type\" content=\"image\/jpeg\" \/>\n<meta name=\"twitter:card\" content=\"summary_large_image\" \/>\n<meta name=\"twitter:label1\" content=\"Tiempo de lectura\" \/>\n\t<meta name=\"twitter:data1\" content=\"6 minutos\" \/>\n<script type=\"application\/ld+json\" class=\"yoast-schema-graph\">{\"@context\":\"https:\/\/schema.org\",\"@graph\":[{\"@type\":\"WebPage\",\"@id\":\"https:\/\/ticsalutsocial.atoom.space\/es\/noticia\/actualizacion-urgente-proteccion-de-datos-y-el-estado-de-alarma\/\",\"url\":\"https:\/\/ticsalutsocial.atoom.space\/es\/noticia\/actualizacion-urgente-proteccion-de-datos-y-el-estado-de-alarma\/\",\"name\":\"Actualizaci\u00f3n urgente: protecci\u00f3n de datos y el estado de alarma - Fundaci\u00f3 TIC Salut i Social\",\"isPartOf\":{\"@id\":\"https:\/\/ticsalutsocial.atoom.space\/es\/#website\"},\"primaryImageOfPage\":{\"@id\":\"https:\/\/ticsalutsocial.atoom.space\/es\/noticia\/actualizacion-urgente-proteccion-de-datos-y-el-estado-de-alarma\/#primaryimage\"},\"image\":{\"@id\":\"https:\/\/ticsalutsocial.atoom.space\/es\/noticia\/actualizacion-urgente-proteccion-de-datos-y-el-estado-de-alarma\/#primaryimage\"},\"thumbnailUrl\":\"https:\/\/ticsalutsocial.atoom.space\/wp-content\/uploads\/2020\/04\/adam-niescioruk-z9arfr0f248-unsplash-scaled.jpg\",\"datePublished\":\"2020-04-07T13:33:45+00:00\",\"dateModified\":\"2021-07-21T13:46:15+00:00\",\"breadcrumb\":{\"@id\":\"https:\/\/ticsalutsocial.atoom.space\/es\/noticia\/actualizacion-urgente-proteccion-de-datos-y-el-estado-de-alarma\/#breadcrumb\"},\"inLanguage\":\"es\",\"potentialAction\":[{\"@type\":\"ReadAction\",\"target\":[\"https:\/\/ticsalutsocial.atoom.space\/es\/noticia\/actualizacion-urgente-proteccion-de-datos-y-el-estado-de-alarma\/\"]}]},{\"@type\":\"ImageObject\",\"inLanguage\":\"es\",\"@id\":\"https:\/\/ticsalutsocial.atoom.space\/es\/noticia\/actualizacion-urgente-proteccion-de-datos-y-el-estado-de-alarma\/#primaryimage\",\"url\":\"https:\/\/ticsalutsocial.atoom.space\/wp-content\/uploads\/2020\/04\/adam-niescioruk-z9arfr0f248-unsplash-scaled.jpg\",\"contentUrl\":\"https:\/\/ticsalutsocial.atoom.space\/wp-content\/uploads\/2020\/04\/adam-niescioruk-z9arfr0f248-unsplash-scaled.jpg\",\"width\":2560,\"height\":1920},{\"@type\":\"BreadcrumbList\",\"@id\":\"https:\/\/ticsalutsocial.atoom.space\/es\/noticia\/actualizacion-urgente-proteccion-de-datos-y-el-estado-de-alarma\/#breadcrumb\",\"itemListElement\":[{\"@type\":\"ListItem\",\"position\":1,\"name\":\"Inici\",\"item\":\"https:\/\/ticsalutsocial.atoom.space\/es\/\"},{\"@type\":\"ListItem\",\"position\":2,\"name\":\"Actualizaci\u00f3n urgente: protecci\u00f3n de datos y el estado de alarma\"}]},{\"@type\":\"WebSite\",\"@id\":\"https:\/\/ticsalutsocial.atoom.space\/es\/#website\",\"url\":\"https:\/\/ticsalutsocial.atoom.space\/es\/\",\"name\":\"Fundaci\u00f3 TIC Salut i Social\",\"description\":\"\",\"potentialAction\":[{\"@type\":\"SearchAction\",\"target\":{\"@type\":\"EntryPoint\",\"urlTemplate\":\"https:\/\/ticsalutsocial.atoom.space\/es\/?s={search_term_string}\"},\"query-input\":{\"@type\":\"PropertyValueSpecification\",\"valueRequired\":true,\"valueName\":\"search_term_string\"}}],\"inLanguage\":\"es\"}]}<\/script>\n<!-- \/ Yoast SEO plugin. -->","yoast_head_json":{"title":"Actualizaci\u00f3n urgente: protecci\u00f3n de datos y el estado de alarma - Fundaci\u00f3 TIC Salut i Social","robots":{"index":"index","follow":"follow","max-snippet":"max-snippet:-1","max-image-preview":"max-image-preview:large","max-video-preview":"max-video-preview:-1"},"canonical":"https:\/\/ticsalutsocial.atoom.space\/es\/noticia\/actualizacion-urgente-proteccion-de-datos-y-el-estado-de-alarma\/","og_locale":"es_ES","og_type":"article","og_title":"Actualizaci\u00f3n urgente: protecci\u00f3n de datos y el estado de alarma - Fundaci\u00f3 TIC Salut i Social","og_description":"Incorpora los criterios interpretativos de: La Agencia Espa\u00f1ola de Protecci\u00f3n de Datos, en la comunicaci\u00f3n publicada en su p\u00e1gina web \u00abNotificaci\u00f3n de brechasde seguridad de los datos personales durante lo estado de alarma\u00bb de 2 de abril de 2020. El director del Gabinete Jur\u00eddico de la Generalitat, en la nota sobre la aplicaci\u00f3n de las [&hellip;]","og_url":"https:\/\/ticsalutsocial.atoom.space\/es\/noticia\/actualizacion-urgente-proteccion-de-datos-y-el-estado-de-alarma\/","og_site_name":"Fundaci\u00f3 TIC Salut i Social","article_modified_time":"2021-07-21T13:46:15+00:00","og_image":[{"width":2560,"height":1920,"url":"https:\/\/ticsalutsocial.atoom.space\/wp-content\/uploads\/2020\/04\/adam-niescioruk-z9arfr0f248-unsplash-scaled.jpg","type":"image\/jpeg"}],"twitter_card":"summary_large_image","twitter_misc":{"Tiempo de lectura":"6 minutos"},"schema":{"@context":"https:\/\/schema.org","@graph":[{"@type":"WebPage","@id":"https:\/\/ticsalutsocial.atoom.space\/es\/noticia\/actualizacion-urgente-proteccion-de-datos-y-el-estado-de-alarma\/","url":"https:\/\/ticsalutsocial.atoom.space\/es\/noticia\/actualizacion-urgente-proteccion-de-datos-y-el-estado-de-alarma\/","name":"Actualizaci\u00f3n urgente: protecci\u00f3n de datos y el estado de alarma - Fundaci\u00f3 TIC Salut i Social","isPartOf":{"@id":"https:\/\/ticsalutsocial.atoom.space\/es\/#website"},"primaryImageOfPage":{"@id":"https:\/\/ticsalutsocial.atoom.space\/es\/noticia\/actualizacion-urgente-proteccion-de-datos-y-el-estado-de-alarma\/#primaryimage"},"image":{"@id":"https:\/\/ticsalutsocial.atoom.space\/es\/noticia\/actualizacion-urgente-proteccion-de-datos-y-el-estado-de-alarma\/#primaryimage"},"thumbnailUrl":"https:\/\/ticsalutsocial.atoom.space\/wp-content\/uploads\/2020\/04\/adam-niescioruk-z9arfr0f248-unsplash-scaled.jpg","datePublished":"2020-04-07T13:33:45+00:00","dateModified":"2021-07-21T13:46:15+00:00","breadcrumb":{"@id":"https:\/\/ticsalutsocial.atoom.space\/es\/noticia\/actualizacion-urgente-proteccion-de-datos-y-el-estado-de-alarma\/#breadcrumb"},"inLanguage":"es","potentialAction":[{"@type":"ReadAction","target":["https:\/\/ticsalutsocial.atoom.space\/es\/noticia\/actualizacion-urgente-proteccion-de-datos-y-el-estado-de-alarma\/"]}]},{"@type":"ImageObject","inLanguage":"es","@id":"https:\/\/ticsalutsocial.atoom.space\/es\/noticia\/actualizacion-urgente-proteccion-de-datos-y-el-estado-de-alarma\/#primaryimage","url":"https:\/\/ticsalutsocial.atoom.space\/wp-content\/uploads\/2020\/04\/adam-niescioruk-z9arfr0f248-unsplash-scaled.jpg","contentUrl":"https:\/\/ticsalutsocial.atoom.space\/wp-content\/uploads\/2020\/04\/adam-niescioruk-z9arfr0f248-unsplash-scaled.jpg","width":2560,"height":1920},{"@type":"BreadcrumbList","@id":"https:\/\/ticsalutsocial.atoom.space\/es\/noticia\/actualizacion-urgente-proteccion-de-datos-y-el-estado-de-alarma\/#breadcrumb","itemListElement":[{"@type":"ListItem","position":1,"name":"Inici","item":"https:\/\/ticsalutsocial.atoom.space\/es\/"},{"@type":"ListItem","position":2,"name":"Actualizaci\u00f3n urgente: protecci\u00f3n de datos y el estado de alarma"}]},{"@type":"WebSite","@id":"https:\/\/ticsalutsocial.atoom.space\/es\/#website","url":"https:\/\/ticsalutsocial.atoom.space\/es\/","name":"Fundaci\u00f3 TIC Salut i Social","description":"","potentialAction":[{"@type":"SearchAction","target":{"@type":"EntryPoint","urlTemplate":"https:\/\/ticsalutsocial.atoom.space\/es\/?s={search_term_string}"},"query-input":{"@type":"PropertyValueSpecification","valueRequired":true,"valueName":"search_term_string"}}],"inLanguage":"es"}]}},"_links":{"self":[{"href":"https:\/\/ticsalutsocial.atoom.space\/es\/wp-json\/wp\/v2\/noticia\/4426","targetHints":{"allow":["GET"]}}],"collection":[{"href":"https:\/\/ticsalutsocial.atoom.space\/es\/wp-json\/wp\/v2\/noticia"}],"about":[{"href":"https:\/\/ticsalutsocial.atoom.space\/es\/wp-json\/wp\/v2\/types\/noticia"}],"author":[{"embeddable":true,"href":"https:\/\/ticsalutsocial.atoom.space\/es\/wp-json\/wp\/v2\/users\/21"}],"wp:featuredmedia":[{"embeddable":true,"href":"https:\/\/ticsalutsocial.atoom.space\/es\/wp-json\/wp\/v2\/media\/6955"}],"wp:attachment":[{"href":"https:\/\/ticsalutsocial.atoom.space\/es\/wp-json\/wp\/v2\/media?parent=4426"}],"wp:term":[{"taxonomy":"etiqueta","embeddable":true,"href":"https:\/\/ticsalutsocial.atoom.space\/es\/wp-json\/wp\/v2\/etiqueta?post=4426"},{"taxonomy":"tipus","embeddable":true,"href":"https:\/\/ticsalutsocial.atoom.space\/es\/wp-json\/wp\/v2\/tipus?post=4426"},{"taxonomy":"topic","embeddable":true,"href":"https:\/\/ticsalutsocial.atoom.space\/es\/wp-json\/wp\/v2\/topic?post=4426"}],"curies":[{"name":"wp","href":"https:\/\/api.w.org\/{rel}","templated":true}]}}