
{"id":4444,"date":"2020-04-15T16:36:50","date_gmt":"2020-04-15T14:36:50","guid":{"rendered":"https:\/\/ticsalutsocial.atoom.space\/?post_type=noticia&#038;p=4444"},"modified":"2021-07-21T15:46:32","modified_gmt":"2021-07-21T13:46:32","slug":"la-econsulta-evita-la-visita-presencial-con-la-atencion-primaria","status":"publish","type":"noticia","link":"https:\/\/ticsalutsocial.atoom.space\/es\/noticia\/la-econsulta-evita-la-visita-presencial-con-la-atencion-primaria\/","title":{"rendered":"La eConsulta evita la visita presencial con la atenci\u00f3n primaria"},"content":{"rendered":"<p>Un <a href=\"https:\/\/www.jmir.org\/preprint\/19149\">nuevo estudio de la Fundaci\u00f3 TIC Salut Social y la Oficina eSalut (CatSalut. Servei Catal\u00e0 de la Salut de la Generalitat de Catalunya)<\/a> concluye que casi el 80% de las teleconsultas con la atenci\u00f3n primaria (eConsulta) evitan una visita presencial.<\/p>\n<p>El an\u00e1lisis, de m\u00e1s de 5.000 casos por parte de 20 profesionales, tambi\u00e9n muestra que la herramienta se utiliza sobre todo para la gesti\u00f3n de pruebas (27% de los casos), plan de medicaci\u00f3n (24%) o por motivos cl\u00ednicos ( 14%). Aproximadamente el 35% de las consultas no se hubieran realizado presencialmente, tambi\u00e9n sugiriendo que la telemedicina aumenta la accesibilidad del sistema de salud. Estos resultados son muy similares a los de <a href=\"https:\/\/www.jmir.org\/2020\/3\/e14478\/\">un estudio realizado en 2018<\/a>, lo que da robustez a las conclusiones. Por primera vez, adem\u00e1s, se ha evaluado el grado de consenso entre los profesionales que han participado en el an\u00e1lisis mostrando que, en t\u00e9rminos generales, coinciden en sus opiniones, factor clave para entender los resultados de posibles aplicaciones basadas en inteligencia Artificial.<\/p>\n<p>La COVID19 ha cambiado los modelos de relaci\u00f3n presencial y virtual entre la ciudadan\u00eda y el sistema sanitario p\u00fablico. Es necesario que futuros estudios hagan un buen an\u00e1lisis y permitan mejorar la prestaci\u00f3n de los servicios hacia el ciudadano.<\/p>\n<p><img decoding=\"async\" class=\"aligncenter size-large wp-image-22628\" src=\"https:\/\/ticsalutsocial.atoom.space\/wp-content\/uploads\/2020\/04\/captura-700x493-1.png\" alt=\"\" \/><\/p>\n","protected":false},"author":21,"featured_media":4441,"menu_order":0,"template":"","meta":{"_acf_changed":false,"inline_featured_image":false},"etiqueta":[],"tipus":[],"topic":[],"class_list":["post-4444","noticia","type-noticia","status-publish","has-post-thumbnail","hentry"],"acf":{"imatge":4443,"autor":"Francesc L\u00f3pez Segui","textos_destacats":[{"texte":"Uso de la teleconsulta en atenci\u00f3n primaria: un an\u00e1lisis pre-COVID"}]},"yoast_head":"<!-- This site is optimized with the Yoast SEO plugin v27.1.1 - https:\/\/yoast.com\/product\/yoast-seo-wordpress\/ -->\n<title>La eConsulta evita la visita presencial con la atenci\u00f3n primaria - Fundaci\u00f3 TIC Salut i Social<\/title>\n<meta name=\"robots\" content=\"index, follow, max-snippet:-1, max-image-preview:large, max-video-preview:-1\" \/>\n<link rel=\"canonical\" href=\"https:\/\/ticsalutsocial.atoom.space\/es\/noticia\/la-econsulta-evita-la-visita-presencial-con-la-atencion-primaria\/\" \/>\n<meta property=\"og:locale\" content=\"es_ES\" \/>\n<meta property=\"og:type\" content=\"article\" \/>\n<meta property=\"og:title\" content=\"La eConsulta evita la visita presencial con la atenci\u00f3n primaria - Fundaci\u00f3 TIC Salut i Social\" \/>\n<meta property=\"og:description\" content=\"Un nuevo estudio de la Fundaci\u00f3 TIC Salut Social y la Oficina eSalut (CatSalut. Servei Catal\u00e0 de la Salut de la Generalitat de Catalunya) concluye que casi el 80% de las teleconsultas con la atenci\u00f3n primaria (eConsulta) evitan una visita presencial. El an\u00e1lisis, de m\u00e1s de 5.000 casos por parte de 20 profesionales, tambi\u00e9n muestra [&hellip;]\" \/>\n<meta property=\"og:url\" content=\"https:\/\/ticsalutsocial.atoom.space\/es\/noticia\/la-econsulta-evita-la-visita-presencial-con-la-atencion-primaria\/\" \/>\n<meta property=\"og:site_name\" content=\"Fundaci\u00f3 TIC Salut i Social\" \/>\n<meta property=\"article:modified_time\" content=\"2021-07-21T13:46:32+00:00\" \/>\n<meta property=\"og:image\" content=\"https:\/\/ticsalutsocial.atoom.space\/wp-content\/uploads\/2020\/04\/photo-1488998527040-85054a85150e.jpg\" \/>\n\t<meta property=\"og:image:width\" content=\"750\" \/>\n\t<meta property=\"og:image:height\" content=\"500\" \/>\n\t<meta property=\"og:image:type\" content=\"image\/jpeg\" \/>\n<meta name=\"twitter:card\" content=\"summary_large_image\" \/>\n<meta name=\"twitter:label1\" content=\"Tiempo de lectura\" \/>\n\t<meta name=\"twitter:data1\" content=\"1 minuto\" \/>\n<script type=\"application\/ld+json\" class=\"yoast-schema-graph\">{\"@context\":\"https:\/\/schema.org\",\"@graph\":[{\"@type\":\"WebPage\",\"@id\":\"https:\/\/ticsalutsocial.atoom.space\/es\/noticia\/la-econsulta-evita-la-visita-presencial-con-la-atencion-primaria\/\",\"url\":\"https:\/\/ticsalutsocial.atoom.space\/es\/noticia\/la-econsulta-evita-la-visita-presencial-con-la-atencion-primaria\/\",\"name\":\"La eConsulta evita la visita presencial con la atenci\u00f3n primaria - Fundaci\u00f3 TIC Salut i Social\",\"isPartOf\":{\"@id\":\"https:\/\/ticsalutsocial.atoom.space\/es\/#website\"},\"primaryImageOfPage\":{\"@id\":\"https:\/\/ticsalutsocial.atoom.space\/es\/noticia\/la-econsulta-evita-la-visita-presencial-con-la-atencion-primaria\/#primaryimage\"},\"image\":{\"@id\":\"https:\/\/ticsalutsocial.atoom.space\/es\/noticia\/la-econsulta-evita-la-visita-presencial-con-la-atencion-primaria\/#primaryimage\"},\"thumbnailUrl\":\"https:\/\/ticsalutsocial.atoom.space\/wp-content\/uploads\/2020\/04\/photo-1488998527040-85054a85150e.jpg\",\"datePublished\":\"2020-04-15T14:36:50+00:00\",\"dateModified\":\"2021-07-21T13:46:32+00:00\",\"breadcrumb\":{\"@id\":\"https:\/\/ticsalutsocial.atoom.space\/es\/noticia\/la-econsulta-evita-la-visita-presencial-con-la-atencion-primaria\/#breadcrumb\"},\"inLanguage\":\"es\",\"potentialAction\":[{\"@type\":\"ReadAction\",\"target\":[\"https:\/\/ticsalutsocial.atoom.space\/es\/noticia\/la-econsulta-evita-la-visita-presencial-con-la-atencion-primaria\/\"]}]},{\"@type\":\"ImageObject\",\"inLanguage\":\"es\",\"@id\":\"https:\/\/ticsalutsocial.atoom.space\/es\/noticia\/la-econsulta-evita-la-visita-presencial-con-la-atencion-primaria\/#primaryimage\",\"url\":\"https:\/\/ticsalutsocial.atoom.space\/wp-content\/uploads\/2020\/04\/photo-1488998527040-85054a85150e.jpg\",\"contentUrl\":\"https:\/\/ticsalutsocial.atoom.space\/wp-content\/uploads\/2020\/04\/photo-1488998527040-85054a85150e.jpg\",\"width\":750,\"height\":500},{\"@type\":\"BreadcrumbList\",\"@id\":\"https:\/\/ticsalutsocial.atoom.space\/es\/noticia\/la-econsulta-evita-la-visita-presencial-con-la-atencion-primaria\/#breadcrumb\",\"itemListElement\":[{\"@type\":\"ListItem\",\"position\":1,\"name\":\"Inici\",\"item\":\"https:\/\/ticsalutsocial.atoom.space\/es\/\"},{\"@type\":\"ListItem\",\"position\":2,\"name\":\"La eConsulta evita la visita presencial con la atenci\u00f3n primaria\"}]},{\"@type\":\"WebSite\",\"@id\":\"https:\/\/ticsalutsocial.atoom.space\/es\/#website\",\"url\":\"https:\/\/ticsalutsocial.atoom.space\/es\/\",\"name\":\"Fundaci\u00f3 TIC Salut i Social\",\"description\":\"\",\"potentialAction\":[{\"@type\":\"SearchAction\",\"target\":{\"@type\":\"EntryPoint\",\"urlTemplate\":\"https:\/\/ticsalutsocial.atoom.space\/es\/?s={search_term_string}\"},\"query-input\":{\"@type\":\"PropertyValueSpecification\",\"valueRequired\":true,\"valueName\":\"search_term_string\"}}],\"inLanguage\":\"es\"}]}<\/script>\n<!-- \/ Yoast SEO plugin. -->","yoast_head_json":{"title":"La eConsulta evita la visita presencial con la atenci\u00f3n primaria - Fundaci\u00f3 TIC Salut i Social","robots":{"index":"index","follow":"follow","max-snippet":"max-snippet:-1","max-image-preview":"max-image-preview:large","max-video-preview":"max-video-preview:-1"},"canonical":"https:\/\/ticsalutsocial.atoom.space\/es\/noticia\/la-econsulta-evita-la-visita-presencial-con-la-atencion-primaria\/","og_locale":"es_ES","og_type":"article","og_title":"La eConsulta evita la visita presencial con la atenci\u00f3n primaria - Fundaci\u00f3 TIC Salut i Social","og_description":"Un nuevo estudio de la Fundaci\u00f3 TIC Salut Social y la Oficina eSalut (CatSalut. Servei Catal\u00e0 de la Salut de la Generalitat de Catalunya) concluye que casi el 80% de las teleconsultas con la atenci\u00f3n primaria (eConsulta) evitan una visita presencial. El an\u00e1lisis, de m\u00e1s de 5.000 casos por parte de 20 profesionales, tambi\u00e9n muestra [&hellip;]","og_url":"https:\/\/ticsalutsocial.atoom.space\/es\/noticia\/la-econsulta-evita-la-visita-presencial-con-la-atencion-primaria\/","og_site_name":"Fundaci\u00f3 TIC Salut i Social","article_modified_time":"2021-07-21T13:46:32+00:00","og_image":[{"width":750,"height":500,"url":"https:\/\/ticsalutsocial.atoom.space\/wp-content\/uploads\/2020\/04\/photo-1488998527040-85054a85150e.jpg","type":"image\/jpeg"}],"twitter_card":"summary_large_image","twitter_misc":{"Tiempo de lectura":"1 minuto"},"schema":{"@context":"https:\/\/schema.org","@graph":[{"@type":"WebPage","@id":"https:\/\/ticsalutsocial.atoom.space\/es\/noticia\/la-econsulta-evita-la-visita-presencial-con-la-atencion-primaria\/","url":"https:\/\/ticsalutsocial.atoom.space\/es\/noticia\/la-econsulta-evita-la-visita-presencial-con-la-atencion-primaria\/","name":"La eConsulta evita la visita presencial con la atenci\u00f3n primaria - Fundaci\u00f3 TIC Salut i Social","isPartOf":{"@id":"https:\/\/ticsalutsocial.atoom.space\/es\/#website"},"primaryImageOfPage":{"@id":"https:\/\/ticsalutsocial.atoom.space\/es\/noticia\/la-econsulta-evita-la-visita-presencial-con-la-atencion-primaria\/#primaryimage"},"image":{"@id":"https:\/\/ticsalutsocial.atoom.space\/es\/noticia\/la-econsulta-evita-la-visita-presencial-con-la-atencion-primaria\/#primaryimage"},"thumbnailUrl":"https:\/\/ticsalutsocial.atoom.space\/wp-content\/uploads\/2020\/04\/photo-1488998527040-85054a85150e.jpg","datePublished":"2020-04-15T14:36:50+00:00","dateModified":"2021-07-21T13:46:32+00:00","breadcrumb":{"@id":"https:\/\/ticsalutsocial.atoom.space\/es\/noticia\/la-econsulta-evita-la-visita-presencial-con-la-atencion-primaria\/#breadcrumb"},"inLanguage":"es","potentialAction":[{"@type":"ReadAction","target":["https:\/\/ticsalutsocial.atoom.space\/es\/noticia\/la-econsulta-evita-la-visita-presencial-con-la-atencion-primaria\/"]}]},{"@type":"ImageObject","inLanguage":"es","@id":"https:\/\/ticsalutsocial.atoom.space\/es\/noticia\/la-econsulta-evita-la-visita-presencial-con-la-atencion-primaria\/#primaryimage","url":"https:\/\/ticsalutsocial.atoom.space\/wp-content\/uploads\/2020\/04\/photo-1488998527040-85054a85150e.jpg","contentUrl":"https:\/\/ticsalutsocial.atoom.space\/wp-content\/uploads\/2020\/04\/photo-1488998527040-85054a85150e.jpg","width":750,"height":500},{"@type":"BreadcrumbList","@id":"https:\/\/ticsalutsocial.atoom.space\/es\/noticia\/la-econsulta-evita-la-visita-presencial-con-la-atencion-primaria\/#breadcrumb","itemListElement":[{"@type":"ListItem","position":1,"name":"Inici","item":"https:\/\/ticsalutsocial.atoom.space\/es\/"},{"@type":"ListItem","position":2,"name":"La eConsulta evita la visita presencial con la atenci\u00f3n primaria"}]},{"@type":"WebSite","@id":"https:\/\/ticsalutsocial.atoom.space\/es\/#website","url":"https:\/\/ticsalutsocial.atoom.space\/es\/","name":"Fundaci\u00f3 TIC Salut i Social","description":"","potentialAction":[{"@type":"SearchAction","target":{"@type":"EntryPoint","urlTemplate":"https:\/\/ticsalutsocial.atoom.space\/es\/?s={search_term_string}"},"query-input":{"@type":"PropertyValueSpecification","valueRequired":true,"valueName":"search_term_string"}}],"inLanguage":"es"}]}},"_links":{"self":[{"href":"https:\/\/ticsalutsocial.atoom.space\/es\/wp-json\/wp\/v2\/noticia\/4444","targetHints":{"allow":["GET"]}}],"collection":[{"href":"https:\/\/ticsalutsocial.atoom.space\/es\/wp-json\/wp\/v2\/noticia"}],"about":[{"href":"https:\/\/ticsalutsocial.atoom.space\/es\/wp-json\/wp\/v2\/types\/noticia"}],"author":[{"embeddable":true,"href":"https:\/\/ticsalutsocial.atoom.space\/es\/wp-json\/wp\/v2\/users\/21"}],"wp:featuredmedia":[{"embeddable":true,"href":"https:\/\/ticsalutsocial.atoom.space\/es\/wp-json\/wp\/v2\/media\/4441"}],"wp:attachment":[{"href":"https:\/\/ticsalutsocial.atoom.space\/es\/wp-json\/wp\/v2\/media?parent=4444"}],"wp:term":[{"taxonomy":"etiqueta","embeddable":true,"href":"https:\/\/ticsalutsocial.atoom.space\/es\/wp-json\/wp\/v2\/etiqueta?post=4444"},{"taxonomy":"tipus","embeddable":true,"href":"https:\/\/ticsalutsocial.atoom.space\/es\/wp-json\/wp\/v2\/tipus?post=4444"},{"taxonomy":"topic","embeddable":true,"href":"https:\/\/ticsalutsocial.atoom.space\/es\/wp-json\/wp\/v2\/topic?post=4444"}],"curies":[{"name":"wp","href":"https:\/\/api.w.org\/{rel}","templated":true}]}}