
{"id":4459,"date":"2020-04-20T11:59:50","date_gmt":"2020-04-20T09:59:50","guid":{"rendered":"https:\/\/ticsalutsocial.atoom.space\/?post_type=noticia&#038;p=4459"},"modified":"2021-07-21T15:46:44","modified_gmt":"2021-07-21T13:46:44","slug":"el-cluster-de-salud-mental-potencia-el-trabajo-en-linea-durante-la-covid19","status":"publish","type":"noticia","link":"https:\/\/ticsalutsocial.atoom.space\/es\/noticia\/el-cluster-de-salud-mental-potencia-el-trabajo-en-linea-durante-la-covid19\/","title":{"rendered":"El Cluster de Salud Mental potencia el trabajo en l\u00ednea durante la COVID19"},"content":{"rendered":"<p>Comunicar es mucho m\u00e1s que hablar o publicar, incluso la ausencia de mensaje por ejemplo, es tambi\u00e9n una forma de comunicaci\u00f3n. La actividad comunicativa est\u00e1 asociada a todos los niveles: empresarial, institucional, sanitario y personal, est\u00e1 claro, para cada uno de nosotros. En el \u00e1mbito profesional, en uno entorno de marketing, la comunicaci\u00f3n define la personalidad de una marca, y \u00e9sta, los valores que representa. Pero \u00bfqu\u00e9 pasa con la comunicaci\u00f3n en tiempo de crisis? Por un lado hay una saturaci\u00f3n de noticias relacionadas con el seguimiento de la misma. Por otro lado, aparecen las \u00abfake news\u00bb, muy potenciadas por el uso de las redes y el confinamiento, que generan malestar y distorsionan la realidad. Una realidad de la cual estamos m\u00e1s pendientes que habitualmente y provoca un estado an\u00edmico m\u00e1s sensible.<\/p>\n<p>El rol del Cl\u00faster de Salud Mental de Catalu\u00f1a abre oportunidades. Comunicadores de presencia habitual en los medios se diluyen, cambian las tem\u00e1ticas y aparecen nuevos <em>speakers<\/em> con propuestas nuevas, enfoques diferentes e iniciativas. El entorno digital nos hace a todos mucho m\u00e1s part\u00edcipes, tanto en la creaci\u00f3n de proyectos como en la divulgaci\u00f3n de contenidos, a la vez que favorece la libertad de expresi\u00f3n y la capacidad de hacer llegar las opiniones de m\u00e1s individuos. El Cl\u00faster de Salud Mental de Catalu\u00f1a, tiene la misi\u00f3n de generar un ecosistema para promover la salud mental de las personas mediante la mejora de la competitividad de las entidades, la innovaci\u00f3n, la transferencia de conocimiento y la colaboraci\u00f3n entre los diferentes agentes.<\/p>\n<p>Para una entidad como el cl\u00faster, la comunicaci\u00f3n es uno de sus ejes clave de trabajo, dando difusi\u00f3n a las actividades de sus miembros, visibilidad a los acontecimientos, congresos y actividades formativas as\u00ed como potenciando la proyecci\u00f3n internacional de l\u00b4ecosistema de salud mental y neurociencias catal\u00e1n. Acciones de comunicaci\u00f3n ante la situaci\u00f3n de confinamiento, el cl\u00faster reformula estrat\u00e9gicamente sus herramientas y formatos comunicativos con el fin de potenciar la participaci\u00f3n de los socios y destacar el papel relevante de las actividades y las propuestas que se est\u00e1n haciendo ante la crisis. El nuevo formato de n<em>ewsletter<\/em>, que se publica cada mi\u00e9rcoles, unifica los contenidos de actualidad con Noticias, Notas de Prensa y Agenda.<br \/>\nTambi\u00e9n incorpora un apartado de financiaci\u00f3n donde se encuentran propuestas de los programas abiertos a todos los niveles, regional, estatal e internacional donde se pueden consultar directamente las bases en las webs originales.<\/p>\n<p>El Cl\u00faster de Salud Mental sigue trabajando en su cartera de proyectos como la Red de Innovaci\u00f3n de Nuevas Tecnolog\u00edas (TECSAM), recientemente concedido y presentando nuevas propuestas Europeas para crear nuevas cadenas de valor (H2020-INNOSUP-2020).<\/p>\n<p>Seminarios en linea impulsan la competitividad, la internacionalizaci\u00f3n y la innovaci\u00f3n entre 2.300 empresas. Ahora unimos esfuerzos y creamos una plataforma para compartir informaci\u00f3n y ofrecer servicios transversales que permitan abordar los efectos de la crisis de la COVID-19. En este sentido, desde el d\u00eda 25 de Marzo, se est\u00e1n realizando seminarios en linea sobre teletrabajo, financiaci\u00f3n, aspectos legales y normativos, competitividad empresarial, salud mental, ciberseguridad, etc. Los Cl\u00fasteres catalanes se unen para ayudar de forma transversal a sus socios a superar estos momentos de incertidumbre y de parada de la actividad a causa de la crisis de la COVID-19 mediante el impulso de una plataforma en linea en que se puede compartir consultas, dudas y recursos y el lanzamiento de un programa de formaci\u00f3n en linea. Este programa se inici\u00f3 con seis seminarios en formato Webinar, de una duraci\u00f3n de 60 a 90 minutos, que tienen continuidad con manantial nuevas propuestas dirigidas a la transferencia de informaci\u00f3n sobre aspectos relevantes para la gesti\u00f3n empresarial y emocional en el marco de la situaci\u00f3n derivada de la pandemia. Al final de cada presentaci\u00f3n, los participantes pueden hacer preguntas y resolver dudas despu\u00e9s de las exposiciones. Las actuaciones tienen el objetivo de estimular el sentimiento de comunidad y de cooperaci\u00f3n entre las empresas como f\u00f3rmula para lograr objetivos compartidos.<\/p>\n<p>El Cl\u00faster ha habilitado la plataforma <em>Cop\u00e8rnic<\/em>, en la cual se publica toda la informaci\u00f3n relevante de los webinars que se van realizando y a la vez, es un lugar para compartir consultas y dudas que surjan. Esta red permite estar en contacto con todas las empresas que forman parte de los cl\u00fasteres catalanes, unos 32 en total. La comunicaci\u00f3n eficaz involucra varias acciones a la vez, saber escuchar, mostrar empat\u00eda y sobre todo proximidad y comprensi\u00f3n. La importancia de la comunicaci\u00f3n en el \u00e1mbito de la salud es todo un reto para los profesionales sanitarios, hasta el punto que la comunicaci\u00f3n impacta en la misma salud del paciente. Justo es decir que la expresi\u00f3n facial y el lenguaje corporal, la intensidad y el ritmo de la voz juegan un mensaje destacado del cual inconscientemente transmitimos, y que en estos momentos nos falta. Hasta que recuperamos pues este retorno a la normalidad os invitamos pues a participar de los pr\u00f3ximos acontecimientos y proponeros nuevas tem\u00e1ticas.<\/p>\n<p>Seguimos conectando,<\/p>\n<p>&nbsp;<\/p>\n<p>Marta S\u00e1nchez Bret<\/p>\n<p>Cl\u00faster Mgr. Cl\u00faster Salud Mental Catalu\u00f1a<\/p>\n","protected":false},"author":21,"featured_media":4455,"menu_order":0,"template":"","meta":{"_acf_changed":false,"inline_featured_image":false},"etiqueta":[],"tipus":[],"topic":[],"class_list":["post-4459","noticia","type-noticia","status-publish","has-post-thumbnail","hentry"],"acf":{"imatge":4457,"autor":"TIC Salut Social"},"yoast_head":"<!-- This site is optimized with the Yoast SEO plugin v27.1.1 - https:\/\/yoast.com\/product\/yoast-seo-wordpress\/ -->\n<title>El Cluster de Salud Mental potencia el trabajo en l\u00ednea durante la COVID19 - Fundaci\u00f3 TIC Salut i Social<\/title>\n<meta name=\"robots\" content=\"index, follow, max-snippet:-1, max-image-preview:large, max-video-preview:-1\" \/>\n<link rel=\"canonical\" href=\"https:\/\/ticsalutsocial.atoom.space\/es\/noticia\/el-cluster-de-salud-mental-potencia-el-trabajo-en-linea-durante-la-covid19\/\" \/>\n<meta property=\"og:locale\" content=\"es_ES\" \/>\n<meta property=\"og:type\" content=\"article\" \/>\n<meta property=\"og:title\" content=\"El Cluster de Salud Mental potencia el trabajo en l\u00ednea durante la COVID19 - Fundaci\u00f3 TIC Salut i Social\" \/>\n<meta property=\"og:description\" content=\"Comunicar es mucho m\u00e1s que hablar o publicar, incluso la ausencia de mensaje por ejemplo, es tambi\u00e9n una forma de comunicaci\u00f3n. La actividad comunicativa est\u00e1 asociada a todos los niveles: empresarial, institucional, sanitario y personal, est\u00e1 claro, para cada uno de nosotros. En el \u00e1mbito profesional, en uno entorno de marketing, la comunicaci\u00f3n define la [&hellip;]\" \/>\n<meta property=\"og:url\" content=\"https:\/\/ticsalutsocial.atoom.space\/es\/noticia\/el-cluster-de-salud-mental-potencia-el-trabajo-en-linea-durante-la-covid19\/\" \/>\n<meta property=\"og:site_name\" content=\"Fundaci\u00f3 TIC Salut i Social\" \/>\n<meta property=\"article:modified_time\" content=\"2021-07-21T13:46:44+00:00\" \/>\n<meta property=\"og:image\" content=\"https:\/\/ticsalutsocial.atoom.space\/wp-content\/uploads\/2020\/04\/photo-1497493292307-31c376b6e479.jpg\" \/>\n\t<meta property=\"og:image:width\" content=\"751\" \/>\n\t<meta property=\"og:image:height\" content=\"501\" \/>\n\t<meta property=\"og:image:type\" content=\"image\/jpeg\" \/>\n<meta name=\"twitter:card\" content=\"summary_large_image\" \/>\n<meta name=\"twitter:label1\" content=\"Tiempo de lectura\" \/>\n\t<meta name=\"twitter:data1\" content=\"4 minutos\" \/>\n<script type=\"application\/ld+json\" class=\"yoast-schema-graph\">{\"@context\":\"https:\/\/schema.org\",\"@graph\":[{\"@type\":\"WebPage\",\"@id\":\"https:\/\/ticsalutsocial.atoom.space\/es\/noticia\/el-cluster-de-salud-mental-potencia-el-trabajo-en-linea-durante-la-covid19\/\",\"url\":\"https:\/\/ticsalutsocial.atoom.space\/es\/noticia\/el-cluster-de-salud-mental-potencia-el-trabajo-en-linea-durante-la-covid19\/\",\"name\":\"El Cluster de Salud Mental potencia el trabajo en l\u00ednea durante la COVID19 - Fundaci\u00f3 TIC Salut i Social\",\"isPartOf\":{\"@id\":\"https:\/\/ticsalutsocial.atoom.space\/es\/#website\"},\"primaryImageOfPage\":{\"@id\":\"https:\/\/ticsalutsocial.atoom.space\/es\/noticia\/el-cluster-de-salud-mental-potencia-el-trabajo-en-linea-durante-la-covid19\/#primaryimage\"},\"image\":{\"@id\":\"https:\/\/ticsalutsocial.atoom.space\/es\/noticia\/el-cluster-de-salud-mental-potencia-el-trabajo-en-linea-durante-la-covid19\/#primaryimage\"},\"thumbnailUrl\":\"https:\/\/ticsalutsocial.atoom.space\/wp-content\/uploads\/2020\/04\/photo-1497493292307-31c376b6e479.jpg\",\"datePublished\":\"2020-04-20T09:59:50+00:00\",\"dateModified\":\"2021-07-21T13:46:44+00:00\",\"breadcrumb\":{\"@id\":\"https:\/\/ticsalutsocial.atoom.space\/es\/noticia\/el-cluster-de-salud-mental-potencia-el-trabajo-en-linea-durante-la-covid19\/#breadcrumb\"},\"inLanguage\":\"es\",\"potentialAction\":[{\"@type\":\"ReadAction\",\"target\":[\"https:\/\/ticsalutsocial.atoom.space\/es\/noticia\/el-cluster-de-salud-mental-potencia-el-trabajo-en-linea-durante-la-covid19\/\"]}]},{\"@type\":\"ImageObject\",\"inLanguage\":\"es\",\"@id\":\"https:\/\/ticsalutsocial.atoom.space\/es\/noticia\/el-cluster-de-salud-mental-potencia-el-trabajo-en-linea-durante-la-covid19\/#primaryimage\",\"url\":\"https:\/\/ticsalutsocial.atoom.space\/wp-content\/uploads\/2020\/04\/photo-1497493292307-31c376b6e479.jpg\",\"contentUrl\":\"https:\/\/ticsalutsocial.atoom.space\/wp-content\/uploads\/2020\/04\/photo-1497493292307-31c376b6e479.jpg\",\"width\":751,\"height\":501},{\"@type\":\"BreadcrumbList\",\"@id\":\"https:\/\/ticsalutsocial.atoom.space\/es\/noticia\/el-cluster-de-salud-mental-potencia-el-trabajo-en-linea-durante-la-covid19\/#breadcrumb\",\"itemListElement\":[{\"@type\":\"ListItem\",\"position\":1,\"name\":\"Inici\",\"item\":\"https:\/\/ticsalutsocial.atoom.space\/es\/\"},{\"@type\":\"ListItem\",\"position\":2,\"name\":\"El Cluster de Salud Mental potencia el trabajo en l\u00ednea durante la COVID19\"}]},{\"@type\":\"WebSite\",\"@id\":\"https:\/\/ticsalutsocial.atoom.space\/es\/#website\",\"url\":\"https:\/\/ticsalutsocial.atoom.space\/es\/\",\"name\":\"Fundaci\u00f3 TIC Salut i Social\",\"description\":\"\",\"potentialAction\":[{\"@type\":\"SearchAction\",\"target\":{\"@type\":\"EntryPoint\",\"urlTemplate\":\"https:\/\/ticsalutsocial.atoom.space\/es\/?s={search_term_string}\"},\"query-input\":{\"@type\":\"PropertyValueSpecification\",\"valueRequired\":true,\"valueName\":\"search_term_string\"}}],\"inLanguage\":\"es\"}]}<\/script>\n<!-- \/ Yoast SEO plugin. -->","yoast_head_json":{"title":"El Cluster de Salud Mental potencia el trabajo en l\u00ednea durante la COVID19 - Fundaci\u00f3 TIC Salut i Social","robots":{"index":"index","follow":"follow","max-snippet":"max-snippet:-1","max-image-preview":"max-image-preview:large","max-video-preview":"max-video-preview:-1"},"canonical":"https:\/\/ticsalutsocial.atoom.space\/es\/noticia\/el-cluster-de-salud-mental-potencia-el-trabajo-en-linea-durante-la-covid19\/","og_locale":"es_ES","og_type":"article","og_title":"El Cluster de Salud Mental potencia el trabajo en l\u00ednea durante la COVID19 - Fundaci\u00f3 TIC Salut i Social","og_description":"Comunicar es mucho m\u00e1s que hablar o publicar, incluso la ausencia de mensaje por ejemplo, es tambi\u00e9n una forma de comunicaci\u00f3n. La actividad comunicativa est\u00e1 asociada a todos los niveles: empresarial, institucional, sanitario y personal, est\u00e1 claro, para cada uno de nosotros. En el \u00e1mbito profesional, en uno entorno de marketing, la comunicaci\u00f3n define la [&hellip;]","og_url":"https:\/\/ticsalutsocial.atoom.space\/es\/noticia\/el-cluster-de-salud-mental-potencia-el-trabajo-en-linea-durante-la-covid19\/","og_site_name":"Fundaci\u00f3 TIC Salut i Social","article_modified_time":"2021-07-21T13:46:44+00:00","og_image":[{"width":751,"height":501,"url":"https:\/\/ticsalutsocial.atoom.space\/wp-content\/uploads\/2020\/04\/photo-1497493292307-31c376b6e479.jpg","type":"image\/jpeg"}],"twitter_card":"summary_large_image","twitter_misc":{"Tiempo de lectura":"4 minutos"},"schema":{"@context":"https:\/\/schema.org","@graph":[{"@type":"WebPage","@id":"https:\/\/ticsalutsocial.atoom.space\/es\/noticia\/el-cluster-de-salud-mental-potencia-el-trabajo-en-linea-durante-la-covid19\/","url":"https:\/\/ticsalutsocial.atoom.space\/es\/noticia\/el-cluster-de-salud-mental-potencia-el-trabajo-en-linea-durante-la-covid19\/","name":"El Cluster de Salud Mental potencia el trabajo en l\u00ednea durante la COVID19 - Fundaci\u00f3 TIC Salut i Social","isPartOf":{"@id":"https:\/\/ticsalutsocial.atoom.space\/es\/#website"},"primaryImageOfPage":{"@id":"https:\/\/ticsalutsocial.atoom.space\/es\/noticia\/el-cluster-de-salud-mental-potencia-el-trabajo-en-linea-durante-la-covid19\/#primaryimage"},"image":{"@id":"https:\/\/ticsalutsocial.atoom.space\/es\/noticia\/el-cluster-de-salud-mental-potencia-el-trabajo-en-linea-durante-la-covid19\/#primaryimage"},"thumbnailUrl":"https:\/\/ticsalutsocial.atoom.space\/wp-content\/uploads\/2020\/04\/photo-1497493292307-31c376b6e479.jpg","datePublished":"2020-04-20T09:59:50+00:00","dateModified":"2021-07-21T13:46:44+00:00","breadcrumb":{"@id":"https:\/\/ticsalutsocial.atoom.space\/es\/noticia\/el-cluster-de-salud-mental-potencia-el-trabajo-en-linea-durante-la-covid19\/#breadcrumb"},"inLanguage":"es","potentialAction":[{"@type":"ReadAction","target":["https:\/\/ticsalutsocial.atoom.space\/es\/noticia\/el-cluster-de-salud-mental-potencia-el-trabajo-en-linea-durante-la-covid19\/"]}]},{"@type":"ImageObject","inLanguage":"es","@id":"https:\/\/ticsalutsocial.atoom.space\/es\/noticia\/el-cluster-de-salud-mental-potencia-el-trabajo-en-linea-durante-la-covid19\/#primaryimage","url":"https:\/\/ticsalutsocial.atoom.space\/wp-content\/uploads\/2020\/04\/photo-1497493292307-31c376b6e479.jpg","contentUrl":"https:\/\/ticsalutsocial.atoom.space\/wp-content\/uploads\/2020\/04\/photo-1497493292307-31c376b6e479.jpg","width":751,"height":501},{"@type":"BreadcrumbList","@id":"https:\/\/ticsalutsocial.atoom.space\/es\/noticia\/el-cluster-de-salud-mental-potencia-el-trabajo-en-linea-durante-la-covid19\/#breadcrumb","itemListElement":[{"@type":"ListItem","position":1,"name":"Inici","item":"https:\/\/ticsalutsocial.atoom.space\/es\/"},{"@type":"ListItem","position":2,"name":"El Cluster de Salud Mental potencia el trabajo en l\u00ednea durante la COVID19"}]},{"@type":"WebSite","@id":"https:\/\/ticsalutsocial.atoom.space\/es\/#website","url":"https:\/\/ticsalutsocial.atoom.space\/es\/","name":"Fundaci\u00f3 TIC Salut i Social","description":"","potentialAction":[{"@type":"SearchAction","target":{"@type":"EntryPoint","urlTemplate":"https:\/\/ticsalutsocial.atoom.space\/es\/?s={search_term_string}"},"query-input":{"@type":"PropertyValueSpecification","valueRequired":true,"valueName":"search_term_string"}}],"inLanguage":"es"}]}},"_links":{"self":[{"href":"https:\/\/ticsalutsocial.atoom.space\/es\/wp-json\/wp\/v2\/noticia\/4459","targetHints":{"allow":["GET"]}}],"collection":[{"href":"https:\/\/ticsalutsocial.atoom.space\/es\/wp-json\/wp\/v2\/noticia"}],"about":[{"href":"https:\/\/ticsalutsocial.atoom.space\/es\/wp-json\/wp\/v2\/types\/noticia"}],"author":[{"embeddable":true,"href":"https:\/\/ticsalutsocial.atoom.space\/es\/wp-json\/wp\/v2\/users\/21"}],"wp:featuredmedia":[{"embeddable":true,"href":"https:\/\/ticsalutsocial.atoom.space\/es\/wp-json\/wp\/v2\/media\/4455"}],"wp:attachment":[{"href":"https:\/\/ticsalutsocial.atoom.space\/es\/wp-json\/wp\/v2\/media?parent=4459"}],"wp:term":[{"taxonomy":"etiqueta","embeddable":true,"href":"https:\/\/ticsalutsocial.atoom.space\/es\/wp-json\/wp\/v2\/etiqueta?post=4459"},{"taxonomy":"tipus","embeddable":true,"href":"https:\/\/ticsalutsocial.atoom.space\/es\/wp-json\/wp\/v2\/tipus?post=4459"},{"taxonomy":"topic","embeddable":true,"href":"https:\/\/ticsalutsocial.atoom.space\/es\/wp-json\/wp\/v2\/topic?post=4459"}],"curies":[{"name":"wp","href":"https:\/\/api.w.org\/{rel}","templated":true}]}}