
{"id":4465,"date":"2020-04-21T11:02:21","date_gmt":"2020-04-21T09:02:21","guid":{"rendered":"https:\/\/ticsalutsocial.atoom.space\/?post_type=noticia&#038;p=4465"},"modified":"2021-07-21T15:46:47","modified_gmt":"2021-07-21T13:46:47","slug":"distribucion-de-moviles-y-tablets-para-a-centros-hospitalarios-residencias-y-sociosanitarios","status":"publish","type":"noticia","link":"https:\/\/ticsalutsocial.atoom.space\/es\/noticia\/distribucion-de-moviles-y-tablets-para-a-centros-hospitalarios-residencias-y-sociosanitarios\/","title":{"rendered":"Distribuci\u00f3n de m\u00f3viles y tablets para a centros hospitalarios, residencias y sociosanitarios"},"content":{"rendered":"<div class=\"col-sm-12\">\n<div class=\"basic_text_peq pd-15\">\n<p>El \u00c1rea de Ciudadan\u00eda, Innovaci\u00f3n y Usuario del <em>Servei Catal\u00e0 de la Salut<\/em> est\u00e1 impulsando conjuntamente con la Fundaci\u00f3 TIC Salut Social la puesta a disposici\u00f3n de los centros hospitalarios y residenciales diferentes dispositivos tecnol\u00f3gicis como m\u00f3viles o tabletas. El objectivo es que los ciudadanos ingresados o residentes en estos espacios se puedan comunicar con sus falimiliares.<\/p>\n<p>Estos d\u00edas han llegado 900 m\u00f3viles a los centros hospitalarios de toda Catalu\u00f1a y 1000 m\u00e1s a las residencias. Por otro lado, tambi\u00e9n se distribuir\u00e1n 338 tablets para sociosanitarios, 140 para residencias y 200 m\u00e1s a hospitales y otros centros. La disponibilidad de estos m\u00f3viles y tabletas ha sido posible gracias a la cesi\u00f3n por parte de diversas empresas y la puesta a punto se ha podido realizar gracias a la implicaci\u00f3n altruista de voluntarios.<\/p>\n<p>Se trata de una actuaci\u00f3n enmarcada en el <em>Pla d&#8217;Acci\u00f3 pel suport emocional de pacients i familiars afectats per la crisi del coronavirus<\/em>. En este sentido, tenemos presentes medidas de protecci\u00f3n y prevenci\u00f3n y destacar como es de imprescindible disponer de otras v\u00edas de comunicaci\u00f3n mediante dispositivos para que los familiares o pacientes se puedan ver y hablar.<\/p>\n<\/div>\n<\/div>\n<div class=\"col-sm-4 col-xs-12 pd-md-0\"><\/div>\n","protected":false},"author":21,"featured_media":4461,"menu_order":0,"template":"","meta":{"_acf_changed":false,"inline_featured_image":false},"etiqueta":[],"tipus":[94],"topic":[123],"class_list":["post-4465","noticia","type-noticia","status-publish","has-post-thumbnail","hentry","tipus-integracion-social-y-sanitaria","topic-actualidad"],"acf":{"imatge":4463,"autor":"TIC Salut Social"},"yoast_head":"<!-- This site is optimized with the Yoast SEO plugin v27.1.1 - https:\/\/yoast.com\/product\/yoast-seo-wordpress\/ -->\n<title>Distribuci\u00f3n de m\u00f3viles y tablets para a centros hospitalarios, residencias y sociosanitarios - Fundaci\u00f3 TIC Salut i Social<\/title>\n<meta name=\"robots\" content=\"index, follow, max-snippet:-1, max-image-preview:large, max-video-preview:-1\" \/>\n<link rel=\"canonical\" href=\"https:\/\/ticsalutsocial.atoom.space\/es\/noticia\/distribucion-de-moviles-y-tablets-para-a-centros-hospitalarios-residencias-y-sociosanitarios\/\" \/>\n<meta property=\"og:locale\" content=\"es_ES\" \/>\n<meta property=\"og:type\" content=\"article\" \/>\n<meta property=\"og:title\" content=\"Distribuci\u00f3n de m\u00f3viles y tablets para a centros hospitalarios, residencias y sociosanitarios - Fundaci\u00f3 TIC Salut i Social\" \/>\n<meta property=\"og:description\" content=\"El \u00c1rea de Ciudadan\u00eda, Innovaci\u00f3n y Usuario del Servei Catal\u00e0 de la Salut est\u00e1 impulsando conjuntamente con la Fundaci\u00f3 TIC Salut Social la puesta a disposici\u00f3n de los centros hospitalarios y residenciales diferentes dispositivos tecnol\u00f3gicis como m\u00f3viles o tabletas. El objectivo es que los ciudadanos ingresados o residentes en estos espacios se puedan comunicar con [&hellip;]\" \/>\n<meta property=\"og:url\" content=\"https:\/\/ticsalutsocial.atoom.space\/es\/noticia\/distribucion-de-moviles-y-tablets-para-a-centros-hospitalarios-residencias-y-sociosanitarios\/\" \/>\n<meta property=\"og:site_name\" content=\"Fundaci\u00f3 TIC Salut i Social\" \/>\n<meta property=\"article:modified_time\" content=\"2021-07-21T13:46:47+00:00\" \/>\n<meta property=\"og:image\" content=\"https:\/\/ticsalutsocial.atoom.space\/wp-content\/uploads\/2020\/04\/photo-1557825835-3185803dd474.jpg\" \/>\n\t<meta property=\"og:image:width\" content=\"750\" \/>\n\t<meta property=\"og:image:height\" content=\"500\" \/>\n\t<meta property=\"og:image:type\" content=\"image\/jpeg\" \/>\n<meta name=\"twitter:card\" content=\"summary_large_image\" \/>\n<meta name=\"twitter:label1\" content=\"Tiempo de lectura\" \/>\n\t<meta name=\"twitter:data1\" content=\"1 minuto\" \/>\n<script type=\"application\/ld+json\" class=\"yoast-schema-graph\">{\"@context\":\"https:\/\/schema.org\",\"@graph\":[{\"@type\":\"WebPage\",\"@id\":\"https:\/\/ticsalutsocial.atoom.space\/es\/noticia\/distribucion-de-moviles-y-tablets-para-a-centros-hospitalarios-residencias-y-sociosanitarios\/\",\"url\":\"https:\/\/ticsalutsocial.atoom.space\/es\/noticia\/distribucion-de-moviles-y-tablets-para-a-centros-hospitalarios-residencias-y-sociosanitarios\/\",\"name\":\"Distribuci\u00f3n de m\u00f3viles y tablets para a centros hospitalarios, residencias y sociosanitarios - Fundaci\u00f3 TIC Salut i Social\",\"isPartOf\":{\"@id\":\"https:\/\/ticsalutsocial.atoom.space\/es\/#website\"},\"primaryImageOfPage\":{\"@id\":\"https:\/\/ticsalutsocial.atoom.space\/es\/noticia\/distribucion-de-moviles-y-tablets-para-a-centros-hospitalarios-residencias-y-sociosanitarios\/#primaryimage\"},\"image\":{\"@id\":\"https:\/\/ticsalutsocial.atoom.space\/es\/noticia\/distribucion-de-moviles-y-tablets-para-a-centros-hospitalarios-residencias-y-sociosanitarios\/#primaryimage\"},\"thumbnailUrl\":\"https:\/\/ticsalutsocial.atoom.space\/wp-content\/uploads\/2020\/04\/photo-1557825835-3185803dd474.jpg\",\"datePublished\":\"2020-04-21T09:02:21+00:00\",\"dateModified\":\"2021-07-21T13:46:47+00:00\",\"breadcrumb\":{\"@id\":\"https:\/\/ticsalutsocial.atoom.space\/es\/noticia\/distribucion-de-moviles-y-tablets-para-a-centros-hospitalarios-residencias-y-sociosanitarios\/#breadcrumb\"},\"inLanguage\":\"es\",\"potentialAction\":[{\"@type\":\"ReadAction\",\"target\":[\"https:\/\/ticsalutsocial.atoom.space\/es\/noticia\/distribucion-de-moviles-y-tablets-para-a-centros-hospitalarios-residencias-y-sociosanitarios\/\"]}]},{\"@type\":\"ImageObject\",\"inLanguage\":\"es\",\"@id\":\"https:\/\/ticsalutsocial.atoom.space\/es\/noticia\/distribucion-de-moviles-y-tablets-para-a-centros-hospitalarios-residencias-y-sociosanitarios\/#primaryimage\",\"url\":\"https:\/\/ticsalutsocial.atoom.space\/wp-content\/uploads\/2020\/04\/photo-1557825835-3185803dd474.jpg\",\"contentUrl\":\"https:\/\/ticsalutsocial.atoom.space\/wp-content\/uploads\/2020\/04\/photo-1557825835-3185803dd474.jpg\",\"width\":750,\"height\":500},{\"@type\":\"BreadcrumbList\",\"@id\":\"https:\/\/ticsalutsocial.atoom.space\/es\/noticia\/distribucion-de-moviles-y-tablets-para-a-centros-hospitalarios-residencias-y-sociosanitarios\/#breadcrumb\",\"itemListElement\":[{\"@type\":\"ListItem\",\"position\":1,\"name\":\"Inici\",\"item\":\"https:\/\/ticsalutsocial.atoom.space\/es\/\"},{\"@type\":\"ListItem\",\"position\":2,\"name\":\"Distribuci\u00f3n de m\u00f3viles y tablets para a centros hospitalarios, residencias y sociosanitarios\"}]},{\"@type\":\"WebSite\",\"@id\":\"https:\/\/ticsalutsocial.atoom.space\/es\/#website\",\"url\":\"https:\/\/ticsalutsocial.atoom.space\/es\/\",\"name\":\"Fundaci\u00f3 TIC Salut i Social\",\"description\":\"\",\"potentialAction\":[{\"@type\":\"SearchAction\",\"target\":{\"@type\":\"EntryPoint\",\"urlTemplate\":\"https:\/\/ticsalutsocial.atoom.space\/es\/?s={search_term_string}\"},\"query-input\":{\"@type\":\"PropertyValueSpecification\",\"valueRequired\":true,\"valueName\":\"search_term_string\"}}],\"inLanguage\":\"es\"}]}<\/script>\n<!-- \/ Yoast SEO plugin. -->","yoast_head_json":{"title":"Distribuci\u00f3n de m\u00f3viles y tablets para a centros hospitalarios, residencias y sociosanitarios - Fundaci\u00f3 TIC Salut i Social","robots":{"index":"index","follow":"follow","max-snippet":"max-snippet:-1","max-image-preview":"max-image-preview:large","max-video-preview":"max-video-preview:-1"},"canonical":"https:\/\/ticsalutsocial.atoom.space\/es\/noticia\/distribucion-de-moviles-y-tablets-para-a-centros-hospitalarios-residencias-y-sociosanitarios\/","og_locale":"es_ES","og_type":"article","og_title":"Distribuci\u00f3n de m\u00f3viles y tablets para a centros hospitalarios, residencias y sociosanitarios - Fundaci\u00f3 TIC Salut i Social","og_description":"El \u00c1rea de Ciudadan\u00eda, Innovaci\u00f3n y Usuario del Servei Catal\u00e0 de la Salut est\u00e1 impulsando conjuntamente con la Fundaci\u00f3 TIC Salut Social la puesta a disposici\u00f3n de los centros hospitalarios y residenciales diferentes dispositivos tecnol\u00f3gicis como m\u00f3viles o tabletas. El objectivo es que los ciudadanos ingresados o residentes en estos espacios se puedan comunicar con [&hellip;]","og_url":"https:\/\/ticsalutsocial.atoom.space\/es\/noticia\/distribucion-de-moviles-y-tablets-para-a-centros-hospitalarios-residencias-y-sociosanitarios\/","og_site_name":"Fundaci\u00f3 TIC Salut i Social","article_modified_time":"2021-07-21T13:46:47+00:00","og_image":[{"width":750,"height":500,"url":"https:\/\/ticsalutsocial.atoom.space\/wp-content\/uploads\/2020\/04\/photo-1557825835-3185803dd474.jpg","type":"image\/jpeg"}],"twitter_card":"summary_large_image","twitter_misc":{"Tiempo de lectura":"1 minuto"},"schema":{"@context":"https:\/\/schema.org","@graph":[{"@type":"WebPage","@id":"https:\/\/ticsalutsocial.atoom.space\/es\/noticia\/distribucion-de-moviles-y-tablets-para-a-centros-hospitalarios-residencias-y-sociosanitarios\/","url":"https:\/\/ticsalutsocial.atoom.space\/es\/noticia\/distribucion-de-moviles-y-tablets-para-a-centros-hospitalarios-residencias-y-sociosanitarios\/","name":"Distribuci\u00f3n de m\u00f3viles y tablets para a centros hospitalarios, residencias y sociosanitarios - Fundaci\u00f3 TIC Salut i Social","isPartOf":{"@id":"https:\/\/ticsalutsocial.atoom.space\/es\/#website"},"primaryImageOfPage":{"@id":"https:\/\/ticsalutsocial.atoom.space\/es\/noticia\/distribucion-de-moviles-y-tablets-para-a-centros-hospitalarios-residencias-y-sociosanitarios\/#primaryimage"},"image":{"@id":"https:\/\/ticsalutsocial.atoom.space\/es\/noticia\/distribucion-de-moviles-y-tablets-para-a-centros-hospitalarios-residencias-y-sociosanitarios\/#primaryimage"},"thumbnailUrl":"https:\/\/ticsalutsocial.atoom.space\/wp-content\/uploads\/2020\/04\/photo-1557825835-3185803dd474.jpg","datePublished":"2020-04-21T09:02:21+00:00","dateModified":"2021-07-21T13:46:47+00:00","breadcrumb":{"@id":"https:\/\/ticsalutsocial.atoom.space\/es\/noticia\/distribucion-de-moviles-y-tablets-para-a-centros-hospitalarios-residencias-y-sociosanitarios\/#breadcrumb"},"inLanguage":"es","potentialAction":[{"@type":"ReadAction","target":["https:\/\/ticsalutsocial.atoom.space\/es\/noticia\/distribucion-de-moviles-y-tablets-para-a-centros-hospitalarios-residencias-y-sociosanitarios\/"]}]},{"@type":"ImageObject","inLanguage":"es","@id":"https:\/\/ticsalutsocial.atoom.space\/es\/noticia\/distribucion-de-moviles-y-tablets-para-a-centros-hospitalarios-residencias-y-sociosanitarios\/#primaryimage","url":"https:\/\/ticsalutsocial.atoom.space\/wp-content\/uploads\/2020\/04\/photo-1557825835-3185803dd474.jpg","contentUrl":"https:\/\/ticsalutsocial.atoom.space\/wp-content\/uploads\/2020\/04\/photo-1557825835-3185803dd474.jpg","width":750,"height":500},{"@type":"BreadcrumbList","@id":"https:\/\/ticsalutsocial.atoom.space\/es\/noticia\/distribucion-de-moviles-y-tablets-para-a-centros-hospitalarios-residencias-y-sociosanitarios\/#breadcrumb","itemListElement":[{"@type":"ListItem","position":1,"name":"Inici","item":"https:\/\/ticsalutsocial.atoom.space\/es\/"},{"@type":"ListItem","position":2,"name":"Distribuci\u00f3n de m\u00f3viles y tablets para a centros hospitalarios, residencias y sociosanitarios"}]},{"@type":"WebSite","@id":"https:\/\/ticsalutsocial.atoom.space\/es\/#website","url":"https:\/\/ticsalutsocial.atoom.space\/es\/","name":"Fundaci\u00f3 TIC Salut i Social","description":"","potentialAction":[{"@type":"SearchAction","target":{"@type":"EntryPoint","urlTemplate":"https:\/\/ticsalutsocial.atoom.space\/es\/?s={search_term_string}"},"query-input":{"@type":"PropertyValueSpecification","valueRequired":true,"valueName":"search_term_string"}}],"inLanguage":"es"}]}},"_links":{"self":[{"href":"https:\/\/ticsalutsocial.atoom.space\/es\/wp-json\/wp\/v2\/noticia\/4465","targetHints":{"allow":["GET"]}}],"collection":[{"href":"https:\/\/ticsalutsocial.atoom.space\/es\/wp-json\/wp\/v2\/noticia"}],"about":[{"href":"https:\/\/ticsalutsocial.atoom.space\/es\/wp-json\/wp\/v2\/types\/noticia"}],"author":[{"embeddable":true,"href":"https:\/\/ticsalutsocial.atoom.space\/es\/wp-json\/wp\/v2\/users\/21"}],"wp:featuredmedia":[{"embeddable":true,"href":"https:\/\/ticsalutsocial.atoom.space\/es\/wp-json\/wp\/v2\/media\/4461"}],"wp:attachment":[{"href":"https:\/\/ticsalutsocial.atoom.space\/es\/wp-json\/wp\/v2\/media?parent=4465"}],"wp:term":[{"taxonomy":"etiqueta","embeddable":true,"href":"https:\/\/ticsalutsocial.atoom.space\/es\/wp-json\/wp\/v2\/etiqueta?post=4465"},{"taxonomy":"tipus","embeddable":true,"href":"https:\/\/ticsalutsocial.atoom.space\/es\/wp-json\/wp\/v2\/tipus?post=4465"},{"taxonomy":"topic","embeddable":true,"href":"https:\/\/ticsalutsocial.atoom.space\/es\/wp-json\/wp\/v2\/topic?post=4465"}],"curies":[{"name":"wp","href":"https:\/\/api.w.org\/{rel}","templated":true}]}}