
{"id":4470,"date":"2020-04-27T17:15:34","date_gmt":"2020-04-27T15:15:34","guid":{"rendered":"https:\/\/ticsalutsocial.atoom.space\/?post_type=noticia&#038;p=4470"},"modified":"2021-07-21T15:46:49","modified_gmt":"2021-07-21T13:46:49","slug":"el-proyecto-mconnecta-incorpora-un-nuevo-marco-de-interoperabilidad","status":"publish","type":"noticia","link":"https:\/\/ticsalutsocial.atoom.space\/es\/noticia\/el-proyecto-mconnecta-incorpora-un-nuevo-marco-de-interoperabilidad\/","title":{"rendered":"El proyecto mConnecta incorpora un nuevo marco de interoperabilidad"},"content":{"rendered":"<p>El <a href=\"https:\/\/ticsalutsocial.atoom.space\/es\/projectes\/mhealth-es\/portal-appsalut\/\">proyecto mConnecta<\/a> contin\u00faa avanzando en la transformaci\u00f3n de la asistencia sanitaria en Catalu\u00f1a, proporcionando nuevos recursos a los profesionales sanitarios para mejorar el seguimiento de la atenci\u00f3n al ciudadano.<\/p>\n<p>mConnecta nace como una plataforma que permitir\u00e1 prescribir soluciones de movilidad al ciudadano como: webapp, aplicaciones m\u00f3viles (apps), wearables y dispositivos m\u00e9dicos integrables con las soluciones tecnol\u00f3gicas existentes en el Sistema Sanitario Integral de Utilizaci\u00f3n P\u00fablica de Catalu\u00f1a (SISCAT).<\/p>\n<p>Precisamente es en esta tarea de integraci\u00f3n de datos que desde la Fundaci\u00f3 TIC Salut Social ha trabajado en la definici\u00f3n del marco de interoperabilidad de mConnecta.<\/p>\n<p>Este marco comprende las interfaces de integraci\u00f3n con las plataformas de autenticaci\u00f3n y validaci\u00f3n de usuarios, los sistemas de informaci\u00f3n externos y los diferentes dispositivos que aportan datos a mConnecta (apps, web apps, wearables, medical devices).<\/p>\n<p>El marco se ha desarrollado mediante la selecci\u00f3n de est\u00e1ndares internacionales ya existentes, tanto en cuanto a la sem\u00e1ntica de las terminolog\u00edas a utilizar como los referentes sint\u00e1cticos de presentaci\u00f3n de los datos, con el fin de adaptarlos a las necesidades y caracter\u00edsticas del proyecto. Concretamente, se utiliza SNOMED y LOINC por sem\u00e1ntica y HL7 FHIR (Fast Healthcare Interoperability Resources) como sint\u00e1ctica. Los detalles de los recursos de FHIR a utilizar y la definici\u00f3n de los bundles necesarios hasta el momento han sido inclu\u00eddos en el marco. Finalmente tambi\u00e9n se hace referencia a la validaci\u00f3n necesaria de los datos recibidos en cuanto a reglas de negocio o reglas de seguridad.<\/p>\n<p>Esto permitir\u00e1 disponer de una base de interoperabilidad para mConnecta para integrar e incorporar tanto recursos internos desarrollados desde la propia plataforma, como para recursos externos desarrollados por terceros.<\/p>\n<p>Este marco de interoperabilidad mConnecta est\u00e1 disponible para cualquier persona o entidad interesada, s\u00f3lo hay que enviar un correo a la Oficina T\u00e9cnica del Proyecto mConnecta, mediante la direcci\u00f3n de correo electr\u00f3nico <a href=\"mailto:otmconnecta@ticsalutsocial.cat\">otmconnecta@ticsalutsocial.cat<\/a><\/p>\n","protected":false},"author":21,"featured_media":4467,"menu_order":0,"template":"","meta":{"_acf_changed":false,"inline_featured_image":false},"etiqueta":[],"tipus":[654,84],"topic":[130,125],"class_list":["post-4470","noticia","type-noticia","status-publish","has-post-thumbnail","hentry","tipus-activos-digitales","tipus-oficina-interoperabilidad","topic-la-fundacion","topic-hub-es"],"acf":{"imatge":4469,"autor":"Nuria Abdon"},"yoast_head":"<!-- This site is optimized with the Yoast SEO plugin v27.1.1 - https:\/\/yoast.com\/product\/yoast-seo-wordpress\/ -->\n<title>El proyecto mConnecta incorpora un nuevo marco de interoperabilidad - Fundaci\u00f3 TIC Salut i Social<\/title>\n<meta name=\"robots\" content=\"index, follow, max-snippet:-1, max-image-preview:large, max-video-preview:-1\" \/>\n<link rel=\"canonical\" href=\"https:\/\/ticsalutsocial.atoom.space\/es\/noticia\/el-proyecto-mconnecta-incorpora-un-nuevo-marco-de-interoperabilidad\/\" \/>\n<meta property=\"og:locale\" content=\"es_ES\" \/>\n<meta property=\"og:type\" content=\"article\" \/>\n<meta property=\"og:title\" content=\"El proyecto mConnecta incorpora un nuevo marco de interoperabilidad - Fundaci\u00f3 TIC Salut i Social\" \/>\n<meta property=\"og:description\" content=\"El proyecto mConnecta contin\u00faa avanzando en la transformaci\u00f3n de la asistencia sanitaria en Catalu\u00f1a, proporcionando nuevos recursos a los profesionales sanitarios para mejorar el seguimiento de la atenci\u00f3n al ciudadano. mConnecta nace como una plataforma que permitir\u00e1 prescribir soluciones de movilidad al ciudadano como: webapp, aplicaciones m\u00f3viles (apps), wearables y dispositivos m\u00e9dicos integrables con las [&hellip;]\" \/>\n<meta property=\"og:url\" content=\"https:\/\/ticsalutsocial.atoom.space\/es\/noticia\/el-proyecto-mconnecta-incorpora-un-nuevo-marco-de-interoperabilidad\/\" \/>\n<meta property=\"og:site_name\" content=\"Fundaci\u00f3 TIC Salut i Social\" \/>\n<meta property=\"article:modified_time\" content=\"2021-07-21T13:46:49+00:00\" \/>\n<meta property=\"og:image\" content=\"https:\/\/ticsalutsocial.atoom.space\/wp-content\/uploads\/2020\/04\/photo-1523961131990-5ea7c61b2107.jpg\" \/>\n\t<meta property=\"og:image:width\" content=\"667\" \/>\n\t<meta property=\"og:image:height\" content=\"500\" \/>\n\t<meta property=\"og:image:type\" content=\"image\/jpeg\" \/>\n<meta name=\"twitter:card\" content=\"summary_large_image\" \/>\n<meta name=\"twitter:label1\" content=\"Tiempo de lectura\" \/>\n\t<meta name=\"twitter:data1\" content=\"2 minutos\" \/>\n<script type=\"application\/ld+json\" class=\"yoast-schema-graph\">{\"@context\":\"https:\/\/schema.org\",\"@graph\":[{\"@type\":\"WebPage\",\"@id\":\"https:\/\/ticsalutsocial.atoom.space\/es\/noticia\/el-proyecto-mconnecta-incorpora-un-nuevo-marco-de-interoperabilidad\/\",\"url\":\"https:\/\/ticsalutsocial.atoom.space\/es\/noticia\/el-proyecto-mconnecta-incorpora-un-nuevo-marco-de-interoperabilidad\/\",\"name\":\"El proyecto mConnecta incorpora un nuevo marco de interoperabilidad - Fundaci\u00f3 TIC Salut i Social\",\"isPartOf\":{\"@id\":\"https:\/\/ticsalutsocial.atoom.space\/es\/#website\"},\"primaryImageOfPage\":{\"@id\":\"https:\/\/ticsalutsocial.atoom.space\/es\/noticia\/el-proyecto-mconnecta-incorpora-un-nuevo-marco-de-interoperabilidad\/#primaryimage\"},\"image\":{\"@id\":\"https:\/\/ticsalutsocial.atoom.space\/es\/noticia\/el-proyecto-mconnecta-incorpora-un-nuevo-marco-de-interoperabilidad\/#primaryimage\"},\"thumbnailUrl\":\"https:\/\/ticsalutsocial.atoom.space\/wp-content\/uploads\/2020\/04\/photo-1523961131990-5ea7c61b2107.jpg\",\"datePublished\":\"2020-04-27T15:15:34+00:00\",\"dateModified\":\"2021-07-21T13:46:49+00:00\",\"breadcrumb\":{\"@id\":\"https:\/\/ticsalutsocial.atoom.space\/es\/noticia\/el-proyecto-mconnecta-incorpora-un-nuevo-marco-de-interoperabilidad\/#breadcrumb\"},\"inLanguage\":\"es\",\"potentialAction\":[{\"@type\":\"ReadAction\",\"target\":[\"https:\/\/ticsalutsocial.atoom.space\/es\/noticia\/el-proyecto-mconnecta-incorpora-un-nuevo-marco-de-interoperabilidad\/\"]}]},{\"@type\":\"ImageObject\",\"inLanguage\":\"es\",\"@id\":\"https:\/\/ticsalutsocial.atoom.space\/es\/noticia\/el-proyecto-mconnecta-incorpora-un-nuevo-marco-de-interoperabilidad\/#primaryimage\",\"url\":\"https:\/\/ticsalutsocial.atoom.space\/wp-content\/uploads\/2020\/04\/photo-1523961131990-5ea7c61b2107.jpg\",\"contentUrl\":\"https:\/\/ticsalutsocial.atoom.space\/wp-content\/uploads\/2020\/04\/photo-1523961131990-5ea7c61b2107.jpg\",\"width\":667,\"height\":500},{\"@type\":\"BreadcrumbList\",\"@id\":\"https:\/\/ticsalutsocial.atoom.space\/es\/noticia\/el-proyecto-mconnecta-incorpora-un-nuevo-marco-de-interoperabilidad\/#breadcrumb\",\"itemListElement\":[{\"@type\":\"ListItem\",\"position\":1,\"name\":\"Inici\",\"item\":\"https:\/\/ticsalutsocial.atoom.space\/es\/\"},{\"@type\":\"ListItem\",\"position\":2,\"name\":\"El proyecto mConnecta incorpora un nuevo marco de interoperabilidad\"}]},{\"@type\":\"WebSite\",\"@id\":\"https:\/\/ticsalutsocial.atoom.space\/es\/#website\",\"url\":\"https:\/\/ticsalutsocial.atoom.space\/es\/\",\"name\":\"Fundaci\u00f3 TIC Salut i Social\",\"description\":\"\",\"potentialAction\":[{\"@type\":\"SearchAction\",\"target\":{\"@type\":\"EntryPoint\",\"urlTemplate\":\"https:\/\/ticsalutsocial.atoom.space\/es\/?s={search_term_string}\"},\"query-input\":{\"@type\":\"PropertyValueSpecification\",\"valueRequired\":true,\"valueName\":\"search_term_string\"}}],\"inLanguage\":\"es\"}]}<\/script>\n<!-- \/ Yoast SEO plugin. -->","yoast_head_json":{"title":"El proyecto mConnecta incorpora un nuevo marco de interoperabilidad - Fundaci\u00f3 TIC Salut i Social","robots":{"index":"index","follow":"follow","max-snippet":"max-snippet:-1","max-image-preview":"max-image-preview:large","max-video-preview":"max-video-preview:-1"},"canonical":"https:\/\/ticsalutsocial.atoom.space\/es\/noticia\/el-proyecto-mconnecta-incorpora-un-nuevo-marco-de-interoperabilidad\/","og_locale":"es_ES","og_type":"article","og_title":"El proyecto mConnecta incorpora un nuevo marco de interoperabilidad - Fundaci\u00f3 TIC Salut i Social","og_description":"El proyecto mConnecta contin\u00faa avanzando en la transformaci\u00f3n de la asistencia sanitaria en Catalu\u00f1a, proporcionando nuevos recursos a los profesionales sanitarios para mejorar el seguimiento de la atenci\u00f3n al ciudadano. mConnecta nace como una plataforma que permitir\u00e1 prescribir soluciones de movilidad al ciudadano como: webapp, aplicaciones m\u00f3viles (apps), wearables y dispositivos m\u00e9dicos integrables con las [&hellip;]","og_url":"https:\/\/ticsalutsocial.atoom.space\/es\/noticia\/el-proyecto-mconnecta-incorpora-un-nuevo-marco-de-interoperabilidad\/","og_site_name":"Fundaci\u00f3 TIC Salut i Social","article_modified_time":"2021-07-21T13:46:49+00:00","og_image":[{"width":667,"height":500,"url":"https:\/\/ticsalutsocial.atoom.space\/wp-content\/uploads\/2020\/04\/photo-1523961131990-5ea7c61b2107.jpg","type":"image\/jpeg"}],"twitter_card":"summary_large_image","twitter_misc":{"Tiempo de lectura":"2 minutos"},"schema":{"@context":"https:\/\/schema.org","@graph":[{"@type":"WebPage","@id":"https:\/\/ticsalutsocial.atoom.space\/es\/noticia\/el-proyecto-mconnecta-incorpora-un-nuevo-marco-de-interoperabilidad\/","url":"https:\/\/ticsalutsocial.atoom.space\/es\/noticia\/el-proyecto-mconnecta-incorpora-un-nuevo-marco-de-interoperabilidad\/","name":"El proyecto mConnecta incorpora un nuevo marco de interoperabilidad - Fundaci\u00f3 TIC Salut i Social","isPartOf":{"@id":"https:\/\/ticsalutsocial.atoom.space\/es\/#website"},"primaryImageOfPage":{"@id":"https:\/\/ticsalutsocial.atoom.space\/es\/noticia\/el-proyecto-mconnecta-incorpora-un-nuevo-marco-de-interoperabilidad\/#primaryimage"},"image":{"@id":"https:\/\/ticsalutsocial.atoom.space\/es\/noticia\/el-proyecto-mconnecta-incorpora-un-nuevo-marco-de-interoperabilidad\/#primaryimage"},"thumbnailUrl":"https:\/\/ticsalutsocial.atoom.space\/wp-content\/uploads\/2020\/04\/photo-1523961131990-5ea7c61b2107.jpg","datePublished":"2020-04-27T15:15:34+00:00","dateModified":"2021-07-21T13:46:49+00:00","breadcrumb":{"@id":"https:\/\/ticsalutsocial.atoom.space\/es\/noticia\/el-proyecto-mconnecta-incorpora-un-nuevo-marco-de-interoperabilidad\/#breadcrumb"},"inLanguage":"es","potentialAction":[{"@type":"ReadAction","target":["https:\/\/ticsalutsocial.atoom.space\/es\/noticia\/el-proyecto-mconnecta-incorpora-un-nuevo-marco-de-interoperabilidad\/"]}]},{"@type":"ImageObject","inLanguage":"es","@id":"https:\/\/ticsalutsocial.atoom.space\/es\/noticia\/el-proyecto-mconnecta-incorpora-un-nuevo-marco-de-interoperabilidad\/#primaryimage","url":"https:\/\/ticsalutsocial.atoom.space\/wp-content\/uploads\/2020\/04\/photo-1523961131990-5ea7c61b2107.jpg","contentUrl":"https:\/\/ticsalutsocial.atoom.space\/wp-content\/uploads\/2020\/04\/photo-1523961131990-5ea7c61b2107.jpg","width":667,"height":500},{"@type":"BreadcrumbList","@id":"https:\/\/ticsalutsocial.atoom.space\/es\/noticia\/el-proyecto-mconnecta-incorpora-un-nuevo-marco-de-interoperabilidad\/#breadcrumb","itemListElement":[{"@type":"ListItem","position":1,"name":"Inici","item":"https:\/\/ticsalutsocial.atoom.space\/es\/"},{"@type":"ListItem","position":2,"name":"El proyecto mConnecta incorpora un nuevo marco de interoperabilidad"}]},{"@type":"WebSite","@id":"https:\/\/ticsalutsocial.atoom.space\/es\/#website","url":"https:\/\/ticsalutsocial.atoom.space\/es\/","name":"Fundaci\u00f3 TIC Salut i Social","description":"","potentialAction":[{"@type":"SearchAction","target":{"@type":"EntryPoint","urlTemplate":"https:\/\/ticsalutsocial.atoom.space\/es\/?s={search_term_string}"},"query-input":{"@type":"PropertyValueSpecification","valueRequired":true,"valueName":"search_term_string"}}],"inLanguage":"es"}]}},"_links":{"self":[{"href":"https:\/\/ticsalutsocial.atoom.space\/es\/wp-json\/wp\/v2\/noticia\/4470","targetHints":{"allow":["GET"]}}],"collection":[{"href":"https:\/\/ticsalutsocial.atoom.space\/es\/wp-json\/wp\/v2\/noticia"}],"about":[{"href":"https:\/\/ticsalutsocial.atoom.space\/es\/wp-json\/wp\/v2\/types\/noticia"}],"author":[{"embeddable":true,"href":"https:\/\/ticsalutsocial.atoom.space\/es\/wp-json\/wp\/v2\/users\/21"}],"wp:featuredmedia":[{"embeddable":true,"href":"https:\/\/ticsalutsocial.atoom.space\/es\/wp-json\/wp\/v2\/media\/4467"}],"wp:attachment":[{"href":"https:\/\/ticsalutsocial.atoom.space\/es\/wp-json\/wp\/v2\/media?parent=4470"}],"wp:term":[{"taxonomy":"etiqueta","embeddable":true,"href":"https:\/\/ticsalutsocial.atoom.space\/es\/wp-json\/wp\/v2\/etiqueta?post=4470"},{"taxonomy":"tipus","embeddable":true,"href":"https:\/\/ticsalutsocial.atoom.space\/es\/wp-json\/wp\/v2\/tipus?post=4470"},{"taxonomy":"topic","embeddable":true,"href":"https:\/\/ticsalutsocial.atoom.space\/es\/wp-json\/wp\/v2\/topic?post=4470"}],"curies":[{"name":"wp","href":"https:\/\/api.w.org\/{rel}","templated":true}]}}