
{"id":4486,"date":"2020-04-30T10:54:43","date_gmt":"2020-04-30T08:54:43","guid":{"rendered":"https:\/\/ticsalutsocial.atoom.space\/?post_type=noticia&#038;p=4486"},"modified":"2021-07-21T15:46:57","modified_gmt":"2021-07-21T13:46:57","slug":"la-fundacio-tic-salut-social-participa-en-el-proyecto-x-ehealth-con-financiacion-europea","status":"publish","type":"noticia","link":"https:\/\/ticsalutsocial.atoom.space\/es\/noticia\/la-fundacio-tic-salut-social-participa-en-el-proyecto-x-ehealth-con-financiacion-europea\/","title":{"rendered":"La Fundaci\u00f3 TIC Salut Social participa en el proyecto x-eHealth con financiaci\u00f3n europea"},"content":{"rendered":"<p>El proyecto x-eHealth es un proyecto estrat\u00e9gico para la eHealth en la Uni\u00f3n Europea coordinado por <em>Servi\u00e7os Partilhados do Minist\u00e9rio da Sa\u00fade de Portugal<\/em>. Este proyecto, que cuenta con el compromiso de 47 actores dentro del sector Salud -entre los que se encuentran numerosos Departamentos de Salud de pa\u00edses europeos y entidades como HL7 y IHE Europe- tiene como objetivo principal establecer las bases para lograr el intercambio de datos de salud entre pa\u00edses de una manera efectiva, interoperable y segura de manera que se favorezca el avance hacia modelos basados en eHealth.<\/p>\n<blockquote>\n<h3>x-eHealth busca establecer las bases para lograr el intercambio de datos de salud entre pa\u00edses de una manera efectiva, interoperable y segura de manera que se favorezca el avance hacia modelos basados en eHealth.<\/h3>\n<\/blockquote>\n<p>Con el objetivo de promover la transformaci\u00f3n Digital en Europa de manera r\u00e1pida y sostenible, esta <em>Cooperation and Support Action<\/em> se basa en el trabajo realizado de manera previa sobre el ePrescription y el Patient Summary, y pretende establecer las bases para la compartici\u00f3n de im\u00e1genes m\u00e9dicas, formularios de alta, resultados de laboratorio y enfermedades raras. De esta manera se avanzar\u00e1 en la creaci\u00f3n de un espacio de interoperabilidad com\u00fan europeo para la compartici\u00f3n de datos.<\/p>\n<p>La Fundaci\u00f3 TIC Salut Social est\u00e1 actualmente liderando el proyecto CEF Telecom por el despliegue del ePrescription y Patient Summary a nivel europeo iniciado en los proyectos EPSOS. x-eHealth, pues, pretende establecer las bases de lo que ser\u00e1 la continuidad de estos proyectos a nivel estrat\u00e9gico.<\/p>\n<p>Dentro del proyecto, TIC Salut Social participar\u00e1 en:<\/p>\n<ul>\n<li>Definici\u00f3n de la hoja de ruta para la identificaci\u00f3n de los nuevos dominios y casos de uso que se deber\u00edan incluir en el European Electronic Health Record Exchange Format (EEHRxF). Estas acciones ir\u00e1n alineadas con los desarrollos que se est\u00e1n llevan a los diferentes pa\u00edses (proyecto CEF) y en Mapeo de los retos a nivel regional del EEHRxF y del estado de desarrollo en cada zona.<\/li>\n<li>Elaboraci\u00f3n de las especificaciones funcionales, directrices y marcos para el intercambio de informaci\u00f3n e informes de laboratorio basados \u200b\u200ben SNOMED y LOINC; el intercambio de informaci\u00f3n de imagen m\u00e9dica, teniendo en cuenta actividades de estandarizaci\u00f3n hechas a nivel nacional (DICOM, HL7 IPS) y el intercambio de informaci\u00f3n sobre informes de alta basados \u200b\u200ben el actual Patient Sumary.<\/li>\n<li>Definici\u00f3n de las especificaciones t\u00e9cnicas para el intercambio de informaci\u00f3n de resultados de laboratorio, imagen m\u00e9dica, informes de alta y enfermedades raras en Patient Summary.<\/li>\n<li>Definici\u00f3n de la estrategia de integraci\u00f3n y arquitectura t\u00e9cnica.<\/li>\n<\/ul>\n<p>El proyecto x-eHealth est\u00e1 enmarcado dentro del t\u00f3pico SC1-HCC-07-2020 Support for European eHealth Interoperability roadmap for deployment del Horizonte 2020 y recibir\u00e1 una financiaci\u00f3n total de entorno 3M de euros.<\/p>\n","protected":false},"author":21,"featured_media":4483,"menu_order":0,"template":"","meta":{"_acf_changed":false,"inline_featured_image":false},"etiqueta":[],"tipus":[],"topic":[130],"class_list":["post-4486","noticia","type-noticia","status-publish","has-post-thumbnail","hentry","topic-la-fundacion"],"acf":{"imatge":4485,"autor":"Carla Alvarez"},"yoast_head":"<!-- This site is optimized with the Yoast SEO plugin v27.1.1 - https:\/\/yoast.com\/product\/yoast-seo-wordpress\/ -->\n<title>La Fundaci\u00f3 TIC Salut Social participa en el proyecto x-eHealth con financiaci\u00f3n europea - Fundaci\u00f3 TIC Salut i Social<\/title>\n<meta name=\"robots\" content=\"index, follow, max-snippet:-1, max-image-preview:large, max-video-preview:-1\" \/>\n<link rel=\"canonical\" href=\"https:\/\/ticsalutsocial.atoom.space\/es\/noticia\/la-fundacio-tic-salut-social-participa-en-el-proyecto-x-ehealth-con-financiacion-europea\/\" \/>\n<meta property=\"og:locale\" content=\"es_ES\" \/>\n<meta property=\"og:type\" content=\"article\" \/>\n<meta property=\"og:title\" content=\"La Fundaci\u00f3 TIC Salut Social participa en el proyecto x-eHealth con financiaci\u00f3n europea - Fundaci\u00f3 TIC Salut i Social\" \/>\n<meta property=\"og:description\" content=\"El proyecto x-eHealth es un proyecto estrat\u00e9gico para la eHealth en la Uni\u00f3n Europea coordinado por Servi\u00e7os Partilhados do Minist\u00e9rio da Sa\u00fade de Portugal. Este proyecto, que cuenta con el compromiso de 47 actores dentro del sector Salud -entre los que se encuentran numerosos Departamentos de Salud de pa\u00edses europeos y entidades como HL7 y [&hellip;]\" \/>\n<meta property=\"og:url\" content=\"https:\/\/ticsalutsocial.atoom.space\/es\/noticia\/la-fundacio-tic-salut-social-participa-en-el-proyecto-x-ehealth-con-financiacion-europea\/\" \/>\n<meta property=\"og:site_name\" content=\"Fundaci\u00f3 TIC Salut i Social\" \/>\n<meta property=\"article:modified_time\" content=\"2021-07-21T13:46:57+00:00\" \/>\n<meta property=\"og:image\" content=\"https:\/\/ticsalutsocial.atoom.space\/wp-content\/uploads\/2020\/04\/photo-1473625247510-8ceb1760943f.jpg\" \/>\n\t<meta property=\"og:image:width\" content=\"699\" \/>\n\t<meta property=\"og:image:height\" content=\"500\" \/>\n\t<meta property=\"og:image:type\" content=\"image\/jpeg\" \/>\n<meta name=\"twitter:card\" content=\"summary_large_image\" \/>\n<meta name=\"twitter:label1\" content=\"Tiempo de lectura\" \/>\n\t<meta name=\"twitter:data1\" content=\"2 minutos\" \/>\n<script type=\"application\/ld+json\" class=\"yoast-schema-graph\">{\"@context\":\"https:\/\/schema.org\",\"@graph\":[{\"@type\":\"WebPage\",\"@id\":\"https:\/\/ticsalutsocial.atoom.space\/es\/noticia\/la-fundacio-tic-salut-social-participa-en-el-proyecto-x-ehealth-con-financiacion-europea\/\",\"url\":\"https:\/\/ticsalutsocial.atoom.space\/es\/noticia\/la-fundacio-tic-salut-social-participa-en-el-proyecto-x-ehealth-con-financiacion-europea\/\",\"name\":\"La Fundaci\u00f3 TIC Salut Social participa en el proyecto x-eHealth con financiaci\u00f3n europea - Fundaci\u00f3 TIC Salut i Social\",\"isPartOf\":{\"@id\":\"https:\/\/ticsalutsocial.atoom.space\/es\/#website\"},\"primaryImageOfPage\":{\"@id\":\"https:\/\/ticsalutsocial.atoom.space\/es\/noticia\/la-fundacio-tic-salut-social-participa-en-el-proyecto-x-ehealth-con-financiacion-europea\/#primaryimage\"},\"image\":{\"@id\":\"https:\/\/ticsalutsocial.atoom.space\/es\/noticia\/la-fundacio-tic-salut-social-participa-en-el-proyecto-x-ehealth-con-financiacion-europea\/#primaryimage\"},\"thumbnailUrl\":\"https:\/\/ticsalutsocial.atoom.space\/wp-content\/uploads\/2020\/04\/photo-1473625247510-8ceb1760943f.jpg\",\"datePublished\":\"2020-04-30T08:54:43+00:00\",\"dateModified\":\"2021-07-21T13:46:57+00:00\",\"breadcrumb\":{\"@id\":\"https:\/\/ticsalutsocial.atoom.space\/es\/noticia\/la-fundacio-tic-salut-social-participa-en-el-proyecto-x-ehealth-con-financiacion-europea\/#breadcrumb\"},\"inLanguage\":\"es\",\"potentialAction\":[{\"@type\":\"ReadAction\",\"target\":[\"https:\/\/ticsalutsocial.atoom.space\/es\/noticia\/la-fundacio-tic-salut-social-participa-en-el-proyecto-x-ehealth-con-financiacion-europea\/\"]}]},{\"@type\":\"ImageObject\",\"inLanguage\":\"es\",\"@id\":\"https:\/\/ticsalutsocial.atoom.space\/es\/noticia\/la-fundacio-tic-salut-social-participa-en-el-proyecto-x-ehealth-con-financiacion-europea\/#primaryimage\",\"url\":\"https:\/\/ticsalutsocial.atoom.space\/wp-content\/uploads\/2020\/04\/photo-1473625247510-8ceb1760943f.jpg\",\"contentUrl\":\"https:\/\/ticsalutsocial.atoom.space\/wp-content\/uploads\/2020\/04\/photo-1473625247510-8ceb1760943f.jpg\",\"width\":699,\"height\":500},{\"@type\":\"BreadcrumbList\",\"@id\":\"https:\/\/ticsalutsocial.atoom.space\/es\/noticia\/la-fundacio-tic-salut-social-participa-en-el-proyecto-x-ehealth-con-financiacion-europea\/#breadcrumb\",\"itemListElement\":[{\"@type\":\"ListItem\",\"position\":1,\"name\":\"Inici\",\"item\":\"https:\/\/ticsalutsocial.atoom.space\/es\/\"},{\"@type\":\"ListItem\",\"position\":2,\"name\":\"La Fundaci\u00f3 TIC Salut Social participa en el proyecto x-eHealth con financiaci\u00f3n europea\"}]},{\"@type\":\"WebSite\",\"@id\":\"https:\/\/ticsalutsocial.atoom.space\/es\/#website\",\"url\":\"https:\/\/ticsalutsocial.atoom.space\/es\/\",\"name\":\"Fundaci\u00f3 TIC Salut i Social\",\"description\":\"\",\"potentialAction\":[{\"@type\":\"SearchAction\",\"target\":{\"@type\":\"EntryPoint\",\"urlTemplate\":\"https:\/\/ticsalutsocial.atoom.space\/es\/?s={search_term_string}\"},\"query-input\":{\"@type\":\"PropertyValueSpecification\",\"valueRequired\":true,\"valueName\":\"search_term_string\"}}],\"inLanguage\":\"es\"}]}<\/script>\n<!-- \/ Yoast SEO plugin. -->","yoast_head_json":{"title":"La Fundaci\u00f3 TIC Salut Social participa en el proyecto x-eHealth con financiaci\u00f3n europea - Fundaci\u00f3 TIC Salut i Social","robots":{"index":"index","follow":"follow","max-snippet":"max-snippet:-1","max-image-preview":"max-image-preview:large","max-video-preview":"max-video-preview:-1"},"canonical":"https:\/\/ticsalutsocial.atoom.space\/es\/noticia\/la-fundacio-tic-salut-social-participa-en-el-proyecto-x-ehealth-con-financiacion-europea\/","og_locale":"es_ES","og_type":"article","og_title":"La Fundaci\u00f3 TIC Salut Social participa en el proyecto x-eHealth con financiaci\u00f3n europea - Fundaci\u00f3 TIC Salut i Social","og_description":"El proyecto x-eHealth es un proyecto estrat\u00e9gico para la eHealth en la Uni\u00f3n Europea coordinado por Servi\u00e7os Partilhados do Minist\u00e9rio da Sa\u00fade de Portugal. Este proyecto, que cuenta con el compromiso de 47 actores dentro del sector Salud -entre los que se encuentran numerosos Departamentos de Salud de pa\u00edses europeos y entidades como HL7 y [&hellip;]","og_url":"https:\/\/ticsalutsocial.atoom.space\/es\/noticia\/la-fundacio-tic-salut-social-participa-en-el-proyecto-x-ehealth-con-financiacion-europea\/","og_site_name":"Fundaci\u00f3 TIC Salut i Social","article_modified_time":"2021-07-21T13:46:57+00:00","og_image":[{"width":699,"height":500,"url":"https:\/\/ticsalutsocial.atoom.space\/wp-content\/uploads\/2020\/04\/photo-1473625247510-8ceb1760943f.jpg","type":"image\/jpeg"}],"twitter_card":"summary_large_image","twitter_misc":{"Tiempo de lectura":"2 minutos"},"schema":{"@context":"https:\/\/schema.org","@graph":[{"@type":"WebPage","@id":"https:\/\/ticsalutsocial.atoom.space\/es\/noticia\/la-fundacio-tic-salut-social-participa-en-el-proyecto-x-ehealth-con-financiacion-europea\/","url":"https:\/\/ticsalutsocial.atoom.space\/es\/noticia\/la-fundacio-tic-salut-social-participa-en-el-proyecto-x-ehealth-con-financiacion-europea\/","name":"La Fundaci\u00f3 TIC Salut Social participa en el proyecto x-eHealth con financiaci\u00f3n europea - Fundaci\u00f3 TIC Salut i Social","isPartOf":{"@id":"https:\/\/ticsalutsocial.atoom.space\/es\/#website"},"primaryImageOfPage":{"@id":"https:\/\/ticsalutsocial.atoom.space\/es\/noticia\/la-fundacio-tic-salut-social-participa-en-el-proyecto-x-ehealth-con-financiacion-europea\/#primaryimage"},"image":{"@id":"https:\/\/ticsalutsocial.atoom.space\/es\/noticia\/la-fundacio-tic-salut-social-participa-en-el-proyecto-x-ehealth-con-financiacion-europea\/#primaryimage"},"thumbnailUrl":"https:\/\/ticsalutsocial.atoom.space\/wp-content\/uploads\/2020\/04\/photo-1473625247510-8ceb1760943f.jpg","datePublished":"2020-04-30T08:54:43+00:00","dateModified":"2021-07-21T13:46:57+00:00","breadcrumb":{"@id":"https:\/\/ticsalutsocial.atoom.space\/es\/noticia\/la-fundacio-tic-salut-social-participa-en-el-proyecto-x-ehealth-con-financiacion-europea\/#breadcrumb"},"inLanguage":"es","potentialAction":[{"@type":"ReadAction","target":["https:\/\/ticsalutsocial.atoom.space\/es\/noticia\/la-fundacio-tic-salut-social-participa-en-el-proyecto-x-ehealth-con-financiacion-europea\/"]}]},{"@type":"ImageObject","inLanguage":"es","@id":"https:\/\/ticsalutsocial.atoom.space\/es\/noticia\/la-fundacio-tic-salut-social-participa-en-el-proyecto-x-ehealth-con-financiacion-europea\/#primaryimage","url":"https:\/\/ticsalutsocial.atoom.space\/wp-content\/uploads\/2020\/04\/photo-1473625247510-8ceb1760943f.jpg","contentUrl":"https:\/\/ticsalutsocial.atoom.space\/wp-content\/uploads\/2020\/04\/photo-1473625247510-8ceb1760943f.jpg","width":699,"height":500},{"@type":"BreadcrumbList","@id":"https:\/\/ticsalutsocial.atoom.space\/es\/noticia\/la-fundacio-tic-salut-social-participa-en-el-proyecto-x-ehealth-con-financiacion-europea\/#breadcrumb","itemListElement":[{"@type":"ListItem","position":1,"name":"Inici","item":"https:\/\/ticsalutsocial.atoom.space\/es\/"},{"@type":"ListItem","position":2,"name":"La Fundaci\u00f3 TIC Salut Social participa en el proyecto x-eHealth con financiaci\u00f3n europea"}]},{"@type":"WebSite","@id":"https:\/\/ticsalutsocial.atoom.space\/es\/#website","url":"https:\/\/ticsalutsocial.atoom.space\/es\/","name":"Fundaci\u00f3 TIC Salut i Social","description":"","potentialAction":[{"@type":"SearchAction","target":{"@type":"EntryPoint","urlTemplate":"https:\/\/ticsalutsocial.atoom.space\/es\/?s={search_term_string}"},"query-input":{"@type":"PropertyValueSpecification","valueRequired":true,"valueName":"search_term_string"}}],"inLanguage":"es"}]}},"_links":{"self":[{"href":"https:\/\/ticsalutsocial.atoom.space\/es\/wp-json\/wp\/v2\/noticia\/4486","targetHints":{"allow":["GET"]}}],"collection":[{"href":"https:\/\/ticsalutsocial.atoom.space\/es\/wp-json\/wp\/v2\/noticia"}],"about":[{"href":"https:\/\/ticsalutsocial.atoom.space\/es\/wp-json\/wp\/v2\/types\/noticia"}],"author":[{"embeddable":true,"href":"https:\/\/ticsalutsocial.atoom.space\/es\/wp-json\/wp\/v2\/users\/21"}],"wp:featuredmedia":[{"embeddable":true,"href":"https:\/\/ticsalutsocial.atoom.space\/es\/wp-json\/wp\/v2\/media\/4483"}],"wp:attachment":[{"href":"https:\/\/ticsalutsocial.atoom.space\/es\/wp-json\/wp\/v2\/media?parent=4486"}],"wp:term":[{"taxonomy":"etiqueta","embeddable":true,"href":"https:\/\/ticsalutsocial.atoom.space\/es\/wp-json\/wp\/v2\/etiqueta?post=4486"},{"taxonomy":"tipus","embeddable":true,"href":"https:\/\/ticsalutsocial.atoom.space\/es\/wp-json\/wp\/v2\/tipus?post=4486"},{"taxonomy":"topic","embeddable":true,"href":"https:\/\/ticsalutsocial.atoom.space\/es\/wp-json\/wp\/v2\/topic?post=4486"}],"curies":[{"name":"wp","href":"https:\/\/api.w.org\/{rel}","templated":true}]}}