
{"id":4492,"date":"2020-05-04T10:38:07","date_gmt":"2020-05-04T08:38:07","guid":{"rendered":"https:\/\/ticsalutsocial.atoom.space\/?post_type=noticia&#038;p=4492"},"modified":"2021-07-21T15:47:00","modified_gmt":"2021-07-21T13:47:00","slug":"telemedicina-en-tiempo-de-la-covid-19-un-antes-y-un-despues-en-el-modelo-de-atencion-primaria-del-sistema-publico-de-salud-en-cataluna","status":"publish","type":"noticia","link":"https:\/\/ticsalutsocial.atoom.space\/es\/noticia\/telemedicina-en-tiempo-de-la-covid-19-un-antes-y-un-despues-en-el-modelo-de-atencion-primaria-del-sistema-publico-de-salud-en-cataluna\/","title":{"rendered":"Telemedicina en tiempo de la COVID-19: un antes y un despu\u00e9s en el modelo de atenci\u00f3n primaria del Sistema P\u00fablico de Salud en Catalu\u00f1a"},"content":{"rendered":"<p>La eConsulta es un servicio de teleconsulta as\u00edncrona integrado en el eCAP, el programa de Historia Cl\u00ednica informatizada mayoritario de la atenci\u00f3n primaria del Sistema P\u00fablico de Salud de Catalu\u00f1a. Se comenz\u00f3 a desarrollar durante 2015 hasta que el 2017 qued\u00f3 implementado en todos los Equipos de Atenci\u00f3n Primaria (EAP) del territorio <em>[1]<\/em>: a d\u00eda de hoy, permite complementar la atenci\u00f3n presencial de medicina familiar, pediatr\u00eda, ginec\u00f3log\u00eda, comadronas y enfermeras. Es uno de los servicios disponibles en la carpeta personal de salud \u00abLa Meva Salut\u00bb (LMS), herramienta que desde el a\u00f1o 2009 sirve para que la ciudadan\u00eda acceda a ciertos aspectos de su informaci\u00f3n de salud, haga consultas y realice tr\u00e1mites administrativos, entre otros. En este espacio, en el que se accede mediante una autenticaci\u00f3n segura, la interfaz de la eConsulta permite elegir a qu\u00e9 profesional dirigir la consulta y adjuntar archivos, todo guardando un registro de las interacciones previas. Desde su despliegue, el uso de ambas herramientas, eConsulta y LMS, ha ido creciendo de manera sostenida y han sido el eje de la transformaci\u00f3n digital de la atenci\u00f3n primaria del sistema p\u00fablico de salud durante la \u00faltima d\u00e9cada <em>[2]<\/em>.<\/p>\n<blockquote><p><strong>La eConsulta y LMS han sido el eje de la transformaci\u00f3n digital de la atenci\u00f3n primaria del sistema p\u00fablico de salud durante la \u00faltima d\u00e9cada.<\/strong><\/p><\/blockquote>\n<p>Al igual que sus hom\u00f3logos estatales y europeos, la declaraci\u00f3n del estado de alarma ha obligado al sistema sanitario catal\u00e1n a acelerar la transformaci\u00f3n digital de sus centros <em>[3]<\/em>: el confinamiento marcado por el Gobierno y el riesgo de contagio inherente a las visitas presenciales han alterado radicalmente la actividad y el modelo de prestaci\u00f3n de la asistencia primaria reorientando ella hacia la atenci\u00f3n telem\u00e1tica (tel\u00e9fono, teleconsulta y videoconferencia) tanto de los pacientes afectados por la COVID19 como del resto. A continuaci\u00f3n se mencionan algunas de las medidas tomadas y resultados ya claramente visibles.<\/p>\n<p>En primer lugar, se han impulsado mejoras en el acceso a los servicios ya existentes: <strong>se ha activado el uso del eConsulta a la totalidad de profesionales asistenciales<\/strong> (llegando a igualar en n\u00famero las visitas presenciales) y <strong>se ha activado la acreditaci\u00f3n no presencial a LMS<\/strong> (v\u00eda telef\u00f3nica y utilizando una autenticaci\u00f3n por SMS), <strong>triplicando el ritmo de ciudadanos dados de alta y superando el medio mill\u00f3n de accesos en el \u00faltimo mes<\/strong>. A ra\u00edz de estas medidas, el n\u00famero de eConsulta diarias <strong>durante el primer mes de confinamiento se ha multiplicado por cinco<\/strong>, en relaci\u00f3n al mes anterior, acelerando el ritmo de crecimiento de una herramienta que ya crec\u00eda de forma muy significativa antes de la crisis y que va camino ya registrar un mill\u00f3n de casos desde su despliegue. <strong>El crecimiento m\u00e1s significativo, sin embargo, es el de las visitas telef\u00f3nicas, que han sido las que en volumen han transformado el modelo de atenci\u00f3n hacia la no presencialidad<\/strong>. La llamada social a evitar los desplazamientos a los EAP y la facilidad de uso de esta herramienta ha hecho que el tel\u00e9fono absorba la mayor\u00eda de visitas que antes se hac\u00edan in situ.<\/p>\n<blockquote><p><strong>El n\u00famero de eConsulta diarias durante el primer mes de confinamiento se ha multiplicado por cinco, en relaci\u00f3n al mes anterior.<\/strong><\/p><\/blockquote>\n<p>En segundo lugar, se han aumentado las funcionalidades de los servicios, por ejemplo, facilitando el env\u00edo telem\u00e1tico de registros de incapacidad temporal (m\u00e1s de cien mil en tres semanas) y planes de medicaci\u00f3n. Finalmente, se han desplegado nuevas herramientas como el acceso a los sistemas de informaci\u00f3n de los profesionales sanitarios de manera remota y la videoconsulta (servicio muy bien recibido tanto por los profesionales como por los pacientes). La crisis sanitaria ha sido un catalizador para todos estos servicios, que se est\u00e1n mostrando imprescindibles en cualquier sistema sanitario moderno.<\/p>\n<div id=\"attachment_22857\" style=\"width: 710px\" class=\"wp-caption aligncenter\"><img loading=\"lazy\" decoding=\"async\" aria-describedby=\"caption-attachment-22857\" class=\"wp-image-22857 size-large\" src=\"https:\/\/ticsalutsocial.atoom.space\/wp-content\/uploads\/2020\/05\/imagen1-700x640-1.jpg\" alt=\"\" width=\"700\" height=\"640\" \/><p id=\"caption-attachment-22857\" class=\"wp-caption-text\">Visitas diarias, por tipo, antes y despu\u00e9s del inicio de la pandemia. 9T: Visitas telef\u00f3nicas; 9C: Visitas presenciales; 9Ec: eConsultas FUENTE: SISAP<\/p><\/div>\n<p>#TotAnir\u00e0B\u00e9 y la pandemia COVID19 habr\u00e1 demostrado, por un lado, la resiliencia del sistema p\u00fablico catal\u00e1n de salud en la readaptaci\u00f3n, en tiempo r\u00e9cord, de un modelo de salud digital con capacidad de respuesta ante una emergencia sanitaria y, por otro parte, la bondad de los servicios de atenci\u00f3n no presencial, especialmente efectivos en caso de emergencia, que han transformado el modelo de relaci\u00f3n entre el profesional y paciente. Cuando todo haya terminado, habr\u00e1 que analizar con perspectiva y de una manera m\u00e1s sosegada como las herramientas desplegadas durante esta etapa, llena de aprendizajes, vale la pena consolidar. Ahora y entonces, reiteraremos nuestro reconocimiento a los profesionales sanitarios que lo han hecho posible.<\/p>\n<p><strong>REFERENCIAS\u00a0<\/strong><\/p>\n<p><span data-ccp-props=\"{&quot;201341983&quot;:0,&quot;335559740&quot;:276}\">\u00a0<\/span><i><span data-contrast=\"auto\">[1]\u00a0<\/span><\/i><i><span data-contrast=\"auto\">Solans Fern\u00e1ndez O, Lopez Segu\u00ed F, Vidal-Alaball J, Bonet Simo JM, Hernandez Vian O, Roig Cabo P, Carrasco Hernandez M, Olmos Dominguez C, Alzaga Reig X, D\u00edaz Rodr\u00edguez Y, Medina Peralta M, Hermosilla E, Mart\u00ednez Le\u00f3n N, Gimferrer N, Abizanda Gonz\u00e1lez M, Garc\u00eda Cuy\u00e0s F, P\u00e9rez Sust P. Primary Care Doctor Characteristics That Determine the Use of Teleconsultations in the Catalan Public Health System: Retrospective Descriptive Cross-Sectional Study. JMIR Med Inform\u00a0<\/span><\/i><i><span data-contrast=\"auto\">(<\/span><\/i><i><span data-contrast=\"auto\">2020<\/span><\/i><i><span data-contrast=\"auto\">)<\/span><\/i><i><span data-contrast=\"auto\">.<\/span><\/i><span data-ccp-props=\"{&quot;201341983&quot;:0,&quot;335551550&quot;:6,&quot;335551620&quot;:6,&quot;335559740&quot;:276}\">\u00a0<\/span><\/p>\n<p><span data-ccp-props=\"{&quot;201341983&quot;:0,&quot;335551550&quot;:6,&quot;335551620&quot;:6,&quot;335559740&quot;:276}\">\u00a0<\/span><i><span data-contrast=\"auto\">[2] L\u00f3pez Segu\u00ed F,\u00a0Walsh\u00a0S, Solans O,\u00a0Adroher\u00a0Mas C,\u00a0Ferraro\u00a0G, Garc\u00eda-Alt\u00e9s A, Garc\u00eda\u00a0Cuy\u00e0s\u00a0F, Salvador Carulla L, Vidal-Alaball\u00a0J.\u00a0Teleconsultation\u00a0Between\u00a0Patients\u00a0and\u00a0Healthcare\u00a0Professionals in\u00a0the\u00a0Catalan\u00a0Primary\u00a0Care\u00a0Service:\u00a0Descriptive\u00a0Analysis\u00a0through\u00a0Message\u00a0Annotation\u00a0in a\u00a0Retrospective\u00a0Cross-Sectional\u00a0Study. JMIR\u00a0Preprints. (2020)<\/span><\/i><i><span data-contrast=\"auto\">.<\/span><\/i><span data-ccp-props=\"{&quot;201341983&quot;:0,&quot;335551550&quot;:6,&quot;335551620&quot;:6,&quot;335559740&quot;:276}\">\u00a0<\/span><\/p>\n<p><i><span data-contrast=\"none\">[3]\u00a0Mehrotra,\u00a0Ateev, et al. \u00abRapidly\u00a0Converting\u00a0to \u201cVirtual\u00a0Practices\u201d:\u00a0Outpatient\u00a0Care\u00a0in\u00a0the\u00a0Era of Covid-19.\u00bb NEJM\u00a0Catalyst\u00a0Innovations\u00a0in\u00a0Care\u00a0Delivery\u00a01.2 (2020).<\/span><\/i><span data-ccp-props=\"{&quot;201341983&quot;:0,&quot;335559740&quot;:276}\">\u00a0<\/span><\/p>\n","protected":false},"author":21,"featured_media":4489,"menu_order":0,"template":"","meta":{"_acf_changed":false,"inline_featured_image":false},"etiqueta":[],"tipus":[],"topic":[130],"class_list":["post-4492","noticia","type-noticia","status-publish","has-post-thumbnail","hentry","topic-la-fundacion"],"acf":{"imatge":4491,"autor":"Oscar Solans"},"yoast_head":"<!-- This site is optimized with the Yoast SEO plugin v27.1.1 - https:\/\/yoast.com\/product\/yoast-seo-wordpress\/ -->\n<title>Telemedicina en tiempo de la COVID-19: un antes y un despu\u00e9s en el modelo de atenci\u00f3n primaria del Sistema P\u00fablico de Salud en Catalu\u00f1a - Fundaci\u00f3 TIC Salut i Social<\/title>\n<meta name=\"robots\" content=\"index, follow, max-snippet:-1, max-image-preview:large, max-video-preview:-1\" \/>\n<link rel=\"canonical\" href=\"https:\/\/ticsalutsocial.atoom.space\/es\/noticia\/telemedicina-en-tiempo-de-la-covid-19-un-antes-y-un-despues-en-el-modelo-de-atencion-primaria-del-sistema-publico-de-salud-en-cataluna\/\" \/>\n<meta property=\"og:locale\" content=\"es_ES\" \/>\n<meta property=\"og:type\" content=\"article\" \/>\n<meta property=\"og:title\" content=\"Telemedicina en tiempo de la COVID-19: un antes y un despu\u00e9s en el modelo de atenci\u00f3n primaria del Sistema P\u00fablico de Salud en Catalu\u00f1a - Fundaci\u00f3 TIC Salut i Social\" \/>\n<meta property=\"og:description\" content=\"La eConsulta es un servicio de teleconsulta as\u00edncrona integrado en el eCAP, el programa de Historia Cl\u00ednica informatizada mayoritario de la atenci\u00f3n primaria del Sistema P\u00fablico de Salud de Catalu\u00f1a. Se comenz\u00f3 a desarrollar durante 2015 hasta que el 2017 qued\u00f3 implementado en todos los Equipos de Atenci\u00f3n Primaria (EAP) del territorio [1]: a d\u00eda [&hellip;]\" \/>\n<meta property=\"og:url\" content=\"https:\/\/ticsalutsocial.atoom.space\/es\/noticia\/telemedicina-en-tiempo-de-la-covid-19-un-antes-y-un-despues-en-el-modelo-de-atencion-primaria-del-sistema-publico-de-salud-en-cataluna\/\" \/>\n<meta property=\"og:site_name\" content=\"Fundaci\u00f3 TIC Salut i Social\" \/>\n<meta property=\"article:modified_time\" content=\"2021-07-21T13:47:00+00:00\" \/>\n<meta property=\"og:image\" content=\"https:\/\/ticsalutsocial.atoom.space\/wp-content\/uploads\/2020\/05\/photo-1585718230596-412f26a829a4.jpg\" \/>\n\t<meta property=\"og:image:width\" content=\"750\" \/>\n\t<meta property=\"og:image:height\" content=\"500\" \/>\n\t<meta property=\"og:image:type\" content=\"image\/jpeg\" \/>\n<meta name=\"twitter:card\" content=\"summary_large_image\" \/>\n<meta name=\"twitter:label1\" content=\"Tiempo de lectura\" \/>\n\t<meta name=\"twitter:data1\" content=\"5 minutos\" \/>\n<script type=\"application\/ld+json\" class=\"yoast-schema-graph\">{\"@context\":\"https:\/\/schema.org\",\"@graph\":[{\"@type\":\"WebPage\",\"@id\":\"https:\/\/ticsalutsocial.atoom.space\/es\/noticia\/telemedicina-en-tiempo-de-la-covid-19-un-antes-y-un-despues-en-el-modelo-de-atencion-primaria-del-sistema-publico-de-salud-en-cataluna\/\",\"url\":\"https:\/\/ticsalutsocial.atoom.space\/es\/noticia\/telemedicina-en-tiempo-de-la-covid-19-un-antes-y-un-despues-en-el-modelo-de-atencion-primaria-del-sistema-publico-de-salud-en-cataluna\/\",\"name\":\"Telemedicina en tiempo de la COVID-19: un antes y un despu\u00e9s en el modelo de atenci\u00f3n primaria del Sistema P\u00fablico de Salud en Catalu\u00f1a - Fundaci\u00f3 TIC Salut i Social\",\"isPartOf\":{\"@id\":\"https:\/\/ticsalutsocial.atoom.space\/es\/#website\"},\"primaryImageOfPage\":{\"@id\":\"https:\/\/ticsalutsocial.atoom.space\/es\/noticia\/telemedicina-en-tiempo-de-la-covid-19-un-antes-y-un-despues-en-el-modelo-de-atencion-primaria-del-sistema-publico-de-salud-en-cataluna\/#primaryimage\"},\"image\":{\"@id\":\"https:\/\/ticsalutsocial.atoom.space\/es\/noticia\/telemedicina-en-tiempo-de-la-covid-19-un-antes-y-un-despues-en-el-modelo-de-atencion-primaria-del-sistema-publico-de-salud-en-cataluna\/#primaryimage\"},\"thumbnailUrl\":\"https:\/\/ticsalutsocial.atoom.space\/wp-content\/uploads\/2020\/05\/photo-1585718230596-412f26a829a4.jpg\",\"datePublished\":\"2020-05-04T08:38:07+00:00\",\"dateModified\":\"2021-07-21T13:47:00+00:00\",\"breadcrumb\":{\"@id\":\"https:\/\/ticsalutsocial.atoom.space\/es\/noticia\/telemedicina-en-tiempo-de-la-covid-19-un-antes-y-un-despues-en-el-modelo-de-atencion-primaria-del-sistema-publico-de-salud-en-cataluna\/#breadcrumb\"},\"inLanguage\":\"es\",\"potentialAction\":[{\"@type\":\"ReadAction\",\"target\":[\"https:\/\/ticsalutsocial.atoom.space\/es\/noticia\/telemedicina-en-tiempo-de-la-covid-19-un-antes-y-un-despues-en-el-modelo-de-atencion-primaria-del-sistema-publico-de-salud-en-cataluna\/\"]}]},{\"@type\":\"ImageObject\",\"inLanguage\":\"es\",\"@id\":\"https:\/\/ticsalutsocial.atoom.space\/es\/noticia\/telemedicina-en-tiempo-de-la-covid-19-un-antes-y-un-despues-en-el-modelo-de-atencion-primaria-del-sistema-publico-de-salud-en-cataluna\/#primaryimage\",\"url\":\"https:\/\/ticsalutsocial.atoom.space\/wp-content\/uploads\/2020\/05\/photo-1585718230596-412f26a829a4.jpg\",\"contentUrl\":\"https:\/\/ticsalutsocial.atoom.space\/wp-content\/uploads\/2020\/05\/photo-1585718230596-412f26a829a4.jpg\",\"width\":750,\"height\":500},{\"@type\":\"BreadcrumbList\",\"@id\":\"https:\/\/ticsalutsocial.atoom.space\/es\/noticia\/telemedicina-en-tiempo-de-la-covid-19-un-antes-y-un-despues-en-el-modelo-de-atencion-primaria-del-sistema-publico-de-salud-en-cataluna\/#breadcrumb\",\"itemListElement\":[{\"@type\":\"ListItem\",\"position\":1,\"name\":\"Inici\",\"item\":\"https:\/\/ticsalutsocial.atoom.space\/es\/\"},{\"@type\":\"ListItem\",\"position\":2,\"name\":\"Telemedicina en tiempo de la COVID-19: un antes y un despu\u00e9s en el modelo de atenci\u00f3n primaria del Sistema P\u00fablico de Salud en Catalu\u00f1a\"}]},{\"@type\":\"WebSite\",\"@id\":\"https:\/\/ticsalutsocial.atoom.space\/es\/#website\",\"url\":\"https:\/\/ticsalutsocial.atoom.space\/es\/\",\"name\":\"Fundaci\u00f3 TIC Salut i Social\",\"description\":\"\",\"potentialAction\":[{\"@type\":\"SearchAction\",\"target\":{\"@type\":\"EntryPoint\",\"urlTemplate\":\"https:\/\/ticsalutsocial.atoom.space\/es\/?s={search_term_string}\"},\"query-input\":{\"@type\":\"PropertyValueSpecification\",\"valueRequired\":true,\"valueName\":\"search_term_string\"}}],\"inLanguage\":\"es\"}]}<\/script>\n<!-- \/ Yoast SEO plugin. -->","yoast_head_json":{"title":"Telemedicina en tiempo de la COVID-19: un antes y un despu\u00e9s en el modelo de atenci\u00f3n primaria del Sistema P\u00fablico de Salud en Catalu\u00f1a - Fundaci\u00f3 TIC Salut i Social","robots":{"index":"index","follow":"follow","max-snippet":"max-snippet:-1","max-image-preview":"max-image-preview:large","max-video-preview":"max-video-preview:-1"},"canonical":"https:\/\/ticsalutsocial.atoom.space\/es\/noticia\/telemedicina-en-tiempo-de-la-covid-19-un-antes-y-un-despues-en-el-modelo-de-atencion-primaria-del-sistema-publico-de-salud-en-cataluna\/","og_locale":"es_ES","og_type":"article","og_title":"Telemedicina en tiempo de la COVID-19: un antes y un despu\u00e9s en el modelo de atenci\u00f3n primaria del Sistema P\u00fablico de Salud en Catalu\u00f1a - Fundaci\u00f3 TIC Salut i Social","og_description":"La eConsulta es un servicio de teleconsulta as\u00edncrona integrado en el eCAP, el programa de Historia Cl\u00ednica informatizada mayoritario de la atenci\u00f3n primaria del Sistema P\u00fablico de Salud de Catalu\u00f1a. Se comenz\u00f3 a desarrollar durante 2015 hasta que el 2017 qued\u00f3 implementado en todos los Equipos de Atenci\u00f3n Primaria (EAP) del territorio [1]: a d\u00eda [&hellip;]","og_url":"https:\/\/ticsalutsocial.atoom.space\/es\/noticia\/telemedicina-en-tiempo-de-la-covid-19-un-antes-y-un-despues-en-el-modelo-de-atencion-primaria-del-sistema-publico-de-salud-en-cataluna\/","og_site_name":"Fundaci\u00f3 TIC Salut i Social","article_modified_time":"2021-07-21T13:47:00+00:00","og_image":[{"width":750,"height":500,"url":"https:\/\/ticsalutsocial.atoom.space\/wp-content\/uploads\/2020\/05\/photo-1585718230596-412f26a829a4.jpg","type":"image\/jpeg"}],"twitter_card":"summary_large_image","twitter_misc":{"Tiempo de lectura":"5 minutos"},"schema":{"@context":"https:\/\/schema.org","@graph":[{"@type":"WebPage","@id":"https:\/\/ticsalutsocial.atoom.space\/es\/noticia\/telemedicina-en-tiempo-de-la-covid-19-un-antes-y-un-despues-en-el-modelo-de-atencion-primaria-del-sistema-publico-de-salud-en-cataluna\/","url":"https:\/\/ticsalutsocial.atoom.space\/es\/noticia\/telemedicina-en-tiempo-de-la-covid-19-un-antes-y-un-despues-en-el-modelo-de-atencion-primaria-del-sistema-publico-de-salud-en-cataluna\/","name":"Telemedicina en tiempo de la COVID-19: un antes y un despu\u00e9s en el modelo de atenci\u00f3n primaria del Sistema P\u00fablico de Salud en Catalu\u00f1a - Fundaci\u00f3 TIC Salut i Social","isPartOf":{"@id":"https:\/\/ticsalutsocial.atoom.space\/es\/#website"},"primaryImageOfPage":{"@id":"https:\/\/ticsalutsocial.atoom.space\/es\/noticia\/telemedicina-en-tiempo-de-la-covid-19-un-antes-y-un-despues-en-el-modelo-de-atencion-primaria-del-sistema-publico-de-salud-en-cataluna\/#primaryimage"},"image":{"@id":"https:\/\/ticsalutsocial.atoom.space\/es\/noticia\/telemedicina-en-tiempo-de-la-covid-19-un-antes-y-un-despues-en-el-modelo-de-atencion-primaria-del-sistema-publico-de-salud-en-cataluna\/#primaryimage"},"thumbnailUrl":"https:\/\/ticsalutsocial.atoom.space\/wp-content\/uploads\/2020\/05\/photo-1585718230596-412f26a829a4.jpg","datePublished":"2020-05-04T08:38:07+00:00","dateModified":"2021-07-21T13:47:00+00:00","breadcrumb":{"@id":"https:\/\/ticsalutsocial.atoom.space\/es\/noticia\/telemedicina-en-tiempo-de-la-covid-19-un-antes-y-un-despues-en-el-modelo-de-atencion-primaria-del-sistema-publico-de-salud-en-cataluna\/#breadcrumb"},"inLanguage":"es","potentialAction":[{"@type":"ReadAction","target":["https:\/\/ticsalutsocial.atoom.space\/es\/noticia\/telemedicina-en-tiempo-de-la-covid-19-un-antes-y-un-despues-en-el-modelo-de-atencion-primaria-del-sistema-publico-de-salud-en-cataluna\/"]}]},{"@type":"ImageObject","inLanguage":"es","@id":"https:\/\/ticsalutsocial.atoom.space\/es\/noticia\/telemedicina-en-tiempo-de-la-covid-19-un-antes-y-un-despues-en-el-modelo-de-atencion-primaria-del-sistema-publico-de-salud-en-cataluna\/#primaryimage","url":"https:\/\/ticsalutsocial.atoom.space\/wp-content\/uploads\/2020\/05\/photo-1585718230596-412f26a829a4.jpg","contentUrl":"https:\/\/ticsalutsocial.atoom.space\/wp-content\/uploads\/2020\/05\/photo-1585718230596-412f26a829a4.jpg","width":750,"height":500},{"@type":"BreadcrumbList","@id":"https:\/\/ticsalutsocial.atoom.space\/es\/noticia\/telemedicina-en-tiempo-de-la-covid-19-un-antes-y-un-despues-en-el-modelo-de-atencion-primaria-del-sistema-publico-de-salud-en-cataluna\/#breadcrumb","itemListElement":[{"@type":"ListItem","position":1,"name":"Inici","item":"https:\/\/ticsalutsocial.atoom.space\/es\/"},{"@type":"ListItem","position":2,"name":"Telemedicina en tiempo de la COVID-19: un antes y un despu\u00e9s en el modelo de atenci\u00f3n primaria del Sistema P\u00fablico de Salud en Catalu\u00f1a"}]},{"@type":"WebSite","@id":"https:\/\/ticsalutsocial.atoom.space\/es\/#website","url":"https:\/\/ticsalutsocial.atoom.space\/es\/","name":"Fundaci\u00f3 TIC Salut i Social","description":"","potentialAction":[{"@type":"SearchAction","target":{"@type":"EntryPoint","urlTemplate":"https:\/\/ticsalutsocial.atoom.space\/es\/?s={search_term_string}"},"query-input":{"@type":"PropertyValueSpecification","valueRequired":true,"valueName":"search_term_string"}}],"inLanguage":"es"}]}},"_links":{"self":[{"href":"https:\/\/ticsalutsocial.atoom.space\/es\/wp-json\/wp\/v2\/noticia\/4492","targetHints":{"allow":["GET"]}}],"collection":[{"href":"https:\/\/ticsalutsocial.atoom.space\/es\/wp-json\/wp\/v2\/noticia"}],"about":[{"href":"https:\/\/ticsalutsocial.atoom.space\/es\/wp-json\/wp\/v2\/types\/noticia"}],"author":[{"embeddable":true,"href":"https:\/\/ticsalutsocial.atoom.space\/es\/wp-json\/wp\/v2\/users\/21"}],"wp:featuredmedia":[{"embeddable":true,"href":"https:\/\/ticsalutsocial.atoom.space\/es\/wp-json\/wp\/v2\/media\/4489"}],"wp:attachment":[{"href":"https:\/\/ticsalutsocial.atoom.space\/es\/wp-json\/wp\/v2\/media?parent=4492"}],"wp:term":[{"taxonomy":"etiqueta","embeddable":true,"href":"https:\/\/ticsalutsocial.atoom.space\/es\/wp-json\/wp\/v2\/etiqueta?post=4492"},{"taxonomy":"tipus","embeddable":true,"href":"https:\/\/ticsalutsocial.atoom.space\/es\/wp-json\/wp\/v2\/tipus?post=4492"},{"taxonomy":"topic","embeddable":true,"href":"https:\/\/ticsalutsocial.atoom.space\/es\/wp-json\/wp\/v2\/topic?post=4492"}],"curies":[{"name":"wp","href":"https:\/\/api.w.org\/{rel}","templated":true}]}}