
{"id":4498,"date":"2020-05-07T11:53:38","date_gmt":"2020-05-07T09:53:38","guid":{"rendered":"https:\/\/ticsalutsocial.atoom.space\/?post_type=noticia&#038;p=4498"},"modified":"2021-07-21T15:47:03","modified_gmt":"2021-07-21T13:47:03","slug":"la-fundacio-tic-salut-social-favorece-el-impulso-de-la-ia-en-cataluna-a-traves-del-proyecto-europeo-incisive","status":"publish","type":"noticia","link":"https:\/\/ticsalutsocial.atoom.space\/es\/noticia\/la-fundacio-tic-salut-social-favorece-el-impulso-de-la-ia-en-cataluna-a-traves-del-proyecto-europeo-incisive\/","title":{"rendered":"La Fundaci\u00f3 TIC Salut Social favorece el impulso de la IA en Catalu\u00f1a a trav\u00e9s del proyecto europeo INCISIVE"},"content":{"rendered":"<p>El incremento de la cantidad y la disponibilidad de datos (en este caso imagen m\u00e9dica en oncolog\u00eda) y el desarrollo de nuevas herramientas tecnol\u00f3gicas basadas en Inteligencia Artificial (AI) y Machine Learning (ML) ofrecen unas oportunidades sin precedentes para la mejora de la detecci\u00f3n y clasificaci\u00f3n del c\u00e1ncer, optimizaci\u00f3n de las im\u00e1genes, reducci\u00f3n de la radiaci\u00f3n y la mejora de la asistencia cl\u00ednica.<\/p>\n<p>La Fundaci\u00f3 TIC Salut Social, como entidad responsable del Programa de Promoci\u00f3n y Desarrollo de Inteligencia Artificial al Sistema de Salud P\u00fablica -que tiene como objetivo principal garantizar la equidad, transparencia y seguridad en la aplicaci\u00f3n de estas tecnolog\u00edas al sistema-, coordina el escenario del proyecto INCISIVE en Catalu\u00f1a, junto con el IDIBAPS, el BSC y Medtronic.<\/p>\n<blockquote><p><strong>El Programa de Promoci\u00f3n y Desarrollo de Inteligencia Artificial al Sistema de Salud P\u00fablica tiene como objetivo principal garantizar la equidad, transparencia y seguridad en la aplicaci\u00f3n de estas tecnolog\u00edas en el sistema.<\/strong><\/p><\/blockquote>\n<p>El proyecto INCISIVE pretende dar respuesta a tres grandes retos a la hora de explorar el potencial de las soluciones de IA en imagen m\u00e9dica en oncolog\u00eda:<\/p>\n<ol>\n<li>Retos de la IA en imagen m\u00e9dica<\/li>\n<li>Etiquetado y anotaciones de las im\u00e1genes<\/li>\n<li>Disponibilidad y compartici\u00f3n de datos.<\/li>\n<\/ol>\n<p>En este sentido, INCISIVE desarrollar\u00e1 y validar\u00e1: (1) Una toolbox basada en IA para mejorar la precisi\u00f3n, especificidad, sensibilidad, interoperabilidad y coste-efectividad de m\u00e9todos de imagen por el c\u00e1ncer; (2) un sistema de anotaci\u00f3n autom\u00e1tica basada en ML para producir datos para el entrenamiento de algoritmos para la b\u00fasqueda en ML y (3) establecer las bases para la creaci\u00f3n de un repositorio de im\u00e1genes federado pan- Europeo que permita la donaci\u00f3n y compartici\u00f3n de datos (en cumplimiento con las obligaciones legales, \u00e9ticas, de privacidad y de seguridad) para la experimentaci\u00f3n de soluciones basadas en IA.<\/p>\n<p>Dentro del proyecto, TIC Salut Social participar\u00e1 en las siguientes actividades:<\/p>\n<ul>\n<li>Definici\u00f3n de los requerimientos de usuario y de dise\u00f1o del sistema: participaci\u00f3n en el an\u00e1lisis de las herramientas de IA actuales existentes relativas a imagen m\u00e9dica por c\u00e1ncer y la creaci\u00f3n de la hoja de ruta para definir los requerimientos de sistema.<\/li>\n<li>Participaci\u00f3n en las tareas de desarrollo de la plataforma e integraci\u00f3n de fecha sources, y liderando la tarea de acciones de estandarizaci\u00f3n.<\/li>\n<li>Participaci\u00f3n en el desarrollo del toolbox de AI, modelos de entrenamiento e interacci\u00f3n de usuario, y liderando la tarea de interoperabilidad.<\/li>\n<li>Participaci\u00f3n en las tareas de creaci\u00f3n del repositorio de im\u00e1genes pan-europeo.<\/li>\n<li>Participaci\u00f3n en las tareas del plan de desarrollo y sostenibilidad.<\/li>\n<\/ul>\n<p>El proyecto INCISIVE est\u00e1 enmarcado dentro del t\u00f3pico DT-TDS-05-2020 AI for medical imaging del Horizonte 2020 y recibir\u00e1 un finan\u00e7ement total de entorno 10M de euros, de los que 1.8M ir\u00e1n destinados a Catalu\u00f1a.<\/p>\n","protected":false},"author":21,"featured_media":4495,"menu_order":0,"template":"","meta":{"_acf_changed":false,"inline_featured_image":false},"etiqueta":[],"tipus":[],"topic":[130],"class_list":["post-4498","noticia","type-noticia","status-publish","has-post-thumbnail","hentry","topic-la-fundacion"],"acf":{"imatge":4497,"autor":"Carla Alvarez"},"yoast_head":"<!-- This site is optimized with the Yoast SEO plugin v27.1.1 - https:\/\/yoast.com\/product\/yoast-seo-wordpress\/ -->\n<title>La Fundaci\u00f3 TIC Salut Social favorece el impulso de la IA en Catalu\u00f1a a trav\u00e9s del proyecto europeo INCISIVE - Fundaci\u00f3 TIC Salut i Social<\/title>\n<meta name=\"robots\" content=\"index, follow, max-snippet:-1, max-image-preview:large, max-video-preview:-1\" \/>\n<link rel=\"canonical\" href=\"https:\/\/ticsalutsocial.atoom.space\/es\/noticia\/la-fundacio-tic-salut-social-favorece-el-impulso-de-la-ia-en-cataluna-a-traves-del-proyecto-europeo-incisive\/\" \/>\n<meta property=\"og:locale\" content=\"es_ES\" \/>\n<meta property=\"og:type\" content=\"article\" \/>\n<meta property=\"og:title\" content=\"La Fundaci\u00f3 TIC Salut Social favorece el impulso de la IA en Catalu\u00f1a a trav\u00e9s del proyecto europeo INCISIVE - Fundaci\u00f3 TIC Salut i Social\" \/>\n<meta property=\"og:description\" content=\"El incremento de la cantidad y la disponibilidad de datos (en este caso imagen m\u00e9dica en oncolog\u00eda) y el desarrollo de nuevas herramientas tecnol\u00f3gicas basadas en Inteligencia Artificial (AI) y Machine Learning (ML) ofrecen unas oportunidades sin precedentes para la mejora de la detecci\u00f3n y clasificaci\u00f3n del c\u00e1ncer, optimizaci\u00f3n de las im\u00e1genes, reducci\u00f3n de la [&hellip;]\" \/>\n<meta property=\"og:url\" content=\"https:\/\/ticsalutsocial.atoom.space\/es\/noticia\/la-fundacio-tic-salut-social-favorece-el-impulso-de-la-ia-en-cataluna-a-traves-del-proyecto-europeo-incisive\/\" \/>\n<meta property=\"og:site_name\" content=\"Fundaci\u00f3 TIC Salut i Social\" \/>\n<meta property=\"article:modified_time\" content=\"2021-07-21T13:47:03+00:00\" \/>\n<meta property=\"og:image\" content=\"https:\/\/ticsalutsocial.atoom.space\/wp-content\/uploads\/2020\/05\/photo-1561557944-6e7860d1a7eb.jpg\" \/>\n\t<meta property=\"og:image:width\" content=\"334\" \/>\n\t<meta property=\"og:image:height\" content=\"501\" \/>\n\t<meta property=\"og:image:type\" content=\"image\/jpeg\" \/>\n<meta name=\"twitter:card\" content=\"summary_large_image\" \/>\n<meta name=\"twitter:label1\" content=\"Tiempo de lectura\" \/>\n\t<meta name=\"twitter:data1\" content=\"2 minutos\" \/>\n<script type=\"application\/ld+json\" class=\"yoast-schema-graph\">{\"@context\":\"https:\/\/schema.org\",\"@graph\":[{\"@type\":\"WebPage\",\"@id\":\"https:\/\/ticsalutsocial.atoom.space\/es\/noticia\/la-fundacio-tic-salut-social-favorece-el-impulso-de-la-ia-en-cataluna-a-traves-del-proyecto-europeo-incisive\/\",\"url\":\"https:\/\/ticsalutsocial.atoom.space\/es\/noticia\/la-fundacio-tic-salut-social-favorece-el-impulso-de-la-ia-en-cataluna-a-traves-del-proyecto-europeo-incisive\/\",\"name\":\"La Fundaci\u00f3 TIC Salut Social favorece el impulso de la IA en Catalu\u00f1a a trav\u00e9s del proyecto europeo INCISIVE - Fundaci\u00f3 TIC Salut i Social\",\"isPartOf\":{\"@id\":\"https:\/\/ticsalutsocial.atoom.space\/es\/#website\"},\"primaryImageOfPage\":{\"@id\":\"https:\/\/ticsalutsocial.atoom.space\/es\/noticia\/la-fundacio-tic-salut-social-favorece-el-impulso-de-la-ia-en-cataluna-a-traves-del-proyecto-europeo-incisive\/#primaryimage\"},\"image\":{\"@id\":\"https:\/\/ticsalutsocial.atoom.space\/es\/noticia\/la-fundacio-tic-salut-social-favorece-el-impulso-de-la-ia-en-cataluna-a-traves-del-proyecto-europeo-incisive\/#primaryimage\"},\"thumbnailUrl\":\"https:\/\/ticsalutsocial.atoom.space\/wp-content\/uploads\/2020\/05\/photo-1561557944-6e7860d1a7eb.jpg\",\"datePublished\":\"2020-05-07T09:53:38+00:00\",\"dateModified\":\"2021-07-21T13:47:03+00:00\",\"breadcrumb\":{\"@id\":\"https:\/\/ticsalutsocial.atoom.space\/es\/noticia\/la-fundacio-tic-salut-social-favorece-el-impulso-de-la-ia-en-cataluna-a-traves-del-proyecto-europeo-incisive\/#breadcrumb\"},\"inLanguage\":\"es\",\"potentialAction\":[{\"@type\":\"ReadAction\",\"target\":[\"https:\/\/ticsalutsocial.atoom.space\/es\/noticia\/la-fundacio-tic-salut-social-favorece-el-impulso-de-la-ia-en-cataluna-a-traves-del-proyecto-europeo-incisive\/\"]}]},{\"@type\":\"ImageObject\",\"inLanguage\":\"es\",\"@id\":\"https:\/\/ticsalutsocial.atoom.space\/es\/noticia\/la-fundacio-tic-salut-social-favorece-el-impulso-de-la-ia-en-cataluna-a-traves-del-proyecto-europeo-incisive\/#primaryimage\",\"url\":\"https:\/\/ticsalutsocial.atoom.space\/wp-content\/uploads\/2020\/05\/photo-1561557944-6e7860d1a7eb.jpg\",\"contentUrl\":\"https:\/\/ticsalutsocial.atoom.space\/wp-content\/uploads\/2020\/05\/photo-1561557944-6e7860d1a7eb.jpg\",\"width\":334,\"height\":501},{\"@type\":\"BreadcrumbList\",\"@id\":\"https:\/\/ticsalutsocial.atoom.space\/es\/noticia\/la-fundacio-tic-salut-social-favorece-el-impulso-de-la-ia-en-cataluna-a-traves-del-proyecto-europeo-incisive\/#breadcrumb\",\"itemListElement\":[{\"@type\":\"ListItem\",\"position\":1,\"name\":\"Inici\",\"item\":\"https:\/\/ticsalutsocial.atoom.space\/es\/\"},{\"@type\":\"ListItem\",\"position\":2,\"name\":\"La Fundaci\u00f3 TIC Salut Social favorece el impulso de la IA en Catalu\u00f1a a trav\u00e9s del proyecto europeo INCISIVE\"}]},{\"@type\":\"WebSite\",\"@id\":\"https:\/\/ticsalutsocial.atoom.space\/es\/#website\",\"url\":\"https:\/\/ticsalutsocial.atoom.space\/es\/\",\"name\":\"Fundaci\u00f3 TIC Salut i Social\",\"description\":\"\",\"potentialAction\":[{\"@type\":\"SearchAction\",\"target\":{\"@type\":\"EntryPoint\",\"urlTemplate\":\"https:\/\/ticsalutsocial.atoom.space\/es\/?s={search_term_string}\"},\"query-input\":{\"@type\":\"PropertyValueSpecification\",\"valueRequired\":true,\"valueName\":\"search_term_string\"}}],\"inLanguage\":\"es\"}]}<\/script>\n<!-- \/ Yoast SEO plugin. -->","yoast_head_json":{"title":"La Fundaci\u00f3 TIC Salut Social favorece el impulso de la IA en Catalu\u00f1a a trav\u00e9s del proyecto europeo INCISIVE - Fundaci\u00f3 TIC Salut i Social","robots":{"index":"index","follow":"follow","max-snippet":"max-snippet:-1","max-image-preview":"max-image-preview:large","max-video-preview":"max-video-preview:-1"},"canonical":"https:\/\/ticsalutsocial.atoom.space\/es\/noticia\/la-fundacio-tic-salut-social-favorece-el-impulso-de-la-ia-en-cataluna-a-traves-del-proyecto-europeo-incisive\/","og_locale":"es_ES","og_type":"article","og_title":"La Fundaci\u00f3 TIC Salut Social favorece el impulso de la IA en Catalu\u00f1a a trav\u00e9s del proyecto europeo INCISIVE - Fundaci\u00f3 TIC Salut i Social","og_description":"El incremento de la cantidad y la disponibilidad de datos (en este caso imagen m\u00e9dica en oncolog\u00eda) y el desarrollo de nuevas herramientas tecnol\u00f3gicas basadas en Inteligencia Artificial (AI) y Machine Learning (ML) ofrecen unas oportunidades sin precedentes para la mejora de la detecci\u00f3n y clasificaci\u00f3n del c\u00e1ncer, optimizaci\u00f3n de las im\u00e1genes, reducci\u00f3n de la [&hellip;]","og_url":"https:\/\/ticsalutsocial.atoom.space\/es\/noticia\/la-fundacio-tic-salut-social-favorece-el-impulso-de-la-ia-en-cataluna-a-traves-del-proyecto-europeo-incisive\/","og_site_name":"Fundaci\u00f3 TIC Salut i Social","article_modified_time":"2021-07-21T13:47:03+00:00","og_image":[{"width":334,"height":501,"url":"https:\/\/ticsalutsocial.atoom.space\/wp-content\/uploads\/2020\/05\/photo-1561557944-6e7860d1a7eb.jpg","type":"image\/jpeg"}],"twitter_card":"summary_large_image","twitter_misc":{"Tiempo de lectura":"2 minutos"},"schema":{"@context":"https:\/\/schema.org","@graph":[{"@type":"WebPage","@id":"https:\/\/ticsalutsocial.atoom.space\/es\/noticia\/la-fundacio-tic-salut-social-favorece-el-impulso-de-la-ia-en-cataluna-a-traves-del-proyecto-europeo-incisive\/","url":"https:\/\/ticsalutsocial.atoom.space\/es\/noticia\/la-fundacio-tic-salut-social-favorece-el-impulso-de-la-ia-en-cataluna-a-traves-del-proyecto-europeo-incisive\/","name":"La Fundaci\u00f3 TIC Salut Social favorece el impulso de la IA en Catalu\u00f1a a trav\u00e9s del proyecto europeo INCISIVE - Fundaci\u00f3 TIC Salut i Social","isPartOf":{"@id":"https:\/\/ticsalutsocial.atoom.space\/es\/#website"},"primaryImageOfPage":{"@id":"https:\/\/ticsalutsocial.atoom.space\/es\/noticia\/la-fundacio-tic-salut-social-favorece-el-impulso-de-la-ia-en-cataluna-a-traves-del-proyecto-europeo-incisive\/#primaryimage"},"image":{"@id":"https:\/\/ticsalutsocial.atoom.space\/es\/noticia\/la-fundacio-tic-salut-social-favorece-el-impulso-de-la-ia-en-cataluna-a-traves-del-proyecto-europeo-incisive\/#primaryimage"},"thumbnailUrl":"https:\/\/ticsalutsocial.atoom.space\/wp-content\/uploads\/2020\/05\/photo-1561557944-6e7860d1a7eb.jpg","datePublished":"2020-05-07T09:53:38+00:00","dateModified":"2021-07-21T13:47:03+00:00","breadcrumb":{"@id":"https:\/\/ticsalutsocial.atoom.space\/es\/noticia\/la-fundacio-tic-salut-social-favorece-el-impulso-de-la-ia-en-cataluna-a-traves-del-proyecto-europeo-incisive\/#breadcrumb"},"inLanguage":"es","potentialAction":[{"@type":"ReadAction","target":["https:\/\/ticsalutsocial.atoom.space\/es\/noticia\/la-fundacio-tic-salut-social-favorece-el-impulso-de-la-ia-en-cataluna-a-traves-del-proyecto-europeo-incisive\/"]}]},{"@type":"ImageObject","inLanguage":"es","@id":"https:\/\/ticsalutsocial.atoom.space\/es\/noticia\/la-fundacio-tic-salut-social-favorece-el-impulso-de-la-ia-en-cataluna-a-traves-del-proyecto-europeo-incisive\/#primaryimage","url":"https:\/\/ticsalutsocial.atoom.space\/wp-content\/uploads\/2020\/05\/photo-1561557944-6e7860d1a7eb.jpg","contentUrl":"https:\/\/ticsalutsocial.atoom.space\/wp-content\/uploads\/2020\/05\/photo-1561557944-6e7860d1a7eb.jpg","width":334,"height":501},{"@type":"BreadcrumbList","@id":"https:\/\/ticsalutsocial.atoom.space\/es\/noticia\/la-fundacio-tic-salut-social-favorece-el-impulso-de-la-ia-en-cataluna-a-traves-del-proyecto-europeo-incisive\/#breadcrumb","itemListElement":[{"@type":"ListItem","position":1,"name":"Inici","item":"https:\/\/ticsalutsocial.atoom.space\/es\/"},{"@type":"ListItem","position":2,"name":"La Fundaci\u00f3 TIC Salut Social favorece el impulso de la IA en Catalu\u00f1a a trav\u00e9s del proyecto europeo INCISIVE"}]},{"@type":"WebSite","@id":"https:\/\/ticsalutsocial.atoom.space\/es\/#website","url":"https:\/\/ticsalutsocial.atoom.space\/es\/","name":"Fundaci\u00f3 TIC Salut i Social","description":"","potentialAction":[{"@type":"SearchAction","target":{"@type":"EntryPoint","urlTemplate":"https:\/\/ticsalutsocial.atoom.space\/es\/?s={search_term_string}"},"query-input":{"@type":"PropertyValueSpecification","valueRequired":true,"valueName":"search_term_string"}}],"inLanguage":"es"}]}},"_links":{"self":[{"href":"https:\/\/ticsalutsocial.atoom.space\/es\/wp-json\/wp\/v2\/noticia\/4498","targetHints":{"allow":["GET"]}}],"collection":[{"href":"https:\/\/ticsalutsocial.atoom.space\/es\/wp-json\/wp\/v2\/noticia"}],"about":[{"href":"https:\/\/ticsalutsocial.atoom.space\/es\/wp-json\/wp\/v2\/types\/noticia"}],"author":[{"embeddable":true,"href":"https:\/\/ticsalutsocial.atoom.space\/es\/wp-json\/wp\/v2\/users\/21"}],"wp:featuredmedia":[{"embeddable":true,"href":"https:\/\/ticsalutsocial.atoom.space\/es\/wp-json\/wp\/v2\/media\/4495"}],"wp:attachment":[{"href":"https:\/\/ticsalutsocial.atoom.space\/es\/wp-json\/wp\/v2\/media?parent=4498"}],"wp:term":[{"taxonomy":"etiqueta","embeddable":true,"href":"https:\/\/ticsalutsocial.atoom.space\/es\/wp-json\/wp\/v2\/etiqueta?post=4498"},{"taxonomy":"tipus","embeddable":true,"href":"https:\/\/ticsalutsocial.atoom.space\/es\/wp-json\/wp\/v2\/tipus?post=4498"},{"taxonomy":"topic","embeddable":true,"href":"https:\/\/ticsalutsocial.atoom.space\/es\/wp-json\/wp\/v2\/topic?post=4498"}],"curies":[{"name":"wp","href":"https:\/\/api.w.org\/{rel}","templated":true}]}}