
{"id":4570,"date":"2020-06-30T16:36:06","date_gmt":"2020-06-30T14:36:06","guid":{"rendered":"https:\/\/ticsalutsocial.atoom.space\/?post_type=noticia&#038;p=4570"},"modified":"2021-07-21T15:47:43","modified_gmt":"2021-07-21T13:47:43","slug":"presentado-el-informe-de-realidad-virtual-en-salud","status":"publish","type":"noticia","link":"https:\/\/ticsalutsocial.atoom.space\/es\/noticia\/presentado-el-informe-de-realidad-virtual-en-salud\/","title":{"rendered":"Presentado el informe de realidad virtual en salud"},"content":{"rendered":"<p>Si nos centramos en tendencias, el mercado de la realidad virtual (RV), realidad aumentada (RA) y realidad mixta (RM) se ha visto incrementado de manera significativa en los \u00faltimos a\u00f1os. De hecho, en el \u00faltimo <a href=\"https:\/\/ticsalutsocial.atoom.space\/notes-de-premsa\/realitat-virtual-intelligencia-artificial-i-robotica-encapcalen-la-innovacio-en-el-sistema-de-salut-catala\/\">estudio del Mapa de Tendencias<\/a> organizado por la Fundaci\u00f3 TIC Salut Social, se detect\u00f3 que el 27% de los centros ya utilizaban la realidad virtual, y durante el a\u00f1o 2019 se recogieron m\u00e1s de cincuenta iniciativas en este \u00e1mbito.<\/p>\n<p>Fruto de esta evoluci\u00f3n, desde TIC Salut Social se impuls\u00f3 la creaci\u00f3n de un grupo de inter\u00e9s para abordar esta tecnolog\u00eda disruptiva en el entorno salud. El pasado mes de septiembre se organiz\u00f3 <a href=\"https:\/\/ticsalutsocial.atoom.space\/actualitat\/la-realitat-virtual-i-augmentada-en-salut-es-troba-per-debatre-sobre-el-futur\/\">el primer encuentro de este grupo de inter\u00e9s en realidad virtual,<\/a> que cont\u00f3 con la participaci\u00f3n de m\u00e1s de 20 actores del territorio. Durante los \u00faltimos meses, el grupo ha podido establecer las bases para impulsar un grupo de inter\u00e9s en las tecnolog\u00edas de este \u00e1mbito aplicadas a la salud.<\/p>\n<p><strong>Presentaci\u00f3n del informe con las conclusiones m\u00e1s destacadas<\/strong><\/p>\n<p><a href=\"https:\/\/ticsalutsocial.atoom.space\/agenda\/webinar-rv-i-salut-conclusions-de-linforme-en-rv-2020\/\">Hoy d\u00eda 30<\/a> se ha presentado <a href=\"https:\/\/ticsalutsocial.atoom.space\/wp-content\/uploads\/2020\/06\/af-informe-realitat-virtual_es_web.pdf\">el informe <\/a>que recoge las conclusiones m\u00e1s destacadas hasta el momento. Un informe, el cual se puede descargar en esta misma p\u00e1gina (en catal\u00e1n), que pretende ser un punto de partida sobre el estado actual de la realidad virtual en salud y que cuenta con una colecci\u00f3n de la evoluci\u00f3n hist\u00f3rica de esta tecnolog\u00eda, las diferentes definiciones y aplicaciones, as\u00ed como los dispositivos m\u00e1s utilizados. Compara las diferentes iniciativas internacionales y define pautas para impulsar proyectos de realidad virtual en centros de salud.<\/p>\n<blockquote><p>El informe nace con la voluntad de convertirse en un documento de consulta tanto para profesionales del \u00e1mbito TIC y salud como por el p\u00fablico en general<\/p><\/blockquote>\n<p>Del estudio se desprende que las especialidades m\u00e9dicas con m\u00e1s aplicaci\u00f3n de esta tecnolog\u00eda corresponden a rehabilitaci\u00f3n, ense\u00f1anza y formaci\u00f3n, tratamiento del dolor, cirug\u00eda, tratamiento de la visi\u00f3n, imagen 3D y salud mental y terapias. Tambi\u00e9n la necesidad de definir pautas para impulsar proyectos en este \u00e1mbito en los centros de salud, que tengan en cuenta las consideraciones y aspectos legales, \u00e9ticos y de seguridad entre otros.<\/p>\n<p>El informe nace con la voluntad de convertirse en un documento de consulta tanto para profesionales del \u00e1mbito TIC y salud como por el p\u00fablico en general y ha contado con la colaboraci\u00f3n de:<\/p>\n<ul>\n<li>Grupo de inter\u00e9s de RV aplicada a salud en Catalu\u00f1a<\/li>\n<li>Profesionales asistenciales y de I + D + i del SISCAT<\/li>\n<li>Ecosistema de empresas y startups biotecnol\u00f3gicas catalanas<\/li>\n<li>Fundaci\u00f3n i2Cat<\/li>\n<li>Huawei Espa\u00f1a<\/li>\n<\/ul>\n<p>La <a href=\"https:\/\/zoom.us\/rec\/play\/usYoIbr-r2k3HtCWuASDAKUtW468LqqshCQcq_cOn0ezW3UAMFL1YLESYOSmhDQEH0DIIJV6m-_Ly9zM\">sesi\u00f3n de presentaci\u00f3n<\/a> del informe ya est\u00e1 disponible para ser re-visionada.<\/p>\n","protected":false},"author":21,"featured_media":6983,"menu_order":0,"template":"","meta":{"_acf_changed":false,"inline_featured_image":false},"etiqueta":[],"tipus":[],"topic":[121],"class_list":["post-4570","noticia","type-noticia","status-publish","has-post-thumbnail","hentry","topic-dpd-es"],"acf":{"imatge":6983,"autor":"Adri\u00e0 G.Font"},"yoast_head":"<!-- This site is optimized with the Yoast SEO plugin v27.1.1 - https:\/\/yoast.com\/product\/yoast-seo-wordpress\/ -->\n<title>Presentado el informe de realidad virtual en salud - Fundaci\u00f3 TIC Salut i Social<\/title>\n<meta name=\"robots\" content=\"index, follow, max-snippet:-1, max-image-preview:large, max-video-preview:-1\" \/>\n<link rel=\"canonical\" href=\"https:\/\/ticsalutsocial.atoom.space\/es\/noticia\/presentado-el-informe-de-realidad-virtual-en-salud\/\" \/>\n<meta property=\"og:locale\" content=\"es_ES\" \/>\n<meta property=\"og:type\" content=\"article\" \/>\n<meta property=\"og:title\" content=\"Presentado el informe de realidad virtual en salud - Fundaci\u00f3 TIC Salut i Social\" \/>\n<meta property=\"og:description\" content=\"Si nos centramos en tendencias, el mercado de la realidad virtual (RV), realidad aumentada (RA) y realidad mixta (RM) se ha visto incrementado de manera significativa en los \u00faltimos a\u00f1os. De hecho, en el \u00faltimo estudio del Mapa de Tendencias organizado por la Fundaci\u00f3 TIC Salut Social, se detect\u00f3 que el 27% de los centros [&hellip;]\" \/>\n<meta property=\"og:url\" content=\"https:\/\/ticsalutsocial.atoom.space\/es\/noticia\/presentado-el-informe-de-realidad-virtual-en-salud\/\" \/>\n<meta property=\"og:site_name\" content=\"Fundaci\u00f3 TIC Salut i Social\" \/>\n<meta property=\"article:modified_time\" content=\"2021-07-21T13:47:43+00:00\" \/>\n<meta property=\"og:image\" content=\"https:\/\/ticsalutsocial.atoom.space\/wp-content\/uploads\/2020\/06\/istock-1216750300-scaled.jpg\" \/>\n\t<meta property=\"og:image:width\" content=\"2560\" \/>\n\t<meta property=\"og:image:height\" content=\"1604\" \/>\n\t<meta property=\"og:image:type\" content=\"image\/jpeg\" \/>\n<meta name=\"twitter:card\" content=\"summary_large_image\" \/>\n<meta name=\"twitter:label1\" content=\"Tiempo de lectura\" \/>\n\t<meta name=\"twitter:data1\" content=\"2 minutos\" \/>\n<script type=\"application\/ld+json\" class=\"yoast-schema-graph\">{\"@context\":\"https:\/\/schema.org\",\"@graph\":[{\"@type\":\"WebPage\",\"@id\":\"https:\/\/ticsalutsocial.atoom.space\/es\/noticia\/presentado-el-informe-de-realidad-virtual-en-salud\/\",\"url\":\"https:\/\/ticsalutsocial.atoom.space\/es\/noticia\/presentado-el-informe-de-realidad-virtual-en-salud\/\",\"name\":\"Presentado el informe de realidad virtual en salud - Fundaci\u00f3 TIC Salut i Social\",\"isPartOf\":{\"@id\":\"https:\/\/ticsalutsocial.atoom.space\/es\/#website\"},\"primaryImageOfPage\":{\"@id\":\"https:\/\/ticsalutsocial.atoom.space\/es\/noticia\/presentado-el-informe-de-realidad-virtual-en-salud\/#primaryimage\"},\"image\":{\"@id\":\"https:\/\/ticsalutsocial.atoom.space\/es\/noticia\/presentado-el-informe-de-realidad-virtual-en-salud\/#primaryimage\"},\"thumbnailUrl\":\"https:\/\/ticsalutsocial.atoom.space\/wp-content\/uploads\/2020\/06\/istock-1216750300-scaled.jpg\",\"datePublished\":\"2020-06-30T14:36:06+00:00\",\"dateModified\":\"2021-07-21T13:47:43+00:00\",\"breadcrumb\":{\"@id\":\"https:\/\/ticsalutsocial.atoom.space\/es\/noticia\/presentado-el-informe-de-realidad-virtual-en-salud\/#breadcrumb\"},\"inLanguage\":\"es\",\"potentialAction\":[{\"@type\":\"ReadAction\",\"target\":[\"https:\/\/ticsalutsocial.atoom.space\/es\/noticia\/presentado-el-informe-de-realidad-virtual-en-salud\/\"]}]},{\"@type\":\"ImageObject\",\"inLanguage\":\"es\",\"@id\":\"https:\/\/ticsalutsocial.atoom.space\/es\/noticia\/presentado-el-informe-de-realidad-virtual-en-salud\/#primaryimage\",\"url\":\"https:\/\/ticsalutsocial.atoom.space\/wp-content\/uploads\/2020\/06\/istock-1216750300-scaled.jpg\",\"contentUrl\":\"https:\/\/ticsalutsocial.atoom.space\/wp-content\/uploads\/2020\/06\/istock-1216750300-scaled.jpg\",\"width\":2560,\"height\":1604},{\"@type\":\"BreadcrumbList\",\"@id\":\"https:\/\/ticsalutsocial.atoom.space\/es\/noticia\/presentado-el-informe-de-realidad-virtual-en-salud\/#breadcrumb\",\"itemListElement\":[{\"@type\":\"ListItem\",\"position\":1,\"name\":\"Inici\",\"item\":\"https:\/\/ticsalutsocial.atoom.space\/es\/\"},{\"@type\":\"ListItem\",\"position\":2,\"name\":\"Presentado el informe de realidad virtual en salud\"}]},{\"@type\":\"WebSite\",\"@id\":\"https:\/\/ticsalutsocial.atoom.space\/es\/#website\",\"url\":\"https:\/\/ticsalutsocial.atoom.space\/es\/\",\"name\":\"Fundaci\u00f3 TIC Salut i Social\",\"description\":\"\",\"potentialAction\":[{\"@type\":\"SearchAction\",\"target\":{\"@type\":\"EntryPoint\",\"urlTemplate\":\"https:\/\/ticsalutsocial.atoom.space\/es\/?s={search_term_string}\"},\"query-input\":{\"@type\":\"PropertyValueSpecification\",\"valueRequired\":true,\"valueName\":\"search_term_string\"}}],\"inLanguage\":\"es\"}]}<\/script>\n<!-- \/ Yoast SEO plugin. -->","yoast_head_json":{"title":"Presentado el informe de realidad virtual en salud - Fundaci\u00f3 TIC Salut i Social","robots":{"index":"index","follow":"follow","max-snippet":"max-snippet:-1","max-image-preview":"max-image-preview:large","max-video-preview":"max-video-preview:-1"},"canonical":"https:\/\/ticsalutsocial.atoom.space\/es\/noticia\/presentado-el-informe-de-realidad-virtual-en-salud\/","og_locale":"es_ES","og_type":"article","og_title":"Presentado el informe de realidad virtual en salud - Fundaci\u00f3 TIC Salut i Social","og_description":"Si nos centramos en tendencias, el mercado de la realidad virtual (RV), realidad aumentada (RA) y realidad mixta (RM) se ha visto incrementado de manera significativa en los \u00faltimos a\u00f1os. De hecho, en el \u00faltimo estudio del Mapa de Tendencias organizado por la Fundaci\u00f3 TIC Salut Social, se detect\u00f3 que el 27% de los centros [&hellip;]","og_url":"https:\/\/ticsalutsocial.atoom.space\/es\/noticia\/presentado-el-informe-de-realidad-virtual-en-salud\/","og_site_name":"Fundaci\u00f3 TIC Salut i Social","article_modified_time":"2021-07-21T13:47:43+00:00","og_image":[{"width":2560,"height":1604,"url":"https:\/\/ticsalutsocial.atoom.space\/wp-content\/uploads\/2020\/06\/istock-1216750300-scaled.jpg","type":"image\/jpeg"}],"twitter_card":"summary_large_image","twitter_misc":{"Tiempo de lectura":"2 minutos"},"schema":{"@context":"https:\/\/schema.org","@graph":[{"@type":"WebPage","@id":"https:\/\/ticsalutsocial.atoom.space\/es\/noticia\/presentado-el-informe-de-realidad-virtual-en-salud\/","url":"https:\/\/ticsalutsocial.atoom.space\/es\/noticia\/presentado-el-informe-de-realidad-virtual-en-salud\/","name":"Presentado el informe de realidad virtual en salud - Fundaci\u00f3 TIC Salut i Social","isPartOf":{"@id":"https:\/\/ticsalutsocial.atoom.space\/es\/#website"},"primaryImageOfPage":{"@id":"https:\/\/ticsalutsocial.atoom.space\/es\/noticia\/presentado-el-informe-de-realidad-virtual-en-salud\/#primaryimage"},"image":{"@id":"https:\/\/ticsalutsocial.atoom.space\/es\/noticia\/presentado-el-informe-de-realidad-virtual-en-salud\/#primaryimage"},"thumbnailUrl":"https:\/\/ticsalutsocial.atoom.space\/wp-content\/uploads\/2020\/06\/istock-1216750300-scaled.jpg","datePublished":"2020-06-30T14:36:06+00:00","dateModified":"2021-07-21T13:47:43+00:00","breadcrumb":{"@id":"https:\/\/ticsalutsocial.atoom.space\/es\/noticia\/presentado-el-informe-de-realidad-virtual-en-salud\/#breadcrumb"},"inLanguage":"es","potentialAction":[{"@type":"ReadAction","target":["https:\/\/ticsalutsocial.atoom.space\/es\/noticia\/presentado-el-informe-de-realidad-virtual-en-salud\/"]}]},{"@type":"ImageObject","inLanguage":"es","@id":"https:\/\/ticsalutsocial.atoom.space\/es\/noticia\/presentado-el-informe-de-realidad-virtual-en-salud\/#primaryimage","url":"https:\/\/ticsalutsocial.atoom.space\/wp-content\/uploads\/2020\/06\/istock-1216750300-scaled.jpg","contentUrl":"https:\/\/ticsalutsocial.atoom.space\/wp-content\/uploads\/2020\/06\/istock-1216750300-scaled.jpg","width":2560,"height":1604},{"@type":"BreadcrumbList","@id":"https:\/\/ticsalutsocial.atoom.space\/es\/noticia\/presentado-el-informe-de-realidad-virtual-en-salud\/#breadcrumb","itemListElement":[{"@type":"ListItem","position":1,"name":"Inici","item":"https:\/\/ticsalutsocial.atoom.space\/es\/"},{"@type":"ListItem","position":2,"name":"Presentado el informe de realidad virtual en salud"}]},{"@type":"WebSite","@id":"https:\/\/ticsalutsocial.atoom.space\/es\/#website","url":"https:\/\/ticsalutsocial.atoom.space\/es\/","name":"Fundaci\u00f3 TIC Salut i Social","description":"","potentialAction":[{"@type":"SearchAction","target":{"@type":"EntryPoint","urlTemplate":"https:\/\/ticsalutsocial.atoom.space\/es\/?s={search_term_string}"},"query-input":{"@type":"PropertyValueSpecification","valueRequired":true,"valueName":"search_term_string"}}],"inLanguage":"es"}]}},"_links":{"self":[{"href":"https:\/\/ticsalutsocial.atoom.space\/es\/wp-json\/wp\/v2\/noticia\/4570","targetHints":{"allow":["GET"]}}],"collection":[{"href":"https:\/\/ticsalutsocial.atoom.space\/es\/wp-json\/wp\/v2\/noticia"}],"about":[{"href":"https:\/\/ticsalutsocial.atoom.space\/es\/wp-json\/wp\/v2\/types\/noticia"}],"author":[{"embeddable":true,"href":"https:\/\/ticsalutsocial.atoom.space\/es\/wp-json\/wp\/v2\/users\/21"}],"wp:featuredmedia":[{"embeddable":true,"href":"https:\/\/ticsalutsocial.atoom.space\/es\/wp-json\/wp\/v2\/media\/6983"}],"wp:attachment":[{"href":"https:\/\/ticsalutsocial.atoom.space\/es\/wp-json\/wp\/v2\/media?parent=4570"}],"wp:term":[{"taxonomy":"etiqueta","embeddable":true,"href":"https:\/\/ticsalutsocial.atoom.space\/es\/wp-json\/wp\/v2\/etiqueta?post=4570"},{"taxonomy":"tipus","embeddable":true,"href":"https:\/\/ticsalutsocial.atoom.space\/es\/wp-json\/wp\/v2\/tipus?post=4570"},{"taxonomy":"topic","embeddable":true,"href":"https:\/\/ticsalutsocial.atoom.space\/es\/wp-json\/wp\/v2\/topic?post=4570"}],"curies":[{"name":"wp","href":"https:\/\/api.w.org\/{rel}","templated":true}]}}