
{"id":4582,"date":"2020-07-03T10:54:12","date_gmt":"2020-07-03T08:54:12","guid":{"rendered":"https:\/\/ticsalutsocial.atoom.space\/?post_type=noticia&#038;p=4582"},"modified":"2021-07-21T15:47:51","modified_gmt":"2021-07-21T13:47:51","slug":"nuevo-master-en-transformacion-digital-de-las-organizaciones-de-salud-y-sociales","status":"publish","type":"noticia","link":"https:\/\/ticsalutsocial.atoom.space\/es\/noticia\/nuevo-master-en-transformacion-digital-de-las-organizaciones-de-salud-y-sociales\/","title":{"rendered":"Nuevo M\u00e1ster en Transformaci\u00f3n Digital de las Organizaciones de Salud y Sociales"},"content":{"rendered":"<p><strong>El nuevo m\u00e1ster de la UManresa cuenta con cuarenta docentes de primera l\u00ednea en cu\u00e1nto a impulso y liderazgo de la salud digital. A la vez, pretende cubrir los <em>gaps<\/em> en la necesaria adquisici\u00f3n y reconocimiento de nuevas competencias digitales en el contexto de las organizaciones de salud y sociales. La <em>Fundaci\u00f3 TIC Salut Social<\/em> y la C\u00e1tedra <em>TIC Salut i Social<\/em> (UVIC-UCC) colaboran apoyando en su divulgaci\u00f3n y en la formaci\u00f3n impartida de manera presencial as\u00ed como a trav\u00e9s de webinars.<\/strong><\/p>\n<p><span data-contrast=\"auto\">La transformaci\u00f3n digital de los servicios de salud y sociales est\u00e1 en marcha. Seg\u00fan la digitalizaci\u00f3n avance, las organizaciones tienen que darse cuenta que la tecnolog\u00eda no puede liderar a solas la transformaci\u00f3n pues \u00e9sta no es m\u00e1s que el <em>trigger<\/em>. El verdadero impulso ser\u00e1 la innovaci\u00f3n gestionada por liderazgos internos que tengan la capacidad de crear una visi\u00f3n e inspirar a sus equipos para hacer cosas de manera diferente que contribuyan a la mejora general de la salud y del bienestar. El M\u00e1ster en Transformaci\u00f3n Digital de las Organizaciones de Salud y Sociales da respuesta a la necesidad de dotar de nuevas competencias en <strong>salud digital<\/strong> al personal asistencial y de gesti\u00f3n, desde una vertiente totalmente profesionalizadora y a partir de una metodolog\u00eda eminentemente pr\u00e1ctica y aplicada.<\/span><\/p>\n<h3><strong>Una actividad con el apoyo de la C\u00e1tedra y de la <em>Fundaci\u00f3 TIC Salut Social<\/em><\/strong><\/h3>\n<p>En este M\u00e1ster imparten docencia y colaboran el Dr. Josu\u00e8 Sallent, Director de la <em>Fundaci\u00f3 TIC Salut Social<\/em> y director de la C\u00e1tedra <em>TIC Salut i Social<\/em> (UVIC-UCC) y la Dra. S\u00edlvia Cuf\u00ed, Directora Desarrollo Corporativo de la misma <em>Fundaci\u00f3 TIC Salut Social<\/em> y Coordinadora de la C\u00e1tedra <em>TIC Salut i Social<\/em> (UVIC-UCC)<\/p>\n<p><span data-contrast=\"auto\">Este a\u00f1o, las d\u00e9cimas <em>Jornades R+D+I TIC Salut Social 2020<\/em> (<\/span><a href=\"http:\/\/www.jornadesrdi.cat\/\"><span data-contrast=\"none\">www.JornadesRDI.cat<\/span><\/a><span data-contrast=\"auto\">)<\/span><span data-contrast=\"auto\"> versar\u00e1n sobre la transformaci\u00f3n digital en el \u00e1mbito sanitario y social aconteciendo un ciclo abierto de webinars sobre esta tem\u00e1tica. Est\u00e1 previsto que en este evento en l\u00ednea tambi\u00e9n participen los alumnos del nuevo M\u00e1ster dada la similitud de la tem\u00e1tica.<\/span><\/p>\n<h3><b><span data-contrast=\"auto\">Programa del M\u00e0ster<\/span><\/b><\/h3>\n<ul>\n<li><span data-ccp-props=\"{&quot;134233279&quot;:true,&quot;201341983&quot;:0,&quot;335551550&quot;:6,&quot;335551620&quot;:6,&quot;335559739&quot;:200,&quot;335559740&quot;:276}\">Retos de los servicios de la salud y sociales en el siglo XXI.<\/span><\/li>\n<li>El mundo digital. Impacto en nuestra sociedad.<\/li>\n<li>Innovaci\u00f3n e investigaci\u00f3n en salud y social: de la idea al proyecto y del proyecto al mercado.<\/li>\n<li>Las principales tecnolog\u00edas digitales.<\/li>\n<li><span data-contrast=\"auto\">El paciente connectado.<\/span><\/li>\n<li><span data-contrast=\"auto\">Transformaci\u00f3n digital de la salud y de los servicios sociales.<\/span><span data-ccp-props=\"{&quot;134233279&quot;:true,&quot;201341983&quot;:0,&quot;335551550&quot;:6,&quot;335551620&quot;:6,&quot;335559739&quot;:200,&quot;335559740&quot;:276}\">\u00a0<\/span><\/li>\n<li><span data-contrast=\"auto\">Gesti\u00f3n del cambio en la transformaci\u00f3n digital en organizaciones sanitarias y sociales.<\/span><span data-ccp-props=\"{&quot;134233279&quot;:true,&quot;201341983&quot;:0,&quot;335551550&quot;:6,&quot;335551620&quot;:6,&quot;335559739&quot;:200,&quot;335559740&quot;:276}\">\u00a0<\/span><\/li>\n<li>Liderazgo y habilidades en la digitalizaci\u00f3n de la sociedad.<\/li>\n<li><span data-ccp-props=\"{&quot;134233279&quot;:true,&quot;201341983&quot;:0,&quot;335551550&quot;:6,&quot;335551620&quot;:6,&quot;335559739&quot;:200,&quot;335559740&quot;:276}\">Gobernabilidad, ciberseguridad y \u00e9tica.<\/span><\/li>\n<li><span data-ccp-props=\"{&quot;134233279&quot;:true,&quot;201341983&quot;:0,&quot;335551550&quot;:6,&quot;335551620&quot;:6,&quot;335559739&quot;:200,&quot;335559740&quot;:276}\">C\u00f3mo navegar en aguas tormentosas.<\/span><\/li>\n<li><span data-contrast=\"auto\">TFM.<\/span><span data-ccp-props=\"{&quot;134233279&quot;:true,&quot;201341983&quot;:0,&quot;335551550&quot;:6,&quot;335551620&quot;:6,&quot;335559739&quot;:200,&quot;335559740&quot;:276}\">\u00a0<\/span><\/li>\n<\/ul>\n<p><b><span data-contrast=\"auto\">Dirigido a:<\/span><\/b><span data-contrast=\"auto\"> Graduados, licenciadis y\/o diplomados que trab<\/span><span data-contrast=\"auto\">ajen en servicios relacionados con<\/span><span data-contrast=\"auto\"> la salud o lo social.<\/span><span data-ccp-props=\"{&quot;201341983&quot;:0,&quot;335551550&quot;:6,&quot;335551620&quot;:6,&quot;335559739&quot;:200,&quot;335559740&quot;:276}\">\u00a0<\/span><\/p>\n<p><b><span data-contrast=\"auto\">Profesorado<\/span><\/b><span data-contrast=\"auto\">: M\u00e9dicos, gestores de centros sanitarios y sociales, innovadores en\u00a0eHealth\u00a0y responsables de programas de pacientes cr\u00f3nicos complejos. Profesionales de los \u00e1mbitos de la psicolog\u00eda, el derecho, la bio\u00e9tica y la investigaci\u00f3n.<\/span><span data-ccp-props=\"{&quot;201341983&quot;:0,&quot;335551550&quot;:6,&quot;335551620&quot;:6,&quot;335559739&quot;:200,&quot;335559740&quot;:276}\">\u00a0<\/span><\/p>\n<p><b><span data-contrast=\"auto\">Duraci\u00f3n:<\/span><\/b><span data-contrast=\"auto\"> 60 ECTS.<\/span><span data-ccp-props=\"{&quot;201341983&quot;:0,&quot;335551550&quot;:6,&quot;335551620&quot;:6,&quot;335559739&quot;:200,&quot;335559740&quot;:276}\">\u00a0<\/span><\/p>\n<p><b><span data-contrast=\"auto\">Modalidad:<\/span><\/b><span data-contrast=\"auto\">\u00a0<\/span><span data-contrast=\"auto\">Semipresencial<\/span><span data-contrast=\"auto\">:<\/span><span data-ccp-props=\"{&quot;201341983&quot;:0,&quot;335551550&quot;:6,&quot;335551620&quot;:6,&quot;335559739&quot;:200,&quot;335559740&quot;:276}\">\u00a0<\/span><\/p>\n<p><b><span data-contrast=\"auto\">Calendario y horario:<\/span><\/b><span data-contrast=\"auto\"> Del 9 de octubre de 2020 al 5 de junio de 2021. Presencial: primer viernes y s\u00e1bado de cada mes, de 9:00 h a 17:00 y de 9:00 h a 14:00 respectivamente.<\/span><span data-ccp-props=\"{&quot;201341983&quot;:0,&quot;335551550&quot;:6,&quot;335551620&quot;:6,&quot;335559739&quot;:200,&quot;335559740&quot;:276}\">\u00a0<\/span><\/p>\n<p><b><span data-contrast=\"auto\">Lugar: <\/span><\/b><span data-contrast=\"auto\">Campus Manresa de la UVIC-UCC<\/span><span data-ccp-props=\"{&quot;201341983&quot;:0,&quot;335551550&quot;:6,&quot;335551620&quot;:6,&quot;335559739&quot;:200,&quot;335559740&quot;:276}\">\u00a0<\/span><\/p>\n<p><b><span data-contrast=\"auto\">M\u00e1s informaci\u00f3n<\/span><\/b><span data-contrast=\"auto\">:\u00a0<\/span><a href=\"http:\/\/ves.cat\/eu9g\"><span data-contrast=\"auto\">http:\/\/ves.cat\/eu9g<\/span><\/a><span data-ccp-props=\"{&quot;201341983&quot;:0,&quot;335551550&quot;:6,&quot;335551620&quot;:6,&quot;335559739&quot;:200,&quot;335559740&quot;:276}\">\u00a0<\/span><\/p>\n","protected":false},"author":21,"featured_media":6986,"menu_order":0,"template":"","meta":{"_acf_changed":false,"inline_featured_image":false},"etiqueta":[],"tipus":[],"topic":[119],"class_list":["post-4582","noticia","type-noticia","status-publish","has-post-thumbnail","hentry","topic-innovacion"],"acf":{"imatge":6986,"autor":"Marc De San Pedro"},"yoast_head":"<!-- This site is optimized with the Yoast SEO plugin v27.1.1 - https:\/\/yoast.com\/product\/yoast-seo-wordpress\/ -->\n<title>Nuevo M\u00e1ster en Transformaci\u00f3n Digital de las Organizaciones de Salud y Sociales - Fundaci\u00f3 TIC Salut i Social<\/title>\n<meta name=\"robots\" content=\"index, follow, max-snippet:-1, max-image-preview:large, max-video-preview:-1\" \/>\n<link rel=\"canonical\" href=\"https:\/\/ticsalutsocial.atoom.space\/es\/noticia\/nuevo-master-en-transformacion-digital-de-las-organizaciones-de-salud-y-sociales\/\" \/>\n<meta property=\"og:locale\" content=\"es_ES\" \/>\n<meta property=\"og:type\" content=\"article\" \/>\n<meta property=\"og:title\" content=\"Nuevo M\u00e1ster en Transformaci\u00f3n Digital de las Organizaciones de Salud y Sociales - Fundaci\u00f3 TIC Salut i Social\" \/>\n<meta property=\"og:description\" content=\"El nuevo m\u00e1ster de la UManresa cuenta con cuarenta docentes de primera l\u00ednea en cu\u00e1nto a impulso y liderazgo de la salud digital. A la vez, pretende cubrir los gaps en la necesaria adquisici\u00f3n y reconocimiento de nuevas competencias digitales en el contexto de las organizaciones de salud y sociales. La Fundaci\u00f3 TIC Salut Social [&hellip;]\" \/>\n<meta property=\"og:url\" content=\"https:\/\/ticsalutsocial.atoom.space\/es\/noticia\/nuevo-master-en-transformacion-digital-de-las-organizaciones-de-salud-y-sociales\/\" \/>\n<meta property=\"og:site_name\" content=\"Fundaci\u00f3 TIC Salut i Social\" \/>\n<meta property=\"article:modified_time\" content=\"2021-07-21T13:47:51+00:00\" \/>\n<meta property=\"og:image\" content=\"https:\/\/ticsalutsocial.atoom.space\/wp-content\/uploads\/2020\/07\/istock-168646423-scaled.jpg\" \/>\n\t<meta property=\"og:image:width\" content=\"2560\" \/>\n\t<meta property=\"og:image:height\" content=\"1914\" \/>\n\t<meta property=\"og:image:type\" content=\"image\/jpeg\" \/>\n<meta name=\"twitter:card\" content=\"summary_large_image\" \/>\n<meta name=\"twitter:label1\" content=\"Tiempo de lectura\" \/>\n\t<meta name=\"twitter:data1\" content=\"3 minutos\" \/>\n<script type=\"application\/ld+json\" class=\"yoast-schema-graph\">{\"@context\":\"https:\/\/schema.org\",\"@graph\":[{\"@type\":\"WebPage\",\"@id\":\"https:\/\/ticsalutsocial.atoom.space\/es\/noticia\/nuevo-master-en-transformacion-digital-de-las-organizaciones-de-salud-y-sociales\/\",\"url\":\"https:\/\/ticsalutsocial.atoom.space\/es\/noticia\/nuevo-master-en-transformacion-digital-de-las-organizaciones-de-salud-y-sociales\/\",\"name\":\"Nuevo M\u00e1ster en Transformaci\u00f3n Digital de las Organizaciones de Salud y Sociales - Fundaci\u00f3 TIC Salut i Social\",\"isPartOf\":{\"@id\":\"https:\/\/ticsalutsocial.atoom.space\/es\/#website\"},\"primaryImageOfPage\":{\"@id\":\"https:\/\/ticsalutsocial.atoom.space\/es\/noticia\/nuevo-master-en-transformacion-digital-de-las-organizaciones-de-salud-y-sociales\/#primaryimage\"},\"image\":{\"@id\":\"https:\/\/ticsalutsocial.atoom.space\/es\/noticia\/nuevo-master-en-transformacion-digital-de-las-organizaciones-de-salud-y-sociales\/#primaryimage\"},\"thumbnailUrl\":\"https:\/\/ticsalutsocial.atoom.space\/wp-content\/uploads\/2020\/07\/istock-168646423-scaled.jpg\",\"datePublished\":\"2020-07-03T08:54:12+00:00\",\"dateModified\":\"2021-07-21T13:47:51+00:00\",\"breadcrumb\":{\"@id\":\"https:\/\/ticsalutsocial.atoom.space\/es\/noticia\/nuevo-master-en-transformacion-digital-de-las-organizaciones-de-salud-y-sociales\/#breadcrumb\"},\"inLanguage\":\"es\",\"potentialAction\":[{\"@type\":\"ReadAction\",\"target\":[\"https:\/\/ticsalutsocial.atoom.space\/es\/noticia\/nuevo-master-en-transformacion-digital-de-las-organizaciones-de-salud-y-sociales\/\"]}]},{\"@type\":\"ImageObject\",\"inLanguage\":\"es\",\"@id\":\"https:\/\/ticsalutsocial.atoom.space\/es\/noticia\/nuevo-master-en-transformacion-digital-de-las-organizaciones-de-salud-y-sociales\/#primaryimage\",\"url\":\"https:\/\/ticsalutsocial.atoom.space\/wp-content\/uploads\/2020\/07\/istock-168646423-scaled.jpg\",\"contentUrl\":\"https:\/\/ticsalutsocial.atoom.space\/wp-content\/uploads\/2020\/07\/istock-168646423-scaled.jpg\",\"width\":2560,\"height\":1914},{\"@type\":\"BreadcrumbList\",\"@id\":\"https:\/\/ticsalutsocial.atoom.space\/es\/noticia\/nuevo-master-en-transformacion-digital-de-las-organizaciones-de-salud-y-sociales\/#breadcrumb\",\"itemListElement\":[{\"@type\":\"ListItem\",\"position\":1,\"name\":\"Inici\",\"item\":\"https:\/\/ticsalutsocial.atoom.space\/es\/\"},{\"@type\":\"ListItem\",\"position\":2,\"name\":\"Nuevo M\u00e1ster en Transformaci\u00f3n Digital de las Organizaciones de Salud y Sociales\"}]},{\"@type\":\"WebSite\",\"@id\":\"https:\/\/ticsalutsocial.atoom.space\/es\/#website\",\"url\":\"https:\/\/ticsalutsocial.atoom.space\/es\/\",\"name\":\"Fundaci\u00f3 TIC Salut i Social\",\"description\":\"\",\"potentialAction\":[{\"@type\":\"SearchAction\",\"target\":{\"@type\":\"EntryPoint\",\"urlTemplate\":\"https:\/\/ticsalutsocial.atoom.space\/es\/?s={search_term_string}\"},\"query-input\":{\"@type\":\"PropertyValueSpecification\",\"valueRequired\":true,\"valueName\":\"search_term_string\"}}],\"inLanguage\":\"es\"}]}<\/script>\n<!-- \/ Yoast SEO plugin. -->","yoast_head_json":{"title":"Nuevo M\u00e1ster en Transformaci\u00f3n Digital de las Organizaciones de Salud y Sociales - Fundaci\u00f3 TIC Salut i Social","robots":{"index":"index","follow":"follow","max-snippet":"max-snippet:-1","max-image-preview":"max-image-preview:large","max-video-preview":"max-video-preview:-1"},"canonical":"https:\/\/ticsalutsocial.atoom.space\/es\/noticia\/nuevo-master-en-transformacion-digital-de-las-organizaciones-de-salud-y-sociales\/","og_locale":"es_ES","og_type":"article","og_title":"Nuevo M\u00e1ster en Transformaci\u00f3n Digital de las Organizaciones de Salud y Sociales - Fundaci\u00f3 TIC Salut i Social","og_description":"El nuevo m\u00e1ster de la UManresa cuenta con cuarenta docentes de primera l\u00ednea en cu\u00e1nto a impulso y liderazgo de la salud digital. A la vez, pretende cubrir los gaps en la necesaria adquisici\u00f3n y reconocimiento de nuevas competencias digitales en el contexto de las organizaciones de salud y sociales. La Fundaci\u00f3 TIC Salut Social [&hellip;]","og_url":"https:\/\/ticsalutsocial.atoom.space\/es\/noticia\/nuevo-master-en-transformacion-digital-de-las-organizaciones-de-salud-y-sociales\/","og_site_name":"Fundaci\u00f3 TIC Salut i Social","article_modified_time":"2021-07-21T13:47:51+00:00","og_image":[{"width":2560,"height":1914,"url":"https:\/\/ticsalutsocial.atoom.space\/wp-content\/uploads\/2020\/07\/istock-168646423-scaled.jpg","type":"image\/jpeg"}],"twitter_card":"summary_large_image","twitter_misc":{"Tiempo de lectura":"3 minutos"},"schema":{"@context":"https:\/\/schema.org","@graph":[{"@type":"WebPage","@id":"https:\/\/ticsalutsocial.atoom.space\/es\/noticia\/nuevo-master-en-transformacion-digital-de-las-organizaciones-de-salud-y-sociales\/","url":"https:\/\/ticsalutsocial.atoom.space\/es\/noticia\/nuevo-master-en-transformacion-digital-de-las-organizaciones-de-salud-y-sociales\/","name":"Nuevo M\u00e1ster en Transformaci\u00f3n Digital de las Organizaciones de Salud y Sociales - Fundaci\u00f3 TIC Salut i Social","isPartOf":{"@id":"https:\/\/ticsalutsocial.atoom.space\/es\/#website"},"primaryImageOfPage":{"@id":"https:\/\/ticsalutsocial.atoom.space\/es\/noticia\/nuevo-master-en-transformacion-digital-de-las-organizaciones-de-salud-y-sociales\/#primaryimage"},"image":{"@id":"https:\/\/ticsalutsocial.atoom.space\/es\/noticia\/nuevo-master-en-transformacion-digital-de-las-organizaciones-de-salud-y-sociales\/#primaryimage"},"thumbnailUrl":"https:\/\/ticsalutsocial.atoom.space\/wp-content\/uploads\/2020\/07\/istock-168646423-scaled.jpg","datePublished":"2020-07-03T08:54:12+00:00","dateModified":"2021-07-21T13:47:51+00:00","breadcrumb":{"@id":"https:\/\/ticsalutsocial.atoom.space\/es\/noticia\/nuevo-master-en-transformacion-digital-de-las-organizaciones-de-salud-y-sociales\/#breadcrumb"},"inLanguage":"es","potentialAction":[{"@type":"ReadAction","target":["https:\/\/ticsalutsocial.atoom.space\/es\/noticia\/nuevo-master-en-transformacion-digital-de-las-organizaciones-de-salud-y-sociales\/"]}]},{"@type":"ImageObject","inLanguage":"es","@id":"https:\/\/ticsalutsocial.atoom.space\/es\/noticia\/nuevo-master-en-transformacion-digital-de-las-organizaciones-de-salud-y-sociales\/#primaryimage","url":"https:\/\/ticsalutsocial.atoom.space\/wp-content\/uploads\/2020\/07\/istock-168646423-scaled.jpg","contentUrl":"https:\/\/ticsalutsocial.atoom.space\/wp-content\/uploads\/2020\/07\/istock-168646423-scaled.jpg","width":2560,"height":1914},{"@type":"BreadcrumbList","@id":"https:\/\/ticsalutsocial.atoom.space\/es\/noticia\/nuevo-master-en-transformacion-digital-de-las-organizaciones-de-salud-y-sociales\/#breadcrumb","itemListElement":[{"@type":"ListItem","position":1,"name":"Inici","item":"https:\/\/ticsalutsocial.atoom.space\/es\/"},{"@type":"ListItem","position":2,"name":"Nuevo M\u00e1ster en Transformaci\u00f3n Digital de las Organizaciones de Salud y Sociales"}]},{"@type":"WebSite","@id":"https:\/\/ticsalutsocial.atoom.space\/es\/#website","url":"https:\/\/ticsalutsocial.atoom.space\/es\/","name":"Fundaci\u00f3 TIC Salut i Social","description":"","potentialAction":[{"@type":"SearchAction","target":{"@type":"EntryPoint","urlTemplate":"https:\/\/ticsalutsocial.atoom.space\/es\/?s={search_term_string}"},"query-input":{"@type":"PropertyValueSpecification","valueRequired":true,"valueName":"search_term_string"}}],"inLanguage":"es"}]}},"_links":{"self":[{"href":"https:\/\/ticsalutsocial.atoom.space\/es\/wp-json\/wp\/v2\/noticia\/4582","targetHints":{"allow":["GET"]}}],"collection":[{"href":"https:\/\/ticsalutsocial.atoom.space\/es\/wp-json\/wp\/v2\/noticia"}],"about":[{"href":"https:\/\/ticsalutsocial.atoom.space\/es\/wp-json\/wp\/v2\/types\/noticia"}],"author":[{"embeddable":true,"href":"https:\/\/ticsalutsocial.atoom.space\/es\/wp-json\/wp\/v2\/users\/21"}],"wp:featuredmedia":[{"embeddable":true,"href":"https:\/\/ticsalutsocial.atoom.space\/es\/wp-json\/wp\/v2\/media\/6986"}],"wp:attachment":[{"href":"https:\/\/ticsalutsocial.atoom.space\/es\/wp-json\/wp\/v2\/media?parent=4582"}],"wp:term":[{"taxonomy":"etiqueta","embeddable":true,"href":"https:\/\/ticsalutsocial.atoom.space\/es\/wp-json\/wp\/v2\/etiqueta?post=4582"},{"taxonomy":"tipus","embeddable":true,"href":"https:\/\/ticsalutsocial.atoom.space\/es\/wp-json\/wp\/v2\/tipus?post=4582"},{"taxonomy":"topic","embeddable":true,"href":"https:\/\/ticsalutsocial.atoom.space\/es\/wp-json\/wp\/v2\/topic?post=4582"}],"curies":[{"name":"wp","href":"https:\/\/api.w.org\/{rel}","templated":true}]}}