
{"id":4610,"date":"2020-07-13T09:22:35","date_gmt":"2020-07-13T07:22:35","guid":{"rendered":"https:\/\/ticsalutsocial.atoom.space\/?post_type=noticia&#038;p=4610"},"modified":"2021-07-21T15:48:15","modified_gmt":"2021-07-21T13:48:15","slug":"el-xpatient-barcelona-congress-abordara-los-aprendizajes-de-pacientes-y-profesionales-durante-la-crisis-sanitaria-del-covid-19","status":"publish","type":"noticia","link":"https:\/\/ticsalutsocial.atoom.space\/es\/noticia\/el-xpatient-barcelona-congress-abordara-los-aprendizajes-de-pacientes-y-profesionales-durante-la-crisis-sanitaria-del-covid-19\/","title":{"rendered":"El XPatient Barcelona Congress abordar\u00e1 los aprendizajes de pacientes y profesionales durante la crisis sanitaria del Covid-19"},"content":{"rendered":"<p>La quinta edici\u00f3n del <em>XPatient Barcelona Congress<\/em>, que se celebrar\u00e1 el 29 y 30 de septiembre en formato virtual, abordar\u00e1 nuevas soluciones tecnol\u00f3gicas y casos de \u00e9xito que inciden en la mejora de la experiencia del paciente y pondr\u00e1 en valor los aprendizajes de enfermos y profesionales durante la crisis sanitaria del Covid-19.<\/p>\n<p>La crisis sanitaria causada por el coronavirus ha acelerado la digitalizaci\u00f3n de la salud, un hecho que favorece \u201cun paciente experto y empoderado con atenci\u00f3n continuada y unos m\u00e9dicos capaces de tomar decisiones m\u00e1s informadas y precisas, disminuyendo el tiempo dedicado a tareas rutinarias y desplazamientos\u201d, seg\u00fan apunta el director de la Unidad de eHealth de Eurecat, Felip Miralles.<\/p>\n<p>Desde el punto de vista de la experiencia del paciente, \u201cvemos que con el uso de estas tecnolog\u00edas se siente m\u00e1s acompa\u00f1ado y favorece que el contacto con el sistema de salud y con los profesionales aumente\u201d, remarca Miralles.<\/p>\n<p>De acuerdo con el director del Programa de Atenci\u00f3n a la Cronicidad del Hospital Cl\u00ednic, el doctor Joan Escarrabill, \u201cdurante estas semanas se ha producido en hecho in\u00e9dito como el del confinamiento de toda la sociedad durante un periodo de tiempo muy largo. Las experiencias de pacientes son muy importantes para aprender de qu\u00e9 manera podemos mitigar el impacto de estas situaciones. La primera lecci\u00f3n es no hacer suposiciones.\u201d<\/p>\n<p>\u201cPoner al paciente en el centro de la asistencia nos obliga a valorar tambi\u00e9n la situaci\u00f3n de riesgo tecnol\u00f3gico y como \u00e9ste afecta los servicios no presenciales que ofrecemos. Encuentros como el XPatient abren las puertas a nuevos proyectos que tenemos que ser capaces de desarrollar de manera sostenible, equitativa y de calidad. A la vez que ponemos el punto de mira en que lo hagan respetando la seguridad y privacidad del paciente\u201d, afirma el director de la <em>Fundaci\u00f3 TIC Salud Social<\/em>, Josu\u00e8 Sallent.<\/p>\n<p>El congreso ha abierto un llamamiento a la participaci\u00f3n, que estar\u00e1 disponible hasta el pr\u00f3ximo 17 de julio, para detectar iniciativas innovadoras que contribuyan a la mejora de la experiencia del paciente y del cuidador. Los proyectos seleccionados, que se pueden presentar en un formulario en el web del evento, participar\u00e1n en el congreso en formato de ponencias y paneles de debate en la jornada del 30 de septiembre.<\/p>\n<p>El\u00a0<em>XPatient\u00a0Barcelona\u00a0Congress<\/em> es un acontecimiento organizado por el centro tecnol\u00f3gico\u00a0Eurecat, el <em>Hospital Cl\u00ednic<\/em> de Barcelona y la <em>Fundaci\u00f3 TIC Salud Social,<\/em> con el impulso de la comunidad de pr\u00e1ctica XPA Barcelona (Experiencia del Paciente).<\/p>\n","protected":false},"author":21,"featured_media":4606,"menu_order":0,"template":"","meta":{"_acf_changed":false,"inline_featured_image":false},"etiqueta":[],"tipus":[],"topic":[121,123],"class_list":["post-4610","noticia","type-noticia","status-publish","has-post-thumbnail","hentry","topic-dpd-es","topic-actualidad"],"acf":{"imatge":4608,"autor":"TIC Salut Social"},"yoast_head":"<!-- This site is optimized with the Yoast SEO plugin v27.1.1 - https:\/\/yoast.com\/product\/yoast-seo-wordpress\/ -->\n<title>El XPatient Barcelona Congress abordar\u00e1 los aprendizajes de pacientes y profesionales durante la crisis sanitaria del Covid-19 - Fundaci\u00f3 TIC Salut i Social<\/title>\n<meta name=\"robots\" content=\"index, follow, max-snippet:-1, max-image-preview:large, max-video-preview:-1\" \/>\n<link rel=\"canonical\" href=\"https:\/\/ticsalutsocial.atoom.space\/es\/noticia\/el-xpatient-barcelona-congress-abordara-los-aprendizajes-de-pacientes-y-profesionales-durante-la-crisis-sanitaria-del-covid-19\/\" \/>\n<meta property=\"og:locale\" content=\"es_ES\" \/>\n<meta property=\"og:type\" content=\"article\" \/>\n<meta property=\"og:title\" content=\"El XPatient Barcelona Congress abordar\u00e1 los aprendizajes de pacientes y profesionales durante la crisis sanitaria del Covid-19 - Fundaci\u00f3 TIC Salut i Social\" \/>\n<meta property=\"og:description\" content=\"La quinta edici\u00f3n del XPatient Barcelona Congress, que se celebrar\u00e1 el 29 y 30 de septiembre en formato virtual, abordar\u00e1 nuevas soluciones tecnol\u00f3gicas y casos de \u00e9xito que inciden en la mejora de la experiencia del paciente y pondr\u00e1 en valor los aprendizajes de enfermos y profesionales durante la crisis sanitaria del Covid-19. La crisis [&hellip;]\" \/>\n<meta property=\"og:url\" content=\"https:\/\/ticsalutsocial.atoom.space\/es\/noticia\/el-xpatient-barcelona-congress-abordara-los-aprendizajes-de-pacientes-y-profesionales-durante-la-crisis-sanitaria-del-covid-19\/\" \/>\n<meta property=\"og:site_name\" content=\"Fundaci\u00f3 TIC Salut i Social\" \/>\n<meta property=\"article:modified_time\" content=\"2021-07-21T13:48:15+00:00\" \/>\n<meta property=\"og:image\" content=\"https:\/\/ticsalutsocial.atoom.space\/wp-content\/uploads\/2020\/07\/xpatient-jpeg_1458780943.gif\" \/>\n\t<meta property=\"og:image:width\" content=\"450\" \/>\n\t<meta property=\"og:image:height\" content=\"300\" \/>\n\t<meta property=\"og:image:type\" content=\"image\/gif\" \/>\n<meta name=\"twitter:card\" content=\"summary_large_image\" \/>\n<meta name=\"twitter:label1\" content=\"Tiempo de lectura\" \/>\n\t<meta name=\"twitter:data1\" content=\"2 minutos\" \/>\n<script type=\"application\/ld+json\" class=\"yoast-schema-graph\">{\"@context\":\"https:\/\/schema.org\",\"@graph\":[{\"@type\":\"WebPage\",\"@id\":\"https:\/\/ticsalutsocial.atoom.space\/es\/noticia\/el-xpatient-barcelona-congress-abordara-los-aprendizajes-de-pacientes-y-profesionales-durante-la-crisis-sanitaria-del-covid-19\/\",\"url\":\"https:\/\/ticsalutsocial.atoom.space\/es\/noticia\/el-xpatient-barcelona-congress-abordara-los-aprendizajes-de-pacientes-y-profesionales-durante-la-crisis-sanitaria-del-covid-19\/\",\"name\":\"El XPatient Barcelona Congress abordar\u00e1 los aprendizajes de pacientes y profesionales durante la crisis sanitaria del Covid-19 - Fundaci\u00f3 TIC Salut i Social\",\"isPartOf\":{\"@id\":\"https:\/\/ticsalutsocial.atoom.space\/es\/#website\"},\"primaryImageOfPage\":{\"@id\":\"https:\/\/ticsalutsocial.atoom.space\/es\/noticia\/el-xpatient-barcelona-congress-abordara-los-aprendizajes-de-pacientes-y-profesionales-durante-la-crisis-sanitaria-del-covid-19\/#primaryimage\"},\"image\":{\"@id\":\"https:\/\/ticsalutsocial.atoom.space\/es\/noticia\/el-xpatient-barcelona-congress-abordara-los-aprendizajes-de-pacientes-y-profesionales-durante-la-crisis-sanitaria-del-covid-19\/#primaryimage\"},\"thumbnailUrl\":\"https:\/\/ticsalutsocial.atoom.space\/wp-content\/uploads\/2020\/07\/xpatient-jpeg_1458780943.gif\",\"datePublished\":\"2020-07-13T07:22:35+00:00\",\"dateModified\":\"2021-07-21T13:48:15+00:00\",\"breadcrumb\":{\"@id\":\"https:\/\/ticsalutsocial.atoom.space\/es\/noticia\/el-xpatient-barcelona-congress-abordara-los-aprendizajes-de-pacientes-y-profesionales-durante-la-crisis-sanitaria-del-covid-19\/#breadcrumb\"},\"inLanguage\":\"es\",\"potentialAction\":[{\"@type\":\"ReadAction\",\"target\":[\"https:\/\/ticsalutsocial.atoom.space\/es\/noticia\/el-xpatient-barcelona-congress-abordara-los-aprendizajes-de-pacientes-y-profesionales-durante-la-crisis-sanitaria-del-covid-19\/\"]}]},{\"@type\":\"ImageObject\",\"inLanguage\":\"es\",\"@id\":\"https:\/\/ticsalutsocial.atoom.space\/es\/noticia\/el-xpatient-barcelona-congress-abordara-los-aprendizajes-de-pacientes-y-profesionales-durante-la-crisis-sanitaria-del-covid-19\/#primaryimage\",\"url\":\"https:\/\/ticsalutsocial.atoom.space\/wp-content\/uploads\/2020\/07\/xpatient-jpeg_1458780943.gif\",\"contentUrl\":\"https:\/\/ticsalutsocial.atoom.space\/wp-content\/uploads\/2020\/07\/xpatient-jpeg_1458780943.gif\",\"width\":450,\"height\":300},{\"@type\":\"BreadcrumbList\",\"@id\":\"https:\/\/ticsalutsocial.atoom.space\/es\/noticia\/el-xpatient-barcelona-congress-abordara-los-aprendizajes-de-pacientes-y-profesionales-durante-la-crisis-sanitaria-del-covid-19\/#breadcrumb\",\"itemListElement\":[{\"@type\":\"ListItem\",\"position\":1,\"name\":\"Inici\",\"item\":\"https:\/\/ticsalutsocial.atoom.space\/es\/\"},{\"@type\":\"ListItem\",\"position\":2,\"name\":\"El XPatient Barcelona Congress abordar\u00e1 los aprendizajes de pacientes y profesionales durante la crisis sanitaria del Covid-19\"}]},{\"@type\":\"WebSite\",\"@id\":\"https:\/\/ticsalutsocial.atoom.space\/es\/#website\",\"url\":\"https:\/\/ticsalutsocial.atoom.space\/es\/\",\"name\":\"Fundaci\u00f3 TIC Salut i Social\",\"description\":\"\",\"potentialAction\":[{\"@type\":\"SearchAction\",\"target\":{\"@type\":\"EntryPoint\",\"urlTemplate\":\"https:\/\/ticsalutsocial.atoom.space\/es\/?s={search_term_string}\"},\"query-input\":{\"@type\":\"PropertyValueSpecification\",\"valueRequired\":true,\"valueName\":\"search_term_string\"}}],\"inLanguage\":\"es\"}]}<\/script>\n<!-- \/ Yoast SEO plugin. -->","yoast_head_json":{"title":"El XPatient Barcelona Congress abordar\u00e1 los aprendizajes de pacientes y profesionales durante la crisis sanitaria del Covid-19 - Fundaci\u00f3 TIC Salut i Social","robots":{"index":"index","follow":"follow","max-snippet":"max-snippet:-1","max-image-preview":"max-image-preview:large","max-video-preview":"max-video-preview:-1"},"canonical":"https:\/\/ticsalutsocial.atoom.space\/es\/noticia\/el-xpatient-barcelona-congress-abordara-los-aprendizajes-de-pacientes-y-profesionales-durante-la-crisis-sanitaria-del-covid-19\/","og_locale":"es_ES","og_type":"article","og_title":"El XPatient Barcelona Congress abordar\u00e1 los aprendizajes de pacientes y profesionales durante la crisis sanitaria del Covid-19 - Fundaci\u00f3 TIC Salut i Social","og_description":"La quinta edici\u00f3n del XPatient Barcelona Congress, que se celebrar\u00e1 el 29 y 30 de septiembre en formato virtual, abordar\u00e1 nuevas soluciones tecnol\u00f3gicas y casos de \u00e9xito que inciden en la mejora de la experiencia del paciente y pondr\u00e1 en valor los aprendizajes de enfermos y profesionales durante la crisis sanitaria del Covid-19. La crisis [&hellip;]","og_url":"https:\/\/ticsalutsocial.atoom.space\/es\/noticia\/el-xpatient-barcelona-congress-abordara-los-aprendizajes-de-pacientes-y-profesionales-durante-la-crisis-sanitaria-del-covid-19\/","og_site_name":"Fundaci\u00f3 TIC Salut i Social","article_modified_time":"2021-07-21T13:48:15+00:00","og_image":[{"width":450,"height":300,"url":"https:\/\/ticsalutsocial.atoom.space\/wp-content\/uploads\/2020\/07\/xpatient-jpeg_1458780943.gif","type":"image\/gif"}],"twitter_card":"summary_large_image","twitter_misc":{"Tiempo de lectura":"2 minutos"},"schema":{"@context":"https:\/\/schema.org","@graph":[{"@type":"WebPage","@id":"https:\/\/ticsalutsocial.atoom.space\/es\/noticia\/el-xpatient-barcelona-congress-abordara-los-aprendizajes-de-pacientes-y-profesionales-durante-la-crisis-sanitaria-del-covid-19\/","url":"https:\/\/ticsalutsocial.atoom.space\/es\/noticia\/el-xpatient-barcelona-congress-abordara-los-aprendizajes-de-pacientes-y-profesionales-durante-la-crisis-sanitaria-del-covid-19\/","name":"El XPatient Barcelona Congress abordar\u00e1 los aprendizajes de pacientes y profesionales durante la crisis sanitaria del Covid-19 - Fundaci\u00f3 TIC Salut i Social","isPartOf":{"@id":"https:\/\/ticsalutsocial.atoom.space\/es\/#website"},"primaryImageOfPage":{"@id":"https:\/\/ticsalutsocial.atoom.space\/es\/noticia\/el-xpatient-barcelona-congress-abordara-los-aprendizajes-de-pacientes-y-profesionales-durante-la-crisis-sanitaria-del-covid-19\/#primaryimage"},"image":{"@id":"https:\/\/ticsalutsocial.atoom.space\/es\/noticia\/el-xpatient-barcelona-congress-abordara-los-aprendizajes-de-pacientes-y-profesionales-durante-la-crisis-sanitaria-del-covid-19\/#primaryimage"},"thumbnailUrl":"https:\/\/ticsalutsocial.atoom.space\/wp-content\/uploads\/2020\/07\/xpatient-jpeg_1458780943.gif","datePublished":"2020-07-13T07:22:35+00:00","dateModified":"2021-07-21T13:48:15+00:00","breadcrumb":{"@id":"https:\/\/ticsalutsocial.atoom.space\/es\/noticia\/el-xpatient-barcelona-congress-abordara-los-aprendizajes-de-pacientes-y-profesionales-durante-la-crisis-sanitaria-del-covid-19\/#breadcrumb"},"inLanguage":"es","potentialAction":[{"@type":"ReadAction","target":["https:\/\/ticsalutsocial.atoom.space\/es\/noticia\/el-xpatient-barcelona-congress-abordara-los-aprendizajes-de-pacientes-y-profesionales-durante-la-crisis-sanitaria-del-covid-19\/"]}]},{"@type":"ImageObject","inLanguage":"es","@id":"https:\/\/ticsalutsocial.atoom.space\/es\/noticia\/el-xpatient-barcelona-congress-abordara-los-aprendizajes-de-pacientes-y-profesionales-durante-la-crisis-sanitaria-del-covid-19\/#primaryimage","url":"https:\/\/ticsalutsocial.atoom.space\/wp-content\/uploads\/2020\/07\/xpatient-jpeg_1458780943.gif","contentUrl":"https:\/\/ticsalutsocial.atoom.space\/wp-content\/uploads\/2020\/07\/xpatient-jpeg_1458780943.gif","width":450,"height":300},{"@type":"BreadcrumbList","@id":"https:\/\/ticsalutsocial.atoom.space\/es\/noticia\/el-xpatient-barcelona-congress-abordara-los-aprendizajes-de-pacientes-y-profesionales-durante-la-crisis-sanitaria-del-covid-19\/#breadcrumb","itemListElement":[{"@type":"ListItem","position":1,"name":"Inici","item":"https:\/\/ticsalutsocial.atoom.space\/es\/"},{"@type":"ListItem","position":2,"name":"El XPatient Barcelona Congress abordar\u00e1 los aprendizajes de pacientes y profesionales durante la crisis sanitaria del Covid-19"}]},{"@type":"WebSite","@id":"https:\/\/ticsalutsocial.atoom.space\/es\/#website","url":"https:\/\/ticsalutsocial.atoom.space\/es\/","name":"Fundaci\u00f3 TIC Salut i Social","description":"","potentialAction":[{"@type":"SearchAction","target":{"@type":"EntryPoint","urlTemplate":"https:\/\/ticsalutsocial.atoom.space\/es\/?s={search_term_string}"},"query-input":{"@type":"PropertyValueSpecification","valueRequired":true,"valueName":"search_term_string"}}],"inLanguage":"es"}]}},"_links":{"self":[{"href":"https:\/\/ticsalutsocial.atoom.space\/es\/wp-json\/wp\/v2\/noticia\/4610","targetHints":{"allow":["GET"]}}],"collection":[{"href":"https:\/\/ticsalutsocial.atoom.space\/es\/wp-json\/wp\/v2\/noticia"}],"about":[{"href":"https:\/\/ticsalutsocial.atoom.space\/es\/wp-json\/wp\/v2\/types\/noticia"}],"author":[{"embeddable":true,"href":"https:\/\/ticsalutsocial.atoom.space\/es\/wp-json\/wp\/v2\/users\/21"}],"wp:featuredmedia":[{"embeddable":true,"href":"https:\/\/ticsalutsocial.atoom.space\/es\/wp-json\/wp\/v2\/media\/4606"}],"wp:attachment":[{"href":"https:\/\/ticsalutsocial.atoom.space\/es\/wp-json\/wp\/v2\/media?parent=4610"}],"wp:term":[{"taxonomy":"etiqueta","embeddable":true,"href":"https:\/\/ticsalutsocial.atoom.space\/es\/wp-json\/wp\/v2\/etiqueta?post=4610"},{"taxonomy":"tipus","embeddable":true,"href":"https:\/\/ticsalutsocial.atoom.space\/es\/wp-json\/wp\/v2\/tipus?post=4610"},{"taxonomy":"topic","embeddable":true,"href":"https:\/\/ticsalutsocial.atoom.space\/es\/wp-json\/wp\/v2\/topic?post=4610"}],"curies":[{"name":"wp","href":"https:\/\/api.w.org\/{rel}","templated":true}]}}