
{"id":4647,"date":"2020-07-31T10:49:47","date_gmt":"2020-07-31T08:49:47","guid":{"rendered":"https:\/\/ticsalutsocial.atoom.space\/?post_type=noticia&#038;p=4647"},"modified":"2021-07-21T15:48:38","modified_gmt":"2021-07-21T13:48:38","slug":"otorgadas-las-ayudas-tic-salut-social-a-estudiantes-que-cursaran-el-master-en-ehealth-de-la-salle","status":"publish","type":"noticia","link":"https:\/\/ticsalutsocial.atoom.space\/es\/noticia\/otorgadas-las-ayudas-tic-salut-social-a-estudiantes-que-cursaran-el-master-en-ehealth-de-la-salle\/","title":{"rendered":"Otorgadas las ayudas \u201cTIC Salut Social\u201d a estudiantes que cursaran el Master en eHealth de La Salle"},"content":{"rendered":"<p>Ariadna Cots, psic\u00f3loga y fisioterapeuta graduada por la Universidad Ramon Llull es la beneficiaria de la \u00bb Beca TIC Salut Social\u00bb de este a\u00f1o . La ayuda bonifica el cincuenta por ciento del importe total de la matr\u00edcula del m\u00e1ster en su modalidad presencial. Seg\u00fan la opini\u00f3n de esta nueva alumna \u00abCursar el Master en eHealth es una oportunidad para estudiar c\u00f3mo las nuevas tecnolog\u00edas est\u00e1n transformando los modelos asistenciales actuales \u00bb al tiempo que a\u00f1ade \u00abEste Master me aportar\u00e1 los conocimientos y las herramientas para poder aplicar el gran potencial que tienen las TIC en los sistemas asistenciales emergentes. Todo un reto profesional y personal que afronto con ilusi\u00f3n y optimismo. \u00ab. Adem\u00e1s, otro estudiante, Alberto Farci tambi\u00e9n ha sido seleccionado y tendr\u00e1 acceso a la Master con un importe bonificado . Estas becas, de periodicidad anual, tienen por objetivo premiar estudiantes con motivaciones profesionales y talento , vinculados a un sistema innovador en el \u00e1mbito de la salud digital. En el jurado han formado parte miembros de la Fundaci\u00f3n TIC Salud Social (FTSS) relacionados con e ls estudios de postgrado y de la Universidad La Salle (URL).<\/p>\n<blockquote><p>Este Master me aportar\u00e1 los conocimientos y las herramientas para poder aplicar el gran potencial que tienen las TIC en los sistemas asistenciales emergentes<\/p><\/blockquote>\n<p>Algunos aspectos clave que distinguen el Master en eHealth &#8211; La Salle<\/p>\n<p>1.- 4\u00ba Master en el ranking de Estado<\/p>\n<p>2 .-El M\u00e1ster cuenta con profesores en activo de primer nivel y especialistas en la su materia , todos ellos trabajando en hospitales y centros de Tecnolog\u00eda y Innovaci\u00f3n vinculados con las TIC en Salud.<\/p>\n<p>3 .-Permite hacer un uso adecuado tanto de los conocimientos de la direcci\u00f3n sanitaria y de los procesos asistenciales , como de las tecnolog\u00edas de la informaci\u00f3n y de la comunicaci\u00f3n , con el objetivo de mejorar la atenci\u00f3n al paciente , la eficacia de los diagn\u00f3sticos y los tratamientos , a la vez que optimizar procesos y reducir costes .<\/p>\n<p>4 .-Realizaci\u00f3n de un Trabajo de Fin de M\u00e1ster centrado en la Transformaci\u00f3n Digital del Sector Sanitario: producto , industria , hospital o centro asistencial . Asimismo permite incubar el proyecto en La Salle Technova , parque de Innovaci\u00f3n Tecnol\u00f3gica y de la Emprendedur\u00eda .<\/p>\n<p>5 .-El programa se plantea en dos modalidades, presencial en Barcelona y online a trav\u00e9s del campus virtual, con el fin de poderlo compaginar con la actividad laboral.<\/p>\n<p><strong>Colaboraci\u00f3n FTSS &#8211; La Salle<\/strong><\/p>\n<p>La FTSS establece un convenio de colaboraci\u00f3n con la Universidad La Salle con la intenci\u00f3n de promover la formaci\u00f3n en Nuevas Tecnolog\u00edas en el \u00e1mbito de la salud como estrategia de dar soporte a la gesti\u00f3n de los servicios sanitarios . En virtud de este convenio , la FTSS otorga dos becas anuales para facilitar la participaci\u00f3n de profesionales de la salud que deseen realizar el <a href=\"https:\/\/www.salleurl.edu\/ca\/estudis\/master-en-ehealth-tecnologies-de-la-informacio-i-gestio-sanitaria\">M\u00c1STER EN E-HEALTH: TECNOLOG\u00cdAS DE LA INFORMACI\u00d3N Y GESTI\u00d3N SANITARIA.<\/a><\/p>\n","protected":false},"author":21,"featured_media":4644,"menu_order":0,"template":"","meta":{"_acf_changed":false,"inline_featured_image":false},"etiqueta":[],"tipus":[],"topic":[119],"class_list":["post-4647","noticia","type-noticia","status-publish","has-post-thumbnail","hentry","topic-innovacion"],"acf":{"imatge":4646,"autor":"Marc De San Pedro","textos_destacats":[{"texte":"Una graduada en psicolog\u00eda a y fisioterapia consigue la beca para estudiar en el Master que se sit\u00faa en cuarta posici\u00f3n en el ranking estatal"}]},"yoast_head":"<!-- This site is optimized with the Yoast SEO plugin v27.1.1 - https:\/\/yoast.com\/product\/yoast-seo-wordpress\/ -->\n<title>Otorgadas las ayudas \u201cTIC Salut Social\u201d a estudiantes que cursaran el Master en eHealth de La Salle - Fundaci\u00f3 TIC Salut i Social<\/title>\n<meta name=\"robots\" content=\"index, follow, max-snippet:-1, max-image-preview:large, max-video-preview:-1\" \/>\n<link rel=\"canonical\" href=\"https:\/\/ticsalutsocial.atoom.space\/es\/noticia\/otorgadas-las-ayudas-tic-salut-social-a-estudiantes-que-cursaran-el-master-en-ehealth-de-la-salle\/\" \/>\n<meta property=\"og:locale\" content=\"es_ES\" \/>\n<meta property=\"og:type\" content=\"article\" \/>\n<meta property=\"og:title\" content=\"Otorgadas las ayudas \u201cTIC Salut Social\u201d a estudiantes que cursaran el Master en eHealth de La Salle - Fundaci\u00f3 TIC Salut i Social\" \/>\n<meta property=\"og:description\" content=\"Ariadna Cots, psic\u00f3loga y fisioterapeuta graduada por la Universidad Ramon Llull es la beneficiaria de la \u00bb Beca TIC Salut Social\u00bb de este a\u00f1o . La ayuda bonifica el cincuenta por ciento del importe total de la matr\u00edcula del m\u00e1ster en su modalidad presencial. Seg\u00fan la opini\u00f3n de esta nueva alumna \u00abCursar el Master en [&hellip;]\" \/>\n<meta property=\"og:url\" content=\"https:\/\/ticsalutsocial.atoom.space\/es\/noticia\/otorgadas-las-ayudas-tic-salut-social-a-estudiantes-que-cursaran-el-master-en-ehealth-de-la-salle\/\" \/>\n<meta property=\"og:site_name\" content=\"Fundaci\u00f3 TIC Salut i Social\" \/>\n<meta property=\"article:modified_time\" content=\"2021-07-21T13:48:38+00:00\" \/>\n<meta property=\"og:image\" content=\"https:\/\/ticsalutsocial.atoom.space\/wp-content\/uploads\/2020\/07\/photo-1434030216411-0b793f4b4173.jpg\" \/>\n\t<meta property=\"og:image:width\" content=\"750\" \/>\n\t<meta property=\"og:image:height\" content=\"500\" \/>\n\t<meta property=\"og:image:type\" content=\"image\/jpeg\" \/>\n<meta name=\"twitter:card\" content=\"summary_large_image\" \/>\n<meta name=\"twitter:label1\" content=\"Tiempo de lectura\" \/>\n\t<meta name=\"twitter:data1\" content=\"3 minutos\" \/>\n<script type=\"application\/ld+json\" class=\"yoast-schema-graph\">{\"@context\":\"https:\/\/schema.org\",\"@graph\":[{\"@type\":\"WebPage\",\"@id\":\"https:\/\/ticsalutsocial.atoom.space\/es\/noticia\/otorgadas-las-ayudas-tic-salut-social-a-estudiantes-que-cursaran-el-master-en-ehealth-de-la-salle\/\",\"url\":\"https:\/\/ticsalutsocial.atoom.space\/es\/noticia\/otorgadas-las-ayudas-tic-salut-social-a-estudiantes-que-cursaran-el-master-en-ehealth-de-la-salle\/\",\"name\":\"Otorgadas las ayudas \u201cTIC Salut Social\u201d a estudiantes que cursaran el Master en eHealth de La Salle - Fundaci\u00f3 TIC Salut i Social\",\"isPartOf\":{\"@id\":\"https:\/\/ticsalutsocial.atoom.space\/es\/#website\"},\"primaryImageOfPage\":{\"@id\":\"https:\/\/ticsalutsocial.atoom.space\/es\/noticia\/otorgadas-las-ayudas-tic-salut-social-a-estudiantes-que-cursaran-el-master-en-ehealth-de-la-salle\/#primaryimage\"},\"image\":{\"@id\":\"https:\/\/ticsalutsocial.atoom.space\/es\/noticia\/otorgadas-las-ayudas-tic-salut-social-a-estudiantes-que-cursaran-el-master-en-ehealth-de-la-salle\/#primaryimage\"},\"thumbnailUrl\":\"https:\/\/ticsalutsocial.atoom.space\/wp-content\/uploads\/2020\/07\/photo-1434030216411-0b793f4b4173.jpg\",\"datePublished\":\"2020-07-31T08:49:47+00:00\",\"dateModified\":\"2021-07-21T13:48:38+00:00\",\"breadcrumb\":{\"@id\":\"https:\/\/ticsalutsocial.atoom.space\/es\/noticia\/otorgadas-las-ayudas-tic-salut-social-a-estudiantes-que-cursaran-el-master-en-ehealth-de-la-salle\/#breadcrumb\"},\"inLanguage\":\"es\",\"potentialAction\":[{\"@type\":\"ReadAction\",\"target\":[\"https:\/\/ticsalutsocial.atoom.space\/es\/noticia\/otorgadas-las-ayudas-tic-salut-social-a-estudiantes-que-cursaran-el-master-en-ehealth-de-la-salle\/\"]}]},{\"@type\":\"ImageObject\",\"inLanguage\":\"es\",\"@id\":\"https:\/\/ticsalutsocial.atoom.space\/es\/noticia\/otorgadas-las-ayudas-tic-salut-social-a-estudiantes-que-cursaran-el-master-en-ehealth-de-la-salle\/#primaryimage\",\"url\":\"https:\/\/ticsalutsocial.atoom.space\/wp-content\/uploads\/2020\/07\/photo-1434030216411-0b793f4b4173.jpg\",\"contentUrl\":\"https:\/\/ticsalutsocial.atoom.space\/wp-content\/uploads\/2020\/07\/photo-1434030216411-0b793f4b4173.jpg\",\"width\":750,\"height\":500},{\"@type\":\"BreadcrumbList\",\"@id\":\"https:\/\/ticsalutsocial.atoom.space\/es\/noticia\/otorgadas-las-ayudas-tic-salut-social-a-estudiantes-que-cursaran-el-master-en-ehealth-de-la-salle\/#breadcrumb\",\"itemListElement\":[{\"@type\":\"ListItem\",\"position\":1,\"name\":\"Inici\",\"item\":\"https:\/\/ticsalutsocial.atoom.space\/es\/\"},{\"@type\":\"ListItem\",\"position\":2,\"name\":\"Otorgadas las ayudas \u201cTIC Salut Social\u201d a estudiantes que cursaran el Master en eHealth de La Salle\"}]},{\"@type\":\"WebSite\",\"@id\":\"https:\/\/ticsalutsocial.atoom.space\/es\/#website\",\"url\":\"https:\/\/ticsalutsocial.atoom.space\/es\/\",\"name\":\"Fundaci\u00f3 TIC Salut i Social\",\"description\":\"\",\"potentialAction\":[{\"@type\":\"SearchAction\",\"target\":{\"@type\":\"EntryPoint\",\"urlTemplate\":\"https:\/\/ticsalutsocial.atoom.space\/es\/?s={search_term_string}\"},\"query-input\":{\"@type\":\"PropertyValueSpecification\",\"valueRequired\":true,\"valueName\":\"search_term_string\"}}],\"inLanguage\":\"es\"}]}<\/script>\n<!-- \/ Yoast SEO plugin. -->","yoast_head_json":{"title":"Otorgadas las ayudas \u201cTIC Salut Social\u201d a estudiantes que cursaran el Master en eHealth de La Salle - Fundaci\u00f3 TIC Salut i Social","robots":{"index":"index","follow":"follow","max-snippet":"max-snippet:-1","max-image-preview":"max-image-preview:large","max-video-preview":"max-video-preview:-1"},"canonical":"https:\/\/ticsalutsocial.atoom.space\/es\/noticia\/otorgadas-las-ayudas-tic-salut-social-a-estudiantes-que-cursaran-el-master-en-ehealth-de-la-salle\/","og_locale":"es_ES","og_type":"article","og_title":"Otorgadas las ayudas \u201cTIC Salut Social\u201d a estudiantes que cursaran el Master en eHealth de La Salle - Fundaci\u00f3 TIC Salut i Social","og_description":"Ariadna Cots, psic\u00f3loga y fisioterapeuta graduada por la Universidad Ramon Llull es la beneficiaria de la \u00bb Beca TIC Salut Social\u00bb de este a\u00f1o . La ayuda bonifica el cincuenta por ciento del importe total de la matr\u00edcula del m\u00e1ster en su modalidad presencial. Seg\u00fan la opini\u00f3n de esta nueva alumna \u00abCursar el Master en [&hellip;]","og_url":"https:\/\/ticsalutsocial.atoom.space\/es\/noticia\/otorgadas-las-ayudas-tic-salut-social-a-estudiantes-que-cursaran-el-master-en-ehealth-de-la-salle\/","og_site_name":"Fundaci\u00f3 TIC Salut i Social","article_modified_time":"2021-07-21T13:48:38+00:00","og_image":[{"width":750,"height":500,"url":"https:\/\/ticsalutsocial.atoom.space\/wp-content\/uploads\/2020\/07\/photo-1434030216411-0b793f4b4173.jpg","type":"image\/jpeg"}],"twitter_card":"summary_large_image","twitter_misc":{"Tiempo de lectura":"3 minutos"},"schema":{"@context":"https:\/\/schema.org","@graph":[{"@type":"WebPage","@id":"https:\/\/ticsalutsocial.atoom.space\/es\/noticia\/otorgadas-las-ayudas-tic-salut-social-a-estudiantes-que-cursaran-el-master-en-ehealth-de-la-salle\/","url":"https:\/\/ticsalutsocial.atoom.space\/es\/noticia\/otorgadas-las-ayudas-tic-salut-social-a-estudiantes-que-cursaran-el-master-en-ehealth-de-la-salle\/","name":"Otorgadas las ayudas \u201cTIC Salut Social\u201d a estudiantes que cursaran el Master en eHealth de La Salle - Fundaci\u00f3 TIC Salut i Social","isPartOf":{"@id":"https:\/\/ticsalutsocial.atoom.space\/es\/#website"},"primaryImageOfPage":{"@id":"https:\/\/ticsalutsocial.atoom.space\/es\/noticia\/otorgadas-las-ayudas-tic-salut-social-a-estudiantes-que-cursaran-el-master-en-ehealth-de-la-salle\/#primaryimage"},"image":{"@id":"https:\/\/ticsalutsocial.atoom.space\/es\/noticia\/otorgadas-las-ayudas-tic-salut-social-a-estudiantes-que-cursaran-el-master-en-ehealth-de-la-salle\/#primaryimage"},"thumbnailUrl":"https:\/\/ticsalutsocial.atoom.space\/wp-content\/uploads\/2020\/07\/photo-1434030216411-0b793f4b4173.jpg","datePublished":"2020-07-31T08:49:47+00:00","dateModified":"2021-07-21T13:48:38+00:00","breadcrumb":{"@id":"https:\/\/ticsalutsocial.atoom.space\/es\/noticia\/otorgadas-las-ayudas-tic-salut-social-a-estudiantes-que-cursaran-el-master-en-ehealth-de-la-salle\/#breadcrumb"},"inLanguage":"es","potentialAction":[{"@type":"ReadAction","target":["https:\/\/ticsalutsocial.atoom.space\/es\/noticia\/otorgadas-las-ayudas-tic-salut-social-a-estudiantes-que-cursaran-el-master-en-ehealth-de-la-salle\/"]}]},{"@type":"ImageObject","inLanguage":"es","@id":"https:\/\/ticsalutsocial.atoom.space\/es\/noticia\/otorgadas-las-ayudas-tic-salut-social-a-estudiantes-que-cursaran-el-master-en-ehealth-de-la-salle\/#primaryimage","url":"https:\/\/ticsalutsocial.atoom.space\/wp-content\/uploads\/2020\/07\/photo-1434030216411-0b793f4b4173.jpg","contentUrl":"https:\/\/ticsalutsocial.atoom.space\/wp-content\/uploads\/2020\/07\/photo-1434030216411-0b793f4b4173.jpg","width":750,"height":500},{"@type":"BreadcrumbList","@id":"https:\/\/ticsalutsocial.atoom.space\/es\/noticia\/otorgadas-las-ayudas-tic-salut-social-a-estudiantes-que-cursaran-el-master-en-ehealth-de-la-salle\/#breadcrumb","itemListElement":[{"@type":"ListItem","position":1,"name":"Inici","item":"https:\/\/ticsalutsocial.atoom.space\/es\/"},{"@type":"ListItem","position":2,"name":"Otorgadas las ayudas \u201cTIC Salut Social\u201d a estudiantes que cursaran el Master en eHealth de La Salle"}]},{"@type":"WebSite","@id":"https:\/\/ticsalutsocial.atoom.space\/es\/#website","url":"https:\/\/ticsalutsocial.atoom.space\/es\/","name":"Fundaci\u00f3 TIC Salut i Social","description":"","potentialAction":[{"@type":"SearchAction","target":{"@type":"EntryPoint","urlTemplate":"https:\/\/ticsalutsocial.atoom.space\/es\/?s={search_term_string}"},"query-input":{"@type":"PropertyValueSpecification","valueRequired":true,"valueName":"search_term_string"}}],"inLanguage":"es"}]}},"_links":{"self":[{"href":"https:\/\/ticsalutsocial.atoom.space\/es\/wp-json\/wp\/v2\/noticia\/4647","targetHints":{"allow":["GET"]}}],"collection":[{"href":"https:\/\/ticsalutsocial.atoom.space\/es\/wp-json\/wp\/v2\/noticia"}],"about":[{"href":"https:\/\/ticsalutsocial.atoom.space\/es\/wp-json\/wp\/v2\/types\/noticia"}],"author":[{"embeddable":true,"href":"https:\/\/ticsalutsocial.atoom.space\/es\/wp-json\/wp\/v2\/users\/21"}],"wp:featuredmedia":[{"embeddable":true,"href":"https:\/\/ticsalutsocial.atoom.space\/es\/wp-json\/wp\/v2\/media\/4644"}],"wp:attachment":[{"href":"https:\/\/ticsalutsocial.atoom.space\/es\/wp-json\/wp\/v2\/media?parent=4647"}],"wp:term":[{"taxonomy":"etiqueta","embeddable":true,"href":"https:\/\/ticsalutsocial.atoom.space\/es\/wp-json\/wp\/v2\/etiqueta?post=4647"},{"taxonomy":"tipus","embeddable":true,"href":"https:\/\/ticsalutsocial.atoom.space\/es\/wp-json\/wp\/v2\/tipus?post=4647"},{"taxonomy":"topic","embeddable":true,"href":"https:\/\/ticsalutsocial.atoom.space\/es\/wp-json\/wp\/v2\/topic?post=4647"}],"curies":[{"name":"wp","href":"https:\/\/api.w.org\/{rel}","templated":true}]}}