
{"id":4652,"date":"2020-09-17T09:37:24","date_gmt":"2020-09-17T07:37:24","guid":{"rendered":"https:\/\/ticsalutsocial.atoom.space\/?post_type=noticia&#038;p=4652"},"modified":"2021-07-21T15:48:41","modified_gmt":"2021-07-21T13:48:41","slug":"la-transformacion-digital-en-atencion-primaria-y-comunitaria-marca-el-inicio-de-las-10a-jornadas-idi-tic-salud-y-social","status":"publish","type":"noticia","link":"https:\/\/ticsalutsocial.atoom.space\/es\/noticia\/la-transformacion-digital-en-atencion-primaria-y-comunitaria-marca-el-inicio-de-las-10a-jornadas-idi-tic-salud-y-social\/","title":{"rendered":"La transformaci\u00f3n digital en Atenci\u00f3n Primaria y Comunitaria marca el inicio de las 10\u00aa Jornadas I+D+I TIC, Salud y Social"},"content":{"rendered":"<h3>El programa de las Jornadas, totalmente virtual, se articula alrededor de cuatro seminarios web bajo el t\u00edtulo &#8216;Transformaci\u00f3n digital en el sistema sanitario y social ante el reto de la pandemia&#8217;<\/h3>\n<p><strong>La primera sesi\u00f3n tendr\u00e1 lugar el 23 de septiembre y la \u00faltima, el 21 de octubre<\/strong><\/p>\n<p>Las grandes transformaciones causadas por la irrupci\u00f3n de las tecnolog\u00edas digitales que ha sufrido la Atenci\u00f3n Primaria Comunitaria, y que se ha hecho especialmente evidente en el marco de la Covid-19, es el tema del webinar o seminario web que dar\u00e1 el pistoletazo de salida a las 10\u00aa Jornadas I+D+I TIC, Salud y Social. Bajo el t\u00edtulo &#8216;Transformaci\u00f3n digital en el sistema sanitario y social ante el reto de la pandemia&#8217;, las jornadas que se celebraban presencialmente en la UVic, este a\u00f1o se trasladan a la red con un programa que constar\u00e1 de cuatro webinars, del 23 de septiembre hasta el 21 de octubre.<\/p>\n<p>Seg\u00fan la coordinadora del Centro de Estudios Sanitarios y Sociales (CESS), Marina Geli, \u00abel sistema de Salud de Catalu\u00f1a, y especialmente la Atenci\u00f3n Primaria y Comunitaria, ya hac\u00eda tiempo que hab\u00eda iniciado un proceso de transformaci\u00f3n. Sin embargo, la crisis sanitaria ha hecho acelerar la incorporaci\u00f3n de mejoras en teleconsultas, teletrabajo y en la relaci\u00f3n entre niveles asistenciales. Esto ha permitido dar atenci\u00f3n a las necesidades de la poblaci\u00f3n de una manera segura en momentos de extrema complejidad. Pero, \u00bfqu\u00e9 quedar\u00e1 de todo esto? \u00ab. <a href=\"https:\/\/ticsalutsocial.atoom.space\/es\/app\/tallk\/3-25-2\/\">Esta primera sesi\u00f3n, prevista para el 23 de septiembre a las 16 horas<\/a>, contar\u00e1 con la m\u00e9dico de familia del Institut Catal\u00e0 de la Salut, Marta Sagarra, y la m\u00e9dico de familia del CAP Centelles, directora general de la EBA Centelles y coordinadora TIC ACEBA, Silvia Narejos. La moderaci\u00f3n correr\u00e1 a cargo de los m\u00e9dicos de familia Laura Camps y Josep Vidal.<\/p>\n<p><strong>Poniendo el foco en la atenci\u00f3n hospitalaria<\/strong><\/p>\n<p>El segundo seminario web, previsto para el 7 de octubre a las 16 horas, pondr\u00e1 el foco en la transformaci\u00f3n digital en el campo de la atenci\u00f3n hospitalaria. \u00abNo hay duda de que el \u00e1mbito hospitalario ha tenido que hacer un salto adelante hacia nuevas formas de trabajar gracias al teletrabajo y la telemedicina, que han permitido a los profesionales asistenciales hacer visitas y seguimientos de manera no presencial. Durante la sesi\u00f3n se debatir\u00e1n los criterios sobre qu\u00e9 actividades conviene que sigan siendo presenciales y cu\u00e1les no \u00ab, afirma el director de la Fundaci\u00f3 TIC Salut, Josu\u00e9 Sallent. En este caso, se contar\u00e1 con la presencia de dos expertos en el tema, el jefe de Sistemas de Informaci\u00f3n de Althaia, Pere Guerrero, y de la neurorradiolog\u00eda y profesora de la Facultad de Medicina de la UVic-UCC y referente de calidad del Servicio de Diagn\u00f3stico por la Imagen del Consorcio Hospitalario de Vic, Marta Serrallonga. Moderar\u00e1n el debate el director de Investigaci\u00f3n e Innovaci\u00f3n de UManresa, Xavier Giron\u00e8s, y la directora de Transferencia de Conocimiento del Consorcio Hospitalario de Vic, neum\u00f3loga y profesora de la Facultad de Medicina, N\u00faria Roger.<\/p>\n<p><strong>La transformaci\u00f3n digital a los servicios sociales<\/strong><\/p>\n<p>El tercer seminario web &#8216;Servicios Sociales y uso de las herramientas digitales&#8217; tendr\u00e1 lugar el d\u00eda 14 de octubre a las 16h para debatir cu\u00e1l ha sido el rol de la tecnolog\u00eda en el proceso de adaptaci\u00f3n que han sufrido los servicios de atenci\u00f3n social , provistos mayoritariamente por la administraci\u00f3n y entidades del tercer sector para mantenerse como servicios esenciales. La responsable del Gabinete de la Gerencia del Instituto Municipal de Servicios Sociales del Ayuntamiento de Barcelona, \u200b\u200bMarta Fab\u00e0, explicar\u00e1 el papel que han tenido las herramientas digitales en la gesti\u00f3n de la crisis a los servicios sociales municipales, tanto en relaci\u00f3n a la reorganizaci\u00f3n de los equipos y formas de trabajo, como la provisi\u00f3n de los servicios. Le acompa\u00f1ar\u00e1 la research manager y coordinadora del Programa ESADE-PwC de Liderazgo Social en el Instituto de Innovaci\u00f3n Social, Maria Sureda. Los moderadores ser\u00e1n el gestor de soluciones del \u00c1rea TIC del Departamento de Trabajo, Asuntos Sociales y Familias, Carles Julbe, y el director ejecutivo de la C\u00e1tedra Servicios Sociales de la UVic-UCC, Manu Vidal-Ribas.<\/p>\n<p><strong>\u00c9tica y transformaci\u00f3n digital en la b\u00fasqueda<\/strong><\/p>\n<p>Por \u00faltimo, la directora de la C\u00e1tedra de Bio\u00e9tica de la UVic-UCC &#8211; Fundaci\u00f3 Gr\u00edfols, N\u00faria Terribas, la responsable del \u00e1mbito de la investigaci\u00f3n de la Oficina del Departamento de Protecci\u00f3n de Datos (DPD) de Salud, Miriam M\u00e9ndez, pondr\u00e1n punto y final a las jornadas con un seminario web sobre \u00c9tica, Protecci\u00f3n de Datos y Transformaci\u00f3n Digital en el \u00e1mbito de la Investigaci\u00f3n &#8216;, el d\u00eda 21 de octubre a las 16h. El punto de partida del debate ser\u00e1 el incremento en los \u00faltimos a\u00f1os los proyectos que incorporan herramientas tecnol\u00f3gicas para obtener resultados y \u00abla investigaci\u00f3n en salud debe integrar referencias que permitan a los investigadores y cient\u00edficos calibrar los par\u00e1metros en que se pueden realizar sus proyectos \u00ab, afirma Geli. Moderar\u00e1 la sesi\u00f3n, Mar\u00eda Jos\u00e9 Campo y Llu\u00eds Sabat\u00e9 de la Oficina DPD de Salud.<\/p>\n<p>La inscripci\u00f3n gratuita a los seminarios web se debe hacer a trav\u00e9s de la p\u00e1gina web de las jornadas www.jornadesrdi.cat. Para enriquecer el debate, se pueden hacer llegar a la avanzada preguntas y comentarios a los ponentes.<\/p>\n<p><strong>Sobre las jornadas<\/strong><\/p>\n<p>Las jornadas I+D+I TIC, Salud y Social las coorganiza la Universidat de Vic &#8211; Universidat Central de Catalunya (UVic-UCC) a trav\u00e9s de la C\u00e0tedra TIC Salut Social y la C\u00e0tedra Serveis Socials, bajo el paraguas del Centre de Estudis Sanitaris i Socials (CESS), y la Fundaci\u00f3 TIC Salut Social, y el apoyo tecnol\u00f3gico de Seidor, que patrocina el evento.<\/p>\n<p>El programa se dirige a profesionales e investigadores de diferentes disciplinas (salud, social, tecnolog\u00eda, empresa &#8230;) motivados por los \u00e1mbitos de las TIC, Salud y Atenci\u00f3n Social, a emprendedores y a empresas de estos mismos sectores, CEO y t\u00e9cnicos de entidades asistenciales y estudiantes, tanto universitarios como de bachillerato y ciclos formativos.<\/p>\n<p>Adem\u00e1s de la UVic-UCC y la Fundaci\u00f3 TIC Salut Social, las jornadas las coorganizan el Consorci Hospitalari de Vic, el Institut Catal\u00e0 de la Salut, la Fundaci\u00f3 Hospital de la Santa Creu de Vic, la EBA Vic, la EBA Centelles, Fundaci\u00f3 Althaia y la FORES.<\/p>\n<p><b>Organizan:<\/b><\/p>\n<p><img loading=\"lazy\" decoding=\"async\" src=\"https:\/\/mcusercontent.com\/826891b962344362410865989\/images\/98b3eb7b-7ca0-43b5-89d6-a1949be8d6bc.jpg\" width=\"500\" height=\"320\" data-file-id=\"6645342\" \/><\/p>\n<p><b>Esp\u00f3nsor platinum:<\/b><\/p>\n<p><img loading=\"lazy\" decoding=\"async\" src=\"https:\/\/mcusercontent.com\/826891b962344362410865989\/images\/3aea864b-68c2-4e79-9372-de167e413543.jpg\" width=\"100\" height=\"25\" data-file-id=\"6645346\" \/><\/p>\n","protected":false},"author":21,"featured_media":4649,"menu_order":0,"template":"","meta":{"_acf_changed":false,"inline_featured_image":false},"etiqueta":[],"tipus":[],"topic":[121],"class_list":["post-4652","noticia","type-noticia","status-publish","has-post-thumbnail","hentry","topic-dpd-es"],"acf":{"imatge":4651,"autor":"Adri\u00e0 G.Font"},"yoast_head":"<!-- This site is optimized with the Yoast SEO plugin v27.1.1 - https:\/\/yoast.com\/product\/yoast-seo-wordpress\/ -->\n<title>La transformaci\u00f3n digital en Atenci\u00f3n Primaria y Comunitaria marca el inicio de las 10\u00aa Jornadas I+D+I TIC, Salud y Social - Fundaci\u00f3 TIC Salut i Social<\/title>\n<meta name=\"robots\" content=\"index, follow, max-snippet:-1, max-image-preview:large, max-video-preview:-1\" \/>\n<link rel=\"canonical\" href=\"https:\/\/ticsalutsocial.atoom.space\/es\/noticia\/la-transformacion-digital-en-atencion-primaria-y-comunitaria-marca-el-inicio-de-las-10a-jornadas-idi-tic-salud-y-social\/\" \/>\n<meta property=\"og:locale\" content=\"es_ES\" \/>\n<meta property=\"og:type\" content=\"article\" \/>\n<meta property=\"og:title\" content=\"La transformaci\u00f3n digital en Atenci\u00f3n Primaria y Comunitaria marca el inicio de las 10\u00aa Jornadas I+D+I TIC, Salud y Social - Fundaci\u00f3 TIC Salut i Social\" \/>\n<meta property=\"og:description\" content=\"El programa de las Jornadas, totalmente virtual, se articula alrededor de cuatro seminarios web bajo el t\u00edtulo &#8216;Transformaci\u00f3n digital en el sistema sanitario y social ante el reto de la pandemia&#8217; La primera sesi\u00f3n tendr\u00e1 lugar el 23 de septiembre y la \u00faltima, el 21 de octubre Las grandes transformaciones causadas por la irrupci\u00f3n de [&hellip;]\" \/>\n<meta property=\"og:url\" content=\"https:\/\/ticsalutsocial.atoom.space\/es\/noticia\/la-transformacion-digital-en-atencion-primaria-y-comunitaria-marca-el-inicio-de-las-10a-jornadas-idi-tic-salud-y-social\/\" \/>\n<meta property=\"og:site_name\" content=\"Fundaci\u00f3 TIC Salut i Social\" \/>\n<meta property=\"article:modified_time\" content=\"2021-07-21T13:48:41+00:00\" \/>\n<meta property=\"og:image\" content=\"https:\/\/ticsalutsocial.atoom.space\/wp-content\/uploads\/2020\/09\/feec-assemblea-vic-edifici-sucre.jpg\" \/>\n\t<meta property=\"og:image:width\" content=\"1024\" \/>\n\t<meta property=\"og:image:height\" content=\"695\" \/>\n\t<meta property=\"og:image:type\" content=\"image\/jpeg\" \/>\n<meta name=\"twitter:card\" content=\"summary_large_image\" \/>\n<meta name=\"twitter:label1\" content=\"Tiempo de lectura\" \/>\n\t<meta name=\"twitter:data1\" content=\"5 minutos\" \/>\n<script type=\"application\/ld+json\" class=\"yoast-schema-graph\">{\"@context\":\"https:\/\/schema.org\",\"@graph\":[{\"@type\":\"WebPage\",\"@id\":\"https:\/\/ticsalutsocial.atoom.space\/es\/noticia\/la-transformacion-digital-en-atencion-primaria-y-comunitaria-marca-el-inicio-de-las-10a-jornadas-idi-tic-salud-y-social\/\",\"url\":\"https:\/\/ticsalutsocial.atoom.space\/es\/noticia\/la-transformacion-digital-en-atencion-primaria-y-comunitaria-marca-el-inicio-de-las-10a-jornadas-idi-tic-salud-y-social\/\",\"name\":\"La transformaci\u00f3n digital en Atenci\u00f3n Primaria y Comunitaria marca el inicio de las 10\u00aa Jornadas I+D+I TIC, Salud y Social - Fundaci\u00f3 TIC Salut i Social\",\"isPartOf\":{\"@id\":\"https:\/\/ticsalutsocial.atoom.space\/es\/#website\"},\"primaryImageOfPage\":{\"@id\":\"https:\/\/ticsalutsocial.atoom.space\/es\/noticia\/la-transformacion-digital-en-atencion-primaria-y-comunitaria-marca-el-inicio-de-las-10a-jornadas-idi-tic-salud-y-social\/#primaryimage\"},\"image\":{\"@id\":\"https:\/\/ticsalutsocial.atoom.space\/es\/noticia\/la-transformacion-digital-en-atencion-primaria-y-comunitaria-marca-el-inicio-de-las-10a-jornadas-idi-tic-salud-y-social\/#primaryimage\"},\"thumbnailUrl\":\"https:\/\/ticsalutsocial.atoom.space\/wp-content\/uploads\/2020\/09\/feec-assemblea-vic-edifici-sucre.jpg\",\"datePublished\":\"2020-09-17T07:37:24+00:00\",\"dateModified\":\"2021-07-21T13:48:41+00:00\",\"breadcrumb\":{\"@id\":\"https:\/\/ticsalutsocial.atoom.space\/es\/noticia\/la-transformacion-digital-en-atencion-primaria-y-comunitaria-marca-el-inicio-de-las-10a-jornadas-idi-tic-salud-y-social\/#breadcrumb\"},\"inLanguage\":\"es\",\"potentialAction\":[{\"@type\":\"ReadAction\",\"target\":[\"https:\/\/ticsalutsocial.atoom.space\/es\/noticia\/la-transformacion-digital-en-atencion-primaria-y-comunitaria-marca-el-inicio-de-las-10a-jornadas-idi-tic-salud-y-social\/\"]}]},{\"@type\":\"ImageObject\",\"inLanguage\":\"es\",\"@id\":\"https:\/\/ticsalutsocial.atoom.space\/es\/noticia\/la-transformacion-digital-en-atencion-primaria-y-comunitaria-marca-el-inicio-de-las-10a-jornadas-idi-tic-salud-y-social\/#primaryimage\",\"url\":\"https:\/\/ticsalutsocial.atoom.space\/wp-content\/uploads\/2020\/09\/feec-assemblea-vic-edifici-sucre.jpg\",\"contentUrl\":\"https:\/\/ticsalutsocial.atoom.space\/wp-content\/uploads\/2020\/09\/feec-assemblea-vic-edifici-sucre.jpg\",\"width\":1024,\"height\":695},{\"@type\":\"BreadcrumbList\",\"@id\":\"https:\/\/ticsalutsocial.atoom.space\/es\/noticia\/la-transformacion-digital-en-atencion-primaria-y-comunitaria-marca-el-inicio-de-las-10a-jornadas-idi-tic-salud-y-social\/#breadcrumb\",\"itemListElement\":[{\"@type\":\"ListItem\",\"position\":1,\"name\":\"Inici\",\"item\":\"https:\/\/ticsalutsocial.atoom.space\/es\/\"},{\"@type\":\"ListItem\",\"position\":2,\"name\":\"La transformaci\u00f3n digital en Atenci\u00f3n Primaria y Comunitaria marca el inicio de las 10\u00aa Jornadas I+D+I TIC, Salud y Social\"}]},{\"@type\":\"WebSite\",\"@id\":\"https:\/\/ticsalutsocial.atoom.space\/es\/#website\",\"url\":\"https:\/\/ticsalutsocial.atoom.space\/es\/\",\"name\":\"Fundaci\u00f3 TIC Salut i Social\",\"description\":\"\",\"potentialAction\":[{\"@type\":\"SearchAction\",\"target\":{\"@type\":\"EntryPoint\",\"urlTemplate\":\"https:\/\/ticsalutsocial.atoom.space\/es\/?s={search_term_string}\"},\"query-input\":{\"@type\":\"PropertyValueSpecification\",\"valueRequired\":true,\"valueName\":\"search_term_string\"}}],\"inLanguage\":\"es\"}]}<\/script>\n<!-- \/ Yoast SEO plugin. -->","yoast_head_json":{"title":"La transformaci\u00f3n digital en Atenci\u00f3n Primaria y Comunitaria marca el inicio de las 10\u00aa Jornadas I+D+I TIC, Salud y Social - Fundaci\u00f3 TIC Salut i Social","robots":{"index":"index","follow":"follow","max-snippet":"max-snippet:-1","max-image-preview":"max-image-preview:large","max-video-preview":"max-video-preview:-1"},"canonical":"https:\/\/ticsalutsocial.atoom.space\/es\/noticia\/la-transformacion-digital-en-atencion-primaria-y-comunitaria-marca-el-inicio-de-las-10a-jornadas-idi-tic-salud-y-social\/","og_locale":"es_ES","og_type":"article","og_title":"La transformaci\u00f3n digital en Atenci\u00f3n Primaria y Comunitaria marca el inicio de las 10\u00aa Jornadas I+D+I TIC, Salud y Social - Fundaci\u00f3 TIC Salut i Social","og_description":"El programa de las Jornadas, totalmente virtual, se articula alrededor de cuatro seminarios web bajo el t\u00edtulo &#8216;Transformaci\u00f3n digital en el sistema sanitario y social ante el reto de la pandemia&#8217; La primera sesi\u00f3n tendr\u00e1 lugar el 23 de septiembre y la \u00faltima, el 21 de octubre Las grandes transformaciones causadas por la irrupci\u00f3n de [&hellip;]","og_url":"https:\/\/ticsalutsocial.atoom.space\/es\/noticia\/la-transformacion-digital-en-atencion-primaria-y-comunitaria-marca-el-inicio-de-las-10a-jornadas-idi-tic-salud-y-social\/","og_site_name":"Fundaci\u00f3 TIC Salut i Social","article_modified_time":"2021-07-21T13:48:41+00:00","og_image":[{"width":1024,"height":695,"url":"https:\/\/ticsalutsocial.atoom.space\/wp-content\/uploads\/2020\/09\/feec-assemblea-vic-edifici-sucre.jpg","type":"image\/jpeg"}],"twitter_card":"summary_large_image","twitter_misc":{"Tiempo de lectura":"5 minutos"},"schema":{"@context":"https:\/\/schema.org","@graph":[{"@type":"WebPage","@id":"https:\/\/ticsalutsocial.atoom.space\/es\/noticia\/la-transformacion-digital-en-atencion-primaria-y-comunitaria-marca-el-inicio-de-las-10a-jornadas-idi-tic-salud-y-social\/","url":"https:\/\/ticsalutsocial.atoom.space\/es\/noticia\/la-transformacion-digital-en-atencion-primaria-y-comunitaria-marca-el-inicio-de-las-10a-jornadas-idi-tic-salud-y-social\/","name":"La transformaci\u00f3n digital en Atenci\u00f3n Primaria y Comunitaria marca el inicio de las 10\u00aa Jornadas I+D+I TIC, Salud y Social - Fundaci\u00f3 TIC Salut i Social","isPartOf":{"@id":"https:\/\/ticsalutsocial.atoom.space\/es\/#website"},"primaryImageOfPage":{"@id":"https:\/\/ticsalutsocial.atoom.space\/es\/noticia\/la-transformacion-digital-en-atencion-primaria-y-comunitaria-marca-el-inicio-de-las-10a-jornadas-idi-tic-salud-y-social\/#primaryimage"},"image":{"@id":"https:\/\/ticsalutsocial.atoom.space\/es\/noticia\/la-transformacion-digital-en-atencion-primaria-y-comunitaria-marca-el-inicio-de-las-10a-jornadas-idi-tic-salud-y-social\/#primaryimage"},"thumbnailUrl":"https:\/\/ticsalutsocial.atoom.space\/wp-content\/uploads\/2020\/09\/feec-assemblea-vic-edifici-sucre.jpg","datePublished":"2020-09-17T07:37:24+00:00","dateModified":"2021-07-21T13:48:41+00:00","breadcrumb":{"@id":"https:\/\/ticsalutsocial.atoom.space\/es\/noticia\/la-transformacion-digital-en-atencion-primaria-y-comunitaria-marca-el-inicio-de-las-10a-jornadas-idi-tic-salud-y-social\/#breadcrumb"},"inLanguage":"es","potentialAction":[{"@type":"ReadAction","target":["https:\/\/ticsalutsocial.atoom.space\/es\/noticia\/la-transformacion-digital-en-atencion-primaria-y-comunitaria-marca-el-inicio-de-las-10a-jornadas-idi-tic-salud-y-social\/"]}]},{"@type":"ImageObject","inLanguage":"es","@id":"https:\/\/ticsalutsocial.atoom.space\/es\/noticia\/la-transformacion-digital-en-atencion-primaria-y-comunitaria-marca-el-inicio-de-las-10a-jornadas-idi-tic-salud-y-social\/#primaryimage","url":"https:\/\/ticsalutsocial.atoom.space\/wp-content\/uploads\/2020\/09\/feec-assemblea-vic-edifici-sucre.jpg","contentUrl":"https:\/\/ticsalutsocial.atoom.space\/wp-content\/uploads\/2020\/09\/feec-assemblea-vic-edifici-sucre.jpg","width":1024,"height":695},{"@type":"BreadcrumbList","@id":"https:\/\/ticsalutsocial.atoom.space\/es\/noticia\/la-transformacion-digital-en-atencion-primaria-y-comunitaria-marca-el-inicio-de-las-10a-jornadas-idi-tic-salud-y-social\/#breadcrumb","itemListElement":[{"@type":"ListItem","position":1,"name":"Inici","item":"https:\/\/ticsalutsocial.atoom.space\/es\/"},{"@type":"ListItem","position":2,"name":"La transformaci\u00f3n digital en Atenci\u00f3n Primaria y Comunitaria marca el inicio de las 10\u00aa Jornadas I+D+I TIC, Salud y Social"}]},{"@type":"WebSite","@id":"https:\/\/ticsalutsocial.atoom.space\/es\/#website","url":"https:\/\/ticsalutsocial.atoom.space\/es\/","name":"Fundaci\u00f3 TIC Salut i Social","description":"","potentialAction":[{"@type":"SearchAction","target":{"@type":"EntryPoint","urlTemplate":"https:\/\/ticsalutsocial.atoom.space\/es\/?s={search_term_string}"},"query-input":{"@type":"PropertyValueSpecification","valueRequired":true,"valueName":"search_term_string"}}],"inLanguage":"es"}]}},"_links":{"self":[{"href":"https:\/\/ticsalutsocial.atoom.space\/es\/wp-json\/wp\/v2\/noticia\/4652","targetHints":{"allow":["GET"]}}],"collection":[{"href":"https:\/\/ticsalutsocial.atoom.space\/es\/wp-json\/wp\/v2\/noticia"}],"about":[{"href":"https:\/\/ticsalutsocial.atoom.space\/es\/wp-json\/wp\/v2\/types\/noticia"}],"author":[{"embeddable":true,"href":"https:\/\/ticsalutsocial.atoom.space\/es\/wp-json\/wp\/v2\/users\/21"}],"wp:featuredmedia":[{"embeddable":true,"href":"https:\/\/ticsalutsocial.atoom.space\/es\/wp-json\/wp\/v2\/media\/4649"}],"wp:attachment":[{"href":"https:\/\/ticsalutsocial.atoom.space\/es\/wp-json\/wp\/v2\/media?parent=4652"}],"wp:term":[{"taxonomy":"etiqueta","embeddable":true,"href":"https:\/\/ticsalutsocial.atoom.space\/es\/wp-json\/wp\/v2\/etiqueta?post=4652"},{"taxonomy":"tipus","embeddable":true,"href":"https:\/\/ticsalutsocial.atoom.space\/es\/wp-json\/wp\/v2\/tipus?post=4652"},{"taxonomy":"topic","embeddable":true,"href":"https:\/\/ticsalutsocial.atoom.space\/es\/wp-json\/wp\/v2\/topic?post=4652"}],"curies":[{"name":"wp","href":"https:\/\/api.w.org\/{rel}","templated":true}]}}