
{"id":4670,"date":"2020-09-22T12:46:11","date_gmt":"2020-09-22T10:46:11","guid":{"rendered":"https:\/\/ticsalutsocial.atoom.space\/?post_type=noticia&#038;p=4670"},"modified":"2021-07-21T15:48:52","modified_gmt":"2021-07-21T13:48:52","slug":"arranca-una-nueva-edicion-de-la-encuesta-del-mapa-de-tendencias-en-tic-social","status":"publish","type":"noticia","link":"https:\/\/ticsalutsocial.atoom.space\/es\/noticia\/arranca-una-nueva-edicion-de-la-encuesta-del-mapa-de-tendencias-en-tic-social\/","title":{"rendered":"Arranca una nueva edici\u00f3n de la encuesta del Mapa de Tendencias en TIC Social"},"content":{"rendered":"<p>Desde la Direcci\u00f3n General de Servicios Sociales (Departament de Treball, Afers Socials i Fam\u00edlies), conjuntamente con la Fundaci\u00f3 TIC Salut Social, ponemos en marcha la tercera edici\u00f3n de la encuesta del Mapa de Tendencias TIC en el \u00e1mbito social.<\/p>\n<p>Para dar continuidad al estudio, desde la gesti\u00f3n del proyecto se ha creado un nuevo cuestionario con el objetivo de seguir ampliando la informaci\u00f3n sobre el grado de digitalizaci\u00f3n, la relaci\u00f3n con la ciudadan\u00eda y el grado de innovaci\u00f3n tecnol\u00f3gica presente en todo el Sistema Catal\u00e1n de Servicios Sociales.<\/p>\n<blockquote><p>El objetivo es continuar ampliando la informaci\u00f3n sobre el grado de digitalizaci\u00f3n, la relaci\u00f3n con la ciudadan\u00eda y el grado de innovaci\u00f3n tecnol\u00f3gica presente en todo el Sistema Catal\u00e1n de Servicios Sociales.<\/p><\/blockquote>\n<p>El cuestionario de este a\u00f1o muestra un formato \u00e1gil y corto para facilitar el nivel de respuesta al conjunto de profesionales de las \u00c1reas B\u00e1sicas de Servicios Sociales. Adem\u00e1s debido a la situaci\u00f3n actual, se han incorporado nuevas preguntas relacionadas con la Covid-19.<\/p>\n<p>El plazo para recoger las respuestas se prev\u00e9 aproximadamente de un mes (hasta finales de octubre). Posteriormente se realizar\u00e1 el an\u00e1lisis de los datos y se pondr\u00e1 a disposici\u00f3n del sector el informe con los resultados m\u00e1s relevantes de este a\u00f1o 2020.<\/p>\n<p>Os mantendremos informados.<\/p>\n","protected":false},"author":21,"featured_media":4667,"menu_order":0,"template":"","meta":{"_acf_changed":false,"inline_featured_image":false},"etiqueta":[],"tipus":[94],"topic":[127],"class_list":["post-4670","noticia","type-noticia","status-publish","has-post-thumbnail","hentry","tipus-integracion-social-y-sanitaria","topic-proyectos"],"acf":{"imatge":4669,"autor":"Lourdes Rodriguez"},"yoast_head":"<!-- This site is optimized with the Yoast SEO plugin v27.1.1 - https:\/\/yoast.com\/product\/yoast-seo-wordpress\/ -->\n<title>Arranca una nueva edici\u00f3n de la encuesta del Mapa de Tendencias en TIC Social - Fundaci\u00f3 TIC Salut i Social<\/title>\n<meta name=\"robots\" content=\"index, follow, max-snippet:-1, max-image-preview:large, max-video-preview:-1\" \/>\n<link rel=\"canonical\" href=\"https:\/\/ticsalutsocial.atoom.space\/es\/noticia\/arranca-una-nueva-edicion-de-la-encuesta-del-mapa-de-tendencias-en-tic-social\/\" \/>\n<meta property=\"og:locale\" content=\"es_ES\" \/>\n<meta property=\"og:type\" content=\"article\" \/>\n<meta property=\"og:title\" content=\"Arranca una nueva edici\u00f3n de la encuesta del Mapa de Tendencias en TIC Social - Fundaci\u00f3 TIC Salut i Social\" \/>\n<meta property=\"og:description\" content=\"Desde la Direcci\u00f3n General de Servicios Sociales (Departament de Treball, Afers Socials i Fam\u00edlies), conjuntamente con la Fundaci\u00f3 TIC Salut Social, ponemos en marcha la tercera edici\u00f3n de la encuesta del Mapa de Tendencias TIC en el \u00e1mbito social. Para dar continuidad al estudio, desde la gesti\u00f3n del proyecto se ha creado un nuevo cuestionario [&hellip;]\" \/>\n<meta property=\"og:url\" content=\"https:\/\/ticsalutsocial.atoom.space\/es\/noticia\/arranca-una-nueva-edicion-de-la-encuesta-del-mapa-de-tendencias-en-tic-social\/\" \/>\n<meta property=\"og:site_name\" content=\"Fundaci\u00f3 TIC Salut i Social\" \/>\n<meta property=\"article:modified_time\" content=\"2021-07-21T13:48:52+00:00\" \/>\n<meta property=\"og:image\" content=\"https:\/\/ticsalutsocial.atoom.space\/wp-content\/uploads\/2020\/09\/atencio-social-basica.png\" \/>\n\t<meta property=\"og:image:width\" content=\"497\" \/>\n\t<meta property=\"og:image:height\" content=\"252\" \/>\n\t<meta property=\"og:image:type\" content=\"image\/png\" \/>\n<meta name=\"twitter:card\" content=\"summary_large_image\" \/>\n<meta name=\"twitter:label1\" content=\"Tiempo de lectura\" \/>\n\t<meta name=\"twitter:data1\" content=\"1 minuto\" \/>\n<script type=\"application\/ld+json\" class=\"yoast-schema-graph\">{\"@context\":\"https:\/\/schema.org\",\"@graph\":[{\"@type\":\"WebPage\",\"@id\":\"https:\/\/ticsalutsocial.atoom.space\/es\/noticia\/arranca-una-nueva-edicion-de-la-encuesta-del-mapa-de-tendencias-en-tic-social\/\",\"url\":\"https:\/\/ticsalutsocial.atoom.space\/es\/noticia\/arranca-una-nueva-edicion-de-la-encuesta-del-mapa-de-tendencias-en-tic-social\/\",\"name\":\"Arranca una nueva edici\u00f3n de la encuesta del Mapa de Tendencias en TIC Social - Fundaci\u00f3 TIC Salut i Social\",\"isPartOf\":{\"@id\":\"https:\/\/ticsalutsocial.atoom.space\/es\/#website\"},\"primaryImageOfPage\":{\"@id\":\"https:\/\/ticsalutsocial.atoom.space\/es\/noticia\/arranca-una-nueva-edicion-de-la-encuesta-del-mapa-de-tendencias-en-tic-social\/#primaryimage\"},\"image\":{\"@id\":\"https:\/\/ticsalutsocial.atoom.space\/es\/noticia\/arranca-una-nueva-edicion-de-la-encuesta-del-mapa-de-tendencias-en-tic-social\/#primaryimage\"},\"thumbnailUrl\":\"https:\/\/ticsalutsocial.atoom.space\/wp-content\/uploads\/2020\/09\/atencio-social-basica.png\",\"datePublished\":\"2020-09-22T10:46:11+00:00\",\"dateModified\":\"2021-07-21T13:48:52+00:00\",\"breadcrumb\":{\"@id\":\"https:\/\/ticsalutsocial.atoom.space\/es\/noticia\/arranca-una-nueva-edicion-de-la-encuesta-del-mapa-de-tendencias-en-tic-social\/#breadcrumb\"},\"inLanguage\":\"es\",\"potentialAction\":[{\"@type\":\"ReadAction\",\"target\":[\"https:\/\/ticsalutsocial.atoom.space\/es\/noticia\/arranca-una-nueva-edicion-de-la-encuesta-del-mapa-de-tendencias-en-tic-social\/\"]}]},{\"@type\":\"ImageObject\",\"inLanguage\":\"es\",\"@id\":\"https:\/\/ticsalutsocial.atoom.space\/es\/noticia\/arranca-una-nueva-edicion-de-la-encuesta-del-mapa-de-tendencias-en-tic-social\/#primaryimage\",\"url\":\"https:\/\/ticsalutsocial.atoom.space\/wp-content\/uploads\/2020\/09\/atencio-social-basica.png\",\"contentUrl\":\"https:\/\/ticsalutsocial.atoom.space\/wp-content\/uploads\/2020\/09\/atencio-social-basica.png\",\"width\":497,\"height\":252},{\"@type\":\"BreadcrumbList\",\"@id\":\"https:\/\/ticsalutsocial.atoom.space\/es\/noticia\/arranca-una-nueva-edicion-de-la-encuesta-del-mapa-de-tendencias-en-tic-social\/#breadcrumb\",\"itemListElement\":[{\"@type\":\"ListItem\",\"position\":1,\"name\":\"Inici\",\"item\":\"https:\/\/ticsalutsocial.atoom.space\/es\/\"},{\"@type\":\"ListItem\",\"position\":2,\"name\":\"Arranca una nueva edici\u00f3n de la encuesta del Mapa de Tendencias en TIC Social\"}]},{\"@type\":\"WebSite\",\"@id\":\"https:\/\/ticsalutsocial.atoom.space\/es\/#website\",\"url\":\"https:\/\/ticsalutsocial.atoom.space\/es\/\",\"name\":\"Fundaci\u00f3 TIC Salut i Social\",\"description\":\"\",\"potentialAction\":[{\"@type\":\"SearchAction\",\"target\":{\"@type\":\"EntryPoint\",\"urlTemplate\":\"https:\/\/ticsalutsocial.atoom.space\/es\/?s={search_term_string}\"},\"query-input\":{\"@type\":\"PropertyValueSpecification\",\"valueRequired\":true,\"valueName\":\"search_term_string\"}}],\"inLanguage\":\"es\"}]}<\/script>\n<!-- \/ Yoast SEO plugin. -->","yoast_head_json":{"title":"Arranca una nueva edici\u00f3n de la encuesta del Mapa de Tendencias en TIC Social - Fundaci\u00f3 TIC Salut i Social","robots":{"index":"index","follow":"follow","max-snippet":"max-snippet:-1","max-image-preview":"max-image-preview:large","max-video-preview":"max-video-preview:-1"},"canonical":"https:\/\/ticsalutsocial.atoom.space\/es\/noticia\/arranca-una-nueva-edicion-de-la-encuesta-del-mapa-de-tendencias-en-tic-social\/","og_locale":"es_ES","og_type":"article","og_title":"Arranca una nueva edici\u00f3n de la encuesta del Mapa de Tendencias en TIC Social - Fundaci\u00f3 TIC Salut i Social","og_description":"Desde la Direcci\u00f3n General de Servicios Sociales (Departament de Treball, Afers Socials i Fam\u00edlies), conjuntamente con la Fundaci\u00f3 TIC Salut Social, ponemos en marcha la tercera edici\u00f3n de la encuesta del Mapa de Tendencias TIC en el \u00e1mbito social. Para dar continuidad al estudio, desde la gesti\u00f3n del proyecto se ha creado un nuevo cuestionario [&hellip;]","og_url":"https:\/\/ticsalutsocial.atoom.space\/es\/noticia\/arranca-una-nueva-edicion-de-la-encuesta-del-mapa-de-tendencias-en-tic-social\/","og_site_name":"Fundaci\u00f3 TIC Salut i Social","article_modified_time":"2021-07-21T13:48:52+00:00","og_image":[{"width":497,"height":252,"url":"https:\/\/ticsalutsocial.atoom.space\/wp-content\/uploads\/2020\/09\/atencio-social-basica.png","type":"image\/png"}],"twitter_card":"summary_large_image","twitter_misc":{"Tiempo de lectura":"1 minuto"},"schema":{"@context":"https:\/\/schema.org","@graph":[{"@type":"WebPage","@id":"https:\/\/ticsalutsocial.atoom.space\/es\/noticia\/arranca-una-nueva-edicion-de-la-encuesta-del-mapa-de-tendencias-en-tic-social\/","url":"https:\/\/ticsalutsocial.atoom.space\/es\/noticia\/arranca-una-nueva-edicion-de-la-encuesta-del-mapa-de-tendencias-en-tic-social\/","name":"Arranca una nueva edici\u00f3n de la encuesta del Mapa de Tendencias en TIC Social - Fundaci\u00f3 TIC Salut i Social","isPartOf":{"@id":"https:\/\/ticsalutsocial.atoom.space\/es\/#website"},"primaryImageOfPage":{"@id":"https:\/\/ticsalutsocial.atoom.space\/es\/noticia\/arranca-una-nueva-edicion-de-la-encuesta-del-mapa-de-tendencias-en-tic-social\/#primaryimage"},"image":{"@id":"https:\/\/ticsalutsocial.atoom.space\/es\/noticia\/arranca-una-nueva-edicion-de-la-encuesta-del-mapa-de-tendencias-en-tic-social\/#primaryimage"},"thumbnailUrl":"https:\/\/ticsalutsocial.atoom.space\/wp-content\/uploads\/2020\/09\/atencio-social-basica.png","datePublished":"2020-09-22T10:46:11+00:00","dateModified":"2021-07-21T13:48:52+00:00","breadcrumb":{"@id":"https:\/\/ticsalutsocial.atoom.space\/es\/noticia\/arranca-una-nueva-edicion-de-la-encuesta-del-mapa-de-tendencias-en-tic-social\/#breadcrumb"},"inLanguage":"es","potentialAction":[{"@type":"ReadAction","target":["https:\/\/ticsalutsocial.atoom.space\/es\/noticia\/arranca-una-nueva-edicion-de-la-encuesta-del-mapa-de-tendencias-en-tic-social\/"]}]},{"@type":"ImageObject","inLanguage":"es","@id":"https:\/\/ticsalutsocial.atoom.space\/es\/noticia\/arranca-una-nueva-edicion-de-la-encuesta-del-mapa-de-tendencias-en-tic-social\/#primaryimage","url":"https:\/\/ticsalutsocial.atoom.space\/wp-content\/uploads\/2020\/09\/atencio-social-basica.png","contentUrl":"https:\/\/ticsalutsocial.atoom.space\/wp-content\/uploads\/2020\/09\/atencio-social-basica.png","width":497,"height":252},{"@type":"BreadcrumbList","@id":"https:\/\/ticsalutsocial.atoom.space\/es\/noticia\/arranca-una-nueva-edicion-de-la-encuesta-del-mapa-de-tendencias-en-tic-social\/#breadcrumb","itemListElement":[{"@type":"ListItem","position":1,"name":"Inici","item":"https:\/\/ticsalutsocial.atoom.space\/es\/"},{"@type":"ListItem","position":2,"name":"Arranca una nueva edici\u00f3n de la encuesta del Mapa de Tendencias en TIC Social"}]},{"@type":"WebSite","@id":"https:\/\/ticsalutsocial.atoom.space\/es\/#website","url":"https:\/\/ticsalutsocial.atoom.space\/es\/","name":"Fundaci\u00f3 TIC Salut i Social","description":"","potentialAction":[{"@type":"SearchAction","target":{"@type":"EntryPoint","urlTemplate":"https:\/\/ticsalutsocial.atoom.space\/es\/?s={search_term_string}"},"query-input":{"@type":"PropertyValueSpecification","valueRequired":true,"valueName":"search_term_string"}}],"inLanguage":"es"}]}},"_links":{"self":[{"href":"https:\/\/ticsalutsocial.atoom.space\/es\/wp-json\/wp\/v2\/noticia\/4670","targetHints":{"allow":["GET"]}}],"collection":[{"href":"https:\/\/ticsalutsocial.atoom.space\/es\/wp-json\/wp\/v2\/noticia"}],"about":[{"href":"https:\/\/ticsalutsocial.atoom.space\/es\/wp-json\/wp\/v2\/types\/noticia"}],"author":[{"embeddable":true,"href":"https:\/\/ticsalutsocial.atoom.space\/es\/wp-json\/wp\/v2\/users\/21"}],"wp:featuredmedia":[{"embeddable":true,"href":"https:\/\/ticsalutsocial.atoom.space\/es\/wp-json\/wp\/v2\/media\/4667"}],"wp:attachment":[{"href":"https:\/\/ticsalutsocial.atoom.space\/es\/wp-json\/wp\/v2\/media?parent=4670"}],"wp:term":[{"taxonomy":"etiqueta","embeddable":true,"href":"https:\/\/ticsalutsocial.atoom.space\/es\/wp-json\/wp\/v2\/etiqueta?post=4670"},{"taxonomy":"tipus","embeddable":true,"href":"https:\/\/ticsalutsocial.atoom.space\/es\/wp-json\/wp\/v2\/tipus?post=4670"},{"taxonomy":"topic","embeddable":true,"href":"https:\/\/ticsalutsocial.atoom.space\/es\/wp-json\/wp\/v2\/topic?post=4670"}],"curies":[{"name":"wp","href":"https:\/\/api.w.org\/{rel}","templated":true}]}}