
{"id":4693,"date":"2020-09-30T12:24:32","date_gmt":"2020-09-30T10:24:32","guid":{"rendered":"https:\/\/ticsalutsocial.atoom.space\/?post_type=noticia&#038;p=4693"},"modified":"2021-07-21T15:49:04","modified_gmt":"2021-07-21T13:49:04","slug":"iniciado-el-proyecto-europeo-x-ehealth-en-el-que-participa-la-fundacio-tic-salut-social","status":"publish","type":"noticia","link":"https:\/\/ticsalutsocial.atoom.space\/es\/noticia\/iniciado-el-proyecto-europeo-x-ehealth-en-el-que-participa-la-fundacio-tic-salut-social\/","title":{"rendered":"Iniciado el proyecto europeo X-eHealth en el que participa la Fundaci\u00f3 TIC Salut Social"},"content":{"rendered":"<p>El pasado 2 de septiembre se inici\u00f3 el proyecto X-eHealth con la celebraci\u00f3n de la primera reuni\u00f3n de proyecto (kick-off) en formato virtual. Este proyecto estrat\u00e9gico para la Uni\u00f3n Europea, est\u00e1 coordinado por <em>Servi\u00e7os Partilhados do Minist\u00e9rio da Sa\u00fade de Portugal (SPMs)<\/em> y en \u00e9l participa la Fundaci\u00f3 TIC Salut Social, junto con 35 socios m\u00e1s de otros pa\u00edses de la UE.<\/p>\n<blockquote><p>El objetivo general del <a href=\"https:\/\/ticsalutsocial.atoom.space\/actualitat\/la-fundacio-tic-salut-social-participa-al-projecte-x-ehealth-financat-amb-fons-europeus\/\" target=\"_blank\" rel=\"noopener noreferrer\">proyecto X-eHealth<\/a> es proveer a la Uni\u00f3n Europea de procesos sanitarios integrados, en los que se facilite el acceso a la historia cl\u00ednica de los ciudadanos europeos desde cualquier estado miembro, independientemente de la ubicaci\u00f3n donde se practique la asistencia. El profesional de la salud del centro autorizado, debe poder acceder a los datos del paciente utilizando el formato europeo de intercambio de registros m\u00e9dicos electr\u00f3nicos (EEHRxF).<\/p><\/blockquote>\n<p>Normalmente las reuniones kick-off de un proyecto europeo se suelen celebrar de manera presencial en el pa\u00eds coordinador del proyecto pero, debido a la situaci\u00f3n actual de pandemia y, para garantizar la seguridad de los participantes, se celebr\u00f3 finalmente de manera virtual. Esto facilit\u00f3 la participaci\u00f3n de todos los socios del proyecto, <strong>sumando m\u00e1s de ochenta usuarios conectados en total.<\/strong><\/p>\n<p>La reuni\u00f3n, organizada y dirigida por el coordinador SPMs, se inici\u00f3 explicando los principales objetivos del proyecto y el enfoque estrat\u00e9gico planteado para alcanzarlos. Posteriormente se mostraron dos ejemplos de casos de uso transfronterizos como son el resumen del paciente a Portugal de una viajera de la Rep\u00fablica Checa en Portugal, o el caso de ePrescripci\u00f3 \/ eDispensaci\u00f3 de ciudadanos portugueses que llegan a Finlandia.<\/p>\n<p>A su turno, cada uno de los l\u00edderes de los diferentes grupos de trabajo presentaron los objetivos concretos y tareas a realizar en cada conjunto de trabajo o WorkPackage (WP). El proyecto X-eHealth est\u00e1 formado por 8 WP y la Fundaci\u00f3 participa en cinco (WP1, WP4, WP5, WP6 y WP7). Los objetivos generales de los diferentes paquetes de trabajo son:<\/p>\n<p>Durante la jornada, tambi\u00e9n se present\u00f3 la web oficial <a href=\"http:\/\/www.x-ehealth.eu\/\" target=\"_blank\" rel=\"noopener noreferrer\">www.x-ehealth.eu<\/a> que recoge la informaci\u00f3n del proyecto X-eHealth, los objetivos y la lista de los productos resultantes que se ir\u00e1n publicando conforme se vayan finalizando.<\/p>\n<p>Finalmente, se explicaron las metodolog\u00edas de trabajo a seguir para que los participantes puedan trabajar conjuntamente y el calendario establecido para las pr\u00f3ximas reuniones de los diferentes grupos de trabajo para los pr\u00f3ximos meses.<\/p>\n","protected":false},"author":21,"featured_media":4690,"menu_order":0,"template":"","meta":{"_acf_changed":false,"inline_featured_image":false},"etiqueta":[],"tipus":[84],"topic":[130,117],"class_list":["post-4693","noticia","type-noticia","status-publish","has-post-thumbnail","hentry","tipus-oficina-interoperabilidad","topic-la-fundacion","topic-jornadas"],"acf":{"imatge":4692,"autor":"David Rodriguez"},"yoast_head":"<!-- This site is optimized with the Yoast SEO plugin v27.1.1 - https:\/\/yoast.com\/product\/yoast-seo-wordpress\/ -->\n<title>Iniciado el proyecto europeo X-eHealth en el que participa la Fundaci\u00f3 TIC Salut Social - Fundaci\u00f3 TIC Salut i Social<\/title>\n<meta name=\"robots\" content=\"index, follow, max-snippet:-1, max-image-preview:large, max-video-preview:-1\" \/>\n<link rel=\"canonical\" href=\"https:\/\/ticsalutsocial.atoom.space\/es\/noticia\/iniciado-el-proyecto-europeo-x-ehealth-en-el-que-participa-la-fundacio-tic-salut-social\/\" \/>\n<meta property=\"og:locale\" content=\"es_ES\" \/>\n<meta property=\"og:type\" content=\"article\" \/>\n<meta property=\"og:title\" content=\"Iniciado el proyecto europeo X-eHealth en el que participa la Fundaci\u00f3 TIC Salut Social - Fundaci\u00f3 TIC Salut i Social\" \/>\n<meta property=\"og:description\" content=\"El pasado 2 de septiembre se inici\u00f3 el proyecto X-eHealth con la celebraci\u00f3n de la primera reuni\u00f3n de proyecto (kick-off) en formato virtual. Este proyecto estrat\u00e9gico para la Uni\u00f3n Europea, est\u00e1 coordinado por Servi\u00e7os Partilhados do Minist\u00e9rio da Sa\u00fade de Portugal (SPMs) y en \u00e9l participa la Fundaci\u00f3 TIC Salut Social, junto con 35 socios [&hellip;]\" \/>\n<meta property=\"og:url\" content=\"https:\/\/ticsalutsocial.atoom.space\/es\/noticia\/iniciado-el-proyecto-europeo-x-ehealth-en-el-que-participa-la-fundacio-tic-salut-social\/\" \/>\n<meta property=\"og:site_name\" content=\"Fundaci\u00f3 TIC Salut i Social\" \/>\n<meta property=\"article:modified_time\" content=\"2021-07-21T13:49:04+00:00\" \/>\n<meta property=\"og:image\" content=\"https:\/\/ticsalutsocial.atoom.space\/wp-content\/uploads\/2020\/09\/captura-kickoff-xehealth.jpg\" \/>\n\t<meta property=\"og:image:width\" content=\"1571\" \/>\n\t<meta property=\"og:image:height\" content=\"874\" \/>\n\t<meta property=\"og:image:type\" content=\"image\/jpeg\" \/>\n<meta name=\"twitter:card\" content=\"summary_large_image\" \/>\n<meta name=\"twitter:label1\" content=\"Tiempo de lectura\" \/>\n\t<meta name=\"twitter:data1\" content=\"2 minutos\" \/>\n<script type=\"application\/ld+json\" class=\"yoast-schema-graph\">{\"@context\":\"https:\/\/schema.org\",\"@graph\":[{\"@type\":\"WebPage\",\"@id\":\"https:\/\/ticsalutsocial.atoom.space\/es\/noticia\/iniciado-el-proyecto-europeo-x-ehealth-en-el-que-participa-la-fundacio-tic-salut-social\/\",\"url\":\"https:\/\/ticsalutsocial.atoom.space\/es\/noticia\/iniciado-el-proyecto-europeo-x-ehealth-en-el-que-participa-la-fundacio-tic-salut-social\/\",\"name\":\"Iniciado el proyecto europeo X-eHealth en el que participa la Fundaci\u00f3 TIC Salut Social - Fundaci\u00f3 TIC Salut i Social\",\"isPartOf\":{\"@id\":\"https:\/\/ticsalutsocial.atoom.space\/es\/#website\"},\"primaryImageOfPage\":{\"@id\":\"https:\/\/ticsalutsocial.atoom.space\/es\/noticia\/iniciado-el-proyecto-europeo-x-ehealth-en-el-que-participa-la-fundacio-tic-salut-social\/#primaryimage\"},\"image\":{\"@id\":\"https:\/\/ticsalutsocial.atoom.space\/es\/noticia\/iniciado-el-proyecto-europeo-x-ehealth-en-el-que-participa-la-fundacio-tic-salut-social\/#primaryimage\"},\"thumbnailUrl\":\"https:\/\/ticsalutsocial.atoom.space\/wp-content\/uploads\/2020\/09\/captura-kickoff-xehealth.jpg\",\"datePublished\":\"2020-09-30T10:24:32+00:00\",\"dateModified\":\"2021-07-21T13:49:04+00:00\",\"breadcrumb\":{\"@id\":\"https:\/\/ticsalutsocial.atoom.space\/es\/noticia\/iniciado-el-proyecto-europeo-x-ehealth-en-el-que-participa-la-fundacio-tic-salut-social\/#breadcrumb\"},\"inLanguage\":\"es\",\"potentialAction\":[{\"@type\":\"ReadAction\",\"target\":[\"https:\/\/ticsalutsocial.atoom.space\/es\/noticia\/iniciado-el-proyecto-europeo-x-ehealth-en-el-que-participa-la-fundacio-tic-salut-social\/\"]}]},{\"@type\":\"ImageObject\",\"inLanguage\":\"es\",\"@id\":\"https:\/\/ticsalutsocial.atoom.space\/es\/noticia\/iniciado-el-proyecto-europeo-x-ehealth-en-el-que-participa-la-fundacio-tic-salut-social\/#primaryimage\",\"url\":\"https:\/\/ticsalutsocial.atoom.space\/wp-content\/uploads\/2020\/09\/captura-kickoff-xehealth.jpg\",\"contentUrl\":\"https:\/\/ticsalutsocial.atoom.space\/wp-content\/uploads\/2020\/09\/captura-kickoff-xehealth.jpg\",\"width\":1571,\"height\":874},{\"@type\":\"BreadcrumbList\",\"@id\":\"https:\/\/ticsalutsocial.atoom.space\/es\/noticia\/iniciado-el-proyecto-europeo-x-ehealth-en-el-que-participa-la-fundacio-tic-salut-social\/#breadcrumb\",\"itemListElement\":[{\"@type\":\"ListItem\",\"position\":1,\"name\":\"Inici\",\"item\":\"https:\/\/ticsalutsocial.atoom.space\/es\/\"},{\"@type\":\"ListItem\",\"position\":2,\"name\":\"Iniciado el proyecto europeo X-eHealth en el que participa la Fundaci\u00f3 TIC Salut Social\"}]},{\"@type\":\"WebSite\",\"@id\":\"https:\/\/ticsalutsocial.atoom.space\/es\/#website\",\"url\":\"https:\/\/ticsalutsocial.atoom.space\/es\/\",\"name\":\"Fundaci\u00f3 TIC Salut i Social\",\"description\":\"\",\"potentialAction\":[{\"@type\":\"SearchAction\",\"target\":{\"@type\":\"EntryPoint\",\"urlTemplate\":\"https:\/\/ticsalutsocial.atoom.space\/es\/?s={search_term_string}\"},\"query-input\":{\"@type\":\"PropertyValueSpecification\",\"valueRequired\":true,\"valueName\":\"search_term_string\"}}],\"inLanguage\":\"es\"}]}<\/script>\n<!-- \/ Yoast SEO plugin. -->","yoast_head_json":{"title":"Iniciado el proyecto europeo X-eHealth en el que participa la Fundaci\u00f3 TIC Salut Social - Fundaci\u00f3 TIC Salut i Social","robots":{"index":"index","follow":"follow","max-snippet":"max-snippet:-1","max-image-preview":"max-image-preview:large","max-video-preview":"max-video-preview:-1"},"canonical":"https:\/\/ticsalutsocial.atoom.space\/es\/noticia\/iniciado-el-proyecto-europeo-x-ehealth-en-el-que-participa-la-fundacio-tic-salut-social\/","og_locale":"es_ES","og_type":"article","og_title":"Iniciado el proyecto europeo X-eHealth en el que participa la Fundaci\u00f3 TIC Salut Social - Fundaci\u00f3 TIC Salut i Social","og_description":"El pasado 2 de septiembre se inici\u00f3 el proyecto X-eHealth con la celebraci\u00f3n de la primera reuni\u00f3n de proyecto (kick-off) en formato virtual. Este proyecto estrat\u00e9gico para la Uni\u00f3n Europea, est\u00e1 coordinado por Servi\u00e7os Partilhados do Minist\u00e9rio da Sa\u00fade de Portugal (SPMs) y en \u00e9l participa la Fundaci\u00f3 TIC Salut Social, junto con 35 socios [&hellip;]","og_url":"https:\/\/ticsalutsocial.atoom.space\/es\/noticia\/iniciado-el-proyecto-europeo-x-ehealth-en-el-que-participa-la-fundacio-tic-salut-social\/","og_site_name":"Fundaci\u00f3 TIC Salut i Social","article_modified_time":"2021-07-21T13:49:04+00:00","og_image":[{"width":1571,"height":874,"url":"https:\/\/ticsalutsocial.atoom.space\/wp-content\/uploads\/2020\/09\/captura-kickoff-xehealth.jpg","type":"image\/jpeg"}],"twitter_card":"summary_large_image","twitter_misc":{"Tiempo de lectura":"2 minutos"},"schema":{"@context":"https:\/\/schema.org","@graph":[{"@type":"WebPage","@id":"https:\/\/ticsalutsocial.atoom.space\/es\/noticia\/iniciado-el-proyecto-europeo-x-ehealth-en-el-que-participa-la-fundacio-tic-salut-social\/","url":"https:\/\/ticsalutsocial.atoom.space\/es\/noticia\/iniciado-el-proyecto-europeo-x-ehealth-en-el-que-participa-la-fundacio-tic-salut-social\/","name":"Iniciado el proyecto europeo X-eHealth en el que participa la Fundaci\u00f3 TIC Salut Social - Fundaci\u00f3 TIC Salut i Social","isPartOf":{"@id":"https:\/\/ticsalutsocial.atoom.space\/es\/#website"},"primaryImageOfPage":{"@id":"https:\/\/ticsalutsocial.atoom.space\/es\/noticia\/iniciado-el-proyecto-europeo-x-ehealth-en-el-que-participa-la-fundacio-tic-salut-social\/#primaryimage"},"image":{"@id":"https:\/\/ticsalutsocial.atoom.space\/es\/noticia\/iniciado-el-proyecto-europeo-x-ehealth-en-el-que-participa-la-fundacio-tic-salut-social\/#primaryimage"},"thumbnailUrl":"https:\/\/ticsalutsocial.atoom.space\/wp-content\/uploads\/2020\/09\/captura-kickoff-xehealth.jpg","datePublished":"2020-09-30T10:24:32+00:00","dateModified":"2021-07-21T13:49:04+00:00","breadcrumb":{"@id":"https:\/\/ticsalutsocial.atoom.space\/es\/noticia\/iniciado-el-proyecto-europeo-x-ehealth-en-el-que-participa-la-fundacio-tic-salut-social\/#breadcrumb"},"inLanguage":"es","potentialAction":[{"@type":"ReadAction","target":["https:\/\/ticsalutsocial.atoom.space\/es\/noticia\/iniciado-el-proyecto-europeo-x-ehealth-en-el-que-participa-la-fundacio-tic-salut-social\/"]}]},{"@type":"ImageObject","inLanguage":"es","@id":"https:\/\/ticsalutsocial.atoom.space\/es\/noticia\/iniciado-el-proyecto-europeo-x-ehealth-en-el-que-participa-la-fundacio-tic-salut-social\/#primaryimage","url":"https:\/\/ticsalutsocial.atoom.space\/wp-content\/uploads\/2020\/09\/captura-kickoff-xehealth.jpg","contentUrl":"https:\/\/ticsalutsocial.atoom.space\/wp-content\/uploads\/2020\/09\/captura-kickoff-xehealth.jpg","width":1571,"height":874},{"@type":"BreadcrumbList","@id":"https:\/\/ticsalutsocial.atoom.space\/es\/noticia\/iniciado-el-proyecto-europeo-x-ehealth-en-el-que-participa-la-fundacio-tic-salut-social\/#breadcrumb","itemListElement":[{"@type":"ListItem","position":1,"name":"Inici","item":"https:\/\/ticsalutsocial.atoom.space\/es\/"},{"@type":"ListItem","position":2,"name":"Iniciado el proyecto europeo X-eHealth en el que participa la Fundaci\u00f3 TIC Salut Social"}]},{"@type":"WebSite","@id":"https:\/\/ticsalutsocial.atoom.space\/es\/#website","url":"https:\/\/ticsalutsocial.atoom.space\/es\/","name":"Fundaci\u00f3 TIC Salut i Social","description":"","potentialAction":[{"@type":"SearchAction","target":{"@type":"EntryPoint","urlTemplate":"https:\/\/ticsalutsocial.atoom.space\/es\/?s={search_term_string}"},"query-input":{"@type":"PropertyValueSpecification","valueRequired":true,"valueName":"search_term_string"}}],"inLanguage":"es"}]}},"_links":{"self":[{"href":"https:\/\/ticsalutsocial.atoom.space\/es\/wp-json\/wp\/v2\/noticia\/4693","targetHints":{"allow":["GET"]}}],"collection":[{"href":"https:\/\/ticsalutsocial.atoom.space\/es\/wp-json\/wp\/v2\/noticia"}],"about":[{"href":"https:\/\/ticsalutsocial.atoom.space\/es\/wp-json\/wp\/v2\/types\/noticia"}],"author":[{"embeddable":true,"href":"https:\/\/ticsalutsocial.atoom.space\/es\/wp-json\/wp\/v2\/users\/21"}],"wp:featuredmedia":[{"embeddable":true,"href":"https:\/\/ticsalutsocial.atoom.space\/es\/wp-json\/wp\/v2\/media\/4690"}],"wp:attachment":[{"href":"https:\/\/ticsalutsocial.atoom.space\/es\/wp-json\/wp\/v2\/media?parent=4693"}],"wp:term":[{"taxonomy":"etiqueta","embeddable":true,"href":"https:\/\/ticsalutsocial.atoom.space\/es\/wp-json\/wp\/v2\/etiqueta?post=4693"},{"taxonomy":"tipus","embeddable":true,"href":"https:\/\/ticsalutsocial.atoom.space\/es\/wp-json\/wp\/v2\/tipus?post=4693"},{"taxonomy":"topic","embeddable":true,"href":"https:\/\/ticsalutsocial.atoom.space\/es\/wp-json\/wp\/v2\/topic?post=4693"}],"curies":[{"name":"wp","href":"https:\/\/api.w.org\/{rel}","templated":true}]}}