
{"id":4699,"date":"2020-10-01T11:03:36","date_gmt":"2020-10-01T09:03:36","guid":{"rendered":"https:\/\/ticsalutsocial.atoom.space\/?post_type=noticia&#038;p=4699"},"modified":"2021-07-21T15:49:07","modified_gmt":"2021-07-21T13:49:07","slug":"en-marcha-la-tercera-fase-del-proyecto-intersocial","status":"publish","type":"noticia","link":"https:\/\/ticsalutsocial.atoom.space\/es\/noticia\/en-marcha-la-tercera-fase-del-proyecto-intersocial\/","title":{"rendered":"En marcha la tercera fase del proyecto Intersocial"},"content":{"rendered":"<p>La <em>Fundaci\u00f3 TIC Salut Social<\/em> en colaboraci\u00f3n con el <em>Departament de Treball, Assumptes Socials i Fam\u00edlies<\/em> y contando con la experiencia de varios profesionales de organismos del \u00e1mbito de la salud y el bienestar social como la <em>Diputaci\u00f3 de Barcelona<\/em>, \u200b\u200bAyuntamiento de Barcelona, \u200b\u200bel <em>Departament de Salut<\/em> y de otros departamentos y entidades, pone en marcha la tercera fase del proyecto intersocial.<\/p>\n<p>El d\u00eda 22 de septiembre, tuvo lugar el <em>kick off<\/em> del proyecto dando la bienvenida la Directora General de Servicios Sociales del <em>Departament de Treball, Assumptes Socials i Fam\u00edlies<\/em>, Meritxell Bened\u00ed. Debido a la situaci\u00f3n actual, esta reuni\u00f3n se celebr\u00f3 de manera telem\u00e1tica reuniendo a m\u00e1s de una treintena de profesionales del mundo social y de la salud.<\/p>\n<blockquote><p><strong>En esta tercera fase del proyecto, se pretende ampliar la definici\u00f3n de un vocabulario controlado com\u00fan para estandarizar las problem\u00e1ticas, los factores y las observaciones en el \u00e1mbito de la atenci\u00f3n social con nuevos casos de uso inicialmente infancia y juventud y dependencia.<\/strong><\/p><\/blockquote>\n<p>Durante el transcurso del proyecto se contar\u00e1 con la participaci\u00f3n y colaboraci\u00f3n de los grupos de expertos de profesionales del territorio. El est\u00e1ndar que se utilizar\u00e1 ser\u00e1 el mismo que en la primera y segunda fase, Snomed CT.<\/p>\n<p>Mediante estos vocabularios controlados comunes se pretende proporcionar una mejora en la integraci\u00f3n de los datos de los servicios sociales de Catalu\u00f1a que ayudar\u00e1 a facilitar el trabajo que desarrollan los profesionales de la atenci\u00f3n social.<\/p>\n<p><strong>Presentaci\u00f3n en p\u00fablico el pr\u00f3ximo 3 de noviembre<\/strong><\/p>\n<p>La herramienta de consulta del diccionario y servicio web del proyecto se presentar\u00e1n en p\u00fablico<a href=\"https:\/\/ticsalutsocial.atoom.space\/agenda\/presentacio-de-leina-de-consulta-del-diccionari-i-servei-web-del-projecte-intersocial\/\"> el pr\u00f3ximo 3 de noviembre, a las 15:00h,<\/a> en una sesi\u00f3n en remoto con los principales protagonistas y gestores del proyecto. Las inscripciones ya est\u00e1n abiertas.<\/p>\n","protected":false},"author":21,"featured_media":6998,"menu_order":0,"template":"","meta":{"_acf_changed":false,"inline_featured_image":false},"etiqueta":[],"tipus":[94],"topic":[121,127],"class_list":["post-4699","noticia","type-noticia","status-publish","has-post-thumbnail","hentry","tipus-integracion-social-y-sanitaria","topic-dpd-es","topic-proyectos"],"acf":{"imatge":6998,"autor":"Lourdes Rodriguez"},"yoast_head":"<!-- This site is optimized with the Yoast SEO plugin v27.1.1 - https:\/\/yoast.com\/product\/yoast-seo-wordpress\/ -->\n<title>En marcha la tercera fase del proyecto Intersocial - Fundaci\u00f3 TIC Salut i Social<\/title>\n<meta name=\"robots\" content=\"index, follow, max-snippet:-1, max-image-preview:large, max-video-preview:-1\" \/>\n<link rel=\"canonical\" href=\"https:\/\/ticsalutsocial.atoom.space\/es\/noticia\/en-marcha-la-tercera-fase-del-proyecto-intersocial\/\" \/>\n<meta property=\"og:locale\" content=\"es_ES\" \/>\n<meta property=\"og:type\" content=\"article\" \/>\n<meta property=\"og:title\" content=\"En marcha la tercera fase del proyecto Intersocial - Fundaci\u00f3 TIC Salut i Social\" \/>\n<meta property=\"og:description\" content=\"La Fundaci\u00f3 TIC Salut Social en colaboraci\u00f3n con el Departament de Treball, Assumptes Socials i Fam\u00edlies y contando con la experiencia de varios profesionales de organismos del \u00e1mbito de la salud y el bienestar social como la Diputaci\u00f3 de Barcelona, \u200b\u200bAyuntamiento de Barcelona, \u200b\u200bel Departament de Salut y de otros departamentos y entidades, pone en [&hellip;]\" \/>\n<meta property=\"og:url\" content=\"https:\/\/ticsalutsocial.atoom.space\/es\/noticia\/en-marcha-la-tercera-fase-del-proyecto-intersocial\/\" \/>\n<meta property=\"og:site_name\" content=\"Fundaci\u00f3 TIC Salut i Social\" \/>\n<meta property=\"article:modified_time\" content=\"2021-07-21T13:49:07+00:00\" \/>\n<meta property=\"og:image\" content=\"https:\/\/ticsalutsocial.atoom.space\/wp-content\/uploads\/2020\/10\/pexels-fauxels-3184397-scaled-1.jpg\" \/>\n\t<meta property=\"og:image:width\" content=\"2560\" \/>\n\t<meta property=\"og:image:height\" content=\"1707\" \/>\n\t<meta property=\"og:image:type\" content=\"image\/jpeg\" \/>\n<meta name=\"twitter:card\" content=\"summary_large_image\" \/>\n<meta name=\"twitter:label1\" content=\"Tiempo de lectura\" \/>\n\t<meta name=\"twitter:data1\" content=\"2 minutos\" \/>\n<script type=\"application\/ld+json\" class=\"yoast-schema-graph\">{\"@context\":\"https:\/\/schema.org\",\"@graph\":[{\"@type\":\"WebPage\",\"@id\":\"https:\/\/ticsalutsocial.atoom.space\/es\/noticia\/en-marcha-la-tercera-fase-del-proyecto-intersocial\/\",\"url\":\"https:\/\/ticsalutsocial.atoom.space\/es\/noticia\/en-marcha-la-tercera-fase-del-proyecto-intersocial\/\",\"name\":\"En marcha la tercera fase del proyecto Intersocial - Fundaci\u00f3 TIC Salut i Social\",\"isPartOf\":{\"@id\":\"https:\/\/ticsalutsocial.atoom.space\/es\/#website\"},\"primaryImageOfPage\":{\"@id\":\"https:\/\/ticsalutsocial.atoom.space\/es\/noticia\/en-marcha-la-tercera-fase-del-proyecto-intersocial\/#primaryimage\"},\"image\":{\"@id\":\"https:\/\/ticsalutsocial.atoom.space\/es\/noticia\/en-marcha-la-tercera-fase-del-proyecto-intersocial\/#primaryimage\"},\"thumbnailUrl\":\"https:\/\/ticsalutsocial.atoom.space\/wp-content\/uploads\/2020\/10\/pexels-fauxels-3184397-scaled-1.jpg\",\"datePublished\":\"2020-10-01T09:03:36+00:00\",\"dateModified\":\"2021-07-21T13:49:07+00:00\",\"breadcrumb\":{\"@id\":\"https:\/\/ticsalutsocial.atoom.space\/es\/noticia\/en-marcha-la-tercera-fase-del-proyecto-intersocial\/#breadcrumb\"},\"inLanguage\":\"es\",\"potentialAction\":[{\"@type\":\"ReadAction\",\"target\":[\"https:\/\/ticsalutsocial.atoom.space\/es\/noticia\/en-marcha-la-tercera-fase-del-proyecto-intersocial\/\"]}]},{\"@type\":\"ImageObject\",\"inLanguage\":\"es\",\"@id\":\"https:\/\/ticsalutsocial.atoom.space\/es\/noticia\/en-marcha-la-tercera-fase-del-proyecto-intersocial\/#primaryimage\",\"url\":\"https:\/\/ticsalutsocial.atoom.space\/wp-content\/uploads\/2020\/10\/pexels-fauxels-3184397-scaled-1.jpg\",\"contentUrl\":\"https:\/\/ticsalutsocial.atoom.space\/wp-content\/uploads\/2020\/10\/pexels-fauxels-3184397-scaled-1.jpg\",\"width\":2560,\"height\":1707},{\"@type\":\"BreadcrumbList\",\"@id\":\"https:\/\/ticsalutsocial.atoom.space\/es\/noticia\/en-marcha-la-tercera-fase-del-proyecto-intersocial\/#breadcrumb\",\"itemListElement\":[{\"@type\":\"ListItem\",\"position\":1,\"name\":\"Inici\",\"item\":\"https:\/\/ticsalutsocial.atoom.space\/es\/\"},{\"@type\":\"ListItem\",\"position\":2,\"name\":\"En marcha la tercera fase del proyecto Intersocial\"}]},{\"@type\":\"WebSite\",\"@id\":\"https:\/\/ticsalutsocial.atoom.space\/es\/#website\",\"url\":\"https:\/\/ticsalutsocial.atoom.space\/es\/\",\"name\":\"Fundaci\u00f3 TIC Salut i Social\",\"description\":\"\",\"potentialAction\":[{\"@type\":\"SearchAction\",\"target\":{\"@type\":\"EntryPoint\",\"urlTemplate\":\"https:\/\/ticsalutsocial.atoom.space\/es\/?s={search_term_string}\"},\"query-input\":{\"@type\":\"PropertyValueSpecification\",\"valueRequired\":true,\"valueName\":\"search_term_string\"}}],\"inLanguage\":\"es\"}]}<\/script>\n<!-- \/ Yoast SEO plugin. -->","yoast_head_json":{"title":"En marcha la tercera fase del proyecto Intersocial - Fundaci\u00f3 TIC Salut i Social","robots":{"index":"index","follow":"follow","max-snippet":"max-snippet:-1","max-image-preview":"max-image-preview:large","max-video-preview":"max-video-preview:-1"},"canonical":"https:\/\/ticsalutsocial.atoom.space\/es\/noticia\/en-marcha-la-tercera-fase-del-proyecto-intersocial\/","og_locale":"es_ES","og_type":"article","og_title":"En marcha la tercera fase del proyecto Intersocial - Fundaci\u00f3 TIC Salut i Social","og_description":"La Fundaci\u00f3 TIC Salut Social en colaboraci\u00f3n con el Departament de Treball, Assumptes Socials i Fam\u00edlies y contando con la experiencia de varios profesionales de organismos del \u00e1mbito de la salud y el bienestar social como la Diputaci\u00f3 de Barcelona, \u200b\u200bAyuntamiento de Barcelona, \u200b\u200bel Departament de Salut y de otros departamentos y entidades, pone en [&hellip;]","og_url":"https:\/\/ticsalutsocial.atoom.space\/es\/noticia\/en-marcha-la-tercera-fase-del-proyecto-intersocial\/","og_site_name":"Fundaci\u00f3 TIC Salut i Social","article_modified_time":"2021-07-21T13:49:07+00:00","og_image":[{"width":2560,"height":1707,"url":"https:\/\/ticsalutsocial.atoom.space\/wp-content\/uploads\/2020\/10\/pexels-fauxels-3184397-scaled-1.jpg","type":"image\/jpeg"}],"twitter_card":"summary_large_image","twitter_misc":{"Tiempo de lectura":"2 minutos"},"schema":{"@context":"https:\/\/schema.org","@graph":[{"@type":"WebPage","@id":"https:\/\/ticsalutsocial.atoom.space\/es\/noticia\/en-marcha-la-tercera-fase-del-proyecto-intersocial\/","url":"https:\/\/ticsalutsocial.atoom.space\/es\/noticia\/en-marcha-la-tercera-fase-del-proyecto-intersocial\/","name":"En marcha la tercera fase del proyecto Intersocial - Fundaci\u00f3 TIC Salut i Social","isPartOf":{"@id":"https:\/\/ticsalutsocial.atoom.space\/es\/#website"},"primaryImageOfPage":{"@id":"https:\/\/ticsalutsocial.atoom.space\/es\/noticia\/en-marcha-la-tercera-fase-del-proyecto-intersocial\/#primaryimage"},"image":{"@id":"https:\/\/ticsalutsocial.atoom.space\/es\/noticia\/en-marcha-la-tercera-fase-del-proyecto-intersocial\/#primaryimage"},"thumbnailUrl":"https:\/\/ticsalutsocial.atoom.space\/wp-content\/uploads\/2020\/10\/pexels-fauxels-3184397-scaled-1.jpg","datePublished":"2020-10-01T09:03:36+00:00","dateModified":"2021-07-21T13:49:07+00:00","breadcrumb":{"@id":"https:\/\/ticsalutsocial.atoom.space\/es\/noticia\/en-marcha-la-tercera-fase-del-proyecto-intersocial\/#breadcrumb"},"inLanguage":"es","potentialAction":[{"@type":"ReadAction","target":["https:\/\/ticsalutsocial.atoom.space\/es\/noticia\/en-marcha-la-tercera-fase-del-proyecto-intersocial\/"]}]},{"@type":"ImageObject","inLanguage":"es","@id":"https:\/\/ticsalutsocial.atoom.space\/es\/noticia\/en-marcha-la-tercera-fase-del-proyecto-intersocial\/#primaryimage","url":"https:\/\/ticsalutsocial.atoom.space\/wp-content\/uploads\/2020\/10\/pexels-fauxels-3184397-scaled-1.jpg","contentUrl":"https:\/\/ticsalutsocial.atoom.space\/wp-content\/uploads\/2020\/10\/pexels-fauxels-3184397-scaled-1.jpg","width":2560,"height":1707},{"@type":"BreadcrumbList","@id":"https:\/\/ticsalutsocial.atoom.space\/es\/noticia\/en-marcha-la-tercera-fase-del-proyecto-intersocial\/#breadcrumb","itemListElement":[{"@type":"ListItem","position":1,"name":"Inici","item":"https:\/\/ticsalutsocial.atoom.space\/es\/"},{"@type":"ListItem","position":2,"name":"En marcha la tercera fase del proyecto Intersocial"}]},{"@type":"WebSite","@id":"https:\/\/ticsalutsocial.atoom.space\/es\/#website","url":"https:\/\/ticsalutsocial.atoom.space\/es\/","name":"Fundaci\u00f3 TIC Salut i Social","description":"","potentialAction":[{"@type":"SearchAction","target":{"@type":"EntryPoint","urlTemplate":"https:\/\/ticsalutsocial.atoom.space\/es\/?s={search_term_string}"},"query-input":{"@type":"PropertyValueSpecification","valueRequired":true,"valueName":"search_term_string"}}],"inLanguage":"es"}]}},"_links":{"self":[{"href":"https:\/\/ticsalutsocial.atoom.space\/es\/wp-json\/wp\/v2\/noticia\/4699","targetHints":{"allow":["GET"]}}],"collection":[{"href":"https:\/\/ticsalutsocial.atoom.space\/es\/wp-json\/wp\/v2\/noticia"}],"about":[{"href":"https:\/\/ticsalutsocial.atoom.space\/es\/wp-json\/wp\/v2\/types\/noticia"}],"author":[{"embeddable":true,"href":"https:\/\/ticsalutsocial.atoom.space\/es\/wp-json\/wp\/v2\/users\/21"}],"wp:featuredmedia":[{"embeddable":true,"href":"https:\/\/ticsalutsocial.atoom.space\/es\/wp-json\/wp\/v2\/media\/6998"}],"wp:attachment":[{"href":"https:\/\/ticsalutsocial.atoom.space\/es\/wp-json\/wp\/v2\/media?parent=4699"}],"wp:term":[{"taxonomy":"etiqueta","embeddable":true,"href":"https:\/\/ticsalutsocial.atoom.space\/es\/wp-json\/wp\/v2\/etiqueta?post=4699"},{"taxonomy":"tipus","embeddable":true,"href":"https:\/\/ticsalutsocial.atoom.space\/es\/wp-json\/wp\/v2\/tipus?post=4699"},{"taxonomy":"topic","embeddable":true,"href":"https:\/\/ticsalutsocial.atoom.space\/es\/wp-json\/wp\/v2\/topic?post=4699"}],"curies":[{"name":"wp","href":"https:\/\/api.w.org\/{rel}","templated":true}]}}