
{"id":4717,"date":"2020-10-15T11:51:59","date_gmt":"2020-10-15T09:51:59","guid":{"rendered":"https:\/\/ticsalutsocial.atoom.space\/?post_type=noticia&#038;p=4717"},"modified":"2021-07-21T15:49:15","modified_gmt":"2021-07-21T13:49:15","slug":"el-proyecto-mconnecta-inicia-las-adhesiones-de-los-centros-asistenciales-del-siscat","status":"publish","type":"noticia","link":"https:\/\/ticsalutsocial.atoom.space\/es\/noticia\/el-proyecto-mconnecta-inicia-las-adhesiones-de-los-centros-asistenciales-del-siscat\/","title":{"rendered":"El proyecto mConnecta inicia las adhesiones de los centros asistenciales del SISCAT"},"content":{"rendered":"<p>El pasado 6 de octubre la <em>Fundaci\u00f3 TIC Salut Social<\/em> present\u00f3 el proyecto de la Plataforma mConnecta a las gerencias y agentes clave que conforman las siete regiones sanitarias del <em>Servei Catal\u00e0 de la Salut<\/em> con el objetivo de avanzar hacia la adhesi\u00f3n a mConnecta de todos los centros del <em>Sistema Sanitari Integral d\u2019Utilitzaci\u00f3 P\u00fablica de Catalunya<\/em> (SISCAT).<\/p>\n<p>Por encargo del <em>CatSalut<\/em> y del <em>Departamento de Salut<\/em>, mConnecta nace como una plataforma integrada en las estaciones de trabajo de los profesionales de la salud y que permitir\u00e1 prescribir soluciones de movilidad a los ciudadanos: web apps, aplicaciones m\u00f3viles o <em>apps<\/em>, <em>wearables<\/em> y dispositivos m\u00e9dicos. Estas soluciones permiten a los ciudadanos mantener en tiempo real su estado de salud actualizado dentro del sistema a trav\u00e9s del env\u00edo de datos a la Plataforma mConnecta. De este modo se realiza un seguimiento de la patolog\u00eda complementando el modelo de atenci\u00f3n presencial con una formula no presencial gracias a la tecnolog\u00eda.<\/p>\n<p>El proceso asistencial de mConnecta que se encuentra en una fase m\u00e1s avanzada es el de seguimiento de la Cirug\u00eda Mayor Ambulatoria (CMA) de varices que, con la validaci\u00f3n del \u00e1rea Asistencial del <em>CatSalut<\/em>, su implementaci\u00f3n en los primeros centros se realizar\u00e1 en los pr\u00f3ximos d\u00edas.<\/p>\n<p>El proceso asistencial de\u00a0CMA\u00a0de varices ha sido dise\u00f1ado y consensuado por un grupo de trabajo de profesionales del sector y validado como proceso de modelo de atenci\u00f3n no presencial. Por otro lado,\u00a0mConnecta\u00a0est\u00e1 trabajando en el dise\u00f1o y validaci\u00f3n otros casos de uso como la diabetes.<\/p>\n<p>Si alguna entidad proveedora del SISCAT est\u00e1 interesada al adherirse a mConnecta o necesita informaci\u00f3n del proyecto, puede enviar un correo a la Oficina T\u00e9cnica mConnecta a la direcci\u00f3n <a href=\"mailto:otmconnecta@ticsalutsocial.cat\" target=\"_blank\" rel=\"noopener noreferrer\">otmconnecta@ticsalutsocial.cat<\/a><\/p>\n","protected":false},"author":21,"featured_media":4890,"menu_order":0,"template":"","meta":{"_acf_changed":false,"inline_featured_image":false},"etiqueta":[],"tipus":[654],"topic":[123,125],"class_list":["post-4717","noticia","type-noticia","status-publish","has-post-thumbnail","hentry","tipus-activos-digitales","topic-actualidad","topic-hub-es"],"acf":{"imatge":4892,"autor":"TIC Salut Social"},"yoast_head":"<!-- This site is optimized with the Yoast SEO plugin v27.1.1 - https:\/\/yoast.com\/product\/yoast-seo-wordpress\/ -->\n<title>El proyecto mConnecta inicia las adhesiones de los centros asistenciales del SISCAT - Fundaci\u00f3 TIC Salut i Social<\/title>\n<meta name=\"robots\" content=\"index, follow, max-snippet:-1, max-image-preview:large, max-video-preview:-1\" \/>\n<link rel=\"canonical\" href=\"https:\/\/ticsalutsocial.atoom.space\/es\/noticia\/el-proyecto-mconnecta-inicia-las-adhesiones-de-los-centros-asistenciales-del-siscat\/\" \/>\n<meta property=\"og:locale\" content=\"es_ES\" \/>\n<meta property=\"og:type\" content=\"article\" \/>\n<meta property=\"og:title\" content=\"El proyecto mConnecta inicia las adhesiones de los centros asistenciales del SISCAT - Fundaci\u00f3 TIC Salut i Social\" \/>\n<meta property=\"og:description\" content=\"El pasado 6 de octubre la Fundaci\u00f3 TIC Salut Social present\u00f3 el proyecto de la Plataforma mConnecta a las gerencias y agentes clave que conforman las siete regiones sanitarias del Servei Catal\u00e0 de la Salut con el objetivo de avanzar hacia la adhesi\u00f3n a mConnecta de todos los centros del Sistema Sanitari Integral d\u2019Utilitzaci\u00f3 P\u00fablica [&hellip;]\" \/>\n<meta property=\"og:url\" content=\"https:\/\/ticsalutsocial.atoom.space\/es\/noticia\/el-proyecto-mconnecta-inicia-las-adhesiones-de-los-centros-asistenciales-del-siscat\/\" \/>\n<meta property=\"og:site_name\" content=\"Fundaci\u00f3 TIC Salut i Social\" \/>\n<meta property=\"article:modified_time\" content=\"2021-07-21T13:49:15+00:00\" \/>\n<meta property=\"og:image\" content=\"https:\/\/ticsalutsocial.atoom.space\/wp-content\/uploads\/2021\/03\/pexels-anna-shvets-4226140-scaled.jpg\" \/>\n\t<meta property=\"og:image:width\" content=\"2560\" \/>\n\t<meta property=\"og:image:height\" content=\"1707\" \/>\n\t<meta property=\"og:image:type\" content=\"image\/jpeg\" \/>\n<meta name=\"twitter:card\" content=\"summary_large_image\" \/>\n<meta name=\"twitter:label1\" content=\"Tiempo de lectura\" \/>\n\t<meta name=\"twitter:data1\" content=\"2 minutos\" \/>\n<script type=\"application\/ld+json\" class=\"yoast-schema-graph\">{\"@context\":\"https:\/\/schema.org\",\"@graph\":[{\"@type\":\"WebPage\",\"@id\":\"https:\/\/ticsalutsocial.atoom.space\/es\/noticia\/el-proyecto-mconnecta-inicia-las-adhesiones-de-los-centros-asistenciales-del-siscat\/\",\"url\":\"https:\/\/ticsalutsocial.atoom.space\/es\/noticia\/el-proyecto-mconnecta-inicia-las-adhesiones-de-los-centros-asistenciales-del-siscat\/\",\"name\":\"El proyecto mConnecta inicia las adhesiones de los centros asistenciales del SISCAT - Fundaci\u00f3 TIC Salut i Social\",\"isPartOf\":{\"@id\":\"https:\/\/ticsalutsocial.atoom.space\/es\/#website\"},\"primaryImageOfPage\":{\"@id\":\"https:\/\/ticsalutsocial.atoom.space\/es\/noticia\/el-proyecto-mconnecta-inicia-las-adhesiones-de-los-centros-asistenciales-del-siscat\/#primaryimage\"},\"image\":{\"@id\":\"https:\/\/ticsalutsocial.atoom.space\/es\/noticia\/el-proyecto-mconnecta-inicia-las-adhesiones-de-los-centros-asistenciales-del-siscat\/#primaryimage\"},\"thumbnailUrl\":\"https:\/\/ticsalutsocial.atoom.space\/wp-content\/uploads\/2021\/03\/pexels-anna-shvets-4226140-scaled.jpg\",\"datePublished\":\"2020-10-15T09:51:59+00:00\",\"dateModified\":\"2021-07-21T13:49:15+00:00\",\"breadcrumb\":{\"@id\":\"https:\/\/ticsalutsocial.atoom.space\/es\/noticia\/el-proyecto-mconnecta-inicia-las-adhesiones-de-los-centros-asistenciales-del-siscat\/#breadcrumb\"},\"inLanguage\":\"es\",\"potentialAction\":[{\"@type\":\"ReadAction\",\"target\":[\"https:\/\/ticsalutsocial.atoom.space\/es\/noticia\/el-proyecto-mconnecta-inicia-las-adhesiones-de-los-centros-asistenciales-del-siscat\/\"]}]},{\"@type\":\"ImageObject\",\"inLanguage\":\"es\",\"@id\":\"https:\/\/ticsalutsocial.atoom.space\/es\/noticia\/el-proyecto-mconnecta-inicia-las-adhesiones-de-los-centros-asistenciales-del-siscat\/#primaryimage\",\"url\":\"https:\/\/ticsalutsocial.atoom.space\/wp-content\/uploads\/2021\/03\/pexels-anna-shvets-4226140-scaled.jpg\",\"contentUrl\":\"https:\/\/ticsalutsocial.atoom.space\/wp-content\/uploads\/2021\/03\/pexels-anna-shvets-4226140-scaled.jpg\",\"width\":2560,\"height\":1707},{\"@type\":\"BreadcrumbList\",\"@id\":\"https:\/\/ticsalutsocial.atoom.space\/es\/noticia\/el-proyecto-mconnecta-inicia-las-adhesiones-de-los-centros-asistenciales-del-siscat\/#breadcrumb\",\"itemListElement\":[{\"@type\":\"ListItem\",\"position\":1,\"name\":\"Inici\",\"item\":\"https:\/\/ticsalutsocial.atoom.space\/es\/\"},{\"@type\":\"ListItem\",\"position\":2,\"name\":\"El proyecto mConnecta inicia las adhesiones de los centros asistenciales del SISCAT\"}]},{\"@type\":\"WebSite\",\"@id\":\"https:\/\/ticsalutsocial.atoom.space\/es\/#website\",\"url\":\"https:\/\/ticsalutsocial.atoom.space\/es\/\",\"name\":\"Fundaci\u00f3 TIC Salut i Social\",\"description\":\"\",\"potentialAction\":[{\"@type\":\"SearchAction\",\"target\":{\"@type\":\"EntryPoint\",\"urlTemplate\":\"https:\/\/ticsalutsocial.atoom.space\/es\/?s={search_term_string}\"},\"query-input\":{\"@type\":\"PropertyValueSpecification\",\"valueRequired\":true,\"valueName\":\"search_term_string\"}}],\"inLanguage\":\"es\"}]}<\/script>\n<!-- \/ Yoast SEO plugin. -->","yoast_head_json":{"title":"El proyecto mConnecta inicia las adhesiones de los centros asistenciales del SISCAT - Fundaci\u00f3 TIC Salut i Social","robots":{"index":"index","follow":"follow","max-snippet":"max-snippet:-1","max-image-preview":"max-image-preview:large","max-video-preview":"max-video-preview:-1"},"canonical":"https:\/\/ticsalutsocial.atoom.space\/es\/noticia\/el-proyecto-mconnecta-inicia-las-adhesiones-de-los-centros-asistenciales-del-siscat\/","og_locale":"es_ES","og_type":"article","og_title":"El proyecto mConnecta inicia las adhesiones de los centros asistenciales del SISCAT - Fundaci\u00f3 TIC Salut i Social","og_description":"El pasado 6 de octubre la Fundaci\u00f3 TIC Salut Social present\u00f3 el proyecto de la Plataforma mConnecta a las gerencias y agentes clave que conforman las siete regiones sanitarias del Servei Catal\u00e0 de la Salut con el objetivo de avanzar hacia la adhesi\u00f3n a mConnecta de todos los centros del Sistema Sanitari Integral d\u2019Utilitzaci\u00f3 P\u00fablica [&hellip;]","og_url":"https:\/\/ticsalutsocial.atoom.space\/es\/noticia\/el-proyecto-mconnecta-inicia-las-adhesiones-de-los-centros-asistenciales-del-siscat\/","og_site_name":"Fundaci\u00f3 TIC Salut i Social","article_modified_time":"2021-07-21T13:49:15+00:00","og_image":[{"width":2560,"height":1707,"url":"https:\/\/ticsalutsocial.atoom.space\/wp-content\/uploads\/2021\/03\/pexels-anna-shvets-4226140-scaled.jpg","type":"image\/jpeg"}],"twitter_card":"summary_large_image","twitter_misc":{"Tiempo de lectura":"2 minutos"},"schema":{"@context":"https:\/\/schema.org","@graph":[{"@type":"WebPage","@id":"https:\/\/ticsalutsocial.atoom.space\/es\/noticia\/el-proyecto-mconnecta-inicia-las-adhesiones-de-los-centros-asistenciales-del-siscat\/","url":"https:\/\/ticsalutsocial.atoom.space\/es\/noticia\/el-proyecto-mconnecta-inicia-las-adhesiones-de-los-centros-asistenciales-del-siscat\/","name":"El proyecto mConnecta inicia las adhesiones de los centros asistenciales del SISCAT - Fundaci\u00f3 TIC Salut i Social","isPartOf":{"@id":"https:\/\/ticsalutsocial.atoom.space\/es\/#website"},"primaryImageOfPage":{"@id":"https:\/\/ticsalutsocial.atoom.space\/es\/noticia\/el-proyecto-mconnecta-inicia-las-adhesiones-de-los-centros-asistenciales-del-siscat\/#primaryimage"},"image":{"@id":"https:\/\/ticsalutsocial.atoom.space\/es\/noticia\/el-proyecto-mconnecta-inicia-las-adhesiones-de-los-centros-asistenciales-del-siscat\/#primaryimage"},"thumbnailUrl":"https:\/\/ticsalutsocial.atoom.space\/wp-content\/uploads\/2021\/03\/pexels-anna-shvets-4226140-scaled.jpg","datePublished":"2020-10-15T09:51:59+00:00","dateModified":"2021-07-21T13:49:15+00:00","breadcrumb":{"@id":"https:\/\/ticsalutsocial.atoom.space\/es\/noticia\/el-proyecto-mconnecta-inicia-las-adhesiones-de-los-centros-asistenciales-del-siscat\/#breadcrumb"},"inLanguage":"es","potentialAction":[{"@type":"ReadAction","target":["https:\/\/ticsalutsocial.atoom.space\/es\/noticia\/el-proyecto-mconnecta-inicia-las-adhesiones-de-los-centros-asistenciales-del-siscat\/"]}]},{"@type":"ImageObject","inLanguage":"es","@id":"https:\/\/ticsalutsocial.atoom.space\/es\/noticia\/el-proyecto-mconnecta-inicia-las-adhesiones-de-los-centros-asistenciales-del-siscat\/#primaryimage","url":"https:\/\/ticsalutsocial.atoom.space\/wp-content\/uploads\/2021\/03\/pexels-anna-shvets-4226140-scaled.jpg","contentUrl":"https:\/\/ticsalutsocial.atoom.space\/wp-content\/uploads\/2021\/03\/pexels-anna-shvets-4226140-scaled.jpg","width":2560,"height":1707},{"@type":"BreadcrumbList","@id":"https:\/\/ticsalutsocial.atoom.space\/es\/noticia\/el-proyecto-mconnecta-inicia-las-adhesiones-de-los-centros-asistenciales-del-siscat\/#breadcrumb","itemListElement":[{"@type":"ListItem","position":1,"name":"Inici","item":"https:\/\/ticsalutsocial.atoom.space\/es\/"},{"@type":"ListItem","position":2,"name":"El proyecto mConnecta inicia las adhesiones de los centros asistenciales del SISCAT"}]},{"@type":"WebSite","@id":"https:\/\/ticsalutsocial.atoom.space\/es\/#website","url":"https:\/\/ticsalutsocial.atoom.space\/es\/","name":"Fundaci\u00f3 TIC Salut i Social","description":"","potentialAction":[{"@type":"SearchAction","target":{"@type":"EntryPoint","urlTemplate":"https:\/\/ticsalutsocial.atoom.space\/es\/?s={search_term_string}"},"query-input":{"@type":"PropertyValueSpecification","valueRequired":true,"valueName":"search_term_string"}}],"inLanguage":"es"}]}},"_links":{"self":[{"href":"https:\/\/ticsalutsocial.atoom.space\/es\/wp-json\/wp\/v2\/noticia\/4717","targetHints":{"allow":["GET"]}}],"collection":[{"href":"https:\/\/ticsalutsocial.atoom.space\/es\/wp-json\/wp\/v2\/noticia"}],"about":[{"href":"https:\/\/ticsalutsocial.atoom.space\/es\/wp-json\/wp\/v2\/types\/noticia"}],"author":[{"embeddable":true,"href":"https:\/\/ticsalutsocial.atoom.space\/es\/wp-json\/wp\/v2\/users\/21"}],"wp:featuredmedia":[{"embeddable":true,"href":"https:\/\/ticsalutsocial.atoom.space\/es\/wp-json\/wp\/v2\/media\/4890"}],"wp:attachment":[{"href":"https:\/\/ticsalutsocial.atoom.space\/es\/wp-json\/wp\/v2\/media?parent=4717"}],"wp:term":[{"taxonomy":"etiqueta","embeddable":true,"href":"https:\/\/ticsalutsocial.atoom.space\/es\/wp-json\/wp\/v2\/etiqueta?post=4717"},{"taxonomy":"tipus","embeddable":true,"href":"https:\/\/ticsalutsocial.atoom.space\/es\/wp-json\/wp\/v2\/tipus?post=4717"},{"taxonomy":"topic","embeddable":true,"href":"https:\/\/ticsalutsocial.atoom.space\/es\/wp-json\/wp\/v2\/topic?post=4717"}],"curies":[{"name":"wp","href":"https:\/\/api.w.org\/{rel}","templated":true}]}}