
{"id":4726,"date":"2020-10-22T16:48:55","date_gmt":"2020-10-22T14:48:55","guid":{"rendered":"https:\/\/ticsalutsocial.atoom.space\/?post_type=noticia&#038;p=4726"},"modified":"2021-07-21T15:49:18","modified_gmt":"2021-07-21T13:49:18","slug":"la-proteccion-de-datos-en-proyectos-de-investigacion-cierra-las-10a-jornadas-rdi-tic-salut-social","status":"publish","type":"noticia","link":"https:\/\/ticsalutsocial.atoom.space\/es\/noticia\/la-proteccion-de-datos-en-proyectos-de-investigacion-cierra-las-10a-jornadas-rdi-tic-salut-social\/","title":{"rendered":"La protecci\u00f3n de datos en proyectos de investigaci\u00f3n cierra las 10\u00aa Jornadas RDI TIC Salut Social"},"content":{"rendered":"<p>El webinar centrado en la evaluaci\u00f3n de los aspectos de Protecci\u00f3n de Datos en proyectos de investigaci\u00f3n puso fin al ciclo de 4 webinar de las las 10\u00aa Jornadas I + D + i TIC Salut Social de este a\u00f1o, celebradas, como no pod\u00eda ser de otra manera en este contexto, en formato remoto y que han servido para reflexionar sobre la transformaci\u00f3n digital en el sistema sanitario y social ante el reto que est\u00e1 suponiendo la pandemia del Covid-19.<\/p>\n<p>En la sesi\u00f3n de ayer, que cont\u00f3 con picos de seguimiento punta de m\u00e1s de 330 espectadores, se hab\u00edan registrado 520 en total, sirvi\u00f3, por un lado, para reflexionar sobre la protecci\u00f3n de datos en proyectos de investigaci\u00f3n y, al mismo tiempo, presentar <strong>la gu\u00eda de evaluaci\u00f3n de los aspectos derivados de la normativa de Protecci\u00f3n de Datos en proyectos de investigaci\u00f3n.<\/strong><\/p>\n<blockquote><p>Precisamente, esta gu\u00eda, la cual ya est\u00e1 <a href=\"https:\/\/ticsalutsocial.atoom.space\/wp-content\/uploads\/2020\/07\/avaluacio-dels-aspectes-derivats-de-la-normativa-de-proteccio-de-dades-en-projectes-de-recerca-versiofinal.pdf\">disponible para ser consultada y descargada (idioma catal\u00e1n)<\/a>, pretende facilitar la tarea de evaluaci\u00f3n por partes de los miembros de los CEI o CEIM, as\u00ed como poner en conocimiento a promotores e investigadores de los aspectos que debe contener la documentaci\u00f3n que se presentan en los comit\u00e9s de \u00e9tica, a fin de respetar y dar cumplimiento a la normativa de protecci\u00f3n de datos.<\/p><\/blockquote>\n<p>El debate sirvi\u00f3 para poner sobre la mesa la necesidad de gestionar los diferentes proyectos que incorporan herramientas tecnol\u00f3gicas para la obtenci\u00f3n de resultados, como la investigaci\u00f3n en salud trabajo para integrar referencias que permitan a los investigadores y cient\u00edficos calibrar los par\u00e1metros en que se pueden realizar sus proyectos. Estas referencias se establecen en dos \u00e1mbitos concretos: el \u00e1mbito de la protecci\u00f3n de datos personales mediante la aplicaci\u00f3n de la normativa implantada por el RGPD, la LOPDGDD, y la normativa espec\u00edfica de investigaci\u00f3n. Y, el \u00e1mbito de la \u00e9tica en la investigaci\u00f3n con la valoraci\u00f3n de las causas, efectos y repercusiones que la b\u00fasqueda pueda generar.<\/p>\n<p>Precisamente, el conocimiento de los par\u00e1metros, condiciones y l\u00edmites en que se ha de aplicar la protecci\u00f3n de datos y la \u00e9tica en la investigaci\u00f3n en salud puede contribuir a disminuir las incertidumbres que la transformaci\u00f3n digital puede generar en la ciudadan\u00eda, aportando confianza en unos procesos que ya forman parte de la realidad actual.<\/p>\n<p>A continuaci\u00f3n est\u00e1 disponible la sesi\u00f3n completa (en catal\u00e1n):<\/p>\n<p><iframe loading=\"lazy\" title=\"&quot;Avaluaci\u00f3 dels aspectes de Protecci\u00f3 de Dades en Projectes de Recerca\u201d | TIC Salut Social\" width=\"500\" height=\"281\" src=\"https:\/\/www.youtube.com\/embed\/_GHGEFFY-UE?start=145&#038;feature=oembed\" frameborder=\"0\" allow=\"accelerometer; autoplay; clipboard-write; encrypted-media; gyroscope; picture-in-picture; web-share\" referrerpolicy=\"strict-origin-when-cross-origin\" allowfullscreen><\/iframe><\/p>\n","protected":false},"author":21,"featured_media":3510,"menu_order":0,"template":"","meta":{"_acf_changed":false,"inline_featured_image":false},"etiqueta":[],"tipus":[106],"topic":[113,121],"class_list":["post-4726","noticia","type-noticia","status-publish","has-post-thumbnail","hentry","tipus-dpd-salud","topic-transformacion-digital","topic-dpd-es"],"acf":{"imatge":3512,"autor":"Adri\u00e0 G.Font"},"yoast_head":"<!-- This site is optimized with the Yoast SEO plugin v27.1.1 - https:\/\/yoast.com\/product\/yoast-seo-wordpress\/ -->\n<title>La protecci\u00f3n de datos en proyectos de investigaci\u00f3n cierra las 10\u00aa Jornadas RDI TIC Salut Social - Fundaci\u00f3 TIC Salut i Social<\/title>\n<meta name=\"robots\" content=\"index, follow, max-snippet:-1, max-image-preview:large, max-video-preview:-1\" \/>\n<link rel=\"canonical\" href=\"https:\/\/ticsalutsocial.atoom.space\/es\/noticia\/la-proteccion-de-datos-en-proyectos-de-investigacion-cierra-las-10a-jornadas-rdi-tic-salut-social\/\" \/>\n<meta property=\"og:locale\" content=\"es_ES\" \/>\n<meta property=\"og:type\" content=\"article\" \/>\n<meta property=\"og:title\" content=\"La protecci\u00f3n de datos en proyectos de investigaci\u00f3n cierra las 10\u00aa Jornadas RDI TIC Salut Social - Fundaci\u00f3 TIC Salut i Social\" \/>\n<meta property=\"og:description\" content=\"El webinar centrado en la evaluaci\u00f3n de los aspectos de Protecci\u00f3n de Datos en proyectos de investigaci\u00f3n puso fin al ciclo de 4 webinar de las las 10\u00aa Jornadas I + D + i TIC Salut Social de este a\u00f1o, celebradas, como no pod\u00eda ser de otra manera en este contexto, en formato remoto y [&hellip;]\" \/>\n<meta property=\"og:url\" content=\"https:\/\/ticsalutsocial.atoom.space\/es\/noticia\/la-proteccion-de-datos-en-proyectos-de-investigacion-cierra-las-10a-jornadas-rdi-tic-salut-social\/\" \/>\n<meta property=\"og:site_name\" content=\"Fundaci\u00f3 TIC Salut i Social\" \/>\n<meta property=\"article:modified_time\" content=\"2021-07-21T13:49:18+00:00\" \/>\n<meta property=\"og:image\" content=\"https:\/\/ticsalutsocial.atoom.space\/wp-content\/uploads\/2018\/09\/captura-1.png\" \/>\n\t<meta property=\"og:image:width\" content=\"856\" \/>\n\t<meta property=\"og:image:height\" content=\"575\" \/>\n\t<meta property=\"og:image:type\" content=\"image\/png\" \/>\n<meta name=\"twitter:card\" content=\"summary_large_image\" \/>\n<meta name=\"twitter:label1\" content=\"Tiempo de lectura\" \/>\n\t<meta name=\"twitter:data1\" content=\"2 minutos\" \/>\n<script type=\"application\/ld+json\" class=\"yoast-schema-graph\">{\"@context\":\"https:\/\/schema.org\",\"@graph\":[{\"@type\":\"WebPage\",\"@id\":\"https:\/\/ticsalutsocial.atoom.space\/es\/noticia\/la-proteccion-de-datos-en-proyectos-de-investigacion-cierra-las-10a-jornadas-rdi-tic-salut-social\/\",\"url\":\"https:\/\/ticsalutsocial.atoom.space\/es\/noticia\/la-proteccion-de-datos-en-proyectos-de-investigacion-cierra-las-10a-jornadas-rdi-tic-salut-social\/\",\"name\":\"La protecci\u00f3n de datos en proyectos de investigaci\u00f3n cierra las 10\u00aa Jornadas RDI TIC Salut Social - Fundaci\u00f3 TIC Salut i Social\",\"isPartOf\":{\"@id\":\"https:\/\/ticsalutsocial.atoom.space\/es\/#website\"},\"primaryImageOfPage\":{\"@id\":\"https:\/\/ticsalutsocial.atoom.space\/es\/noticia\/la-proteccion-de-datos-en-proyectos-de-investigacion-cierra-las-10a-jornadas-rdi-tic-salut-social\/#primaryimage\"},\"image\":{\"@id\":\"https:\/\/ticsalutsocial.atoom.space\/es\/noticia\/la-proteccion-de-datos-en-proyectos-de-investigacion-cierra-las-10a-jornadas-rdi-tic-salut-social\/#primaryimage\"},\"thumbnailUrl\":\"https:\/\/ticsalutsocial.atoom.space\/wp-content\/uploads\/2018\/09\/captura-1.png\",\"datePublished\":\"2020-10-22T14:48:55+00:00\",\"dateModified\":\"2021-07-21T13:49:18+00:00\",\"breadcrumb\":{\"@id\":\"https:\/\/ticsalutsocial.atoom.space\/es\/noticia\/la-proteccion-de-datos-en-proyectos-de-investigacion-cierra-las-10a-jornadas-rdi-tic-salut-social\/#breadcrumb\"},\"inLanguage\":\"es\",\"potentialAction\":[{\"@type\":\"ReadAction\",\"target\":[\"https:\/\/ticsalutsocial.atoom.space\/es\/noticia\/la-proteccion-de-datos-en-proyectos-de-investigacion-cierra-las-10a-jornadas-rdi-tic-salut-social\/\"]}]},{\"@type\":\"ImageObject\",\"inLanguage\":\"es\",\"@id\":\"https:\/\/ticsalutsocial.atoom.space\/es\/noticia\/la-proteccion-de-datos-en-proyectos-de-investigacion-cierra-las-10a-jornadas-rdi-tic-salut-social\/#primaryimage\",\"url\":\"https:\/\/ticsalutsocial.atoom.space\/wp-content\/uploads\/2018\/09\/captura-1.png\",\"contentUrl\":\"https:\/\/ticsalutsocial.atoom.space\/wp-content\/uploads\/2018\/09\/captura-1.png\",\"width\":856,\"height\":575},{\"@type\":\"BreadcrumbList\",\"@id\":\"https:\/\/ticsalutsocial.atoom.space\/es\/noticia\/la-proteccion-de-datos-en-proyectos-de-investigacion-cierra-las-10a-jornadas-rdi-tic-salut-social\/#breadcrumb\",\"itemListElement\":[{\"@type\":\"ListItem\",\"position\":1,\"name\":\"Inici\",\"item\":\"https:\/\/ticsalutsocial.atoom.space\/es\/\"},{\"@type\":\"ListItem\",\"position\":2,\"name\":\"La protecci\u00f3n de datos en proyectos de investigaci\u00f3n cierra las 10\u00aa Jornadas RDI TIC Salut Social\"}]},{\"@type\":\"WebSite\",\"@id\":\"https:\/\/ticsalutsocial.atoom.space\/es\/#website\",\"url\":\"https:\/\/ticsalutsocial.atoom.space\/es\/\",\"name\":\"Fundaci\u00f3 TIC Salut i Social\",\"description\":\"\",\"potentialAction\":[{\"@type\":\"SearchAction\",\"target\":{\"@type\":\"EntryPoint\",\"urlTemplate\":\"https:\/\/ticsalutsocial.atoom.space\/es\/?s={search_term_string}\"},\"query-input\":{\"@type\":\"PropertyValueSpecification\",\"valueRequired\":true,\"valueName\":\"search_term_string\"}}],\"inLanguage\":\"es\"}]}<\/script>\n<!-- \/ Yoast SEO plugin. -->","yoast_head_json":{"title":"La protecci\u00f3n de datos en proyectos de investigaci\u00f3n cierra las 10\u00aa Jornadas RDI TIC Salut Social - Fundaci\u00f3 TIC Salut i Social","robots":{"index":"index","follow":"follow","max-snippet":"max-snippet:-1","max-image-preview":"max-image-preview:large","max-video-preview":"max-video-preview:-1"},"canonical":"https:\/\/ticsalutsocial.atoom.space\/es\/noticia\/la-proteccion-de-datos-en-proyectos-de-investigacion-cierra-las-10a-jornadas-rdi-tic-salut-social\/","og_locale":"es_ES","og_type":"article","og_title":"La protecci\u00f3n de datos en proyectos de investigaci\u00f3n cierra las 10\u00aa Jornadas RDI TIC Salut Social - Fundaci\u00f3 TIC Salut i Social","og_description":"El webinar centrado en la evaluaci\u00f3n de los aspectos de Protecci\u00f3n de Datos en proyectos de investigaci\u00f3n puso fin al ciclo de 4 webinar de las las 10\u00aa Jornadas I + D + i TIC Salut Social de este a\u00f1o, celebradas, como no pod\u00eda ser de otra manera en este contexto, en formato remoto y [&hellip;]","og_url":"https:\/\/ticsalutsocial.atoom.space\/es\/noticia\/la-proteccion-de-datos-en-proyectos-de-investigacion-cierra-las-10a-jornadas-rdi-tic-salut-social\/","og_site_name":"Fundaci\u00f3 TIC Salut i Social","article_modified_time":"2021-07-21T13:49:18+00:00","og_image":[{"width":856,"height":575,"url":"https:\/\/ticsalutsocial.atoom.space\/wp-content\/uploads\/2018\/09\/captura-1.png","type":"image\/png"}],"twitter_card":"summary_large_image","twitter_misc":{"Tiempo de lectura":"2 minutos"},"schema":{"@context":"https:\/\/schema.org","@graph":[{"@type":"WebPage","@id":"https:\/\/ticsalutsocial.atoom.space\/es\/noticia\/la-proteccion-de-datos-en-proyectos-de-investigacion-cierra-las-10a-jornadas-rdi-tic-salut-social\/","url":"https:\/\/ticsalutsocial.atoom.space\/es\/noticia\/la-proteccion-de-datos-en-proyectos-de-investigacion-cierra-las-10a-jornadas-rdi-tic-salut-social\/","name":"La protecci\u00f3n de datos en proyectos de investigaci\u00f3n cierra las 10\u00aa Jornadas RDI TIC Salut Social - Fundaci\u00f3 TIC Salut i Social","isPartOf":{"@id":"https:\/\/ticsalutsocial.atoom.space\/es\/#website"},"primaryImageOfPage":{"@id":"https:\/\/ticsalutsocial.atoom.space\/es\/noticia\/la-proteccion-de-datos-en-proyectos-de-investigacion-cierra-las-10a-jornadas-rdi-tic-salut-social\/#primaryimage"},"image":{"@id":"https:\/\/ticsalutsocial.atoom.space\/es\/noticia\/la-proteccion-de-datos-en-proyectos-de-investigacion-cierra-las-10a-jornadas-rdi-tic-salut-social\/#primaryimage"},"thumbnailUrl":"https:\/\/ticsalutsocial.atoom.space\/wp-content\/uploads\/2018\/09\/captura-1.png","datePublished":"2020-10-22T14:48:55+00:00","dateModified":"2021-07-21T13:49:18+00:00","breadcrumb":{"@id":"https:\/\/ticsalutsocial.atoom.space\/es\/noticia\/la-proteccion-de-datos-en-proyectos-de-investigacion-cierra-las-10a-jornadas-rdi-tic-salut-social\/#breadcrumb"},"inLanguage":"es","potentialAction":[{"@type":"ReadAction","target":["https:\/\/ticsalutsocial.atoom.space\/es\/noticia\/la-proteccion-de-datos-en-proyectos-de-investigacion-cierra-las-10a-jornadas-rdi-tic-salut-social\/"]}]},{"@type":"ImageObject","inLanguage":"es","@id":"https:\/\/ticsalutsocial.atoom.space\/es\/noticia\/la-proteccion-de-datos-en-proyectos-de-investigacion-cierra-las-10a-jornadas-rdi-tic-salut-social\/#primaryimage","url":"https:\/\/ticsalutsocial.atoom.space\/wp-content\/uploads\/2018\/09\/captura-1.png","contentUrl":"https:\/\/ticsalutsocial.atoom.space\/wp-content\/uploads\/2018\/09\/captura-1.png","width":856,"height":575},{"@type":"BreadcrumbList","@id":"https:\/\/ticsalutsocial.atoom.space\/es\/noticia\/la-proteccion-de-datos-en-proyectos-de-investigacion-cierra-las-10a-jornadas-rdi-tic-salut-social\/#breadcrumb","itemListElement":[{"@type":"ListItem","position":1,"name":"Inici","item":"https:\/\/ticsalutsocial.atoom.space\/es\/"},{"@type":"ListItem","position":2,"name":"La protecci\u00f3n de datos en proyectos de investigaci\u00f3n cierra las 10\u00aa Jornadas RDI TIC Salut Social"}]},{"@type":"WebSite","@id":"https:\/\/ticsalutsocial.atoom.space\/es\/#website","url":"https:\/\/ticsalutsocial.atoom.space\/es\/","name":"Fundaci\u00f3 TIC Salut i Social","description":"","potentialAction":[{"@type":"SearchAction","target":{"@type":"EntryPoint","urlTemplate":"https:\/\/ticsalutsocial.atoom.space\/es\/?s={search_term_string}"},"query-input":{"@type":"PropertyValueSpecification","valueRequired":true,"valueName":"search_term_string"}}],"inLanguage":"es"}]}},"_links":{"self":[{"href":"https:\/\/ticsalutsocial.atoom.space\/es\/wp-json\/wp\/v2\/noticia\/4726","targetHints":{"allow":["GET"]}}],"collection":[{"href":"https:\/\/ticsalutsocial.atoom.space\/es\/wp-json\/wp\/v2\/noticia"}],"about":[{"href":"https:\/\/ticsalutsocial.atoom.space\/es\/wp-json\/wp\/v2\/types\/noticia"}],"author":[{"embeddable":true,"href":"https:\/\/ticsalutsocial.atoom.space\/es\/wp-json\/wp\/v2\/users\/21"}],"wp:featuredmedia":[{"embeddable":true,"href":"https:\/\/ticsalutsocial.atoom.space\/es\/wp-json\/wp\/v2\/media\/3510"}],"wp:attachment":[{"href":"https:\/\/ticsalutsocial.atoom.space\/es\/wp-json\/wp\/v2\/media?parent=4726"}],"wp:term":[{"taxonomy":"etiqueta","embeddable":true,"href":"https:\/\/ticsalutsocial.atoom.space\/es\/wp-json\/wp\/v2\/etiqueta?post=4726"},{"taxonomy":"tipus","embeddable":true,"href":"https:\/\/ticsalutsocial.atoom.space\/es\/wp-json\/wp\/v2\/tipus?post=4726"},{"taxonomy":"topic","embeddable":true,"href":"https:\/\/ticsalutsocial.atoom.space\/es\/wp-json\/wp\/v2\/topic?post=4726"}],"curies":[{"name":"wp","href":"https:\/\/api.w.org\/{rel}","templated":true}]}}