
{"id":4738,"date":"2020-10-29T14:23:15","date_gmt":"2020-10-29T12:23:15","guid":{"rendered":"https:\/\/ticsalutsocial.atoom.space\/?post_type=noticia&#038;p=4738"},"modified":"2021-07-21T15:49:25","modified_gmt":"2021-07-21T13:49:25","slug":"abierta-la-convocatoria-de-los-premis-recerca-jove-2020-para-fomentar-el-espiritu-cientifico-de-los-mas-jovenes","status":"publish","type":"noticia","link":"https:\/\/ticsalutsocial.atoom.space\/es\/noticia\/abierta-la-convocatoria-de-los-premis-recerca-jove-2020-para-fomentar-el-espiritu-cientifico-de-los-mas-jovenes\/","title":{"rendered":"Abierta la convocatoria de los &#8216;Premis Recerca Jove 2020&#8217; para fomentar el esp\u00edritu cient\u00edfico de los m\u00e1s j\u00f3venes"},"content":{"rendered":"<p>Este a\u00f1o, los Premios Investigaci\u00f3n Joven 2020 (PRJ) incluyen por segunda vez el premio TIC Salut Social, un reconocimiento para el mejor trabajo en este \u00e1mbito. Los PRJ se dirigen a estudiantes entre 14 y 23 a\u00f1os de edad que hayan cursado 3\u00ba y 4\u00ba de ESO, bachillerato o ciclos formativos de grado mediano o superior durante el curso 2019-2020 y que hayan realizado el trabajo de investigaci\u00f3n durante este curso.<\/p>\n<p>Esta iniciativa se ha desarrollado conjuntamente con la <em>Fundaci\u00f3 TIC Salut Social<\/em> y tiene el objetivo de reconocer el mejor trabajo de investigaci\u00f3n que trate cuestiones relacionadas con el \u00e1mbito de las tecnolog\u00edas de la informaci\u00f3n y la comunicaci\u00f3n (TIC) o las nuevas tecnolog\u00edas en el sector salud o social.<\/p>\n<p>En concreto, el premio <em>TIC Salut Social<\/em> tiene la finalidad de reconocer los trabajos de investigaci\u00f3n que aporten una idea o un proyecto innovador en el \u00e1mbito de las TIC y que surja de una necesidad real identificada al sector sanitario o social.<\/p>\n<p>Este premio valorar\u00e1 el planteamiento y el valor de la propuesta para la comunidad social y sanitaria y busca poder dar visibilidad en las aplicaciones de las nuevas tecnolog\u00edas en estos \u00e1mbitos del conocimiento, dada su importancia y la evoluci\u00f3n trepidante de la transformaci\u00f3n digital a nuestra sociedad.<\/p>\n<p>En la categor\u00eda TIC podemos incluir estudios de desarrollo y uso de la telemedicina y la teleasistencia m\u00e9dica, realidad virtual (RV), internet de las cosas (IOT, del ingl\u00e9s Internet of Things), inteligencia artificial (IA), datos masivos (big data), rob\u00f3tica, impresi\u00f3n en 3D o fabricaci\u00f3n aditiva, comunidades virtuales de pacientes, nuevas competencias digitales para el \u00e1mbito profesional, integraci\u00f3n sanitaria y social o movilidad (aplicaciones y dispositivos port\u00e1tiles o wearables).<\/p>\n<p>\u201cEn definitiva, cualquier tem\u00e1tica relacionada con la salud digital o la salud m\u00f3vil (ehealth o mhealth) en el campo sanitario o social que sit\u00fae los pacientes o la ciudadan\u00eda en el centro del sistema como agentes de la transformaci\u00f3n digital.\u201d<\/p>\n<p>Se valorar\u00e1 especialmente que el trabajo sea integrador, y podr\u00e1 hacer referencia al \u00e1mbito catal\u00e1n o internacional.<\/p>\n<p>En este sentido, la Fundaci\u00f3n TIC Salud Social participa en la convocatoria con la aportaci\u00f3n de una dotaci\u00f3n econ\u00f3mica de ochocientos cincuenta euros.<\/p>\n<p><strong><span class=\"TextRun SCXO32481300 BCX0\" lang=\"CA-ES\" xml:lang=\"CA-ES\" data-contrast=\"auto\"><span class=\"NormalTextRun SCXO32481300 BCX0\">Plazo de presentaci\u00f3n de solicitudes: del 15 <\/span><span class=\"SpellingError SCXO32481300 BCX0\">de octubre<\/span><span class=\"NormalTextRun SCXO32481300 BCX0\"> de 2020 hasta las 14:00h (hora local Barcelona) del 10 de noviembre de 2020<\/span><\/span><span class=\"EOP SCXO32481300 BCX0\">\u00a0<\/span><\/strong><\/p>\n<p><strong>Contacto: Yasmina Comas (ycomas@gencat.cat) Tel\u00e9fono: 93 268 87 98<\/strong><\/p>\n<p><a href=\"http:\/\/web.gencat.cat\/ca\/tramits\/tramits-temes\/Premis-Recerca-Jove-per-fomentar-lesperit-cientific-del-jovent-PRJ\" target=\"_blank\" rel=\"noopener noreferrer\">Contacto<\/a><\/p>\n","protected":false},"author":21,"featured_media":4735,"menu_order":0,"template":"","meta":{"_acf_changed":false,"inline_featured_image":false},"etiqueta":[],"tipus":[],"topic":[119,123],"class_list":["post-4738","noticia","type-noticia","status-publish","has-post-thumbnail","hentry","topic-innovacion","topic-actualidad"],"acf":{"imatge":4737,"autor":"Marc De San Pedro"},"yoast_head":"<!-- This site is optimized with the Yoast SEO plugin v27.1.1 - https:\/\/yoast.com\/product\/yoast-seo-wordpress\/ -->\n<title>Abierta la convocatoria de los &#039;Premis Recerca Jove 2020&#039; para fomentar el esp\u00edritu cient\u00edfico de los m\u00e1s j\u00f3venes - Fundaci\u00f3 TIC Salut i Social<\/title>\n<meta name=\"robots\" content=\"index, follow, max-snippet:-1, max-image-preview:large, max-video-preview:-1\" \/>\n<link rel=\"canonical\" href=\"https:\/\/ticsalutsocial.atoom.space\/es\/noticia\/abierta-la-convocatoria-de-los-premis-recerca-jove-2020-para-fomentar-el-espiritu-cientifico-de-los-mas-jovenes\/\" \/>\n<meta property=\"og:locale\" content=\"es_ES\" \/>\n<meta property=\"og:type\" content=\"article\" \/>\n<meta property=\"og:title\" content=\"Abierta la convocatoria de los &#039;Premis Recerca Jove 2020&#039; para fomentar el esp\u00edritu cient\u00edfico de los m\u00e1s j\u00f3venes - Fundaci\u00f3 TIC Salut i Social\" \/>\n<meta property=\"og:description\" content=\"Este a\u00f1o, los Premios Investigaci\u00f3n Joven 2020 (PRJ) incluyen por segunda vez el premio TIC Salut Social, un reconocimiento para el mejor trabajo en este \u00e1mbito. Los PRJ se dirigen a estudiantes entre 14 y 23 a\u00f1os de edad que hayan cursado 3\u00ba y 4\u00ba de ESO, bachillerato o ciclos formativos de grado mediano o [&hellip;]\" \/>\n<meta property=\"og:url\" content=\"https:\/\/ticsalutsocial.atoom.space\/es\/noticia\/abierta-la-convocatoria-de-los-premis-recerca-jove-2020-para-fomentar-el-espiritu-cientifico-de-los-mas-jovenes\/\" \/>\n<meta property=\"og:site_name\" content=\"Fundaci\u00f3 TIC Salut i Social\" \/>\n<meta property=\"article:modified_time\" content=\"2021-07-21T13:49:25+00:00\" \/>\n<meta property=\"og:image\" content=\"https:\/\/ticsalutsocial.atoom.space\/wp-content\/uploads\/2020\/10\/photo-1516321497487-e288fb19713f.jpg\" \/>\n\t<meta property=\"og:image:width\" content=\"750\" \/>\n\t<meta property=\"og:image:height\" content=\"500\" \/>\n\t<meta property=\"og:image:type\" content=\"image\/jpeg\" \/>\n<meta name=\"twitter:card\" content=\"summary_large_image\" \/>\n<meta name=\"twitter:label1\" content=\"Tiempo de lectura\" \/>\n\t<meta name=\"twitter:data1\" content=\"2 minutos\" \/>\n<script type=\"application\/ld+json\" class=\"yoast-schema-graph\">{\"@context\":\"https:\/\/schema.org\",\"@graph\":[{\"@type\":\"WebPage\",\"@id\":\"https:\/\/ticsalutsocial.atoom.space\/es\/noticia\/abierta-la-convocatoria-de-los-premis-recerca-jove-2020-para-fomentar-el-espiritu-cientifico-de-los-mas-jovenes\/\",\"url\":\"https:\/\/ticsalutsocial.atoom.space\/es\/noticia\/abierta-la-convocatoria-de-los-premis-recerca-jove-2020-para-fomentar-el-espiritu-cientifico-de-los-mas-jovenes\/\",\"name\":\"Abierta la convocatoria de los 'Premis Recerca Jove 2020' para fomentar el esp\u00edritu cient\u00edfico de los m\u00e1s j\u00f3venes - Fundaci\u00f3 TIC Salut i Social\",\"isPartOf\":{\"@id\":\"https:\/\/ticsalutsocial.atoom.space\/es\/#website\"},\"primaryImageOfPage\":{\"@id\":\"https:\/\/ticsalutsocial.atoom.space\/es\/noticia\/abierta-la-convocatoria-de-los-premis-recerca-jove-2020-para-fomentar-el-espiritu-cientifico-de-los-mas-jovenes\/#primaryimage\"},\"image\":{\"@id\":\"https:\/\/ticsalutsocial.atoom.space\/es\/noticia\/abierta-la-convocatoria-de-los-premis-recerca-jove-2020-para-fomentar-el-espiritu-cientifico-de-los-mas-jovenes\/#primaryimage\"},\"thumbnailUrl\":\"https:\/\/ticsalutsocial.atoom.space\/wp-content\/uploads\/2020\/10\/photo-1516321497487-e288fb19713f.jpg\",\"datePublished\":\"2020-10-29T12:23:15+00:00\",\"dateModified\":\"2021-07-21T13:49:25+00:00\",\"breadcrumb\":{\"@id\":\"https:\/\/ticsalutsocial.atoom.space\/es\/noticia\/abierta-la-convocatoria-de-los-premis-recerca-jove-2020-para-fomentar-el-espiritu-cientifico-de-los-mas-jovenes\/#breadcrumb\"},\"inLanguage\":\"es\",\"potentialAction\":[{\"@type\":\"ReadAction\",\"target\":[\"https:\/\/ticsalutsocial.atoom.space\/es\/noticia\/abierta-la-convocatoria-de-los-premis-recerca-jove-2020-para-fomentar-el-espiritu-cientifico-de-los-mas-jovenes\/\"]}]},{\"@type\":\"ImageObject\",\"inLanguage\":\"es\",\"@id\":\"https:\/\/ticsalutsocial.atoom.space\/es\/noticia\/abierta-la-convocatoria-de-los-premis-recerca-jove-2020-para-fomentar-el-espiritu-cientifico-de-los-mas-jovenes\/#primaryimage\",\"url\":\"https:\/\/ticsalutsocial.atoom.space\/wp-content\/uploads\/2020\/10\/photo-1516321497487-e288fb19713f.jpg\",\"contentUrl\":\"https:\/\/ticsalutsocial.atoom.space\/wp-content\/uploads\/2020\/10\/photo-1516321497487-e288fb19713f.jpg\",\"width\":750,\"height\":500},{\"@type\":\"BreadcrumbList\",\"@id\":\"https:\/\/ticsalutsocial.atoom.space\/es\/noticia\/abierta-la-convocatoria-de-los-premis-recerca-jove-2020-para-fomentar-el-espiritu-cientifico-de-los-mas-jovenes\/#breadcrumb\",\"itemListElement\":[{\"@type\":\"ListItem\",\"position\":1,\"name\":\"Inici\",\"item\":\"https:\/\/ticsalutsocial.atoom.space\/es\/\"},{\"@type\":\"ListItem\",\"position\":2,\"name\":\"Abierta la convocatoria de los &#8216;Premis Recerca Jove 2020&#8217; para fomentar el esp\u00edritu cient\u00edfico de los m\u00e1s j\u00f3venes\"}]},{\"@type\":\"WebSite\",\"@id\":\"https:\/\/ticsalutsocial.atoom.space\/es\/#website\",\"url\":\"https:\/\/ticsalutsocial.atoom.space\/es\/\",\"name\":\"Fundaci\u00f3 TIC Salut i Social\",\"description\":\"\",\"potentialAction\":[{\"@type\":\"SearchAction\",\"target\":{\"@type\":\"EntryPoint\",\"urlTemplate\":\"https:\/\/ticsalutsocial.atoom.space\/es\/?s={search_term_string}\"},\"query-input\":{\"@type\":\"PropertyValueSpecification\",\"valueRequired\":true,\"valueName\":\"search_term_string\"}}],\"inLanguage\":\"es\"}]}<\/script>\n<!-- \/ Yoast SEO plugin. -->","yoast_head_json":{"title":"Abierta la convocatoria de los 'Premis Recerca Jove 2020' para fomentar el esp\u00edritu cient\u00edfico de los m\u00e1s j\u00f3venes - Fundaci\u00f3 TIC Salut i Social","robots":{"index":"index","follow":"follow","max-snippet":"max-snippet:-1","max-image-preview":"max-image-preview:large","max-video-preview":"max-video-preview:-1"},"canonical":"https:\/\/ticsalutsocial.atoom.space\/es\/noticia\/abierta-la-convocatoria-de-los-premis-recerca-jove-2020-para-fomentar-el-espiritu-cientifico-de-los-mas-jovenes\/","og_locale":"es_ES","og_type":"article","og_title":"Abierta la convocatoria de los 'Premis Recerca Jove 2020' para fomentar el esp\u00edritu cient\u00edfico de los m\u00e1s j\u00f3venes - Fundaci\u00f3 TIC Salut i Social","og_description":"Este a\u00f1o, los Premios Investigaci\u00f3n Joven 2020 (PRJ) incluyen por segunda vez el premio TIC Salut Social, un reconocimiento para el mejor trabajo en este \u00e1mbito. Los PRJ se dirigen a estudiantes entre 14 y 23 a\u00f1os de edad que hayan cursado 3\u00ba y 4\u00ba de ESO, bachillerato o ciclos formativos de grado mediano o [&hellip;]","og_url":"https:\/\/ticsalutsocial.atoom.space\/es\/noticia\/abierta-la-convocatoria-de-los-premis-recerca-jove-2020-para-fomentar-el-espiritu-cientifico-de-los-mas-jovenes\/","og_site_name":"Fundaci\u00f3 TIC Salut i Social","article_modified_time":"2021-07-21T13:49:25+00:00","og_image":[{"width":750,"height":500,"url":"https:\/\/ticsalutsocial.atoom.space\/wp-content\/uploads\/2020\/10\/photo-1516321497487-e288fb19713f.jpg","type":"image\/jpeg"}],"twitter_card":"summary_large_image","twitter_misc":{"Tiempo de lectura":"2 minutos"},"schema":{"@context":"https:\/\/schema.org","@graph":[{"@type":"WebPage","@id":"https:\/\/ticsalutsocial.atoom.space\/es\/noticia\/abierta-la-convocatoria-de-los-premis-recerca-jove-2020-para-fomentar-el-espiritu-cientifico-de-los-mas-jovenes\/","url":"https:\/\/ticsalutsocial.atoom.space\/es\/noticia\/abierta-la-convocatoria-de-los-premis-recerca-jove-2020-para-fomentar-el-espiritu-cientifico-de-los-mas-jovenes\/","name":"Abierta la convocatoria de los 'Premis Recerca Jove 2020' para fomentar el esp\u00edritu cient\u00edfico de los m\u00e1s j\u00f3venes - Fundaci\u00f3 TIC Salut i Social","isPartOf":{"@id":"https:\/\/ticsalutsocial.atoom.space\/es\/#website"},"primaryImageOfPage":{"@id":"https:\/\/ticsalutsocial.atoom.space\/es\/noticia\/abierta-la-convocatoria-de-los-premis-recerca-jove-2020-para-fomentar-el-espiritu-cientifico-de-los-mas-jovenes\/#primaryimage"},"image":{"@id":"https:\/\/ticsalutsocial.atoom.space\/es\/noticia\/abierta-la-convocatoria-de-los-premis-recerca-jove-2020-para-fomentar-el-espiritu-cientifico-de-los-mas-jovenes\/#primaryimage"},"thumbnailUrl":"https:\/\/ticsalutsocial.atoom.space\/wp-content\/uploads\/2020\/10\/photo-1516321497487-e288fb19713f.jpg","datePublished":"2020-10-29T12:23:15+00:00","dateModified":"2021-07-21T13:49:25+00:00","breadcrumb":{"@id":"https:\/\/ticsalutsocial.atoom.space\/es\/noticia\/abierta-la-convocatoria-de-los-premis-recerca-jove-2020-para-fomentar-el-espiritu-cientifico-de-los-mas-jovenes\/#breadcrumb"},"inLanguage":"es","potentialAction":[{"@type":"ReadAction","target":["https:\/\/ticsalutsocial.atoom.space\/es\/noticia\/abierta-la-convocatoria-de-los-premis-recerca-jove-2020-para-fomentar-el-espiritu-cientifico-de-los-mas-jovenes\/"]}]},{"@type":"ImageObject","inLanguage":"es","@id":"https:\/\/ticsalutsocial.atoom.space\/es\/noticia\/abierta-la-convocatoria-de-los-premis-recerca-jove-2020-para-fomentar-el-espiritu-cientifico-de-los-mas-jovenes\/#primaryimage","url":"https:\/\/ticsalutsocial.atoom.space\/wp-content\/uploads\/2020\/10\/photo-1516321497487-e288fb19713f.jpg","contentUrl":"https:\/\/ticsalutsocial.atoom.space\/wp-content\/uploads\/2020\/10\/photo-1516321497487-e288fb19713f.jpg","width":750,"height":500},{"@type":"BreadcrumbList","@id":"https:\/\/ticsalutsocial.atoom.space\/es\/noticia\/abierta-la-convocatoria-de-los-premis-recerca-jove-2020-para-fomentar-el-espiritu-cientifico-de-los-mas-jovenes\/#breadcrumb","itemListElement":[{"@type":"ListItem","position":1,"name":"Inici","item":"https:\/\/ticsalutsocial.atoom.space\/es\/"},{"@type":"ListItem","position":2,"name":"Abierta la convocatoria de los &#8216;Premis Recerca Jove 2020&#8217; para fomentar el esp\u00edritu cient\u00edfico de los m\u00e1s j\u00f3venes"}]},{"@type":"WebSite","@id":"https:\/\/ticsalutsocial.atoom.space\/es\/#website","url":"https:\/\/ticsalutsocial.atoom.space\/es\/","name":"Fundaci\u00f3 TIC Salut i Social","description":"","potentialAction":[{"@type":"SearchAction","target":{"@type":"EntryPoint","urlTemplate":"https:\/\/ticsalutsocial.atoom.space\/es\/?s={search_term_string}"},"query-input":{"@type":"PropertyValueSpecification","valueRequired":true,"valueName":"search_term_string"}}],"inLanguage":"es"}]}},"_links":{"self":[{"href":"https:\/\/ticsalutsocial.atoom.space\/es\/wp-json\/wp\/v2\/noticia\/4738","targetHints":{"allow":["GET"]}}],"collection":[{"href":"https:\/\/ticsalutsocial.atoom.space\/es\/wp-json\/wp\/v2\/noticia"}],"about":[{"href":"https:\/\/ticsalutsocial.atoom.space\/es\/wp-json\/wp\/v2\/types\/noticia"}],"author":[{"embeddable":true,"href":"https:\/\/ticsalutsocial.atoom.space\/es\/wp-json\/wp\/v2\/users\/21"}],"wp:featuredmedia":[{"embeddable":true,"href":"https:\/\/ticsalutsocial.atoom.space\/es\/wp-json\/wp\/v2\/media\/4735"}],"wp:attachment":[{"href":"https:\/\/ticsalutsocial.atoom.space\/es\/wp-json\/wp\/v2\/media?parent=4738"}],"wp:term":[{"taxonomy":"etiqueta","embeddable":true,"href":"https:\/\/ticsalutsocial.atoom.space\/es\/wp-json\/wp\/v2\/etiqueta?post=4738"},{"taxonomy":"tipus","embeddable":true,"href":"https:\/\/ticsalutsocial.atoom.space\/es\/wp-json\/wp\/v2\/tipus?post=4738"},{"taxonomy":"topic","embeddable":true,"href":"https:\/\/ticsalutsocial.atoom.space\/es\/wp-json\/wp\/v2\/topic?post=4738"}],"curies":[{"name":"wp","href":"https:\/\/api.w.org\/{rel}","templated":true}]}}