
{"id":4748,"date":"2020-11-05T11:56:40","date_gmt":"2020-11-05T09:56:40","guid":{"rendered":"https:\/\/ticsalutsocial.atoom.space\/?post_type=noticia&#038;p=4748"},"modified":"2021-07-21T15:49:30","modified_gmt":"2021-07-21T13:49:30","slug":"el-proyecto-intersocial-busca-voluntarios-se-para-testar-la-herramienta-wiquitermsocial","status":"publish","type":"noticia","link":"https:\/\/ticsalutsocial.atoom.space\/es\/noticia\/el-proyecto-intersocial-busca-voluntarios-se-para-testar-la-herramienta-wiquitermsocial\/","title":{"rendered":"El proyecto Intersocial busca voluntarios\/se para testar la herramienta WiquiTermSocial"},"content":{"rendered":"<p>El pasado martes 3 de noviembre desde la <em>Fundaci\u00f3 TIC Salut Social<\/em> se organiz\u00f3 un webinar referente a la evoluci\u00f3n del proyecto Intersocial, con el objetivo de presentar la herramienta de consulta del diccionario y servicio web del proyecto, coincidiendo con la puesta en marcha de la tercera fase.<\/p>\n<p>En la sesi\u00f3n particip\u00f3 el <em>Departament de Treball, Afers Socials i Families<\/em>, representado por su directora general de Servicios Sociales, la Sra. Meritxell Bened\u00ed, encargada de dar la bienvenida a los asistentes y situar el contexto estrat\u00e9gico del proyecto.<\/p>\n<p>En el acto tambi\u00e9n particip\u00f3 como ponente la Sra. Anna Ruf\u00ed, profesional del \u00e1mbito social, actual directora t\u00e9cnica de Servicios Sociales en el <em>Consell Comarcal de Osona<\/em> y colaboradora de la direcci\u00f3n de servicios sociales en el <em>Departament<\/em> en el \u00e1mbito de la transformaci\u00f3n digital. Desde TIC Salut Social, el Sr. Carles Mateu, coordinador del \u00e1rea de Interoperabilidad de la Fundaci\u00f3n y la Sra. Lourdes Rodriguez, gestora de proyectos del \u00e1mbito social y de la salud, completaron el cuadro de ponentes.<\/p>\n<p><strong>Intersocial\u00a0llega a la tercera fase<\/strong><\/p>\n<p>Inicialmente se present\u00f3 la evoluci\u00f3n del proyecto donde se trataron las tres fases en las cuales est\u00e1 estructurado y los productos obtenidos. Seguidamente, se present\u00f3 la herramienta que se ha desarrollado en la fase actual (iniciada el pasado mes de septiembre) y que tiene como objetivo principal, adem\u00e1s de continuar codificando y validando nuevos conceptos, que los ya existentes sean utilizados por el conjunto de profesionales del \u00e1mbito social y que se puedan integrar dentro de los sistemas de informaci\u00f3n de los servicios sociales de Catalu\u00f1a.<\/p>\n<p>Para facilitar esta integraci\u00f3n, desde la Fundaci\u00f3n se ha creado un servicio web que contiene los siguientes apartados:<\/p>\n<p>El primero, describe y da informaci\u00f3n sobre el proyecto\u00a0InterSocial.<\/p>\n<p>El segundo es un punto de descarga sobre los conceptos actualizados. El objetivo de la tercera fase del proyecto, es que este sea el entorno donde ir a buscar los conceptos del proyecto que se van ampliando con las sesiones de trabajo con el grupo de expertos y expertas que colaboran.<\/p>\n<p>El tercero apartado, es una herramienta buscador donde se pueden hallar conceptos del InterSocial de manera din\u00e1mica, indicando una palabra entera o una parte.<\/p>\n<p>Por \u00faltimo, se presenta el <em>WiquiTermSocial<\/em>. Se trata de una herramienta relacionada con la Inteligencia Artificial que tiene como objetivo principal facilitar la selecci\u00f3n de conceptos para codificar un texto (una entrevista, un informe,&#8230;). Es una herramienta que no ha sido entrenada por lo tanto se necesita un buen volumen de textos que mejoren el modelo y generen resultados con exactitud. Desde el webinar se hace un llamamiento colaborativo al conjunto de profesionales de \u00e1mbito social para que puedan acceder a la web y hacer pruebas integrando textos de entrevistas o informes trabajados en el d\u00eda a d\u00eda.<\/p>\n<p>Si est\u00e1is interesados en participar como voluntarios en el <em>WiquiTermSocial<\/em> pod\u00e9is contactar en la <a href=\"lrodriguez@ticsalutsocial.cat\" target=\"_blank\" rel=\"noopener noreferrer\">direcci\u00f3n electr\u00f3nica<\/a>\u00a0y os haremos llegar el cuestionario de colaboraci\u00f3n.<\/p>\n<p>\u00a1\u00a1\u00a1Ap\u00fantate a la <em>WiquiTermSocial,<\/em> con poco podemos avanzar muy r\u00e1pido!!!<\/p>\n<p><strong>Intersocial<\/strong><\/p>\n<p>Intersocial es un proyecto coordinado por la <em>Fundaci\u00f3 TIC Salud Social<\/em> en colaboraci\u00f3n con el Departament de Treball, Afers Socials i Families y cuenta con la experiencia de varios profesionales de organismos del \u00e1mbito de la salud y social como la Diputaci\u00f3n de Barcelona, el Ayuntamiento de Barcelona, el <em>Departament de Salut<\/em> y otros departamentos y entidades.<\/p>\n<p>Visionar la <a href=\"https:\/\/www.youtube.com\/watch?v=4pEQbTUdSTE\" target=\"_blank\" rel=\"noopener noreferrer\">sesi\u00f3n completa<\/a><\/p>\n<p>&nbsp;<\/p>\n","protected":false},"author":21,"featured_media":4745,"menu_order":0,"template":"","meta":{"_acf_changed":false,"inline_featured_image":false},"etiqueta":[],"tipus":[84,94],"topic":[121,127],"class_list":["post-4748","noticia","type-noticia","status-publish","has-post-thumbnail","hentry","tipus-oficina-interoperabilidad","tipus-integracion-social-y-sanitaria","topic-dpd-es","topic-proyectos"],"acf":{"imatge":4747,"autor":"Lourdes Rodriguez"},"yoast_head":"<!-- This site is optimized with the Yoast SEO plugin v27.1.1 - https:\/\/yoast.com\/product\/yoast-seo-wordpress\/ -->\n<title>El proyecto Intersocial busca voluntarios\/se para testar la herramienta WiquiTermSocial - Fundaci\u00f3 TIC Salut i Social<\/title>\n<meta name=\"robots\" content=\"index, follow, max-snippet:-1, max-image-preview:large, max-video-preview:-1\" \/>\n<link rel=\"canonical\" href=\"https:\/\/ticsalutsocial.atoom.space\/es\/noticia\/el-proyecto-intersocial-busca-voluntarios-se-para-testar-la-herramienta-wiquitermsocial\/\" \/>\n<meta property=\"og:locale\" content=\"es_ES\" \/>\n<meta property=\"og:type\" content=\"article\" \/>\n<meta property=\"og:title\" content=\"El proyecto Intersocial busca voluntarios\/se para testar la herramienta WiquiTermSocial - Fundaci\u00f3 TIC Salut i Social\" \/>\n<meta property=\"og:description\" content=\"El pasado martes 3 de noviembre desde la Fundaci\u00f3 TIC Salut Social se organiz\u00f3 un webinar referente a la evoluci\u00f3n del proyecto Intersocial, con el objetivo de presentar la herramienta de consulta del diccionario y servicio web del proyecto, coincidiendo con la puesta en marcha de la tercera fase. En la sesi\u00f3n particip\u00f3 el Departament [&hellip;]\" \/>\n<meta property=\"og:url\" content=\"https:\/\/ticsalutsocial.atoom.space\/es\/noticia\/el-proyecto-intersocial-busca-voluntarios-se-para-testar-la-herramienta-wiquitermsocial\/\" \/>\n<meta property=\"og:site_name\" content=\"Fundaci\u00f3 TIC Salut i Social\" \/>\n<meta property=\"article:modified_time\" content=\"2021-07-21T13:49:30+00:00\" \/>\n<meta property=\"og:image\" content=\"https:\/\/ticsalutsocial.atoom.space\/wp-content\/uploads\/2020\/11\/intersocial1-scaled.jpg\" \/>\n\t<meta property=\"og:image:width\" content=\"2560\" \/>\n\t<meta property=\"og:image:height\" content=\"1707\" \/>\n\t<meta property=\"og:image:type\" content=\"image\/jpeg\" \/>\n<meta name=\"twitter:card\" content=\"summary_large_image\" \/>\n<meta name=\"twitter:label1\" content=\"Tiempo de lectura\" \/>\n\t<meta name=\"twitter:data1\" content=\"3 minutos\" \/>\n<script type=\"application\/ld+json\" class=\"yoast-schema-graph\">{\"@context\":\"https:\/\/schema.org\",\"@graph\":[{\"@type\":\"WebPage\",\"@id\":\"https:\/\/ticsalutsocial.atoom.space\/es\/noticia\/el-proyecto-intersocial-busca-voluntarios-se-para-testar-la-herramienta-wiquitermsocial\/\",\"url\":\"https:\/\/ticsalutsocial.atoom.space\/es\/noticia\/el-proyecto-intersocial-busca-voluntarios-se-para-testar-la-herramienta-wiquitermsocial\/\",\"name\":\"El proyecto Intersocial busca voluntarios\/se para testar la herramienta WiquiTermSocial - Fundaci\u00f3 TIC Salut i Social\",\"isPartOf\":{\"@id\":\"https:\/\/ticsalutsocial.atoom.space\/es\/#website\"},\"primaryImageOfPage\":{\"@id\":\"https:\/\/ticsalutsocial.atoom.space\/es\/noticia\/el-proyecto-intersocial-busca-voluntarios-se-para-testar-la-herramienta-wiquitermsocial\/#primaryimage\"},\"image\":{\"@id\":\"https:\/\/ticsalutsocial.atoom.space\/es\/noticia\/el-proyecto-intersocial-busca-voluntarios-se-para-testar-la-herramienta-wiquitermsocial\/#primaryimage\"},\"thumbnailUrl\":\"https:\/\/ticsalutsocial.atoom.space\/wp-content\/uploads\/2020\/11\/intersocial1-scaled.jpg\",\"datePublished\":\"2020-11-05T09:56:40+00:00\",\"dateModified\":\"2021-07-21T13:49:30+00:00\",\"breadcrumb\":{\"@id\":\"https:\/\/ticsalutsocial.atoom.space\/es\/noticia\/el-proyecto-intersocial-busca-voluntarios-se-para-testar-la-herramienta-wiquitermsocial\/#breadcrumb\"},\"inLanguage\":\"es\",\"potentialAction\":[{\"@type\":\"ReadAction\",\"target\":[\"https:\/\/ticsalutsocial.atoom.space\/es\/noticia\/el-proyecto-intersocial-busca-voluntarios-se-para-testar-la-herramienta-wiquitermsocial\/\"]}]},{\"@type\":\"ImageObject\",\"inLanguage\":\"es\",\"@id\":\"https:\/\/ticsalutsocial.atoom.space\/es\/noticia\/el-proyecto-intersocial-busca-voluntarios-se-para-testar-la-herramienta-wiquitermsocial\/#primaryimage\",\"url\":\"https:\/\/ticsalutsocial.atoom.space\/wp-content\/uploads\/2020\/11\/intersocial1-scaled.jpg\",\"contentUrl\":\"https:\/\/ticsalutsocial.atoom.space\/wp-content\/uploads\/2020\/11\/intersocial1-scaled.jpg\",\"width\":2560,\"height\":1707,\"caption\":\"InterSocial ja suma 560 conceptes dins el Diccionari Terminol\u00f2gic Social\"},{\"@type\":\"BreadcrumbList\",\"@id\":\"https:\/\/ticsalutsocial.atoom.space\/es\/noticia\/el-proyecto-intersocial-busca-voluntarios-se-para-testar-la-herramienta-wiquitermsocial\/#breadcrumb\",\"itemListElement\":[{\"@type\":\"ListItem\",\"position\":1,\"name\":\"Inici\",\"item\":\"https:\/\/ticsalutsocial.atoom.space\/es\/\"},{\"@type\":\"ListItem\",\"position\":2,\"name\":\"El proyecto Intersocial busca voluntarios\/se para testar la herramienta WiquiTermSocial\"}]},{\"@type\":\"WebSite\",\"@id\":\"https:\/\/ticsalutsocial.atoom.space\/es\/#website\",\"url\":\"https:\/\/ticsalutsocial.atoom.space\/es\/\",\"name\":\"Fundaci\u00f3 TIC Salut i Social\",\"description\":\"\",\"potentialAction\":[{\"@type\":\"SearchAction\",\"target\":{\"@type\":\"EntryPoint\",\"urlTemplate\":\"https:\/\/ticsalutsocial.atoom.space\/es\/?s={search_term_string}\"},\"query-input\":{\"@type\":\"PropertyValueSpecification\",\"valueRequired\":true,\"valueName\":\"search_term_string\"}}],\"inLanguage\":\"es\"}]}<\/script>\n<!-- \/ Yoast SEO plugin. -->","yoast_head_json":{"title":"El proyecto Intersocial busca voluntarios\/se para testar la herramienta WiquiTermSocial - Fundaci\u00f3 TIC Salut i Social","robots":{"index":"index","follow":"follow","max-snippet":"max-snippet:-1","max-image-preview":"max-image-preview:large","max-video-preview":"max-video-preview:-1"},"canonical":"https:\/\/ticsalutsocial.atoom.space\/es\/noticia\/el-proyecto-intersocial-busca-voluntarios-se-para-testar-la-herramienta-wiquitermsocial\/","og_locale":"es_ES","og_type":"article","og_title":"El proyecto Intersocial busca voluntarios\/se para testar la herramienta WiquiTermSocial - Fundaci\u00f3 TIC Salut i Social","og_description":"El pasado martes 3 de noviembre desde la Fundaci\u00f3 TIC Salut Social se organiz\u00f3 un webinar referente a la evoluci\u00f3n del proyecto Intersocial, con el objetivo de presentar la herramienta de consulta del diccionario y servicio web del proyecto, coincidiendo con la puesta en marcha de la tercera fase. En la sesi\u00f3n particip\u00f3 el Departament [&hellip;]","og_url":"https:\/\/ticsalutsocial.atoom.space\/es\/noticia\/el-proyecto-intersocial-busca-voluntarios-se-para-testar-la-herramienta-wiquitermsocial\/","og_site_name":"Fundaci\u00f3 TIC Salut i Social","article_modified_time":"2021-07-21T13:49:30+00:00","og_image":[{"width":2560,"height":1707,"url":"https:\/\/ticsalutsocial.atoom.space\/wp-content\/uploads\/2020\/11\/intersocial1-scaled.jpg","type":"image\/jpeg"}],"twitter_card":"summary_large_image","twitter_misc":{"Tiempo de lectura":"3 minutos"},"schema":{"@context":"https:\/\/schema.org","@graph":[{"@type":"WebPage","@id":"https:\/\/ticsalutsocial.atoom.space\/es\/noticia\/el-proyecto-intersocial-busca-voluntarios-se-para-testar-la-herramienta-wiquitermsocial\/","url":"https:\/\/ticsalutsocial.atoom.space\/es\/noticia\/el-proyecto-intersocial-busca-voluntarios-se-para-testar-la-herramienta-wiquitermsocial\/","name":"El proyecto Intersocial busca voluntarios\/se para testar la herramienta WiquiTermSocial - Fundaci\u00f3 TIC Salut i Social","isPartOf":{"@id":"https:\/\/ticsalutsocial.atoom.space\/es\/#website"},"primaryImageOfPage":{"@id":"https:\/\/ticsalutsocial.atoom.space\/es\/noticia\/el-proyecto-intersocial-busca-voluntarios-se-para-testar-la-herramienta-wiquitermsocial\/#primaryimage"},"image":{"@id":"https:\/\/ticsalutsocial.atoom.space\/es\/noticia\/el-proyecto-intersocial-busca-voluntarios-se-para-testar-la-herramienta-wiquitermsocial\/#primaryimage"},"thumbnailUrl":"https:\/\/ticsalutsocial.atoom.space\/wp-content\/uploads\/2020\/11\/intersocial1-scaled.jpg","datePublished":"2020-11-05T09:56:40+00:00","dateModified":"2021-07-21T13:49:30+00:00","breadcrumb":{"@id":"https:\/\/ticsalutsocial.atoom.space\/es\/noticia\/el-proyecto-intersocial-busca-voluntarios-se-para-testar-la-herramienta-wiquitermsocial\/#breadcrumb"},"inLanguage":"es","potentialAction":[{"@type":"ReadAction","target":["https:\/\/ticsalutsocial.atoom.space\/es\/noticia\/el-proyecto-intersocial-busca-voluntarios-se-para-testar-la-herramienta-wiquitermsocial\/"]}]},{"@type":"ImageObject","inLanguage":"es","@id":"https:\/\/ticsalutsocial.atoom.space\/es\/noticia\/el-proyecto-intersocial-busca-voluntarios-se-para-testar-la-herramienta-wiquitermsocial\/#primaryimage","url":"https:\/\/ticsalutsocial.atoom.space\/wp-content\/uploads\/2020\/11\/intersocial1-scaled.jpg","contentUrl":"https:\/\/ticsalutsocial.atoom.space\/wp-content\/uploads\/2020\/11\/intersocial1-scaled.jpg","width":2560,"height":1707,"caption":"InterSocial ja suma 560 conceptes dins el Diccionari Terminol\u00f2gic Social"},{"@type":"BreadcrumbList","@id":"https:\/\/ticsalutsocial.atoom.space\/es\/noticia\/el-proyecto-intersocial-busca-voluntarios-se-para-testar-la-herramienta-wiquitermsocial\/#breadcrumb","itemListElement":[{"@type":"ListItem","position":1,"name":"Inici","item":"https:\/\/ticsalutsocial.atoom.space\/es\/"},{"@type":"ListItem","position":2,"name":"El proyecto Intersocial busca voluntarios\/se para testar la herramienta WiquiTermSocial"}]},{"@type":"WebSite","@id":"https:\/\/ticsalutsocial.atoom.space\/es\/#website","url":"https:\/\/ticsalutsocial.atoom.space\/es\/","name":"Fundaci\u00f3 TIC Salut i Social","description":"","potentialAction":[{"@type":"SearchAction","target":{"@type":"EntryPoint","urlTemplate":"https:\/\/ticsalutsocial.atoom.space\/es\/?s={search_term_string}"},"query-input":{"@type":"PropertyValueSpecification","valueRequired":true,"valueName":"search_term_string"}}],"inLanguage":"es"}]}},"_links":{"self":[{"href":"https:\/\/ticsalutsocial.atoom.space\/es\/wp-json\/wp\/v2\/noticia\/4748","targetHints":{"allow":["GET"]}}],"collection":[{"href":"https:\/\/ticsalutsocial.atoom.space\/es\/wp-json\/wp\/v2\/noticia"}],"about":[{"href":"https:\/\/ticsalutsocial.atoom.space\/es\/wp-json\/wp\/v2\/types\/noticia"}],"author":[{"embeddable":true,"href":"https:\/\/ticsalutsocial.atoom.space\/es\/wp-json\/wp\/v2\/users\/21"}],"wp:featuredmedia":[{"embeddable":true,"href":"https:\/\/ticsalutsocial.atoom.space\/es\/wp-json\/wp\/v2\/media\/4745"}],"wp:attachment":[{"href":"https:\/\/ticsalutsocial.atoom.space\/es\/wp-json\/wp\/v2\/media?parent=4748"}],"wp:term":[{"taxonomy":"etiqueta","embeddable":true,"href":"https:\/\/ticsalutsocial.atoom.space\/es\/wp-json\/wp\/v2\/etiqueta?post=4748"},{"taxonomy":"tipus","embeddable":true,"href":"https:\/\/ticsalutsocial.atoom.space\/es\/wp-json\/wp\/v2\/tipus?post=4748"},{"taxonomy":"topic","embeddable":true,"href":"https:\/\/ticsalutsocial.atoom.space\/es\/wp-json\/wp\/v2\/topic?post=4748"}],"curies":[{"name":"wp","href":"https:\/\/api.w.org\/{rel}","templated":true}]}}