
{"id":4802,"date":"2021-01-25T12:42:30","date_gmt":"2021-01-25T10:42:30","guid":{"rendered":"https:\/\/ticsalutsocial.atoom.space\/?post_type=noticia&#038;p=4802"},"modified":"2021-07-21T15:50:14","modified_gmt":"2021-07-21T13:50:14","slug":"oportunidades-en-salud-digital-y-retos-de-la-mano-del-proyecto-athika","status":"publish","type":"noticia","link":"https:\/\/ticsalutsocial.atoom.space\/es\/noticia\/oportunidades-en-salud-digital-y-retos-de-la-mano-del-proyecto-athika\/","title":{"rendered":"Oportunidades en salud digital y retos de la mano del proyecto Athika"},"content":{"rendered":"<p>Quer\u00e9is obtener m\u00e1s informaci\u00f3n sobre la influencia y los retos tecnol\u00f3gicos del sector de la salud digital? El <a href=\"https:\/\/ticsalutsocial.atoom.space\/es\/area\/oficina-de-proyectos\/\" target=\"_blank\" rel=\"noopener noreferrer\">proyecto ATHIKA<\/a> ha creado\u00a0un curso en l\u00ednea interdisciplinario para la transformaci\u00f3n digital del sector de la salud digital.<\/p>\n<p>Este curso permitir\u00e1 al estudiante establecer las bases del sector de la salud digital desde una perspectiva de retos reales, as\u00ed como de las tecnolog\u00edas (Internet de las cosas, Big Data, inteligencia artificial, aprendizaje autom\u00e1tico) que pueden ser claves para la evoluci\u00f3n del sector, siempre desde una perspectiva human\u00edstica y reflexi\u00f3n \u00e9tica de la soluci\u00f3n tecnol\u00f3gica.<\/p>\n<ul>\n<li>Prioridad para los estudiantes del M\u00e1ster de La Salle.<\/li>\n<li>Inicio: 8 de febrero<\/li>\n<li>Duraci\u00f3n: 3 meses<\/li>\n<li>Certificaci\u00f3n: 5 ECTS<\/li>\n<\/ul>\n<p>M\u00e1s informaci\u00f3nen : http:\/\/courses.athika.eu\/<\/p>\n<p><strong>Proyecto europeo ATHIKA<\/strong><\/p>\n<p>El a\u00f1o 2019 se inici\u00f3 el proyecto\u00a0ATHIKA, financiado por el programa ERASMUS+ (Comisi\u00f3n Europea \u2013\u00a0EAC-A05-2017), centrado en el dise\u00f1o y despliegue de programas formativos multidisciplinarios.<\/p>\n<p>La Fundaci\u00f3n TIC Salud Social, participa en la identificaci\u00f3n de los retos y necesidades del sector de la salud as\u00ed como de experiencias en\u00a0eHealth\u00a0y\u00a0mHealth, para dotar a los profesionales de la pericia necesaria para desarrollar soluciones\u00a0eHealth\u00a0que den respuesta a los retos actuales del sector.<\/p>\n","protected":false},"author":21,"featured_media":4799,"menu_order":0,"template":"","meta":{"_acf_changed":false,"inline_featured_image":false},"etiqueta":[],"tipus":[],"topic":[119,130],"class_list":["post-4802","noticia","type-noticia","status-publish","has-post-thumbnail","hentry","topic-innovacion","topic-la-fundacion"],"acf":{"imatge":4801,"autor":"Adri\u00e0 G.Font"},"yoast_head":"<!-- This site is optimized with the Yoast SEO plugin v27.1.1 - https:\/\/yoast.com\/product\/yoast-seo-wordpress\/ -->\n<title>Oportunidades en salud digital y retos de la mano del proyecto Athika - Fundaci\u00f3 TIC Salut i Social<\/title>\n<meta name=\"robots\" content=\"index, follow, max-snippet:-1, max-image-preview:large, max-video-preview:-1\" \/>\n<link rel=\"canonical\" href=\"https:\/\/ticsalutsocial.atoom.space\/es\/noticia\/oportunidades-en-salud-digital-y-retos-de-la-mano-del-proyecto-athika\/\" \/>\n<meta property=\"og:locale\" content=\"es_ES\" \/>\n<meta property=\"og:type\" content=\"article\" \/>\n<meta property=\"og:title\" content=\"Oportunidades en salud digital y retos de la mano del proyecto Athika - Fundaci\u00f3 TIC Salut i Social\" \/>\n<meta property=\"og:description\" content=\"Quer\u00e9is obtener m\u00e1s informaci\u00f3n sobre la influencia y los retos tecnol\u00f3gicos del sector de la salud digital? El proyecto ATHIKA ha creado\u00a0un curso en l\u00ednea interdisciplinario para la transformaci\u00f3n digital del sector de la salud digital. Este curso permitir\u00e1 al estudiante establecer las bases del sector de la salud digital desde una perspectiva de retos [&hellip;]\" \/>\n<meta property=\"og:url\" content=\"https:\/\/ticsalutsocial.atoom.space\/es\/noticia\/oportunidades-en-salud-digital-y-retos-de-la-mano-del-proyecto-athika\/\" \/>\n<meta property=\"og:site_name\" content=\"Fundaci\u00f3 TIC Salut i Social\" \/>\n<meta property=\"article:modified_time\" content=\"2021-07-21T13:50:14+00:00\" \/>\n<meta property=\"og:image\" content=\"https:\/\/ticsalutsocial.atoom.space\/wp-content\/uploads\/2021\/01\/athika-course.png\" \/>\n\t<meta property=\"og:image:width\" content=\"1224\" \/>\n\t<meta property=\"og:image:height\" content=\"689\" \/>\n\t<meta property=\"og:image:type\" content=\"image\/png\" \/>\n<meta name=\"twitter:card\" content=\"summary_large_image\" \/>\n<meta name=\"twitter:label1\" content=\"Tiempo de lectura\" \/>\n\t<meta name=\"twitter:data1\" content=\"1 minuto\" \/>\n<script type=\"application\/ld+json\" class=\"yoast-schema-graph\">{\"@context\":\"https:\/\/schema.org\",\"@graph\":[{\"@type\":\"WebPage\",\"@id\":\"https:\/\/ticsalutsocial.atoom.space\/es\/noticia\/oportunidades-en-salud-digital-y-retos-de-la-mano-del-proyecto-athika\/\",\"url\":\"https:\/\/ticsalutsocial.atoom.space\/es\/noticia\/oportunidades-en-salud-digital-y-retos-de-la-mano-del-proyecto-athika\/\",\"name\":\"Oportunidades en salud digital y retos de la mano del proyecto Athika - Fundaci\u00f3 TIC Salut i Social\",\"isPartOf\":{\"@id\":\"https:\/\/ticsalutsocial.atoom.space\/es\/#website\"},\"primaryImageOfPage\":{\"@id\":\"https:\/\/ticsalutsocial.atoom.space\/es\/noticia\/oportunidades-en-salud-digital-y-retos-de-la-mano-del-proyecto-athika\/#primaryimage\"},\"image\":{\"@id\":\"https:\/\/ticsalutsocial.atoom.space\/es\/noticia\/oportunidades-en-salud-digital-y-retos-de-la-mano-del-proyecto-athika\/#primaryimage\"},\"thumbnailUrl\":\"https:\/\/ticsalutsocial.atoom.space\/wp-content\/uploads\/2021\/01\/athika-course.png\",\"datePublished\":\"2021-01-25T10:42:30+00:00\",\"dateModified\":\"2021-07-21T13:50:14+00:00\",\"breadcrumb\":{\"@id\":\"https:\/\/ticsalutsocial.atoom.space\/es\/noticia\/oportunidades-en-salud-digital-y-retos-de-la-mano-del-proyecto-athika\/#breadcrumb\"},\"inLanguage\":\"es\",\"potentialAction\":[{\"@type\":\"ReadAction\",\"target\":[\"https:\/\/ticsalutsocial.atoom.space\/es\/noticia\/oportunidades-en-salud-digital-y-retos-de-la-mano-del-proyecto-athika\/\"]}]},{\"@type\":\"ImageObject\",\"inLanguage\":\"es\",\"@id\":\"https:\/\/ticsalutsocial.atoom.space\/es\/noticia\/oportunidades-en-salud-digital-y-retos-de-la-mano-del-proyecto-athika\/#primaryimage\",\"url\":\"https:\/\/ticsalutsocial.atoom.space\/wp-content\/uploads\/2021\/01\/athika-course.png\",\"contentUrl\":\"https:\/\/ticsalutsocial.atoom.space\/wp-content\/uploads\/2021\/01\/athika-course.png\",\"width\":1224,\"height\":689},{\"@type\":\"BreadcrumbList\",\"@id\":\"https:\/\/ticsalutsocial.atoom.space\/es\/noticia\/oportunidades-en-salud-digital-y-retos-de-la-mano-del-proyecto-athika\/#breadcrumb\",\"itemListElement\":[{\"@type\":\"ListItem\",\"position\":1,\"name\":\"Inici\",\"item\":\"https:\/\/ticsalutsocial.atoom.space\/es\/\"},{\"@type\":\"ListItem\",\"position\":2,\"name\":\"Oportunidades en salud digital y retos de la mano del proyecto Athika\"}]},{\"@type\":\"WebSite\",\"@id\":\"https:\/\/ticsalutsocial.atoom.space\/es\/#website\",\"url\":\"https:\/\/ticsalutsocial.atoom.space\/es\/\",\"name\":\"Fundaci\u00f3 TIC Salut i Social\",\"description\":\"\",\"potentialAction\":[{\"@type\":\"SearchAction\",\"target\":{\"@type\":\"EntryPoint\",\"urlTemplate\":\"https:\/\/ticsalutsocial.atoom.space\/es\/?s={search_term_string}\"},\"query-input\":{\"@type\":\"PropertyValueSpecification\",\"valueRequired\":true,\"valueName\":\"search_term_string\"}}],\"inLanguage\":\"es\"}]}<\/script>\n<!-- \/ Yoast SEO plugin. -->","yoast_head_json":{"title":"Oportunidades en salud digital y retos de la mano del proyecto Athika - Fundaci\u00f3 TIC Salut i Social","robots":{"index":"index","follow":"follow","max-snippet":"max-snippet:-1","max-image-preview":"max-image-preview:large","max-video-preview":"max-video-preview:-1"},"canonical":"https:\/\/ticsalutsocial.atoom.space\/es\/noticia\/oportunidades-en-salud-digital-y-retos-de-la-mano-del-proyecto-athika\/","og_locale":"es_ES","og_type":"article","og_title":"Oportunidades en salud digital y retos de la mano del proyecto Athika - Fundaci\u00f3 TIC Salut i Social","og_description":"Quer\u00e9is obtener m\u00e1s informaci\u00f3n sobre la influencia y los retos tecnol\u00f3gicos del sector de la salud digital? El proyecto ATHIKA ha creado\u00a0un curso en l\u00ednea interdisciplinario para la transformaci\u00f3n digital del sector de la salud digital. Este curso permitir\u00e1 al estudiante establecer las bases del sector de la salud digital desde una perspectiva de retos [&hellip;]","og_url":"https:\/\/ticsalutsocial.atoom.space\/es\/noticia\/oportunidades-en-salud-digital-y-retos-de-la-mano-del-proyecto-athika\/","og_site_name":"Fundaci\u00f3 TIC Salut i Social","article_modified_time":"2021-07-21T13:50:14+00:00","og_image":[{"width":1224,"height":689,"url":"https:\/\/ticsalutsocial.atoom.space\/wp-content\/uploads\/2021\/01\/athika-course.png","type":"image\/png"}],"twitter_card":"summary_large_image","twitter_misc":{"Tiempo de lectura":"1 minuto"},"schema":{"@context":"https:\/\/schema.org","@graph":[{"@type":"WebPage","@id":"https:\/\/ticsalutsocial.atoom.space\/es\/noticia\/oportunidades-en-salud-digital-y-retos-de-la-mano-del-proyecto-athika\/","url":"https:\/\/ticsalutsocial.atoom.space\/es\/noticia\/oportunidades-en-salud-digital-y-retos-de-la-mano-del-proyecto-athika\/","name":"Oportunidades en salud digital y retos de la mano del proyecto Athika - Fundaci\u00f3 TIC Salut i Social","isPartOf":{"@id":"https:\/\/ticsalutsocial.atoom.space\/es\/#website"},"primaryImageOfPage":{"@id":"https:\/\/ticsalutsocial.atoom.space\/es\/noticia\/oportunidades-en-salud-digital-y-retos-de-la-mano-del-proyecto-athika\/#primaryimage"},"image":{"@id":"https:\/\/ticsalutsocial.atoom.space\/es\/noticia\/oportunidades-en-salud-digital-y-retos-de-la-mano-del-proyecto-athika\/#primaryimage"},"thumbnailUrl":"https:\/\/ticsalutsocial.atoom.space\/wp-content\/uploads\/2021\/01\/athika-course.png","datePublished":"2021-01-25T10:42:30+00:00","dateModified":"2021-07-21T13:50:14+00:00","breadcrumb":{"@id":"https:\/\/ticsalutsocial.atoom.space\/es\/noticia\/oportunidades-en-salud-digital-y-retos-de-la-mano-del-proyecto-athika\/#breadcrumb"},"inLanguage":"es","potentialAction":[{"@type":"ReadAction","target":["https:\/\/ticsalutsocial.atoom.space\/es\/noticia\/oportunidades-en-salud-digital-y-retos-de-la-mano-del-proyecto-athika\/"]}]},{"@type":"ImageObject","inLanguage":"es","@id":"https:\/\/ticsalutsocial.atoom.space\/es\/noticia\/oportunidades-en-salud-digital-y-retos-de-la-mano-del-proyecto-athika\/#primaryimage","url":"https:\/\/ticsalutsocial.atoom.space\/wp-content\/uploads\/2021\/01\/athika-course.png","contentUrl":"https:\/\/ticsalutsocial.atoom.space\/wp-content\/uploads\/2021\/01\/athika-course.png","width":1224,"height":689},{"@type":"BreadcrumbList","@id":"https:\/\/ticsalutsocial.atoom.space\/es\/noticia\/oportunidades-en-salud-digital-y-retos-de-la-mano-del-proyecto-athika\/#breadcrumb","itemListElement":[{"@type":"ListItem","position":1,"name":"Inici","item":"https:\/\/ticsalutsocial.atoom.space\/es\/"},{"@type":"ListItem","position":2,"name":"Oportunidades en salud digital y retos de la mano del proyecto Athika"}]},{"@type":"WebSite","@id":"https:\/\/ticsalutsocial.atoom.space\/es\/#website","url":"https:\/\/ticsalutsocial.atoom.space\/es\/","name":"Fundaci\u00f3 TIC Salut i Social","description":"","potentialAction":[{"@type":"SearchAction","target":{"@type":"EntryPoint","urlTemplate":"https:\/\/ticsalutsocial.atoom.space\/es\/?s={search_term_string}"},"query-input":{"@type":"PropertyValueSpecification","valueRequired":true,"valueName":"search_term_string"}}],"inLanguage":"es"}]}},"_links":{"self":[{"href":"https:\/\/ticsalutsocial.atoom.space\/es\/wp-json\/wp\/v2\/noticia\/4802","targetHints":{"allow":["GET"]}}],"collection":[{"href":"https:\/\/ticsalutsocial.atoom.space\/es\/wp-json\/wp\/v2\/noticia"}],"about":[{"href":"https:\/\/ticsalutsocial.atoom.space\/es\/wp-json\/wp\/v2\/types\/noticia"}],"author":[{"embeddable":true,"href":"https:\/\/ticsalutsocial.atoom.space\/es\/wp-json\/wp\/v2\/users\/21"}],"wp:featuredmedia":[{"embeddable":true,"href":"https:\/\/ticsalutsocial.atoom.space\/es\/wp-json\/wp\/v2\/media\/4799"}],"wp:attachment":[{"href":"https:\/\/ticsalutsocial.atoom.space\/es\/wp-json\/wp\/v2\/media?parent=4802"}],"wp:term":[{"taxonomy":"etiqueta","embeddable":true,"href":"https:\/\/ticsalutsocial.atoom.space\/es\/wp-json\/wp\/v2\/etiqueta?post=4802"},{"taxonomy":"tipus","embeddable":true,"href":"https:\/\/ticsalutsocial.atoom.space\/es\/wp-json\/wp\/v2\/tipus?post=4802"},{"taxonomy":"topic","embeddable":true,"href":"https:\/\/ticsalutsocial.atoom.space\/es\/wp-json\/wp\/v2\/topic?post=4802"}],"curies":[{"name":"wp","href":"https:\/\/api.w.org\/{rel}","templated":true}]}}