
{"id":4826,"date":"2021-02-02T14:53:00","date_gmt":"2021-02-02T12:53:00","guid":{"rendered":"https:\/\/ticsalutsocial.atoom.space\/?post_type=noticia&#038;p=4826"},"modified":"2021-07-21T15:50:26","modified_gmt":"2021-07-21T13:50:26","slug":"cataluna-esta-marcando-el-camino-a-seguir-como-primer-paso-en-la-prescripcion-tecnologica","status":"publish","type":"noticia","link":"https:\/\/ticsalutsocial.atoom.space\/es\/noticia\/cataluna-esta-marcando-el-camino-a-seguir-como-primer-paso-en-la-prescripcion-tecnologica\/","title":{"rendered":"Catalu\u00f1a est\u00e1 marcando el camino a seguir como primer paso en la prescripci\u00f3n tecnol\u00f3gica"},"content":{"rendered":"<p>La aplicaci\u00f3n MySugr, de Roche Diabetes Care, ha sido la \u00faltima aplicaci\u00f3n m\u00f3vil al pasar con \u00e9xito el proceso de acreditaci\u00f3n de apps de la Fundaci\u00f3 TIC Salut Social. Como hemos hecho en otras ocasiones, hemos querido hablar con uno de sus protagonistas para que nos explique c\u00f3mo ha vivido el proceso. En este caso, hemos entrevistado a su director general, el Sr. Josep Maria Vallmaj\u00f3.<\/p>\n<ul>\n<li><strong>\u00bfCrees importante haber obtenido un certificado de calidad para la aplicaci\u00f3n MySugr? \u00bfQu\u00e9 beneficios crees que puede aportar disponer de esta certificaci\u00f3n?<\/strong><\/li>\n<\/ul>\n<p>Para nosotros es un hito muy relevante, ya que hoy en d\u00eda no existen mecanismos de certificaci\u00f3n u homologaci\u00f3n oficiales a nivel nacional o internacional que validen la aplicaci\u00f3n de manera global. Teniendo en cuenta que mySugr es una aplicaci\u00f3n con m\u00e1s 2M de descargas y que los usuarios la avalan como una de las mejores aplicaciones de gesti\u00f3n de diabetes del mercado a nivel mundial. Disponer de esta certificaci\u00f3n hace que mySugr sea reconocida como una aplicaci\u00f3n que puede ser prescrita por los profesionales sanitarios con total confianza.<\/p>\n<ul>\n<li><strong>\u00bfCrees que en general hay inter\u00e9s en obtener este tipo de certificaciones?<\/strong><\/li>\n<\/ul>\n<p>Cada vez habr\u00e1 m\u00e1s, sobre todo porque este tipo de garant\u00edas comenzar\u00e1n a ser requisitos obligatorios en los concursos p\u00fablicos. De momento en Espa\u00f1a son pocas las comunidades aut\u00f3nomas que apuestan por implementar este tipo de mecanismos, pero la prescripci\u00f3n de aplicaciones ser\u00e1 cada vez m\u00e1s frecuente, por lo que el mismo sistema sanitario debe garantizar la calidad y seguridad de las aplicaciones que el profesional sanitario prescriba, tal como se hace con cualquier otra prescripci\u00f3n. En este sentido, pienso que Catalu\u00f1a va un paso por delante y est\u00e1 marcando el camino a seguir en la certificaci\u00f3n, como primer paso en la prescripci\u00f3n tecnol\u00f3gica.<\/p>\n<ul>\n<li><strong>\u00bfQu\u00e9 otras certificaciones tiene a nivel auton\u00f3mico o europeo?<\/strong><\/li>\n<\/ul>\n<p>mySugr est\u00e1 certificada como un dispositivo m\u00e9dico de clase 1 en el \u00e1mbito europeo. El m\u00f3dulo del calculador de mySugr, una de sus funcionalidades avanzadas de mayor utilidad, tiene la aprobaci\u00f3n de la clase de riesgo IIb.<\/p>\n<ul>\n<li><strong>\u00bfC\u00f3mo has vivido el proceso de certificaci\u00f3n? Crees que es exigente o m\u00e1s bien sencillo de superar?<\/strong><\/li>\n<\/ul>\n<p>El proceso de certificaci\u00f3n es exigente en el sentido que se valoran muchas caracter\u00edsticas y de manera exhaustiva. Sin embargo, hemos tenido mucho apoyo por parte de TIC Salut Social a lo largo de todo el proceso, y la disponibilidad y flexibilidad del equipo nos ha facilitado mucho el trabajo. Por otra parte, hay que tener en cuenta que mySugr es una aplicaci\u00f3n global utilizada por usuarios en todo el mundo, por lo que cualquier los cambios o adaptaciones necesarias han requerido tiempo, esfuerzo y trabajo a nivel interno para poder avanzar con las modificaciones necesarias .<\/p>\n<ul>\n<li><strong>\u00bfPodr\u00edas compartir alguna experiencia durante este proceso?<\/strong><\/li>\n<\/ul>\n<p>El proyecto de certificaci\u00f3n ha sido un reto alentador. Al tratarse de una aplicaci\u00f3n global, y teniendo en cuenta su constante evoluci\u00f3n, mySugr actualiza al menos 4 veces al a\u00f1o. Ha sido gratificante ver c\u00f3mo esta evoluci\u00f3n la convert\u00eda en una aplicaci\u00f3n m\u00e1s robusta y alineada con los requisitos de la certificaci\u00f3n. Esto es una confirmaci\u00f3n m\u00e1s, de que vamos por el buen camino.<\/p>\n<ul>\n<li><strong>\u00bfCrees que es importante la sincronizaci\u00f3n de datos a tiempo real entre el paciente y el profesional y su almacenamiento en el historial cl\u00ednico del paciente? \u00bfPuede ser un gran avance para la telemedicina?<\/strong><\/li>\n<\/ul>\n<p>Por supuesto que s\u00ed. A Roche Diabetes Care trabajamos para ofrecer una gesti\u00f3n integral y personalizada de la diabetes (iPDM), y esto s\u00f3lo es posible si el profesional sanitario dispone de toda la informaci\u00f3n necesaria para realizar el seguimiento del paciente de forma continuada. La diabetes es seguramente una de las patolog\u00edas que m\u00e1s datos requiere para hacer un buen seguimiento, y los profesionales sanitarios requieren de herramientas que ayuden a convertir todos estos datos en informaci\u00f3n \u00fatil y, finalmente, en conocimiento que les ayude en la toma de decisiones.<\/p>\n<p>La Roche Diabetes Care Platfom es una plataforma de gesti\u00f3n desarrollada para facilitar el seguimiento remoto de los pacientes con diabetes, con numerosas herramientas para apoyar el profesional en su d\u00eda a d\u00eda y mantener conectados a profesionales y pacientes. Es una soluci\u00f3n \u00abcloud\u00bb, que permite a profesionales y pacientes acceder a los datos desde cualquier lugar y en cualquier momento, y adem\u00e1s est\u00e1 dise\u00f1ada para facilitar la interoperabilidad, permitiendo integrar los valores m\u00e1s relevantes en la historia cl\u00ednica del paciente y, pr\u00f3ximamente, mejorar la accesibilidad permitiendo que el profesional sanitario pueda acceder a las herramientas de la plataforma utilizando sus propias credenciales corporativas.<\/p>\n<p>mySugr juega adem\u00e1s un rol fundamental cuando hablamos de telemedicina, ya que no s\u00f3lo es una aplicaci\u00f3n que empodera al paciente a autogestionar su patolog\u00eda, motiv\u00e1ndolo y ayud\u00e1ndole en su d\u00eda a d\u00eda, sino que tambi\u00e9n habilita el flujo autom\u00e1tico de informaci\u00f3n del paciente al profesional. Por un lado, permite recoger de manera autom\u00e1tica la informaci\u00f3n de los gluc\u00f3metros compatibles a trav\u00e9s de una conexi\u00f3n Bluetooth y, por otro, se puede conectar con la Roche Diabetes Care Platform para que la informaci\u00f3n recogida en mySugr suba a la plataforma cloud autom\u00e1ticamente, y est\u00e9 disponible para el profesional sanitario en todo momento.<\/p>\n<ul>\n<li><strong>Desde su aplicaci\u00f3n ofrec\u00e9is la posibilidad de personalizar y a\u00f1adir diferentes funcionalidades dentro de la APP para que el paciente pueda elegir los datos que desea visualizar (priorizar aquellas por las que tenga especial inter\u00e9s o su m\u00e9dico haya calificado como importantes), \u00bfqu\u00e9 otros aspectos destacar\u00edas que representan un valor para el paciente?<\/strong><\/li>\n<\/ul>\n<p>mySugr es una aplicaci\u00f3n que facilita mucho el control de la diabetes a sus usuarios. La aplicaci\u00f3n ha sido desarrollada por personas con diabetes y uno de sus principales ventajas es su dise\u00f1o intuitivo y su facilidad de uso, como as\u00ed avala la puntuaci\u00f3n media de 4,6 \/ 5 a App Store y Google Play.<\/p>\n<p>Entre sus funciones destacan la posibilidad de guardar los valores diarios de glucemia de forma sencilla y autom\u00e1tica desde el gluc\u00f3metro. En la aplicaci\u00f3n, el usuario puede a\u00f1adir anotaciones sobre su estado de \u00e1nimo o la comida, entre otros, que dan m\u00e1s significado a las mediaciones. De este modo, mySugr le permite registrar todo lo necesario para tener un buen seguimiento y an\u00e1lisis de los \u00faltimos 7,14,30 y 90 d\u00edas.<\/p>\n<p>Otra de las funcionalidades m\u00e1s \u00fatiles de la aplicaci\u00f3n es la posibilidad de definir recordatorios sobre cu\u00e1ndo medir la glucemia. Esta funcionalidad fija un aviso para que el usuario no olvide ning\u00fan control recibiendo una notificaci\u00f3n en momentos importantes como puede ser antes o despu\u00e9s de comer.<\/p>\n<p>Finalmente la aplicaci\u00f3n facilita la relaci\u00f3n de las glucemias con los h\u00e1bitos alimentarios. As\u00ed el usuario puede guardar fotograf\u00edas de sus comidas junto con los resultados para controlar mejor la dieta y conocer los efectos sobre la glucemia. La aplicaci\u00f3n tambi\u00e9n permite indicar los ingredientes o el tipo de comida, para posteriormente realizar b\u00fasquedas inteligentes y aprender en su d\u00eda a d\u00eda.<\/p>\n<ul>\n<li><strong>\u00bfHay alg\u00fan otro aspecto que destacar\u00edas del proceso o de la aplicaci\u00f3n?<\/strong><\/li>\n<\/ul>\n<p>Sin duda, la facilidad para compartir informaci\u00f3n por parte del paciente con su profesional sanitario. mySugr habilita el flujo de los datos autom\u00e1ticamente a la Roche Diabetes Care Platform, poniendo a disposici\u00f3n del profesional sanitario los datos del paciente en todo momento. De esta manera el profesional sanitario puede hacer un mejor seguimiento para realizar los ajustes o cambios necesarios en la terapia.<\/p>\n<p>Hay que tener en cuenta que existe otro v\u00eda para compartir datos a trav\u00e9s de mySugr, ya que los datos tambi\u00e9n se pueden compartir con los profesionales sanitarios o cuidadores en dos sencillos pasos mediante la funcionalidad de informes que permite generar un PDF con toda la informaci\u00f3n que contiene la aplicaci\u00f3n.<\/p>\n","protected":false},"author":21,"featured_media":4823,"menu_order":0,"template":"","meta":{"_acf_changed":false,"inline_featured_image":false},"etiqueta":[],"tipus":[654],"topic":[125],"class_list":["post-4826","noticia","type-noticia","status-publish","has-post-thumbnail","hentry","tipus-activos-digitales","topic-hub-es"],"acf":{"imatge":4825,"autor":"Carme Pratdep\u00e0dua","textos_destacats":[{"texte":"Entrevistamos a Josep Maria Vallmaj\u00f3, director general de Roche Diabetes Care"}]},"yoast_head":"<!-- This site is optimized with the Yoast SEO plugin v27.1.1 - https:\/\/yoast.com\/product\/yoast-seo-wordpress\/ -->\n<title>Catalu\u00f1a est\u00e1 marcando el camino a seguir como primer paso en la prescripci\u00f3n tecnol\u00f3gica - Fundaci\u00f3 TIC Salut i Social<\/title>\n<meta name=\"robots\" content=\"index, follow, max-snippet:-1, max-image-preview:large, max-video-preview:-1\" \/>\n<link rel=\"canonical\" href=\"https:\/\/ticsalutsocial.atoom.space\/es\/noticia\/cataluna-esta-marcando-el-camino-a-seguir-como-primer-paso-en-la-prescripcion-tecnologica\/\" \/>\n<meta property=\"og:locale\" content=\"es_ES\" \/>\n<meta property=\"og:type\" content=\"article\" \/>\n<meta property=\"og:title\" content=\"Catalu\u00f1a est\u00e1 marcando el camino a seguir como primer paso en la prescripci\u00f3n tecnol\u00f3gica - Fundaci\u00f3 TIC Salut i Social\" \/>\n<meta property=\"og:description\" content=\"La aplicaci\u00f3n MySugr, de Roche Diabetes Care, ha sido la \u00faltima aplicaci\u00f3n m\u00f3vil al pasar con \u00e9xito el proceso de acreditaci\u00f3n de apps de la Fundaci\u00f3 TIC Salut Social. Como hemos hecho en otras ocasiones, hemos querido hablar con uno de sus protagonistas para que nos explique c\u00f3mo ha vivido el proceso. En este caso, [&hellip;]\" \/>\n<meta property=\"og:url\" content=\"https:\/\/ticsalutsocial.atoom.space\/es\/noticia\/cataluna-esta-marcando-el-camino-a-seguir-como-primer-paso-en-la-prescripcion-tecnologica\/\" \/>\n<meta property=\"og:site_name\" content=\"Fundaci\u00f3 TIC Salut i Social\" \/>\n<meta property=\"article:modified_time\" content=\"2021-07-21T13:50:26+00:00\" \/>\n<meta property=\"og:image\" content=\"https:\/\/ticsalutsocial.atoom.space\/wp-content\/uploads\/2021\/02\/jm_vallmajo_rdc.png\" \/>\n\t<meta property=\"og:image:width\" content=\"1270\" \/>\n\t<meta property=\"og:image:height\" content=\"843\" \/>\n\t<meta property=\"og:image:type\" content=\"image\/png\" \/>\n<meta name=\"twitter:card\" content=\"summary_large_image\" \/>\n<meta name=\"twitter:label1\" content=\"Tiempo de lectura\" \/>\n\t<meta name=\"twitter:data1\" content=\"7 minutos\" \/>\n<script type=\"application\/ld+json\" class=\"yoast-schema-graph\">{\"@context\":\"https:\/\/schema.org\",\"@graph\":[{\"@type\":\"WebPage\",\"@id\":\"https:\/\/ticsalutsocial.atoom.space\/es\/noticia\/cataluna-esta-marcando-el-camino-a-seguir-como-primer-paso-en-la-prescripcion-tecnologica\/\",\"url\":\"https:\/\/ticsalutsocial.atoom.space\/es\/noticia\/cataluna-esta-marcando-el-camino-a-seguir-como-primer-paso-en-la-prescripcion-tecnologica\/\",\"name\":\"Catalu\u00f1a est\u00e1 marcando el camino a seguir como primer paso en la prescripci\u00f3n tecnol\u00f3gica - Fundaci\u00f3 TIC Salut i Social\",\"isPartOf\":{\"@id\":\"https:\/\/ticsalutsocial.atoom.space\/es\/#website\"},\"primaryImageOfPage\":{\"@id\":\"https:\/\/ticsalutsocial.atoom.space\/es\/noticia\/cataluna-esta-marcando-el-camino-a-seguir-como-primer-paso-en-la-prescripcion-tecnologica\/#primaryimage\"},\"image\":{\"@id\":\"https:\/\/ticsalutsocial.atoom.space\/es\/noticia\/cataluna-esta-marcando-el-camino-a-seguir-como-primer-paso-en-la-prescripcion-tecnologica\/#primaryimage\"},\"thumbnailUrl\":\"https:\/\/ticsalutsocial.atoom.space\/wp-content\/uploads\/2021\/02\/jm_vallmajo_rdc.png\",\"datePublished\":\"2021-02-02T12:53:00+00:00\",\"dateModified\":\"2021-07-21T13:50:26+00:00\",\"breadcrumb\":{\"@id\":\"https:\/\/ticsalutsocial.atoom.space\/es\/noticia\/cataluna-esta-marcando-el-camino-a-seguir-como-primer-paso-en-la-prescripcion-tecnologica\/#breadcrumb\"},\"inLanguage\":\"es\",\"potentialAction\":[{\"@type\":\"ReadAction\",\"target\":[\"https:\/\/ticsalutsocial.atoom.space\/es\/noticia\/cataluna-esta-marcando-el-camino-a-seguir-como-primer-paso-en-la-prescripcion-tecnologica\/\"]}]},{\"@type\":\"ImageObject\",\"inLanguage\":\"es\",\"@id\":\"https:\/\/ticsalutsocial.atoom.space\/es\/noticia\/cataluna-esta-marcando-el-camino-a-seguir-como-primer-paso-en-la-prescripcion-tecnologica\/#primaryimage\",\"url\":\"https:\/\/ticsalutsocial.atoom.space\/wp-content\/uploads\/2021\/02\/jm_vallmajo_rdc.png\",\"contentUrl\":\"https:\/\/ticsalutsocial.atoom.space\/wp-content\/uploads\/2021\/02\/jm_vallmajo_rdc.png\",\"width\":1270,\"height\":843},{\"@type\":\"BreadcrumbList\",\"@id\":\"https:\/\/ticsalutsocial.atoom.space\/es\/noticia\/cataluna-esta-marcando-el-camino-a-seguir-como-primer-paso-en-la-prescripcion-tecnologica\/#breadcrumb\",\"itemListElement\":[{\"@type\":\"ListItem\",\"position\":1,\"name\":\"Inici\",\"item\":\"https:\/\/ticsalutsocial.atoom.space\/es\/\"},{\"@type\":\"ListItem\",\"position\":2,\"name\":\"Catalu\u00f1a est\u00e1 marcando el camino a seguir como primer paso en la prescripci\u00f3n tecnol\u00f3gica\"}]},{\"@type\":\"WebSite\",\"@id\":\"https:\/\/ticsalutsocial.atoom.space\/es\/#website\",\"url\":\"https:\/\/ticsalutsocial.atoom.space\/es\/\",\"name\":\"Fundaci\u00f3 TIC Salut i Social\",\"description\":\"\",\"potentialAction\":[{\"@type\":\"SearchAction\",\"target\":{\"@type\":\"EntryPoint\",\"urlTemplate\":\"https:\/\/ticsalutsocial.atoom.space\/es\/?s={search_term_string}\"},\"query-input\":{\"@type\":\"PropertyValueSpecification\",\"valueRequired\":true,\"valueName\":\"search_term_string\"}}],\"inLanguage\":\"es\"}]}<\/script>\n<!-- \/ Yoast SEO plugin. -->","yoast_head_json":{"title":"Catalu\u00f1a est\u00e1 marcando el camino a seguir como primer paso en la prescripci\u00f3n tecnol\u00f3gica - Fundaci\u00f3 TIC Salut i Social","robots":{"index":"index","follow":"follow","max-snippet":"max-snippet:-1","max-image-preview":"max-image-preview:large","max-video-preview":"max-video-preview:-1"},"canonical":"https:\/\/ticsalutsocial.atoom.space\/es\/noticia\/cataluna-esta-marcando-el-camino-a-seguir-como-primer-paso-en-la-prescripcion-tecnologica\/","og_locale":"es_ES","og_type":"article","og_title":"Catalu\u00f1a est\u00e1 marcando el camino a seguir como primer paso en la prescripci\u00f3n tecnol\u00f3gica - Fundaci\u00f3 TIC Salut i Social","og_description":"La aplicaci\u00f3n MySugr, de Roche Diabetes Care, ha sido la \u00faltima aplicaci\u00f3n m\u00f3vil al pasar con \u00e9xito el proceso de acreditaci\u00f3n de apps de la Fundaci\u00f3 TIC Salut Social. Como hemos hecho en otras ocasiones, hemos querido hablar con uno de sus protagonistas para que nos explique c\u00f3mo ha vivido el proceso. En este caso, [&hellip;]","og_url":"https:\/\/ticsalutsocial.atoom.space\/es\/noticia\/cataluna-esta-marcando-el-camino-a-seguir-como-primer-paso-en-la-prescripcion-tecnologica\/","og_site_name":"Fundaci\u00f3 TIC Salut i Social","article_modified_time":"2021-07-21T13:50:26+00:00","og_image":[{"width":1270,"height":843,"url":"https:\/\/ticsalutsocial.atoom.space\/wp-content\/uploads\/2021\/02\/jm_vallmajo_rdc.png","type":"image\/png"}],"twitter_card":"summary_large_image","twitter_misc":{"Tiempo de lectura":"7 minutos"},"schema":{"@context":"https:\/\/schema.org","@graph":[{"@type":"WebPage","@id":"https:\/\/ticsalutsocial.atoom.space\/es\/noticia\/cataluna-esta-marcando-el-camino-a-seguir-como-primer-paso-en-la-prescripcion-tecnologica\/","url":"https:\/\/ticsalutsocial.atoom.space\/es\/noticia\/cataluna-esta-marcando-el-camino-a-seguir-como-primer-paso-en-la-prescripcion-tecnologica\/","name":"Catalu\u00f1a est\u00e1 marcando el camino a seguir como primer paso en la prescripci\u00f3n tecnol\u00f3gica - Fundaci\u00f3 TIC Salut i Social","isPartOf":{"@id":"https:\/\/ticsalutsocial.atoom.space\/es\/#website"},"primaryImageOfPage":{"@id":"https:\/\/ticsalutsocial.atoom.space\/es\/noticia\/cataluna-esta-marcando-el-camino-a-seguir-como-primer-paso-en-la-prescripcion-tecnologica\/#primaryimage"},"image":{"@id":"https:\/\/ticsalutsocial.atoom.space\/es\/noticia\/cataluna-esta-marcando-el-camino-a-seguir-como-primer-paso-en-la-prescripcion-tecnologica\/#primaryimage"},"thumbnailUrl":"https:\/\/ticsalutsocial.atoom.space\/wp-content\/uploads\/2021\/02\/jm_vallmajo_rdc.png","datePublished":"2021-02-02T12:53:00+00:00","dateModified":"2021-07-21T13:50:26+00:00","breadcrumb":{"@id":"https:\/\/ticsalutsocial.atoom.space\/es\/noticia\/cataluna-esta-marcando-el-camino-a-seguir-como-primer-paso-en-la-prescripcion-tecnologica\/#breadcrumb"},"inLanguage":"es","potentialAction":[{"@type":"ReadAction","target":["https:\/\/ticsalutsocial.atoom.space\/es\/noticia\/cataluna-esta-marcando-el-camino-a-seguir-como-primer-paso-en-la-prescripcion-tecnologica\/"]}]},{"@type":"ImageObject","inLanguage":"es","@id":"https:\/\/ticsalutsocial.atoom.space\/es\/noticia\/cataluna-esta-marcando-el-camino-a-seguir-como-primer-paso-en-la-prescripcion-tecnologica\/#primaryimage","url":"https:\/\/ticsalutsocial.atoom.space\/wp-content\/uploads\/2021\/02\/jm_vallmajo_rdc.png","contentUrl":"https:\/\/ticsalutsocial.atoom.space\/wp-content\/uploads\/2021\/02\/jm_vallmajo_rdc.png","width":1270,"height":843},{"@type":"BreadcrumbList","@id":"https:\/\/ticsalutsocial.atoom.space\/es\/noticia\/cataluna-esta-marcando-el-camino-a-seguir-como-primer-paso-en-la-prescripcion-tecnologica\/#breadcrumb","itemListElement":[{"@type":"ListItem","position":1,"name":"Inici","item":"https:\/\/ticsalutsocial.atoom.space\/es\/"},{"@type":"ListItem","position":2,"name":"Catalu\u00f1a est\u00e1 marcando el camino a seguir como primer paso en la prescripci\u00f3n tecnol\u00f3gica"}]},{"@type":"WebSite","@id":"https:\/\/ticsalutsocial.atoom.space\/es\/#website","url":"https:\/\/ticsalutsocial.atoom.space\/es\/","name":"Fundaci\u00f3 TIC Salut i Social","description":"","potentialAction":[{"@type":"SearchAction","target":{"@type":"EntryPoint","urlTemplate":"https:\/\/ticsalutsocial.atoom.space\/es\/?s={search_term_string}"},"query-input":{"@type":"PropertyValueSpecification","valueRequired":true,"valueName":"search_term_string"}}],"inLanguage":"es"}]}},"_links":{"self":[{"href":"https:\/\/ticsalutsocial.atoom.space\/es\/wp-json\/wp\/v2\/noticia\/4826","targetHints":{"allow":["GET"]}}],"collection":[{"href":"https:\/\/ticsalutsocial.atoom.space\/es\/wp-json\/wp\/v2\/noticia"}],"about":[{"href":"https:\/\/ticsalutsocial.atoom.space\/es\/wp-json\/wp\/v2\/types\/noticia"}],"author":[{"embeddable":true,"href":"https:\/\/ticsalutsocial.atoom.space\/es\/wp-json\/wp\/v2\/users\/21"}],"wp:featuredmedia":[{"embeddable":true,"href":"https:\/\/ticsalutsocial.atoom.space\/es\/wp-json\/wp\/v2\/media\/4823"}],"wp:attachment":[{"href":"https:\/\/ticsalutsocial.atoom.space\/es\/wp-json\/wp\/v2\/media?parent=4826"}],"wp:term":[{"taxonomy":"etiqueta","embeddable":true,"href":"https:\/\/ticsalutsocial.atoom.space\/es\/wp-json\/wp\/v2\/etiqueta?post=4826"},{"taxonomy":"tipus","embeddable":true,"href":"https:\/\/ticsalutsocial.atoom.space\/es\/wp-json\/wp\/v2\/tipus?post=4826"},{"taxonomy":"topic","embeddable":true,"href":"https:\/\/ticsalutsocial.atoom.space\/es\/wp-json\/wp\/v2\/topic?post=4826"}],"curies":[{"name":"wp","href":"https:\/\/api.w.org\/{rel}","templated":true}]}}