
{"id":4876,"date":"2021-03-05T13:06:06","date_gmt":"2021-03-05T11:06:06","guid":{"rendered":"https:\/\/ticsalutsocial.atoom.space\/?post_type=noticia&#038;p=4876"},"modified":"2021-07-21T15:51:00","modified_gmt":"2021-07-21T13:51:00","slug":"tres-becas-anuales-para-el-master-en-ehealth-de-la-salle-tecnologias-de-la-informacion-y-gestion-sanitaria","status":"publish","type":"noticia","link":"https:\/\/ticsalutsocial.atoom.space\/es\/noticia\/tres-becas-anuales-para-el-master-en-ehealth-de-la-salle-tecnologias-de-la-informacion-y-gestion-sanitaria\/","title":{"rendered":"Tres becas anuales para el M\u00e1ster en eHealth de La Salle: Tecnolog\u00edas de la informaci\u00f3n y gesti\u00f3n sanitaria"},"content":{"rendered":"<p>La Fundaci\u00f3 TIC Salut Social (FTSS) mantiene el convenio de colaboraci\u00f3n con la Universitat La Salle con la intenci\u00f3n de seguir promoviendo la formaci\u00f3n en nuevas tecnolog\u00edas en el \u00e1mbito de la salud como estrategia de apoyo a la gesti\u00f3n de los servicios sanitarios. En virtud de este convenio, la FTSS otorga tres becas anuales (una del 50% en modalidad presencial y dos del 25% en modalidad online) para facilitar la participaci\u00f3n de profesionales de la salud que deseen realizar el <a href=\"http:\/\/www.salleurl.edu\/es\/estudios\/master-en-ehealth-tecnologias-de-la-informacion-y-gestion-sanitaria\">MASTER EN E-HEALTH: TECNOLOG\u00cdAS DE LA INFORMACI\u00d3N Y GESTI\u00d3N SANITARIA.<\/a><\/p>\n<p><strong>La Beca:<\/strong><\/p>\n<ul>\n<li>Dotaci\u00f3n: 50% del precio de una matr\u00edcula en modalidad presencial y dos del 25% en modalidad online para el Master en e-Health: Tecnolog\u00edas de la Informaci\u00f3n y gesti\u00f3n sanitaria.<\/li>\n<li>Periodicidad: Anual.<\/li>\n<li>\u00c1mbito: Residentes en Catalu\u00f1a.<\/li>\n<li>Fecha m\u00e1ximo de inscripci\u00f3n para optar a una de las dos becas: 14 de junio, 2021.<\/li>\n<\/ul>\n<p><strong>BASES<\/strong><\/p>\n<p><strong>Primera. Objeto y finalidad.<\/strong><\/p>\n<p>Premiar un\/a estudiante con talento, con referencias al sector y motivaciones profesionales vinculado \/ aa un sistema innovador en el \u00e1mbito de la salud digital.<\/p>\n<p><strong>Segunda. Qui\u00e9n se puede presentar?<\/strong><\/p>\n<p>Personas f\u00edsicas mayores de edad previamente matriculadas al m\u00e1ster e-Health, no entidades jur\u00eddicas.<\/p>\n<p><strong>Tercera. Requisitos m\u00ednimos.<\/strong><\/p>\n<p>Se valorar\u00e1:<\/p>\n<ul>\n<li>Disponer de una carrera profesional donde el \/ la solicitante demuestre que las materias que se imparten en el m\u00e1ster tienen relaci\u00f3n directa con su puesto de trabajo y su trayectoria profesional incluida en el Curr\u00edculum Vitae.<\/li>\n<li>Inter\u00e9s en iniciarse o profundizar en el conocimiento de tecnolog\u00edas de la salud y la gesti\u00f3n sanitaria. As\u00ed como la aplicabilidad, el uso y el impacto que tendr\u00e1n las TIC en su futuro profesional y su lugar de trabajo concretamente.<\/li>\n<li>Contar con el apoyo de un mentor que pertenezca al sector sanitario y \/ o tecnol\u00f3gico.<\/li>\n<li>En caso de que no disponga de experiencia profesional y haga menos de tres a\u00f1os de la finalizaci\u00f3n de su grado universitario se valorar\u00e1 la nota final de grado del estudiante.<\/li>\n<\/ul>\n<p><strong>La solicitud debe incluir:<\/strong><\/p>\n<p>Para poder acceder a la Beca TIC Salut Social, el candidato debe estar aceptado en el M\u00e1ster en eHealth. Para ello ser\u00e1 necesario formalizar el <a href=\"https:\/\/admissions.salleurl.edu\/AMRegister?lan=es&amp;_ga=2.136723635.209878469.1558945953-1365627106.1558945953\">proceso de admisi\u00f3n online.<\/a><\/p>\n<p><strong>Cuarta. Incompatibilidades.<\/strong><\/p>\n<p>Las candidaturas presentadas deben dejar constancia de si est\u00e1n recibiendo ayudas de otras entidades. Se exige total transparencia respecto de financiaci\u00f3n p\u00fablica o privada.<\/p>\n<p><strong>Quinta. Categor\u00edas de participaci\u00f3n<\/strong><\/p>\n<p>El jurado conceder\u00e1 tres premios: una beca por valor del 50% del precio de la matr\u00edcula en la modalidad presencial y dos becas por valor del 25% del precio de la matr\u00edcula en la modalidad online.<\/p>\n<p><strong>Sexta. Presentaci\u00f3n de Candidaturas. Plazo de presentaci\u00f3n de solicitudes<\/strong><\/p>\n<p>Se abrir\u00e1 un\u00a0<a href=\"https:\/\/admissions.salleurl.edu\/AMRegister?lan=es&amp;_ga=2.136723635.209878469.1558945953-1365627106.1558945953\">formulario v\u00eda la web<\/a> para aceptar propuestas o candidaturas. Todos los participantes deber\u00e1n presentar el documento de inscripci\u00f3n en el formato adecuado. Enviar la documentaci\u00f3n, antes del d\u00eda 14 de junio del 2021, a la atenci\u00f3n de <a href=\"mailto: n.garcia@salle.url.edu\">N\u00faria Garcia Alvero.<\/a><\/p>\n<p>Cada persona o solicitante s\u00f3lo podr\u00e1 presentar una \u00fanica candidatura a esta convocatoria.<\/p>\n<p><strong>S\u00e9ptima. Criterios de valoraci\u00f3n de candidaturas<\/strong><\/p>\n<p>Una vez terminado el plazo de presentaci\u00f3n de candidaturas, se evaluar\u00e1n todas las propuestas enviadas para determinar su calidad, teniendo en cuenta los criterios de valoraci\u00f3n anteriores.<\/p>\n<p>En caso de que fuera necesario, el jurado podr\u00eda valorar la realizaci\u00f3n de una entrevista personal a los candidatos \/ as finalistas.<\/p>\n<p><strong>Octava. Criterios<\/strong><\/p>\n<p>El Comit\u00e9 Organizador, formado por miembros de la Fundaci\u00f3 TIC Salut Social, es el \u00faltimo responsable del buen desarrollo de la convocatoria.<\/p>\n<p>El Comit\u00e9 Organizador de la beca se reserva el derecho de aplicar cualquier cambio en estas bases que ayude a mejorar la consecuci\u00f3n de los objetivos del presente programa.<\/p>\n<p>El Comit\u00e9 Organizador de la beca se reserva el derecho de modificar, ampliar, reducir, suspender o cancelar la convocatoria sin previo aviso por cualquier raz\u00f3n no imputable a la organizaci\u00f3n, especialmente por causa de fuerza mayor.<\/p>\n<p>El Comit\u00e9 Organizador de la beca se reserva el derecho de anular o cancelar la totalidad o parte del concurso en caso de detectar fraude o incumplimiento de sus normas. En este caso, se reserva el derecho de no conceder la beca a los participantes que no se ajusten al marco legal vigente. Una acci\u00f3n fraudulenta descalificar\u00e1 inmediatamente la persona que la cometa.<\/p>\n<p>El Comit\u00e9 Organizador de la beca decidir\u00e1 sobre los casos imprevistos que se pueden presentar y que no se hayan previsto en estas bases.<\/p>\n<p><strong>Novena. Jurado y sus miembros<\/strong><\/p>\n<p>El jurado lo formar\u00e1n parte miembros vinculados a los estudios de la Fundaci\u00f3 TIC Salut Social y \/ o Universitat La Salle, entre otros expertos que puedan considerarse seg\u00fan la tipolog\u00eda de la propuesta.<\/p>\n<p>Para m\u00e1s informaci\u00f3n contactar con: <a href=\"mailto: n.garcia@salle.url.edu\">N\u00faria Garcia Alvero.<\/a><\/p>\n","protected":false},"author":21,"featured_media":3877,"menu_order":0,"template":"","meta":{"_acf_changed":false,"inline_featured_image":false},"etiqueta":[],"tipus":[],"topic":[119],"class_list":["post-4876","noticia","type-noticia","status-publish","has-post-thumbnail","hentry","topic-innovacion"],"acf":{"imatge":3879,"autor":"Adri\u00e0 G.Font"},"yoast_head":"<!-- This site is optimized with the Yoast SEO plugin v27.1.1 - https:\/\/yoast.com\/product\/yoast-seo-wordpress\/ -->\n<title>Tres becas anuales para el M\u00e1ster en eHealth de La Salle: Tecnolog\u00edas de la informaci\u00f3n y gesti\u00f3n sanitaria - Fundaci\u00f3 TIC Salut i Social<\/title>\n<meta name=\"robots\" content=\"index, follow, max-snippet:-1, max-image-preview:large, max-video-preview:-1\" \/>\n<link rel=\"canonical\" href=\"https:\/\/ticsalutsocial.atoom.space\/es\/noticia\/tres-becas-anuales-para-el-master-en-ehealth-de-la-salle-tecnologias-de-la-informacion-y-gestion-sanitaria\/\" \/>\n<meta property=\"og:locale\" content=\"es_ES\" \/>\n<meta property=\"og:type\" content=\"article\" \/>\n<meta property=\"og:title\" content=\"Tres becas anuales para el M\u00e1ster en eHealth de La Salle: Tecnolog\u00edas de la informaci\u00f3n y gesti\u00f3n sanitaria - Fundaci\u00f3 TIC Salut i Social\" \/>\n<meta property=\"og:description\" content=\"La Fundaci\u00f3 TIC Salut Social (FTSS) mantiene el convenio de colaboraci\u00f3n con la Universitat La Salle con la intenci\u00f3n de seguir promoviendo la formaci\u00f3n en nuevas tecnolog\u00edas en el \u00e1mbito de la salud como estrategia de apoyo a la gesti\u00f3n de los servicios sanitarios. En virtud de este convenio, la FTSS otorga tres becas anuales [&hellip;]\" \/>\n<meta property=\"og:url\" content=\"https:\/\/ticsalutsocial.atoom.space\/es\/noticia\/tres-becas-anuales-para-el-master-en-ehealth-de-la-salle-tecnologias-de-la-informacion-y-gestion-sanitaria\/\" \/>\n<meta property=\"og:site_name\" content=\"Fundaci\u00f3 TIC Salut i Social\" \/>\n<meta property=\"article:modified_time\" content=\"2021-07-21T13:51:00+00:00\" \/>\n<meta property=\"og:image\" content=\"https:\/\/ticsalutsocial.atoom.space\/wp-content\/uploads\/2020\/04\/istock-912617272-scaled.jpg\" \/>\n\t<meta property=\"og:image:width\" content=\"2560\" \/>\n\t<meta property=\"og:image:height\" content=\"1595\" \/>\n\t<meta property=\"og:image:type\" content=\"image\/jpeg\" \/>\n<meta name=\"twitter:card\" content=\"summary_large_image\" \/>\n<meta name=\"twitter:label1\" content=\"Tiempo de lectura\" \/>\n\t<meta name=\"twitter:data1\" content=\"4 minutos\" \/>\n<script type=\"application\/ld+json\" class=\"yoast-schema-graph\">{\"@context\":\"https:\/\/schema.org\",\"@graph\":[{\"@type\":\"WebPage\",\"@id\":\"https:\/\/ticsalutsocial.atoom.space\/es\/noticia\/tres-becas-anuales-para-el-master-en-ehealth-de-la-salle-tecnologias-de-la-informacion-y-gestion-sanitaria\/\",\"url\":\"https:\/\/ticsalutsocial.atoom.space\/es\/noticia\/tres-becas-anuales-para-el-master-en-ehealth-de-la-salle-tecnologias-de-la-informacion-y-gestion-sanitaria\/\",\"name\":\"Tres becas anuales para el M\u00e1ster en eHealth de La Salle: Tecnolog\u00edas de la informaci\u00f3n y gesti\u00f3n sanitaria - Fundaci\u00f3 TIC Salut i Social\",\"isPartOf\":{\"@id\":\"https:\/\/ticsalutsocial.atoom.space\/es\/#website\"},\"primaryImageOfPage\":{\"@id\":\"https:\/\/ticsalutsocial.atoom.space\/es\/noticia\/tres-becas-anuales-para-el-master-en-ehealth-de-la-salle-tecnologias-de-la-informacion-y-gestion-sanitaria\/#primaryimage\"},\"image\":{\"@id\":\"https:\/\/ticsalutsocial.atoom.space\/es\/noticia\/tres-becas-anuales-para-el-master-en-ehealth-de-la-salle-tecnologias-de-la-informacion-y-gestion-sanitaria\/#primaryimage\"},\"thumbnailUrl\":\"https:\/\/ticsalutsocial.atoom.space\/wp-content\/uploads\/2020\/04\/istock-912617272-scaled.jpg\",\"datePublished\":\"2021-03-05T11:06:06+00:00\",\"dateModified\":\"2021-07-21T13:51:00+00:00\",\"breadcrumb\":{\"@id\":\"https:\/\/ticsalutsocial.atoom.space\/es\/noticia\/tres-becas-anuales-para-el-master-en-ehealth-de-la-salle-tecnologias-de-la-informacion-y-gestion-sanitaria\/#breadcrumb\"},\"inLanguage\":\"es\",\"potentialAction\":[{\"@type\":\"ReadAction\",\"target\":[\"https:\/\/ticsalutsocial.atoom.space\/es\/noticia\/tres-becas-anuales-para-el-master-en-ehealth-de-la-salle-tecnologias-de-la-informacion-y-gestion-sanitaria\/\"]}]},{\"@type\":\"ImageObject\",\"inLanguage\":\"es\",\"@id\":\"https:\/\/ticsalutsocial.atoom.space\/es\/noticia\/tres-becas-anuales-para-el-master-en-ehealth-de-la-salle-tecnologias-de-la-informacion-y-gestion-sanitaria\/#primaryimage\",\"url\":\"https:\/\/ticsalutsocial.atoom.space\/wp-content\/uploads\/2020\/04\/istock-912617272-scaled.jpg\",\"contentUrl\":\"https:\/\/ticsalutsocial.atoom.space\/wp-content\/uploads\/2020\/04\/istock-912617272-scaled.jpg\",\"width\":2560,\"height\":1595},{\"@type\":\"BreadcrumbList\",\"@id\":\"https:\/\/ticsalutsocial.atoom.space\/es\/noticia\/tres-becas-anuales-para-el-master-en-ehealth-de-la-salle-tecnologias-de-la-informacion-y-gestion-sanitaria\/#breadcrumb\",\"itemListElement\":[{\"@type\":\"ListItem\",\"position\":1,\"name\":\"Inici\",\"item\":\"https:\/\/ticsalutsocial.atoom.space\/es\/\"},{\"@type\":\"ListItem\",\"position\":2,\"name\":\"Tres becas anuales para el M\u00e1ster en eHealth de La Salle: Tecnolog\u00edas de la informaci\u00f3n y gesti\u00f3n sanitaria\"}]},{\"@type\":\"WebSite\",\"@id\":\"https:\/\/ticsalutsocial.atoom.space\/es\/#website\",\"url\":\"https:\/\/ticsalutsocial.atoom.space\/es\/\",\"name\":\"Fundaci\u00f3 TIC Salut i Social\",\"description\":\"\",\"potentialAction\":[{\"@type\":\"SearchAction\",\"target\":{\"@type\":\"EntryPoint\",\"urlTemplate\":\"https:\/\/ticsalutsocial.atoom.space\/es\/?s={search_term_string}\"},\"query-input\":{\"@type\":\"PropertyValueSpecification\",\"valueRequired\":true,\"valueName\":\"search_term_string\"}}],\"inLanguage\":\"es\"}]}<\/script>\n<!-- \/ Yoast SEO plugin. -->","yoast_head_json":{"title":"Tres becas anuales para el M\u00e1ster en eHealth de La Salle: Tecnolog\u00edas de la informaci\u00f3n y gesti\u00f3n sanitaria - Fundaci\u00f3 TIC Salut i Social","robots":{"index":"index","follow":"follow","max-snippet":"max-snippet:-1","max-image-preview":"max-image-preview:large","max-video-preview":"max-video-preview:-1"},"canonical":"https:\/\/ticsalutsocial.atoom.space\/es\/noticia\/tres-becas-anuales-para-el-master-en-ehealth-de-la-salle-tecnologias-de-la-informacion-y-gestion-sanitaria\/","og_locale":"es_ES","og_type":"article","og_title":"Tres becas anuales para el M\u00e1ster en eHealth de La Salle: Tecnolog\u00edas de la informaci\u00f3n y gesti\u00f3n sanitaria - Fundaci\u00f3 TIC Salut i Social","og_description":"La Fundaci\u00f3 TIC Salut Social (FTSS) mantiene el convenio de colaboraci\u00f3n con la Universitat La Salle con la intenci\u00f3n de seguir promoviendo la formaci\u00f3n en nuevas tecnolog\u00edas en el \u00e1mbito de la salud como estrategia de apoyo a la gesti\u00f3n de los servicios sanitarios. En virtud de este convenio, la FTSS otorga tres becas anuales [&hellip;]","og_url":"https:\/\/ticsalutsocial.atoom.space\/es\/noticia\/tres-becas-anuales-para-el-master-en-ehealth-de-la-salle-tecnologias-de-la-informacion-y-gestion-sanitaria\/","og_site_name":"Fundaci\u00f3 TIC Salut i Social","article_modified_time":"2021-07-21T13:51:00+00:00","og_image":[{"width":2560,"height":1595,"url":"https:\/\/ticsalutsocial.atoom.space\/wp-content\/uploads\/2020\/04\/istock-912617272-scaled.jpg","type":"image\/jpeg"}],"twitter_card":"summary_large_image","twitter_misc":{"Tiempo de lectura":"4 minutos"},"schema":{"@context":"https:\/\/schema.org","@graph":[{"@type":"WebPage","@id":"https:\/\/ticsalutsocial.atoom.space\/es\/noticia\/tres-becas-anuales-para-el-master-en-ehealth-de-la-salle-tecnologias-de-la-informacion-y-gestion-sanitaria\/","url":"https:\/\/ticsalutsocial.atoom.space\/es\/noticia\/tres-becas-anuales-para-el-master-en-ehealth-de-la-salle-tecnologias-de-la-informacion-y-gestion-sanitaria\/","name":"Tres becas anuales para el M\u00e1ster en eHealth de La Salle: Tecnolog\u00edas de la informaci\u00f3n y gesti\u00f3n sanitaria - Fundaci\u00f3 TIC Salut i Social","isPartOf":{"@id":"https:\/\/ticsalutsocial.atoom.space\/es\/#website"},"primaryImageOfPage":{"@id":"https:\/\/ticsalutsocial.atoom.space\/es\/noticia\/tres-becas-anuales-para-el-master-en-ehealth-de-la-salle-tecnologias-de-la-informacion-y-gestion-sanitaria\/#primaryimage"},"image":{"@id":"https:\/\/ticsalutsocial.atoom.space\/es\/noticia\/tres-becas-anuales-para-el-master-en-ehealth-de-la-salle-tecnologias-de-la-informacion-y-gestion-sanitaria\/#primaryimage"},"thumbnailUrl":"https:\/\/ticsalutsocial.atoom.space\/wp-content\/uploads\/2020\/04\/istock-912617272-scaled.jpg","datePublished":"2021-03-05T11:06:06+00:00","dateModified":"2021-07-21T13:51:00+00:00","breadcrumb":{"@id":"https:\/\/ticsalutsocial.atoom.space\/es\/noticia\/tres-becas-anuales-para-el-master-en-ehealth-de-la-salle-tecnologias-de-la-informacion-y-gestion-sanitaria\/#breadcrumb"},"inLanguage":"es","potentialAction":[{"@type":"ReadAction","target":["https:\/\/ticsalutsocial.atoom.space\/es\/noticia\/tres-becas-anuales-para-el-master-en-ehealth-de-la-salle-tecnologias-de-la-informacion-y-gestion-sanitaria\/"]}]},{"@type":"ImageObject","inLanguage":"es","@id":"https:\/\/ticsalutsocial.atoom.space\/es\/noticia\/tres-becas-anuales-para-el-master-en-ehealth-de-la-salle-tecnologias-de-la-informacion-y-gestion-sanitaria\/#primaryimage","url":"https:\/\/ticsalutsocial.atoom.space\/wp-content\/uploads\/2020\/04\/istock-912617272-scaled.jpg","contentUrl":"https:\/\/ticsalutsocial.atoom.space\/wp-content\/uploads\/2020\/04\/istock-912617272-scaled.jpg","width":2560,"height":1595},{"@type":"BreadcrumbList","@id":"https:\/\/ticsalutsocial.atoom.space\/es\/noticia\/tres-becas-anuales-para-el-master-en-ehealth-de-la-salle-tecnologias-de-la-informacion-y-gestion-sanitaria\/#breadcrumb","itemListElement":[{"@type":"ListItem","position":1,"name":"Inici","item":"https:\/\/ticsalutsocial.atoom.space\/es\/"},{"@type":"ListItem","position":2,"name":"Tres becas anuales para el M\u00e1ster en eHealth de La Salle: Tecnolog\u00edas de la informaci\u00f3n y gesti\u00f3n sanitaria"}]},{"@type":"WebSite","@id":"https:\/\/ticsalutsocial.atoom.space\/es\/#website","url":"https:\/\/ticsalutsocial.atoom.space\/es\/","name":"Fundaci\u00f3 TIC Salut i Social","description":"","potentialAction":[{"@type":"SearchAction","target":{"@type":"EntryPoint","urlTemplate":"https:\/\/ticsalutsocial.atoom.space\/es\/?s={search_term_string}"},"query-input":{"@type":"PropertyValueSpecification","valueRequired":true,"valueName":"search_term_string"}}],"inLanguage":"es"}]}},"_links":{"self":[{"href":"https:\/\/ticsalutsocial.atoom.space\/es\/wp-json\/wp\/v2\/noticia\/4876","targetHints":{"allow":["GET"]}}],"collection":[{"href":"https:\/\/ticsalutsocial.atoom.space\/es\/wp-json\/wp\/v2\/noticia"}],"about":[{"href":"https:\/\/ticsalutsocial.atoom.space\/es\/wp-json\/wp\/v2\/types\/noticia"}],"author":[{"embeddable":true,"href":"https:\/\/ticsalutsocial.atoom.space\/es\/wp-json\/wp\/v2\/users\/21"}],"wp:featuredmedia":[{"embeddable":true,"href":"https:\/\/ticsalutsocial.atoom.space\/es\/wp-json\/wp\/v2\/media\/3877"}],"wp:attachment":[{"href":"https:\/\/ticsalutsocial.atoom.space\/es\/wp-json\/wp\/v2\/media?parent=4876"}],"wp:term":[{"taxonomy":"etiqueta","embeddable":true,"href":"https:\/\/ticsalutsocial.atoom.space\/es\/wp-json\/wp\/v2\/etiqueta?post=4876"},{"taxonomy":"tipus","embeddable":true,"href":"https:\/\/ticsalutsocial.atoom.space\/es\/wp-json\/wp\/v2\/tipus?post=4876"},{"taxonomy":"topic","embeddable":true,"href":"https:\/\/ticsalutsocial.atoom.space\/es\/wp-json\/wp\/v2\/topic?post=4876"}],"curies":[{"name":"wp","href":"https:\/\/api.w.org\/{rel}","templated":true}]}}