
{"id":4898,"date":"2021-03-15T14:20:17","date_gmt":"2021-03-15T12:20:17","guid":{"rendered":"https:\/\/ticsalutsocial.atoom.space\/?post_type=noticia&#038;p=4898"},"modified":"2021-07-21T15:51:12","modified_gmt":"2021-07-21T13:51:12","slug":"iniciado-el-proyecto-competencias-digitales-de-los-profesionales-de-salud-compdig-salud","status":"publish","type":"noticia","link":"https:\/\/ticsalutsocial.atoom.space\/es\/noticia\/iniciado-el-proyecto-competencias-digitales-de-los-profesionales-de-salud-compdig-salud\/","title":{"rendered":"Iniciado el proyecto Competencias digitales de los profesionales de Salud (COMPDIG-Salud)"},"content":{"rendered":"<p>El Departament de Salut, a trav\u00e9s de la Direcci\u00f3 General de Professionals de la Salut, y el Departament de Pol\u00edtiques Digitals y Administraci\u00f3 P\u00fablica, a trav\u00e9s de la Secretaria de Pol\u00edtiques Digitals, ponen en marcha, con la coordinaci\u00f3n de la Fundaci\u00f3 TIC Salut Social, el proyecto COMPDIG-salud, que busca dotar de competencias digitales espec\u00edficas a los profesionales de la salud de Catalu\u00f1a. Este proyecto se inicia con el prop\u00f3sito de operativizar las conclusiones del an\u00e1lisis realizado por el grupo del reto 4 del Foro de Di\u00e1logo Profesional*.<\/p>\n<blockquote><p><strong>El proyecto COMPDIG-Salud busca dotar de competencias digitales espec\u00edficas a los profesionales de la salud de Catalu\u00f1a<\/strong><\/p><\/blockquote>\n<p>El objetivo principal del proyecto es la definici\u00f3n de las competencias digitales espec\u00edficas de los profesionales de la salud de Catalu\u00f1a y la creaci\u00f3n de un modelo de evaluaci\u00f3n y acreditaci\u00f3n de las mismas, la ACTIC 3-Salud, haciendo uso del conocimiento, los recursos e infraestructuras disponibles de la plataforma ACTIC.<\/p>\n<p>Ante el escenario actual marcado por la transformaci\u00f3n digital, especialmente en el \u00e1mbito de la salud, los profesionales de este sector desempe\u00f1an un rol clave para el desarrollo de nuevos modelos de atenci\u00f3n basados en la tecnolog\u00eda. En este sentido, se requieren actuaciones que doten de competencias digitales a los profesionales de la salud para adecuar e incrementar su desarrollo profesional en el contexto digital actual.<\/p>\n<blockquote><p><strong>El proyecto est\u00e1 impulsado por el Departament de Salut, el Departament de Pol\u00edtiques Digitals y Administraci\u00f3 P\u00fablica, y coordinado por la Fundaci\u00f3 TIC Salut Social<\/strong><\/p><\/blockquote>\n<p><strong>ACTIC 3-Salud<\/strong><\/p>\n<p>Este proyecto se enmarca dentro del nuevo modelo ACTIC, que el pasado d\u00eda 2 de marzo el Govern aprob\u00f3 con el nuevo decreto que regula esta acreditaci\u00f3n en competencias digitales, y que ya incorpora la posibilidad de definir una serie competencias digitales relativas a \u00e1mbitos sectoriales y la posibilidad de establecer certificados acreditativos de la competencia digital sectorial donde se establecen las competencias, los contenidos y los indicadores de evaluaci\u00f3n de \u00e1mbito sectorial que complementen la ACTIC.<\/p>\n<p>As\u00ed pues, durante el 2021, se establecer\u00e1n las competencias digitales necesarias para los profesionales sanitarios as\u00ed como los indicadores correspondientes. Con el marco de referencia definido, diferentes actores podr\u00e1n elaborar los contenidos y \/ o desarrollar itinerarios formativos. Tambi\u00e9n se definir\u00e1 el modelo y las m\u00e9tricas de esta acreditaci\u00f3n sectorial.<\/p>\n<p>Por otra parte, durante el primer semestre de 2021, se espera implementar un estudio de an\u00e1lisis de las competencias digitales actuales de los profesionales sanitarios, que permitir\u00e1 tener una visi\u00f3n aproximada de las necesidades de formaci\u00f3n en este \u00e1mbito.<\/p>\n<p>*https:\/\/salutweb.gencat.cat\/web\/.content\/_departament\/lineas-estrategiques\/1r_forum_dialeg_professional\/documents\/conclusions-forum-dialeg-professional.pdf<\/p>\n","protected":false},"author":21,"featured_media":7028,"menu_order":0,"template":"","meta":{"_acf_changed":false,"inline_featured_image":false},"etiqueta":[],"tipus":[],"topic":[130],"class_list":["post-4898","noticia","type-noticia","status-publish","has-post-thumbnail","hentry","topic-la-fundacion"],"acf":{"imatge":7028,"autor":"Elisenda Reixach"},"yoast_head":"<!-- This site is optimized with the Yoast SEO plugin v27.1.1 - https:\/\/yoast.com\/product\/yoast-seo-wordpress\/ -->\n<title>Iniciado el proyecto Competencias digitales de los profesionales de Salud (COMPDIG-Salud) - Fundaci\u00f3 TIC Salut i Social<\/title>\n<meta name=\"robots\" content=\"index, follow, max-snippet:-1, max-image-preview:large, max-video-preview:-1\" \/>\n<link rel=\"canonical\" href=\"https:\/\/ticsalutsocial.atoom.space\/es\/noticia\/iniciado-el-proyecto-competencias-digitales-de-los-profesionales-de-salud-compdig-salud\/\" \/>\n<meta property=\"og:locale\" content=\"es_ES\" \/>\n<meta property=\"og:type\" content=\"article\" \/>\n<meta property=\"og:title\" content=\"Iniciado el proyecto Competencias digitales de los profesionales de Salud (COMPDIG-Salud) - Fundaci\u00f3 TIC Salut i Social\" \/>\n<meta property=\"og:description\" content=\"El Departament de Salut, a trav\u00e9s de la Direcci\u00f3 General de Professionals de la Salut, y el Departament de Pol\u00edtiques Digitals y Administraci\u00f3 P\u00fablica, a trav\u00e9s de la Secretaria de Pol\u00edtiques Digitals, ponen en marcha, con la coordinaci\u00f3n de la Fundaci\u00f3 TIC Salut Social, el proyecto COMPDIG-salud, que busca dotar de competencias digitales espec\u00edficas a [&hellip;]\" \/>\n<meta property=\"og:url\" content=\"https:\/\/ticsalutsocial.atoom.space\/es\/noticia\/iniciado-el-proyecto-competencias-digitales-de-los-profesionales-de-salud-compdig-salud\/\" \/>\n<meta property=\"og:site_name\" content=\"Fundaci\u00f3 TIC Salut i Social\" \/>\n<meta property=\"article:modified_time\" content=\"2021-07-21T13:51:12+00:00\" \/>\n<meta property=\"og:image\" content=\"https:\/\/ticsalutsocial.atoom.space\/wp-content\/uploads\/2021\/03\/daniel-canibano-r6j4ilscww0-unsplash-scaled.jpg\" \/>\n\t<meta property=\"og:image:width\" content=\"2560\" \/>\n\t<meta property=\"og:image:height\" content=\"1707\" \/>\n\t<meta property=\"og:image:type\" content=\"image\/jpeg\" \/>\n<meta name=\"twitter:card\" content=\"summary_large_image\" \/>\n<meta name=\"twitter:label1\" content=\"Tiempo de lectura\" \/>\n\t<meta name=\"twitter:data1\" content=\"2 minutos\" \/>\n<script type=\"application\/ld+json\" class=\"yoast-schema-graph\">{\"@context\":\"https:\/\/schema.org\",\"@graph\":[{\"@type\":\"WebPage\",\"@id\":\"https:\/\/ticsalutsocial.atoom.space\/es\/noticia\/iniciado-el-proyecto-competencias-digitales-de-los-profesionales-de-salud-compdig-salud\/\",\"url\":\"https:\/\/ticsalutsocial.atoom.space\/es\/noticia\/iniciado-el-proyecto-competencias-digitales-de-los-profesionales-de-salud-compdig-salud\/\",\"name\":\"Iniciado el proyecto Competencias digitales de los profesionales de Salud (COMPDIG-Salud) - Fundaci\u00f3 TIC Salut i Social\",\"isPartOf\":{\"@id\":\"https:\/\/ticsalutsocial.atoom.space\/es\/#website\"},\"primaryImageOfPage\":{\"@id\":\"https:\/\/ticsalutsocial.atoom.space\/es\/noticia\/iniciado-el-proyecto-competencias-digitales-de-los-profesionales-de-salud-compdig-salud\/#primaryimage\"},\"image\":{\"@id\":\"https:\/\/ticsalutsocial.atoom.space\/es\/noticia\/iniciado-el-proyecto-competencias-digitales-de-los-profesionales-de-salud-compdig-salud\/#primaryimage\"},\"thumbnailUrl\":\"https:\/\/ticsalutsocial.atoom.space\/wp-content\/uploads\/2021\/03\/daniel-canibano-r6j4ilscww0-unsplash-scaled.jpg\",\"datePublished\":\"2021-03-15T12:20:17+00:00\",\"dateModified\":\"2021-07-21T13:51:12+00:00\",\"breadcrumb\":{\"@id\":\"https:\/\/ticsalutsocial.atoom.space\/es\/noticia\/iniciado-el-proyecto-competencias-digitales-de-los-profesionales-de-salud-compdig-salud\/#breadcrumb\"},\"inLanguage\":\"es\",\"potentialAction\":[{\"@type\":\"ReadAction\",\"target\":[\"https:\/\/ticsalutsocial.atoom.space\/es\/noticia\/iniciado-el-proyecto-competencias-digitales-de-los-profesionales-de-salud-compdig-salud\/\"]}]},{\"@type\":\"ImageObject\",\"inLanguage\":\"es\",\"@id\":\"https:\/\/ticsalutsocial.atoom.space\/es\/noticia\/iniciado-el-proyecto-competencias-digitales-de-los-profesionales-de-salud-compdig-salud\/#primaryimage\",\"url\":\"https:\/\/ticsalutsocial.atoom.space\/wp-content\/uploads\/2021\/03\/daniel-canibano-r6j4ilscww0-unsplash-scaled.jpg\",\"contentUrl\":\"https:\/\/ticsalutsocial.atoom.space\/wp-content\/uploads\/2021\/03\/daniel-canibano-r6j4ilscww0-unsplash-scaled.jpg\",\"width\":2560,\"height\":1707},{\"@type\":\"BreadcrumbList\",\"@id\":\"https:\/\/ticsalutsocial.atoom.space\/es\/noticia\/iniciado-el-proyecto-competencias-digitales-de-los-profesionales-de-salud-compdig-salud\/#breadcrumb\",\"itemListElement\":[{\"@type\":\"ListItem\",\"position\":1,\"name\":\"Inici\",\"item\":\"https:\/\/ticsalutsocial.atoom.space\/es\/\"},{\"@type\":\"ListItem\",\"position\":2,\"name\":\"Iniciado el proyecto Competencias digitales de los profesionales de Salud (COMPDIG-Salud)\"}]},{\"@type\":\"WebSite\",\"@id\":\"https:\/\/ticsalutsocial.atoom.space\/es\/#website\",\"url\":\"https:\/\/ticsalutsocial.atoom.space\/es\/\",\"name\":\"Fundaci\u00f3 TIC Salut i Social\",\"description\":\"\",\"potentialAction\":[{\"@type\":\"SearchAction\",\"target\":{\"@type\":\"EntryPoint\",\"urlTemplate\":\"https:\/\/ticsalutsocial.atoom.space\/es\/?s={search_term_string}\"},\"query-input\":{\"@type\":\"PropertyValueSpecification\",\"valueRequired\":true,\"valueName\":\"search_term_string\"}}],\"inLanguage\":\"es\"}]}<\/script>\n<!-- \/ Yoast SEO plugin. -->","yoast_head_json":{"title":"Iniciado el proyecto Competencias digitales de los profesionales de Salud (COMPDIG-Salud) - Fundaci\u00f3 TIC Salut i Social","robots":{"index":"index","follow":"follow","max-snippet":"max-snippet:-1","max-image-preview":"max-image-preview:large","max-video-preview":"max-video-preview:-1"},"canonical":"https:\/\/ticsalutsocial.atoom.space\/es\/noticia\/iniciado-el-proyecto-competencias-digitales-de-los-profesionales-de-salud-compdig-salud\/","og_locale":"es_ES","og_type":"article","og_title":"Iniciado el proyecto Competencias digitales de los profesionales de Salud (COMPDIG-Salud) - Fundaci\u00f3 TIC Salut i Social","og_description":"El Departament de Salut, a trav\u00e9s de la Direcci\u00f3 General de Professionals de la Salut, y el Departament de Pol\u00edtiques Digitals y Administraci\u00f3 P\u00fablica, a trav\u00e9s de la Secretaria de Pol\u00edtiques Digitals, ponen en marcha, con la coordinaci\u00f3n de la Fundaci\u00f3 TIC Salut Social, el proyecto COMPDIG-salud, que busca dotar de competencias digitales espec\u00edficas a [&hellip;]","og_url":"https:\/\/ticsalutsocial.atoom.space\/es\/noticia\/iniciado-el-proyecto-competencias-digitales-de-los-profesionales-de-salud-compdig-salud\/","og_site_name":"Fundaci\u00f3 TIC Salut i Social","article_modified_time":"2021-07-21T13:51:12+00:00","og_image":[{"width":2560,"height":1707,"url":"https:\/\/ticsalutsocial.atoom.space\/wp-content\/uploads\/2021\/03\/daniel-canibano-r6j4ilscww0-unsplash-scaled.jpg","type":"image\/jpeg"}],"twitter_card":"summary_large_image","twitter_misc":{"Tiempo de lectura":"2 minutos"},"schema":{"@context":"https:\/\/schema.org","@graph":[{"@type":"WebPage","@id":"https:\/\/ticsalutsocial.atoom.space\/es\/noticia\/iniciado-el-proyecto-competencias-digitales-de-los-profesionales-de-salud-compdig-salud\/","url":"https:\/\/ticsalutsocial.atoom.space\/es\/noticia\/iniciado-el-proyecto-competencias-digitales-de-los-profesionales-de-salud-compdig-salud\/","name":"Iniciado el proyecto Competencias digitales de los profesionales de Salud (COMPDIG-Salud) - Fundaci\u00f3 TIC Salut i Social","isPartOf":{"@id":"https:\/\/ticsalutsocial.atoom.space\/es\/#website"},"primaryImageOfPage":{"@id":"https:\/\/ticsalutsocial.atoom.space\/es\/noticia\/iniciado-el-proyecto-competencias-digitales-de-los-profesionales-de-salud-compdig-salud\/#primaryimage"},"image":{"@id":"https:\/\/ticsalutsocial.atoom.space\/es\/noticia\/iniciado-el-proyecto-competencias-digitales-de-los-profesionales-de-salud-compdig-salud\/#primaryimage"},"thumbnailUrl":"https:\/\/ticsalutsocial.atoom.space\/wp-content\/uploads\/2021\/03\/daniel-canibano-r6j4ilscww0-unsplash-scaled.jpg","datePublished":"2021-03-15T12:20:17+00:00","dateModified":"2021-07-21T13:51:12+00:00","breadcrumb":{"@id":"https:\/\/ticsalutsocial.atoom.space\/es\/noticia\/iniciado-el-proyecto-competencias-digitales-de-los-profesionales-de-salud-compdig-salud\/#breadcrumb"},"inLanguage":"es","potentialAction":[{"@type":"ReadAction","target":["https:\/\/ticsalutsocial.atoom.space\/es\/noticia\/iniciado-el-proyecto-competencias-digitales-de-los-profesionales-de-salud-compdig-salud\/"]}]},{"@type":"ImageObject","inLanguage":"es","@id":"https:\/\/ticsalutsocial.atoom.space\/es\/noticia\/iniciado-el-proyecto-competencias-digitales-de-los-profesionales-de-salud-compdig-salud\/#primaryimage","url":"https:\/\/ticsalutsocial.atoom.space\/wp-content\/uploads\/2021\/03\/daniel-canibano-r6j4ilscww0-unsplash-scaled.jpg","contentUrl":"https:\/\/ticsalutsocial.atoom.space\/wp-content\/uploads\/2021\/03\/daniel-canibano-r6j4ilscww0-unsplash-scaled.jpg","width":2560,"height":1707},{"@type":"BreadcrumbList","@id":"https:\/\/ticsalutsocial.atoom.space\/es\/noticia\/iniciado-el-proyecto-competencias-digitales-de-los-profesionales-de-salud-compdig-salud\/#breadcrumb","itemListElement":[{"@type":"ListItem","position":1,"name":"Inici","item":"https:\/\/ticsalutsocial.atoom.space\/es\/"},{"@type":"ListItem","position":2,"name":"Iniciado el proyecto Competencias digitales de los profesionales de Salud (COMPDIG-Salud)"}]},{"@type":"WebSite","@id":"https:\/\/ticsalutsocial.atoom.space\/es\/#website","url":"https:\/\/ticsalutsocial.atoom.space\/es\/","name":"Fundaci\u00f3 TIC Salut i Social","description":"","potentialAction":[{"@type":"SearchAction","target":{"@type":"EntryPoint","urlTemplate":"https:\/\/ticsalutsocial.atoom.space\/es\/?s={search_term_string}"},"query-input":{"@type":"PropertyValueSpecification","valueRequired":true,"valueName":"search_term_string"}}],"inLanguage":"es"}]}},"_links":{"self":[{"href":"https:\/\/ticsalutsocial.atoom.space\/es\/wp-json\/wp\/v2\/noticia\/4898","targetHints":{"allow":["GET"]}}],"collection":[{"href":"https:\/\/ticsalutsocial.atoom.space\/es\/wp-json\/wp\/v2\/noticia"}],"about":[{"href":"https:\/\/ticsalutsocial.atoom.space\/es\/wp-json\/wp\/v2\/types\/noticia"}],"author":[{"embeddable":true,"href":"https:\/\/ticsalutsocial.atoom.space\/es\/wp-json\/wp\/v2\/users\/21"}],"wp:featuredmedia":[{"embeddable":true,"href":"https:\/\/ticsalutsocial.atoom.space\/es\/wp-json\/wp\/v2\/media\/7028"}],"wp:attachment":[{"href":"https:\/\/ticsalutsocial.atoom.space\/es\/wp-json\/wp\/v2\/media?parent=4898"}],"wp:term":[{"taxonomy":"etiqueta","embeddable":true,"href":"https:\/\/ticsalutsocial.atoom.space\/es\/wp-json\/wp\/v2\/etiqueta?post=4898"},{"taxonomy":"tipus","embeddable":true,"href":"https:\/\/ticsalutsocial.atoom.space\/es\/wp-json\/wp\/v2\/tipus?post=4898"},{"taxonomy":"topic","embeddable":true,"href":"https:\/\/ticsalutsocial.atoom.space\/es\/wp-json\/wp\/v2\/topic?post=4898"}],"curies":[{"name":"wp","href":"https:\/\/api.w.org\/{rel}","templated":true}]}}