
{"id":4996,"date":"2021-05-14T11:51:34","date_gmt":"2021-05-14T09:51:34","guid":{"rendered":"https:\/\/ticsalutsocial.atoom.space\/?post_type=noticia&#038;p=4996"},"modified":"2021-07-21T15:52:13","modified_gmt":"2021-07-21T13:52:13","slug":"inscripciones-abiertas-para-el-mapa-de-tendencias-tic-y-social","status":"publish","type":"noticia","link":"https:\/\/ticsalutsocial.atoom.space\/es\/noticia\/inscripciones-abiertas-para-el-mapa-de-tendencias-tic-y-social\/","title":{"rendered":"Inscripciones abiertas para el Mapa de Tendencias TIC y Social"},"content":{"rendered":"<p>La <em>Fundaci\u00f3 TIC Salut Social<\/em> en colaboraci\u00f3n con el <em>Departament de Treball,Afers Socials i Fa\u00edilies<\/em> organiza el Mapa de Tendencias TIC y Social el pr\u00f3ximo 1 de junio a partir de las 15:30 horas. Durante la jornada compartiremos el Informe de \u00c1reas B\u00e1sicas Sociales 2020 y reflexionaremos sobre los resultados m\u00e1s relevantes. Tambi\u00e9n abordaremos las conclusiones obtenidas en la tercera fase del proyecto InsterSocial.<\/p>\n<p>El acto iniciar\u00e1 con la bienvenida de la Directora General de Servicios Sociales, Meritxell Bened\u00ed, y del Director de la <em>Fundaci\u00f3 TIC Salut Social<\/em>, Josu\u00e8 Sallent. A partir de las 15:30 horas se podr\u00e1 seguir el acto, previa inscripci\u00f3n gratuita a trav\u00e9s del siguiente <a href=\"https:\/\/zoom.us\/webinar\/register\/WN_Gmmx9tX1TdysjqT_-iz7wA\" target=\"_blank\" rel=\"noopener noreferrer\">enllace<\/a>.<\/p>\n<p>A continuaci\u00f3n detallamos el programa de la jornada:<\/p>\n<p><b>15:30 &#8211; Bienvenida\u00a0<\/b><\/p>\n<p><b>Sra. Meritxell Bened\u00ed i Alt\u00e9s<\/b>. Directora general de Servicios Sociales. <em>Departament de Treball, Afers Socials i Fam\u00edlies. Generalitat de Catalunya.<\/em><\/p>\n<p><b>Sr. Josu\u00e8 Sallent i Ribes<\/b>. Director de la <em>Fundaci\u00f3 TIC Salut Social. Generalitat de Catalunya.<\/em><\/p>\n<p>&nbsp;<\/p>\n<p><b>15:40 &#8211; Presentaci\u00f3n resultados Mapa de Tendencias en TIC y Social.\u00a0<\/b><\/p>\n<p><b>Sra. Lourdes Rodr\u00edguez i Herrera. <\/b>Gestora de proyectos del \u00e1mbito social y de la salud.\u00a0<em>Fundaci\u00f3 TIC Salut Social. Generalitat de Catalunya.<\/em><\/p>\n<p><b>Sra. Paula Pedr\u00f3s i Masi\u00e0. <\/b>T\u00e9cnica de la Direcci\u00f3n General de Servicios Sociales.\u00a0<em>Departament de Treball, Afers Socials i Fam\u00edlies. Generalitat de Catalunya.<\/em><\/p>\n<p><b>Sr. Carles Julbe i Norte.\u00a0<\/b>Gestor de soluciones. \u00c1rea TIC del <em>Departament de Treball, Afers Socials i Fam\u00edlies. Generalitat de Catalunya.<\/em><\/p>\n<p>&nbsp;<\/p>\n<p><strong>16:10 &#8211;<\/strong> <b>Presentaci\u00f3n resultados tercera fase del proyecto InterSocial<\/b><\/p>\n<p><b>Sra. Lourdes Rodr\u00edguez i Herrera.<\/b><em>Gestora de proyectos del \u00e1mbito social y de la salud.\u00a0Fundaci\u00f3 TIC Salut Social. Generalitat de Catalunya.<\/em><\/p>\n<p><b>Sra. Anna Ruf\u00ed i Vil\u00e0<\/b>. \u00c1mbito Servicios Sociales. Consejo Comarcal de Osona\u200b y <em>Departament de Treball, Afers Socials i Fam\u00edlies. Generalitat de Catalunya.<\/em><\/p>\n<p>&nbsp;<\/p>\n<p><b>16:40 &#8211; Turno abierto de preguntas y c<\/b><b>lausura.<\/b><\/p>\n","protected":false},"author":21,"featured_media":7054,"menu_order":0,"template":"","meta":{"_acf_changed":false,"inline_featured_image":false},"etiqueta":[],"tipus":[],"topic":[127],"class_list":["post-4996","noticia","type-noticia","status-publish","has-post-thumbnail","hentry","topic-proyectos"],"acf":{"imatge":7054,"autor":"TIC Salut Social"},"yoast_head":"<!-- This site is optimized with the Yoast SEO plugin v27.1.1 - https:\/\/yoast.com\/product\/yoast-seo-wordpress\/ -->\n<title>Inscripciones abiertas para el Mapa de Tendencias TIC y Social - Fundaci\u00f3 TIC Salut i Social<\/title>\n<meta name=\"robots\" content=\"index, follow, max-snippet:-1, max-image-preview:large, max-video-preview:-1\" \/>\n<link rel=\"canonical\" href=\"https:\/\/ticsalutsocial.atoom.space\/es\/noticia\/inscripciones-abiertas-para-el-mapa-de-tendencias-tic-y-social\/\" \/>\n<meta property=\"og:locale\" content=\"es_ES\" \/>\n<meta property=\"og:type\" content=\"article\" \/>\n<meta property=\"og:title\" content=\"Inscripciones abiertas para el Mapa de Tendencias TIC y Social - Fundaci\u00f3 TIC Salut i Social\" \/>\n<meta property=\"og:description\" content=\"La Fundaci\u00f3 TIC Salut Social en colaboraci\u00f3n con el Departament de Treball,Afers Socials i Fa\u00edilies organiza el Mapa de Tendencias TIC y Social el pr\u00f3ximo 1 de junio a partir de las 15:30 horas. Durante la jornada compartiremos el Informe de \u00c1reas B\u00e1sicas Sociales 2020 y reflexionaremos sobre los resultados m\u00e1s relevantes. Tambi\u00e9n abordaremos las [&hellip;]\" \/>\n<meta property=\"og:url\" content=\"https:\/\/ticsalutsocial.atoom.space\/es\/noticia\/inscripciones-abiertas-para-el-mapa-de-tendencias-tic-y-social\/\" \/>\n<meta property=\"og:site_name\" content=\"Fundaci\u00f3 TIC Salut i Social\" \/>\n<meta property=\"article:modified_time\" content=\"2021-07-21T13:52:13+00:00\" \/>\n<meta property=\"og:image\" content=\"https:\/\/ticsalutsocial.atoom.space\/wp-content\/uploads\/2021\/05\/ed-robertson-ly72mtmdjta-unsplash-scaled.jpg\" \/>\n\t<meta property=\"og:image:width\" content=\"2560\" \/>\n\t<meta property=\"og:image:height\" content=\"1920\" \/>\n\t<meta property=\"og:image:type\" content=\"image\/jpeg\" \/>\n<meta name=\"twitter:card\" content=\"summary_large_image\" \/>\n<meta name=\"twitter:label1\" content=\"Tiempo de lectura\" \/>\n\t<meta name=\"twitter:data1\" content=\"2 minutos\" \/>\n<script type=\"application\/ld+json\" class=\"yoast-schema-graph\">{\"@context\":\"https:\/\/schema.org\",\"@graph\":[{\"@type\":\"WebPage\",\"@id\":\"https:\/\/ticsalutsocial.atoom.space\/es\/noticia\/inscripciones-abiertas-para-el-mapa-de-tendencias-tic-y-social\/\",\"url\":\"https:\/\/ticsalutsocial.atoom.space\/es\/noticia\/inscripciones-abiertas-para-el-mapa-de-tendencias-tic-y-social\/\",\"name\":\"Inscripciones abiertas para el Mapa de Tendencias TIC y Social - Fundaci\u00f3 TIC Salut i Social\",\"isPartOf\":{\"@id\":\"https:\/\/ticsalutsocial.atoom.space\/es\/#website\"},\"primaryImageOfPage\":{\"@id\":\"https:\/\/ticsalutsocial.atoom.space\/es\/noticia\/inscripciones-abiertas-para-el-mapa-de-tendencias-tic-y-social\/#primaryimage\"},\"image\":{\"@id\":\"https:\/\/ticsalutsocial.atoom.space\/es\/noticia\/inscripciones-abiertas-para-el-mapa-de-tendencias-tic-y-social\/#primaryimage\"},\"thumbnailUrl\":\"https:\/\/ticsalutsocial.atoom.space\/wp-content\/uploads\/2021\/05\/ed-robertson-ly72mtmdjta-unsplash-scaled.jpg\",\"datePublished\":\"2021-05-14T09:51:34+00:00\",\"dateModified\":\"2021-07-21T13:52:13+00:00\",\"breadcrumb\":{\"@id\":\"https:\/\/ticsalutsocial.atoom.space\/es\/noticia\/inscripciones-abiertas-para-el-mapa-de-tendencias-tic-y-social\/#breadcrumb\"},\"inLanguage\":\"es\",\"potentialAction\":[{\"@type\":\"ReadAction\",\"target\":[\"https:\/\/ticsalutsocial.atoom.space\/es\/noticia\/inscripciones-abiertas-para-el-mapa-de-tendencias-tic-y-social\/\"]}]},{\"@type\":\"ImageObject\",\"inLanguage\":\"es\",\"@id\":\"https:\/\/ticsalutsocial.atoom.space\/es\/noticia\/inscripciones-abiertas-para-el-mapa-de-tendencias-tic-y-social\/#primaryimage\",\"url\":\"https:\/\/ticsalutsocial.atoom.space\/wp-content\/uploads\/2021\/05\/ed-robertson-ly72mtmdjta-unsplash-scaled.jpg\",\"contentUrl\":\"https:\/\/ticsalutsocial.atoom.space\/wp-content\/uploads\/2021\/05\/ed-robertson-ly72mtmdjta-unsplash-scaled.jpg\",\"width\":2560,\"height\":1920},{\"@type\":\"BreadcrumbList\",\"@id\":\"https:\/\/ticsalutsocial.atoom.space\/es\/noticia\/inscripciones-abiertas-para-el-mapa-de-tendencias-tic-y-social\/#breadcrumb\",\"itemListElement\":[{\"@type\":\"ListItem\",\"position\":1,\"name\":\"Inici\",\"item\":\"https:\/\/ticsalutsocial.atoom.space\/es\/\"},{\"@type\":\"ListItem\",\"position\":2,\"name\":\"Inscripciones abiertas para el Mapa de Tendencias TIC y Social\"}]},{\"@type\":\"WebSite\",\"@id\":\"https:\/\/ticsalutsocial.atoom.space\/es\/#website\",\"url\":\"https:\/\/ticsalutsocial.atoom.space\/es\/\",\"name\":\"Fundaci\u00f3 TIC Salut i Social\",\"description\":\"\",\"potentialAction\":[{\"@type\":\"SearchAction\",\"target\":{\"@type\":\"EntryPoint\",\"urlTemplate\":\"https:\/\/ticsalutsocial.atoom.space\/es\/?s={search_term_string}\"},\"query-input\":{\"@type\":\"PropertyValueSpecification\",\"valueRequired\":true,\"valueName\":\"search_term_string\"}}],\"inLanguage\":\"es\"}]}<\/script>\n<!-- \/ Yoast SEO plugin. -->","yoast_head_json":{"title":"Inscripciones abiertas para el Mapa de Tendencias TIC y Social - Fundaci\u00f3 TIC Salut i Social","robots":{"index":"index","follow":"follow","max-snippet":"max-snippet:-1","max-image-preview":"max-image-preview:large","max-video-preview":"max-video-preview:-1"},"canonical":"https:\/\/ticsalutsocial.atoom.space\/es\/noticia\/inscripciones-abiertas-para-el-mapa-de-tendencias-tic-y-social\/","og_locale":"es_ES","og_type":"article","og_title":"Inscripciones abiertas para el Mapa de Tendencias TIC y Social - Fundaci\u00f3 TIC Salut i Social","og_description":"La Fundaci\u00f3 TIC Salut Social en colaboraci\u00f3n con el Departament de Treball,Afers Socials i Fa\u00edilies organiza el Mapa de Tendencias TIC y Social el pr\u00f3ximo 1 de junio a partir de las 15:30 horas. Durante la jornada compartiremos el Informe de \u00c1reas B\u00e1sicas Sociales 2020 y reflexionaremos sobre los resultados m\u00e1s relevantes. Tambi\u00e9n abordaremos las [&hellip;]","og_url":"https:\/\/ticsalutsocial.atoom.space\/es\/noticia\/inscripciones-abiertas-para-el-mapa-de-tendencias-tic-y-social\/","og_site_name":"Fundaci\u00f3 TIC Salut i Social","article_modified_time":"2021-07-21T13:52:13+00:00","og_image":[{"width":2560,"height":1920,"url":"https:\/\/ticsalutsocial.atoom.space\/wp-content\/uploads\/2021\/05\/ed-robertson-ly72mtmdjta-unsplash-scaled.jpg","type":"image\/jpeg"}],"twitter_card":"summary_large_image","twitter_misc":{"Tiempo de lectura":"2 minutos"},"schema":{"@context":"https:\/\/schema.org","@graph":[{"@type":"WebPage","@id":"https:\/\/ticsalutsocial.atoom.space\/es\/noticia\/inscripciones-abiertas-para-el-mapa-de-tendencias-tic-y-social\/","url":"https:\/\/ticsalutsocial.atoom.space\/es\/noticia\/inscripciones-abiertas-para-el-mapa-de-tendencias-tic-y-social\/","name":"Inscripciones abiertas para el Mapa de Tendencias TIC y Social - Fundaci\u00f3 TIC Salut i Social","isPartOf":{"@id":"https:\/\/ticsalutsocial.atoom.space\/es\/#website"},"primaryImageOfPage":{"@id":"https:\/\/ticsalutsocial.atoom.space\/es\/noticia\/inscripciones-abiertas-para-el-mapa-de-tendencias-tic-y-social\/#primaryimage"},"image":{"@id":"https:\/\/ticsalutsocial.atoom.space\/es\/noticia\/inscripciones-abiertas-para-el-mapa-de-tendencias-tic-y-social\/#primaryimage"},"thumbnailUrl":"https:\/\/ticsalutsocial.atoom.space\/wp-content\/uploads\/2021\/05\/ed-robertson-ly72mtmdjta-unsplash-scaled.jpg","datePublished":"2021-05-14T09:51:34+00:00","dateModified":"2021-07-21T13:52:13+00:00","breadcrumb":{"@id":"https:\/\/ticsalutsocial.atoom.space\/es\/noticia\/inscripciones-abiertas-para-el-mapa-de-tendencias-tic-y-social\/#breadcrumb"},"inLanguage":"es","potentialAction":[{"@type":"ReadAction","target":["https:\/\/ticsalutsocial.atoom.space\/es\/noticia\/inscripciones-abiertas-para-el-mapa-de-tendencias-tic-y-social\/"]}]},{"@type":"ImageObject","inLanguage":"es","@id":"https:\/\/ticsalutsocial.atoom.space\/es\/noticia\/inscripciones-abiertas-para-el-mapa-de-tendencias-tic-y-social\/#primaryimage","url":"https:\/\/ticsalutsocial.atoom.space\/wp-content\/uploads\/2021\/05\/ed-robertson-ly72mtmdjta-unsplash-scaled.jpg","contentUrl":"https:\/\/ticsalutsocial.atoom.space\/wp-content\/uploads\/2021\/05\/ed-robertson-ly72mtmdjta-unsplash-scaled.jpg","width":2560,"height":1920},{"@type":"BreadcrumbList","@id":"https:\/\/ticsalutsocial.atoom.space\/es\/noticia\/inscripciones-abiertas-para-el-mapa-de-tendencias-tic-y-social\/#breadcrumb","itemListElement":[{"@type":"ListItem","position":1,"name":"Inici","item":"https:\/\/ticsalutsocial.atoom.space\/es\/"},{"@type":"ListItem","position":2,"name":"Inscripciones abiertas para el Mapa de Tendencias TIC y Social"}]},{"@type":"WebSite","@id":"https:\/\/ticsalutsocial.atoom.space\/es\/#website","url":"https:\/\/ticsalutsocial.atoom.space\/es\/","name":"Fundaci\u00f3 TIC Salut i Social","description":"","potentialAction":[{"@type":"SearchAction","target":{"@type":"EntryPoint","urlTemplate":"https:\/\/ticsalutsocial.atoom.space\/es\/?s={search_term_string}"},"query-input":{"@type":"PropertyValueSpecification","valueRequired":true,"valueName":"search_term_string"}}],"inLanguage":"es"}]}},"_links":{"self":[{"href":"https:\/\/ticsalutsocial.atoom.space\/es\/wp-json\/wp\/v2\/noticia\/4996","targetHints":{"allow":["GET"]}}],"collection":[{"href":"https:\/\/ticsalutsocial.atoom.space\/es\/wp-json\/wp\/v2\/noticia"}],"about":[{"href":"https:\/\/ticsalutsocial.atoom.space\/es\/wp-json\/wp\/v2\/types\/noticia"}],"author":[{"embeddable":true,"href":"https:\/\/ticsalutsocial.atoom.space\/es\/wp-json\/wp\/v2\/users\/21"}],"wp:featuredmedia":[{"embeddable":true,"href":"https:\/\/ticsalutsocial.atoom.space\/es\/wp-json\/wp\/v2\/media\/7054"}],"wp:attachment":[{"href":"https:\/\/ticsalutsocial.atoom.space\/es\/wp-json\/wp\/v2\/media?parent=4996"}],"wp:term":[{"taxonomy":"etiqueta","embeddable":true,"href":"https:\/\/ticsalutsocial.atoom.space\/es\/wp-json\/wp\/v2\/etiqueta?post=4996"},{"taxonomy":"tipus","embeddable":true,"href":"https:\/\/ticsalutsocial.atoom.space\/es\/wp-json\/wp\/v2\/tipus?post=4996"},{"taxonomy":"topic","embeddable":true,"href":"https:\/\/ticsalutsocial.atoom.space\/es\/wp-json\/wp\/v2\/topic?post=4996"}],"curies":[{"name":"wp","href":"https:\/\/api.w.org\/{rel}","templated":true}]}}