
{"id":6941,"date":"2019-12-09T16:38:12","date_gmt":"2019-12-09T14:38:12","guid":{"rendered":"https:\/\/ticsalutsocial.atoom.space\/?post_type=noticia&#038;p=6941"},"modified":"2021-07-21T15:44:38","modified_gmt":"2021-07-21T13:44:38","slug":"imaginando-2029-mirando-hacia-la-salud-y-el-bienestar-social-de-la-proxima-decada-6","status":"publish","type":"noticia","link":"https:\/\/ticsalutsocial.atoom.space\/es\/noticia\/imaginando-2029-mirando-hacia-la-salud-y-el-bienestar-social-de-la-proxima-decada-6\/","title":{"rendered":"Imaginando 2029: mirando hacia la salud y el bienestar social de la pr\u00f3xima d\u00e9cada"},"content":{"rendered":"<div class=\"traductor-textarea form-group\">\n<div class=\"textarea-desti col-xs-12 col-sm-6\">\n<p class=\"form-control second-textarea\">Los d\u00edas 3 y 4 de diciembre alrededor de 120 profesionales expertos en salud, bienestar y tecnolog\u00edas digitales se reunieron en elrecinto del CaixaForum a la ciudad de Barcelona. El tema central del simposio fue &#8216;Imaginar 2029: mirando hacia la salud y el bienestar social de la pr\u00f3xima d\u00e9cada&#8217;, teniendo en cuenta cuestiones como la IA, los datos compartidos de salud o la autogesti\u00f3n entre otros. Este simposio de dos d\u00edas permiti\u00f3 profundizar en el estado actual de estas materias para avanzarse a las necesidades de los pr\u00f3ximos a\u00f1os.<\/p>\n<h3>IA y el horizonte 2029<\/h3>\n<\/div>\n<\/div>\n<p>El primer d\u00eda, centrado en IA, sirvi\u00f3 para poner en contexto la historia reciente de la medicina desde el s.XIX, ver su evoluci\u00f3n hasta la actual eHealth y entender la eclosi\u00f3n de las <em>smartcities<\/em>\u00a0y la configuraci\u00f3n de las comunidades que conforman la sociedad del futuro m\u00e1s pr\u00f3ximo. Los debates entre los miembros de la audiencia -provenientes de Catalu\u00f1a, Finlandia, Israel, Pa\u00edses Bajos, Noruega, Portugal y Escocia- giraron en torno a las oportunidades de un trabajo profesional m\u00e1s eficiente y sostenible apoyado por IA y focalizadas actualmente en disciplinas como la dermatolog\u00eda, patolog\u00edas contagiosas y obstetricias. En el orden del d\u00eda de la agenda tambi\u00e9n figuraba el bienestar social apoyado por la rob\u00f3tica orientada a resolver la necesidad de mejorar aspectos como la igualdad de oportunidades, equidad y accesibilidad.<\/p>\n<h3><em>Fairness,<\/em>\u00a0la tecnolog\u00eda en t\u00e9rminos sociales<\/h3>\n<p>El 4 de diciembre, las cuestiones clave fueron como las profesionales y pacientes podemos beneficiarnos de la econom\u00eda de datos de una manera justa. Un equipo finland\u00e9s coordinado por SITRA, instituci\u00f3n l\u00edder en innovaci\u00f3n de Finlandia, protagoniz\u00f3 los debates del d\u00eda. Holanda tambi\u00e9n mostrar\u00f3 hasta qu\u00e9 punto apuestan por estas l\u00edneas de acci\u00f3n. Las presentaciones abarcaron tecnolog\u00edas diversas y lo que pueden ofrecer, pero tambi\u00e9n tomaron en consideraci\u00f3n lo social, la parte econ\u00f3mica y los retos \u00e9ticos que afrontan los europeos del presente.<br \/>\n<img decoding=\"async\" class=\"alignleft\" src=\"https:\/\/ec.europa.eu\/eip\/ageing\/sites\/eipaha\/files\/styles\/news_section_image_720_374\/public\/news\/skarmavbild_2019-12-06_kl._13.31.35.png?itok=unoHijua\" \/><\/p>\n<h3>Tres talleres con el respaldo de la Uni\u00f3n Europea<\/h3>\n<p>Para trabajar en sentido operativo los asuntos te\u00f3ricos expuestos y encaminar las regiones europeas en la direcci\u00f3n de la salud y el bienestar futuro se organizaron tres talleres. InteropEHRate trat\u00f3 de manera significativa la cuesti\u00f3n de los datos, su interoperabilidad y como esto puede servir para empoderar y potenciar la autogesti\u00f3n de las personas. Digital Health Europe hizo una lluvia de ideas junto con m\u00e1s de 30 asistentes, y con el apoyo del Mentimeter para realizar encuestas a tiempo real, para mostrar como pueden ser utilizados los datos enfocando su utilizaci\u00f3n a prop\u00f3sitos de investigaci\u00f3n.<\/p>\n<h3>Salud y bienestar social, las necesidads a considerar para planificar<\/h3>\n<p>Seg\u00fan concluy\u00f3 la <em>Consellera de Salut<\/em> de la Generalitat de Catalu\u00f1a, Alba Verg\u00e9s, es oportuno \u00abfijarse en las necesidades de la gente para tener una sanidad mejor en los pr\u00f3ximos diez a\u00f1os. Para que la tecnolog\u00eda sea \u00fatil y cercana a las personas debemos hacer posibles los cambios oportunos para facilitar la toma de decisiones a la ciudadan\u00eda\u00bb.<\/p>\n<div class=\"field field-name-field-eiponaha-news-ag\">\n<div><\/div>\n<div>Este art\u00edculo se ha \u00a0publicado en\u00a0<a href=\"https:\/\/ec.europa.eu\/eip\/ageing\/news\/imagining-2029-looking-forward-health-and-care-over-next-decade_en\" target=\"_blank\" rel=\"noopener noreferrer\">https:\/\/ec.europa.eu\/eip\/ageing\/news\/imagining-2029-looking-forward-health-and-care-over-next-decade_en<\/a><\/div>\n<div><\/div>\n<div class=\"label-above\">Grupos de trabajo relacionado:<\/div>\n<div><\/div>\n<p>A1 Adherence to prescription, A2 Falls prevention, A3 Lifespan Health Promotion &amp; Prevention of Age Related Frailty and Disease, B3 Integrated care, C2 Independent living solutions, D4 Age friendly environments.<\/p>\n<\/div>\n","protected":false},"author":21,"featured_media":4245,"menu_order":0,"template":"","meta":{"_acf_changed":false,"inline_featured_image":false},"etiqueta":[],"tipus":[],"topic":[121],"class_list":["post-6941","noticia","type-noticia","status-publish","has-post-thumbnail","hentry","topic-dpd-es"],"acf":{"imatge":4245,"autor":"Adri\u00e0 G.Font","textos_destacats":[{"texte":"Como miembros de EHTEL y con el respaldo de esta red de profesionales internacionales, TIC Salut Social, acoge un conjunto de ideas que proyectan el futuro de la salud digital."}]},"yoast_head":"<!-- This site is optimized with the Yoast SEO plugin v27.1.1 - https:\/\/yoast.com\/product\/yoast-seo-wordpress\/ -->\n<title>Imaginando 2029: mirando hacia la salud y el bienestar social de la pr\u00f3xima d\u00e9cada - Fundaci\u00f3 TIC Salut i Social<\/title>\n<meta name=\"robots\" content=\"index, follow, max-snippet:-1, max-image-preview:large, max-video-preview:-1\" \/>\n<link rel=\"canonical\" href=\"https:\/\/ticsalutsocial.atoom.space\/es\/noticia\/imaginando-2029-mirando-hacia-la-salud-y-el-bienestar-social-de-la-proxima-decada-6\/\" \/>\n<meta property=\"og:locale\" content=\"es_ES\" \/>\n<meta property=\"og:type\" content=\"article\" \/>\n<meta property=\"og:title\" content=\"Imaginando 2029: mirando hacia la salud y el bienestar social de la pr\u00f3xima d\u00e9cada - Fundaci\u00f3 TIC Salut i Social\" \/>\n<meta property=\"og:description\" content=\"Los d\u00edas 3 y 4 de diciembre alrededor de 120 profesionales expertos en salud, bienestar y tecnolog\u00edas digitales se reunieron en elrecinto del CaixaForum a la ciudad de Barcelona. El tema central del simposio fue &#8216;Imaginar 2029: mirando hacia la salud y el bienestar social de la pr\u00f3xima d\u00e9cada&#8217;, teniendo en cuenta cuestiones como la [&hellip;]\" \/>\n<meta property=\"og:url\" content=\"https:\/\/ticsalutsocial.atoom.space\/es\/noticia\/imaginando-2029-mirando-hacia-la-salud-y-el-bienestar-social-de-la-proxima-decada-6\/\" \/>\n<meta property=\"og:site_name\" content=\"Fundaci\u00f3 TIC Salut i Social\" \/>\n<meta property=\"article:modified_time\" content=\"2021-07-21T13:44:38+00:00\" \/>\n<meta property=\"og:image\" content=\"https:\/\/ticsalutsocial.atoom.space\/wp-content\/uploads\/2019\/12\/photo-1535378620166-273708d44e4c.jpg\" \/>\n\t<meta property=\"og:image:width\" content=\"866\" \/>\n\t<meta property=\"og:image:height\" content=\"766\" \/>\n\t<meta property=\"og:image:type\" content=\"image\/jpeg\" \/>\n<meta name=\"twitter:card\" content=\"summary_large_image\" \/>\n<meta name=\"twitter:label1\" content=\"Tiempo de lectura\" \/>\n\t<meta name=\"twitter:data1\" content=\"3 minutos\" \/>\n<script type=\"application\/ld+json\" class=\"yoast-schema-graph\">{\"@context\":\"https:\/\/schema.org\",\"@graph\":[{\"@type\":\"WebPage\",\"@id\":\"https:\/\/ticsalutsocial.atoom.space\/es\/noticia\/imaginando-2029-mirando-hacia-la-salud-y-el-bienestar-social-de-la-proxima-decada-6\/\",\"url\":\"https:\/\/ticsalutsocial.atoom.space\/es\/noticia\/imaginando-2029-mirando-hacia-la-salud-y-el-bienestar-social-de-la-proxima-decada-6\/\",\"name\":\"Imaginando 2029: mirando hacia la salud y el bienestar social de la pr\u00f3xima d\u00e9cada - Fundaci\u00f3 TIC Salut i Social\",\"isPartOf\":{\"@id\":\"https:\/\/ticsalutsocial.atoom.space\/es\/#website\"},\"primaryImageOfPage\":{\"@id\":\"https:\/\/ticsalutsocial.atoom.space\/es\/noticia\/imaginando-2029-mirando-hacia-la-salud-y-el-bienestar-social-de-la-proxima-decada-6\/#primaryimage\"},\"image\":{\"@id\":\"https:\/\/ticsalutsocial.atoom.space\/es\/noticia\/imaginando-2029-mirando-hacia-la-salud-y-el-bienestar-social-de-la-proxima-decada-6\/#primaryimage\"},\"thumbnailUrl\":\"https:\/\/ticsalutsocial.atoom.space\/wp-content\/uploads\/2019\/12\/photo-1535378620166-273708d44e4c.jpg\",\"datePublished\":\"2019-12-09T14:38:12+00:00\",\"dateModified\":\"2021-07-21T13:44:38+00:00\",\"breadcrumb\":{\"@id\":\"https:\/\/ticsalutsocial.atoom.space\/es\/noticia\/imaginando-2029-mirando-hacia-la-salud-y-el-bienestar-social-de-la-proxima-decada-6\/#breadcrumb\"},\"inLanguage\":\"es\",\"potentialAction\":[{\"@type\":\"ReadAction\",\"target\":[\"https:\/\/ticsalutsocial.atoom.space\/es\/noticia\/imaginando-2029-mirando-hacia-la-salud-y-el-bienestar-social-de-la-proxima-decada-6\/\"]}]},{\"@type\":\"ImageObject\",\"inLanguage\":\"es\",\"@id\":\"https:\/\/ticsalutsocial.atoom.space\/es\/noticia\/imaginando-2029-mirando-hacia-la-salud-y-el-bienestar-social-de-la-proxima-decada-6\/#primaryimage\",\"url\":\"https:\/\/ticsalutsocial.atoom.space\/wp-content\/uploads\/2019\/12\/photo-1535378620166-273708d44e4c.jpg\",\"contentUrl\":\"https:\/\/ticsalutsocial.atoom.space\/wp-content\/uploads\/2019\/12\/photo-1535378620166-273708d44e4c.jpg\",\"width\":866,\"height\":766},{\"@type\":\"BreadcrumbList\",\"@id\":\"https:\/\/ticsalutsocial.atoom.space\/es\/noticia\/imaginando-2029-mirando-hacia-la-salud-y-el-bienestar-social-de-la-proxima-decada-6\/#breadcrumb\",\"itemListElement\":[{\"@type\":\"ListItem\",\"position\":1,\"name\":\"Inici\",\"item\":\"https:\/\/ticsalutsocial.atoom.space\/es\/\"},{\"@type\":\"ListItem\",\"position\":2,\"name\":\"Imaginando 2029: mirando hacia la salud y el bienestar social de la pr\u00f3xima d\u00e9cada\"}]},{\"@type\":\"WebSite\",\"@id\":\"https:\/\/ticsalutsocial.atoom.space\/es\/#website\",\"url\":\"https:\/\/ticsalutsocial.atoom.space\/es\/\",\"name\":\"Fundaci\u00f3 TIC Salut i Social\",\"description\":\"\",\"potentialAction\":[{\"@type\":\"SearchAction\",\"target\":{\"@type\":\"EntryPoint\",\"urlTemplate\":\"https:\/\/ticsalutsocial.atoom.space\/es\/?s={search_term_string}\"},\"query-input\":{\"@type\":\"PropertyValueSpecification\",\"valueRequired\":true,\"valueName\":\"search_term_string\"}}],\"inLanguage\":\"es\"}]}<\/script>\n<!-- \/ Yoast SEO plugin. -->","yoast_head_json":{"title":"Imaginando 2029: mirando hacia la salud y el bienestar social de la pr\u00f3xima d\u00e9cada - Fundaci\u00f3 TIC Salut i Social","robots":{"index":"index","follow":"follow","max-snippet":"max-snippet:-1","max-image-preview":"max-image-preview:large","max-video-preview":"max-video-preview:-1"},"canonical":"https:\/\/ticsalutsocial.atoom.space\/es\/noticia\/imaginando-2029-mirando-hacia-la-salud-y-el-bienestar-social-de-la-proxima-decada-6\/","og_locale":"es_ES","og_type":"article","og_title":"Imaginando 2029: mirando hacia la salud y el bienestar social de la pr\u00f3xima d\u00e9cada - Fundaci\u00f3 TIC Salut i Social","og_description":"Los d\u00edas 3 y 4 de diciembre alrededor de 120 profesionales expertos en salud, bienestar y tecnolog\u00edas digitales se reunieron en elrecinto del CaixaForum a la ciudad de Barcelona. El tema central del simposio fue &#8216;Imaginar 2029: mirando hacia la salud y el bienestar social de la pr\u00f3xima d\u00e9cada&#8217;, teniendo en cuenta cuestiones como la [&hellip;]","og_url":"https:\/\/ticsalutsocial.atoom.space\/es\/noticia\/imaginando-2029-mirando-hacia-la-salud-y-el-bienestar-social-de-la-proxima-decada-6\/","og_site_name":"Fundaci\u00f3 TIC Salut i Social","article_modified_time":"2021-07-21T13:44:38+00:00","og_image":[{"width":866,"height":766,"url":"https:\/\/ticsalutsocial.atoom.space\/wp-content\/uploads\/2019\/12\/photo-1535378620166-273708d44e4c.jpg","type":"image\/jpeg"}],"twitter_card":"summary_large_image","twitter_misc":{"Tiempo de lectura":"3 minutos"},"schema":{"@context":"https:\/\/schema.org","@graph":[{"@type":"WebPage","@id":"https:\/\/ticsalutsocial.atoom.space\/es\/noticia\/imaginando-2029-mirando-hacia-la-salud-y-el-bienestar-social-de-la-proxima-decada-6\/","url":"https:\/\/ticsalutsocial.atoom.space\/es\/noticia\/imaginando-2029-mirando-hacia-la-salud-y-el-bienestar-social-de-la-proxima-decada-6\/","name":"Imaginando 2029: mirando hacia la salud y el bienestar social de la pr\u00f3xima d\u00e9cada - Fundaci\u00f3 TIC Salut i Social","isPartOf":{"@id":"https:\/\/ticsalutsocial.atoom.space\/es\/#website"},"primaryImageOfPage":{"@id":"https:\/\/ticsalutsocial.atoom.space\/es\/noticia\/imaginando-2029-mirando-hacia-la-salud-y-el-bienestar-social-de-la-proxima-decada-6\/#primaryimage"},"image":{"@id":"https:\/\/ticsalutsocial.atoom.space\/es\/noticia\/imaginando-2029-mirando-hacia-la-salud-y-el-bienestar-social-de-la-proxima-decada-6\/#primaryimage"},"thumbnailUrl":"https:\/\/ticsalutsocial.atoom.space\/wp-content\/uploads\/2019\/12\/photo-1535378620166-273708d44e4c.jpg","datePublished":"2019-12-09T14:38:12+00:00","dateModified":"2021-07-21T13:44:38+00:00","breadcrumb":{"@id":"https:\/\/ticsalutsocial.atoom.space\/es\/noticia\/imaginando-2029-mirando-hacia-la-salud-y-el-bienestar-social-de-la-proxima-decada-6\/#breadcrumb"},"inLanguage":"es","potentialAction":[{"@type":"ReadAction","target":["https:\/\/ticsalutsocial.atoom.space\/es\/noticia\/imaginando-2029-mirando-hacia-la-salud-y-el-bienestar-social-de-la-proxima-decada-6\/"]}]},{"@type":"ImageObject","inLanguage":"es","@id":"https:\/\/ticsalutsocial.atoom.space\/es\/noticia\/imaginando-2029-mirando-hacia-la-salud-y-el-bienestar-social-de-la-proxima-decada-6\/#primaryimage","url":"https:\/\/ticsalutsocial.atoom.space\/wp-content\/uploads\/2019\/12\/photo-1535378620166-273708d44e4c.jpg","contentUrl":"https:\/\/ticsalutsocial.atoom.space\/wp-content\/uploads\/2019\/12\/photo-1535378620166-273708d44e4c.jpg","width":866,"height":766},{"@type":"BreadcrumbList","@id":"https:\/\/ticsalutsocial.atoom.space\/es\/noticia\/imaginando-2029-mirando-hacia-la-salud-y-el-bienestar-social-de-la-proxima-decada-6\/#breadcrumb","itemListElement":[{"@type":"ListItem","position":1,"name":"Inici","item":"https:\/\/ticsalutsocial.atoom.space\/es\/"},{"@type":"ListItem","position":2,"name":"Imaginando 2029: mirando hacia la salud y el bienestar social de la pr\u00f3xima d\u00e9cada"}]},{"@type":"WebSite","@id":"https:\/\/ticsalutsocial.atoom.space\/es\/#website","url":"https:\/\/ticsalutsocial.atoom.space\/es\/","name":"Fundaci\u00f3 TIC Salut i Social","description":"","potentialAction":[{"@type":"SearchAction","target":{"@type":"EntryPoint","urlTemplate":"https:\/\/ticsalutsocial.atoom.space\/es\/?s={search_term_string}"},"query-input":{"@type":"PropertyValueSpecification","valueRequired":true,"valueName":"search_term_string"}}],"inLanguage":"es"}]}},"_links":{"self":[{"href":"https:\/\/ticsalutsocial.atoom.space\/es\/wp-json\/wp\/v2\/noticia\/6941","targetHints":{"allow":["GET"]}}],"collection":[{"href":"https:\/\/ticsalutsocial.atoom.space\/es\/wp-json\/wp\/v2\/noticia"}],"about":[{"href":"https:\/\/ticsalutsocial.atoom.space\/es\/wp-json\/wp\/v2\/types\/noticia"}],"author":[{"embeddable":true,"href":"https:\/\/ticsalutsocial.atoom.space\/es\/wp-json\/wp\/v2\/users\/21"}],"wp:featuredmedia":[{"embeddable":true,"href":"https:\/\/ticsalutsocial.atoom.space\/es\/wp-json\/wp\/v2\/media\/4245"}],"wp:attachment":[{"href":"https:\/\/ticsalutsocial.atoom.space\/es\/wp-json\/wp\/v2\/media?parent=6941"}],"wp:term":[{"taxonomy":"etiqueta","embeddable":true,"href":"https:\/\/ticsalutsocial.atoom.space\/es\/wp-json\/wp\/v2\/etiqueta?post=6941"},{"taxonomy":"tipus","embeddable":true,"href":"https:\/\/ticsalutsocial.atoom.space\/es\/wp-json\/wp\/v2\/tipus?post=6941"},{"taxonomy":"topic","embeddable":true,"href":"https:\/\/ticsalutsocial.atoom.space\/es\/wp-json\/wp\/v2\/topic?post=6941"}],"curies":[{"name":"wp","href":"https:\/\/api.w.org\/{rel}","templated":true}]}}